{"id":29226,"date":"2022-03-07T16:19:40","date_gmt":"2022-03-07T19:19:40","guid":{"rendered":"https:\/\/newsinfoco.com.br\/inicio\/?p=29226"},"modified":"2022-03-07T16:19:40","modified_gmt":"2022-03-07T19:19:40","slug":"sarau-da-alegria-com-pessoas-em-situacao-de-rua-sera-realizado-na-quarta-feira-09","status":"publish","type":"post","link":"https:\/\/newsinfoco.com.br\/inicio\/sarau-da-alegria-com-pessoas-em-situacao-de-rua-sera-realizado-na-quarta-feira-09\/","title":{"rendered":"Sarau da Alegria, com pessoas em situa\u00e7\u00e3o de rua, ser\u00e1 realizado na quarta-feira (09)"},"content":{"rendered":"<p>Na pr\u00f3xima quarta-feira, 09 de mar\u00e7o, acontece a primeira edi\u00e7\u00e3o do Sarau da Alegria, realizado pela Prefeitura de Alagoinhas, por meio da Secretaria de Assist\u00eancia Social (SEMAS), com o apoio do Centro de Cultura, onde a atividade ser\u00e1 realizada, na Sala Auristela S\u00e1, \u00e0s 15h. A a\u00e7\u00e3o \u00e9 uma iniciativa da Unidade de Acolhimento para Pessoas em Situa\u00e7\u00e3o de Rua e visa estimular as capacidades art\u00edsticas e criativas dos assistidos.<\/p>\n<p>O Sarau ser\u00e1 aberto ao p\u00fablico, com entrada gratuita, e contar\u00e1 com apresenta\u00e7\u00f5es de teatro, poesia e m\u00fasica, onde os assistidos da Unidade de Acolhimento mostrar\u00e3o seus talentos e habilidades nas mais diversas linguagens art\u00edsticas. \u201cAl\u00e9m de revelar e estimular talentos, o Sarau da Alegria tem como objetivo oportunizar o acesso \u00e0 arte, cultura e lazer, resgatando a autoestima, promovendo cidadania e fortalecendo v\u00ednculos entre as pessoas\u201d, informou a coordenadora do equipamento p\u00fablico, Rosana Cabral.<\/p>\n<p><strong>Unidade de Acolhimento para Pessoas em Situa\u00e7\u00e3o de Rua<\/strong><\/p>\n<p>Mantido com recursos pr\u00f3prios da Prefeitura, a Unidade de Acolhimento para Pessoas em Situa\u00e7\u00e3o de Rua conta com uma equipe multidisciplinar, formada por assistente social, psic\u00f3logo e educadores, que atua de modo a fortalecer os v\u00ednculos familiares e comunit\u00e1rios.<br \/>\nO espa\u00e7o oferece alojamento 24 horas, tr\u00eas refei\u00e7\u00f5es di\u00e1rias, lanche da tarde e no final de noite, atividades f\u00edsicas, oficinas de artesanato, rodas de conversas, fortalecimento de v\u00ednculos familiares e comunit\u00e1rios, acompanhamento e encaminhamento m\u00e9dico, odontol\u00f3gico, e atendimento \u00e0 sa\u00fade mental, por meio do CAPs.<\/p>\n<p>S\u00e3o atendidas pessoas em situa\u00e7\u00e3o de extrema vulnerabilidade, que se enquadrem no perfil estabelecido pelos servi\u00e7os socioassistenciais.<\/p>\n<div align=\"right\"><\/div>\n<div class='share-to-whatsapp-wrapper'><div class='share-on-whsp'>Share on: <\/div><a data-text='Sarau da Alegria, com pessoas em situa\u00e7\u00e3o de rua, ser\u00e1 realizado na quarta-feira (09)' data-link='https:\/\/newsinfoco.com.br\/inicio\/sarau-da-alegria-com-pessoas-em-situacao-de-rua-sera-realizado-na-quarta-feira-09\/' class='whatsapp-button whatsapp-share'>WhatsApp<\/a><div class='clear '><\/div><\/div>","protected":false},"excerpt":{"rendered":"<p>Na pr\u00f3xima quarta-feira, 09 de mar\u00e7o, acontece a primeira edi\u00e7\u00e3o do Sarau da Alegria, realizado pela Prefeitura de Alagoinhas, por meio da Secretaria de Assist\u00eancia Social (SEMAS), com o apoio do Centro de Cultura, onde a atividade ser\u00e1 realizada, na Sala Auristela S\u00e1, \u00e0s 15h. A a\u00e7\u00e3o \u00e9 uma iniciativa da Unidade de Acolhimento para [&hellip;]<\/p>\n","protected":false},"author":1,"featured_media":29227,"comment_status":"closed","ping_status":"closed","sticky":false,"template":"","format":"standard","meta":{"om_disable_all_campaigns":false,"rop_custom_images_group":[],"rop_custom_messages_group":[],"rop_publish_now":"initial","rop_publish_now_accounts":[],"rop_publish_now_history":[],"rop_publish_now_status":"pending","_exactmetrics_skip_tracking":false,"footnotes":""},"categories":[38,167],"tags":[],"class_list":["post-29226","post","type-post","status-publish","format-standard","has-post-thumbnail","hentry","category-alagoinhas-e-regiao","category-exclusivas"],"aioseo_notices":[],"aioseo_head":"\n\t\t<!-- All in One SEO 4.9.10 - aioseo.com -->\n\t<meta name=\"description\" content=\"Na pr\u00f3xima quarta-feira, 09 de mar\u00e7o, acontece a primeira edi\u00e7\u00e3o do Sarau da Alegria, realizado pela Prefeitura de Alagoinhas, por meio da Secretaria de Assist\u00eancia Social (SEMAS), com o apoio do Centro de Cultura, onde a atividade ser\u00e1 realizada, na Sala Auristela S\u00e1, \u00e0s 15h. A a\u00e7\u00e3o \u00e9 uma iniciativa da Unidade de Acolhimento para\" \/>\n\t<meta name=\"robots\" content=\"max-image-preview:large\" \/>\n\t<meta name=\"author\" content=\"administrador\"\/>\n\t<link rel=\"canonical\" href=\"https:\/\/newsinfoco.com.br\/inicio\/sarau-da-alegria-com-pessoas-em-situacao-de-rua-sera-realizado-na-quarta-feira-09\/\" \/>\n\t<meta name=\"generator\" content=\"All in One SEO (AIOSEO) 4.9.10\" \/>\n\t\t<meta property=\"og:locale\" content=\"pt_BR\" \/>\n\t\t<meta property=\"og:site_name\" content=\"News In Foco - Editado por Caio Pimenta - O principal site de noticias de Alagoinhas e regi\u00e3o\" \/>\n\t\t<meta property=\"og:type\" content=\"article\" \/>\n\t\t<meta property=\"og:title\" content=\"Sarau da Alegria, com pessoas em situa\u00e7\u00e3o de rua, ser\u00e1 realizado na quarta-feira (09) - News In Foco - Editado por Caio Pimenta\" \/>\n\t\t<meta property=\"og:description\" content=\"Na pr\u00f3xima quarta-feira, 09 de mar\u00e7o, acontece a primeira edi\u00e7\u00e3o do Sarau da Alegria, realizado pela Prefeitura de Alagoinhas, por meio da Secretaria de Assist\u00eancia Social (SEMAS), com o apoio do Centro de Cultura, onde a atividade ser\u00e1 realizada, na Sala Auristela S\u00e1, \u00e0s 15h. A a\u00e7\u00e3o \u00e9 uma iniciativa da Unidade de Acolhimento para\" \/>\n\t\t<meta property=\"og:url\" content=\"https:\/\/newsinfoco.com.br\/inicio\/sarau-da-alegria-com-pessoas-em-situacao-de-rua-sera-realizado-na-quarta-feira-09\/\" \/>\n\t\t<meta property=\"article:published_time\" content=\"2022-03-07T19:19:40+00:00\" \/>\n\t\t<meta property=\"article:modified_time\" content=\"2022-03-07T19:19:40+00:00\" \/>\n\t\t<meta name=\"twitter:card\" content=\"summary_large_image\" \/>\n\t\t<meta name=\"twitter:title\" content=\"Sarau da Alegria, com pessoas em situa\u00e7\u00e3o de rua, ser\u00e1 realizado na quarta-feira (09) - News In Foco - Editado por Caio Pimenta\" \/>\n\t\t<meta name=\"twitter:description\" content=\"Na pr\u00f3xima quarta-feira, 09 de mar\u00e7o, acontece a primeira edi\u00e7\u00e3o do Sarau da Alegria, realizado pela Prefeitura de Alagoinhas, por meio da Secretaria de Assist\u00eancia Social (SEMAS), com o apoio do Centro de Cultura, onde a atividade ser\u00e1 realizada, na Sala Auristela S\u00e1, \u00e0s 15h. A a\u00e7\u00e3o \u00e9 uma iniciativa da Unidade de Acolhimento para\" \/>\n\t\t<script type=\"application\/ld+json\" class=\"aioseo-schema\">\n\t\t\t{\"@context\":\"https:\\\/\\\/schema.org\",\"@graph\":[{\"@type\":\"BlogPosting\",\"@id\":\"https:\\\/\\\/newsinfoco.com.br\\\/inicio\\\/sarau-da-alegria-com-pessoas-em-situacao-de-rua-sera-realizado-na-quarta-feira-09\\\/#blogposting\",\"name\":\"Sarau da Alegria, com pessoas em situa\\u00e7\\u00e3o de rua, ser\\u00e1 realizado na quarta-feira (09) - News In Foco - Editado por Caio Pimenta\",\"headline\":\"Sarau da Alegria, com pessoas em situa\\u00e7\\u00e3o de rua, ser\\u00e1 realizado na quarta-feira (09)\",\"author\":{\"@id\":\"https:\\\/\\\/newsinfoco.com.br\\\/inicio\\\/author\\\/administrador\\\/#author\"},\"publisher\":{\"@id\":\"https:\\\/\\\/newsinfoco.com.br\\\/inicio\\\/#organization\"},\"image\":{\"@type\":\"ImageObject\",\"url\":\"https:\\\/\\\/newsinfoco.com.br\\\/inicio\\\/wp-content\\\/uploads\\\/2022\\\/03\\\/images-550x368-1.jpeg\",\"width\":550,\"height\":368},\"datePublished\":\"2022-03-07T16:19:40-03:00\",\"dateModified\":\"2022-03-07T16:19:40-03:00\",\"inLanguage\":\"pt-BR\",\"mainEntityOfPage\":{\"@id\":\"https:\\\/\\\/newsinfoco.com.br\\\/inicio\\\/sarau-da-alegria-com-pessoas-em-situacao-de-rua-sera-realizado-na-quarta-feira-09\\\/#webpage\"},\"isPartOf\":{\"@id\":\"https:\\\/\\\/newsinfoco.com.br\\\/inicio\\\/sarau-da-alegria-com-pessoas-em-situacao-de-rua-sera-realizado-na-quarta-feira-09\\\/#webpage\"},\"articleSection\":\"Alagoinhas e Regi\\u00e3o, Manchete\"},{\"@type\":\"BreadcrumbList\",\"@id\":\"https:\\\/\\\/newsinfoco.com.br\\\/inicio\\\/sarau-da-alegria-com-pessoas-em-situacao-de-rua-sera-realizado-na-quarta-feira-09\\\/#breadcrumblist\",\"itemListElement\":[{\"@type\":\"ListItem\",\"@id\":\"https:\\\/\\\/newsinfoco.com.br\\\/inicio#listItem\",\"position\":1,\"name\":\"In\\u00edcio\",\"item\":\"https:\\\/\\\/newsinfoco.com.br\\\/inicio\",\"nextItem\":{\"@type\":\"ListItem\",\"@id\":\"https:\\\/\\\/newsinfoco.com.br\\\/inicio\\\/category\\\/alagoinhas-e-regiao\\\/#listItem\",\"name\":\"Alagoinhas e Regi\\u00e3o\"}},{\"@type\":\"ListItem\",\"@id\":\"https:\\\/\\\/newsinfoco.com.br\\\/inicio\\\/category\\\/alagoinhas-e-regiao\\\/#listItem\",\"position\":2,\"name\":\"Alagoinhas e Regi\\u00e3o\",\"item\":\"https:\\\/\\\/newsinfoco.com.br\\\/inicio\\\/category\\\/alagoinhas-e-regiao\\\/\",\"nextItem\":{\"@type\":\"ListItem\",\"@id\":\"https:\\\/\\\/newsinfoco.com.br\\\/inicio\\\/sarau-da-alegria-com-pessoas-em-situacao-de-rua-sera-realizado-na-quarta-feira-09\\\/#listItem\",\"name\":\"Sarau da Alegria, com pessoas em situa\\u00e7\\u00e3o de rua, ser\\u00e1 realizado na quarta-feira (09)\"},\"previousItem\":{\"@type\":\"ListItem\",\"@id\":\"https:\\\/\\\/newsinfoco.com.br\\\/inicio#listItem\",\"name\":\"In\\u00edcio\"}},{\"@type\":\"ListItem\",\"@id\":\"https:\\\/\\\/newsinfoco.com.br\\\/inicio\\\/sarau-da-alegria-com-pessoas-em-situacao-de-rua-sera-realizado-na-quarta-feira-09\\\/#listItem\",\"position\":3,\"name\":\"Sarau da Alegria, com pessoas em situa\\u00e7\\u00e3o de rua, ser\\u00e1 realizado na quarta-feira (09)\",\"previousItem\":{\"@type\":\"ListItem\",\"@id\":\"https:\\\/\\\/newsinfoco.com.br\\\/inicio\\\/category\\\/alagoinhas-e-regiao\\\/#listItem\",\"name\":\"Alagoinhas e Regi\\u00e3o\"}}]},{\"@type\":\"Organization\",\"@id\":\"https:\\\/\\\/newsinfoco.com.br\\\/inicio\\\/#organization\",\"name\":\"News In Foco - Editado por Caio Pimenta\",\"description\":\"O principal site de noticias de Alagoinhas e regi\\u00e3o\",\"url\":\"https:\\\/\\\/newsinfoco.com.br\\\/inicio\\\/\"},{\"@type\":\"Person\",\"@id\":\"https:\\\/\\\/newsinfoco.com.br\\\/inicio\\\/author\\\/administrador\\\/#author\",\"url\":\"https:\\\/\\\/newsinfoco.com.br\\\/inicio\\\/author\\\/administrador\\\/\",\"name\":\"administrador\",\"image\":{\"@type\":\"ImageObject\",\"@id\":\"https:\\\/\\\/newsinfoco.com.br\\\/inicio\\\/sarau-da-alegria-com-pessoas-em-situacao-de-rua-sera-realizado-na-quarta-feira-09\\\/#authorImage\",\"url\":\"https:\\\/\\\/secure.gravatar.com\\\/avatar\\\/c17a617433de8c1dc9584bb79aab7563b46f5bb7e1728c9b17d9cc3ce6a08e49?s=96&d=mm&r=g\",\"width\":96,\"height\":96,\"caption\":\"administrador\"}},{\"@type\":\"WebPage\",\"@id\":\"https:\\\/\\\/newsinfoco.com.br\\\/inicio\\\/sarau-da-alegria-com-pessoas-em-situacao-de-rua-sera-realizado-na-quarta-feira-09\\\/#webpage\",\"url\":\"https:\\\/\\\/newsinfoco.com.br\\\/inicio\\\/sarau-da-alegria-com-pessoas-em-situacao-de-rua-sera-realizado-na-quarta-feira-09\\\/\",\"name\":\"Sarau da Alegria, com pessoas em situa\\u00e7\\u00e3o de rua, ser\\u00e1 realizado na quarta-feira (09) - News In Foco - Editado por Caio Pimenta\",\"description\":\"Na pr\\u00f3xima quarta-feira, 09 de mar\\u00e7o, acontece a primeira edi\\u00e7\\u00e3o do Sarau da Alegria, realizado pela Prefeitura de Alagoinhas, por meio da Secretaria de Assist\\u00eancia Social (SEMAS), com o apoio do Centro de Cultura, onde a atividade ser\\u00e1 realizada, na Sala Auristela S\\u00e1, \\u00e0s 15h. A a\\u00e7\\u00e3o \\u00e9 uma iniciativa da Unidade de Acolhimento para\",\"inLanguage\":\"pt-BR\",\"isPartOf\":{\"@id\":\"https:\\\/\\\/newsinfoco.com.br\\\/inicio\\\/#website\"},\"breadcrumb\":{\"@id\":\"https:\\\/\\\/newsinfoco.com.br\\\/inicio\\\/sarau-da-alegria-com-pessoas-em-situacao-de-rua-sera-realizado-na-quarta-feira-09\\\/#breadcrumblist\"},\"author\":{\"@id\":\"https:\\\/\\\/newsinfoco.com.br\\\/inicio\\\/author\\\/administrador\\\/#author\"},\"creator\":{\"@id\":\"https:\\\/\\\/newsinfoco.com.br\\\/inicio\\\/author\\\/administrador\\\/#author\"},\"image\":{\"@type\":\"ImageObject\",\"url\":\"https:\\\/\\\/newsinfoco.com.br\\\/inicio\\\/wp-content\\\/uploads\\\/2022\\\/03\\\/images-550x368-1.jpeg\",\"@id\":\"https:\\\/\\\/newsinfoco.com.br\\\/inicio\\\/sarau-da-alegria-com-pessoas-em-situacao-de-rua-sera-realizado-na-quarta-feira-09\\\/#mainImage\",\"width\":550,\"height\":368},\"primaryImageOfPage\":{\"@id\":\"https:\\\/\\\/newsinfoco.com.br\\\/inicio\\\/sarau-da-alegria-com-pessoas-em-situacao-de-rua-sera-realizado-na-quarta-feira-09\\\/#mainImage\"},\"datePublished\":\"2022-03-07T16:19:40-03:00\",\"dateModified\":\"2022-03-07T16:19:40-03:00\"},{\"@type\":\"WebSite\",\"@id\":\"https:\\\/\\\/newsinfoco.com.br\\\/inicio\\\/#website\",\"url\":\"https:\\\/\\\/newsinfoco.com.br\\\/inicio\\\/\",\"name\":\"News In Foco - Editado por Caio Pimenta\",\"description\":\"O principal site de noticias de Alagoinhas e regi\\u00e3o\",\"inLanguage\":\"pt-BR\",\"publisher\":{\"@id\":\"https:\\\/\\\/newsinfoco.com.br\\\/inicio\\\/#organization\"}}]}\n\t\t<\/script>\n\t\t<!-- All in One SEO -->\n\n","aioseo_head_json":{"title":"Sarau da Alegria, com pessoas em situa\u00e7\u00e3o de rua, ser\u00e1 realizado na quarta-feira (09) - News In Foco - Editado por Caio Pimenta","description":"Na pr\u00f3xima quarta-feira, 09 de mar\u00e7o, acontece a primeira edi\u00e7\u00e3o do Sarau da Alegria, realizado pela Prefeitura de Alagoinhas, por meio da Secretaria de Assist\u00eancia Social (SEMAS), com o apoio do Centro de Cultura, onde a atividade ser\u00e1 realizada, na Sala Auristela S\u00e1, \u00e0s 15h. A a\u00e7\u00e3o \u00e9 uma iniciativa da Unidade de Acolhimento para","canonical_url":"https:\/\/newsinfoco.com.br\/inicio\/sarau-da-alegria-com-pessoas-em-situacao-de-rua-sera-realizado-na-quarta-feira-09\/","robots":"max-image-preview:large","keywords":"","webmasterTools":{"miscellaneous":""},"schema":{"@context":"https:\/\/schema.org","@graph":[{"@type":"BlogPosting","@id":"https:\/\/newsinfoco.com.br\/inicio\/sarau-da-alegria-com-pessoas-em-situacao-de-rua-sera-realizado-na-quarta-feira-09\/#blogposting","name":"Sarau da Alegria, com pessoas em situa\u00e7\u00e3o de rua, ser\u00e1 realizado na quarta-feira (09) - News In Foco - Editado por Caio Pimenta","headline":"Sarau da Alegria, com pessoas em situa\u00e7\u00e3o de rua, ser\u00e1 realizado na quarta-feira (09)","author":{"@id":"https:\/\/newsinfoco.com.br\/inicio\/author\/administrador\/#author"},"publisher":{"@id":"https:\/\/newsinfoco.com.br\/inicio\/#organization"},"image":{"@type":"ImageObject","url":"https:\/\/newsinfoco.com.br\/inicio\/wp-content\/uploads\/2022\/03\/images-550x368-1.jpeg","width":550,"height":368},"datePublished":"2022-03-07T16:19:40-03:00","dateModified":"2022-03-07T16:19:40-03:00","inLanguage":"pt-BR","mainEntityOfPage":{"@id":"https:\/\/newsinfoco.com.br\/inicio\/sarau-da-alegria-com-pessoas-em-situacao-de-rua-sera-realizado-na-quarta-feira-09\/#webpage"},"isPartOf":{"@id":"https:\/\/newsinfoco.com.br\/inicio\/sarau-da-alegria-com-pessoas-em-situacao-de-rua-sera-realizado-na-quarta-feira-09\/#webpage"},"articleSection":"Alagoinhas e Regi\u00e3o, Manchete"},{"@type":"BreadcrumbList","@id":"https:\/\/newsinfoco.com.br\/inicio\/sarau-da-alegria-com-pessoas-em-situacao-de-rua-sera-realizado-na-quarta-feira-09\/#breadcrumblist","itemListElement":[{"@type":"ListItem","@id":"https:\/\/newsinfoco.com.br\/inicio#listItem","position":1,"name":"In\u00edcio","item":"https:\/\/newsinfoco.com.br\/inicio","nextItem":{"@type":"ListItem","@id":"https:\/\/newsinfoco.com.br\/inicio\/category\/alagoinhas-e-regiao\/#listItem","name":"Alagoinhas e Regi\u00e3o"}},{"@type":"ListItem","@id":"https:\/\/newsinfoco.com.br\/inicio\/category\/alagoinhas-e-regiao\/#listItem","position":2,"name":"Alagoinhas e Regi\u00e3o","item":"https:\/\/newsinfoco.com.br\/inicio\/category\/alagoinhas-e-regiao\/","nextItem":{"@type":"ListItem","@id":"https:\/\/newsinfoco.com.br\/inicio\/sarau-da-alegria-com-pessoas-em-situacao-de-rua-sera-realizado-na-quarta-feira-09\/#listItem","name":"Sarau da Alegria, com pessoas em situa\u00e7\u00e3o de rua, ser\u00e1 realizado na quarta-feira (09)"},"previousItem":{"@type":"ListItem","@id":"https:\/\/newsinfoco.com.br\/inicio#listItem","name":"In\u00edcio"}},{"@type":"ListItem","@id":"https:\/\/newsinfoco.com.br\/inicio\/sarau-da-alegria-com-pessoas-em-situacao-de-rua-sera-realizado-na-quarta-feira-09\/#listItem","position":3,"name":"Sarau da Alegria, com pessoas em situa\u00e7\u00e3o de rua, ser\u00e1 realizado na quarta-feira (09)","previousItem":{"@type":"ListItem","@id":"https:\/\/newsinfoco.com.br\/inicio\/category\/alagoinhas-e-regiao\/#listItem","name":"Alagoinhas e Regi\u00e3o"}}]},{"@type":"Organization","@id":"https:\/\/newsinfoco.com.br\/inicio\/#organization","name":"News In Foco - Editado por Caio Pimenta","description":"O principal site de noticias de Alagoinhas e regi\u00e3o","url":"https:\/\/newsinfoco.com.br\/inicio\/"},{"@type":"Person","@id":"https:\/\/newsinfoco.com.br\/inicio\/author\/administrador\/#author","url":"https:\/\/newsinfoco.com.br\/inicio\/author\/administrador\/","name":"administrador","image":{"@type":"ImageObject","@id":"https:\/\/newsinfoco.com.br\/inicio\/sarau-da-alegria-com-pessoas-em-situacao-de-rua-sera-realizado-na-quarta-feira-09\/#authorImage","url":"https:\/\/secure.gravatar.com\/avatar\/c17a617433de8c1dc9584bb79aab7563b46f5bb7e1728c9b17d9cc3ce6a08e49?s=96&d=mm&r=g","width":96,"height":96,"caption":"administrador"}},{"@type":"WebPage","@id":"https:\/\/newsinfoco.com.br\/inicio\/sarau-da-alegria-com-pessoas-em-situacao-de-rua-sera-realizado-na-quarta-feira-09\/#webpage","url":"https:\/\/newsinfoco.com.br\/inicio\/sarau-da-alegria-com-pessoas-em-situacao-de-rua-sera-realizado-na-quarta-feira-09\/","name":"Sarau da Alegria, com pessoas em situa\u00e7\u00e3o de rua, ser\u00e1 realizado na quarta-feira (09) - News In Foco - Editado por Caio Pimenta","description":"Na pr\u00f3xima quarta-feira, 09 de mar\u00e7o, acontece a primeira edi\u00e7\u00e3o do Sarau da Alegria, realizado pela Prefeitura de Alagoinhas, por meio da Secretaria de Assist\u00eancia Social (SEMAS), com o apoio do Centro de Cultura, onde a atividade ser\u00e1 realizada, na Sala Auristela S\u00e1, \u00e0s 15h. A a\u00e7\u00e3o \u00e9 uma iniciativa da Unidade de Acolhimento para","inLanguage":"pt-BR","isPartOf":{"@id":"https:\/\/newsinfoco.com.br\/inicio\/#website"},"breadcrumb":{"@id":"https:\/\/newsinfoco.com.br\/inicio\/sarau-da-alegria-com-pessoas-em-situacao-de-rua-sera-realizado-na-quarta-feira-09\/#breadcrumblist"},"author":{"@id":"https:\/\/newsinfoco.com.br\/inicio\/author\/administrador\/#author"},"creator":{"@id":"https:\/\/newsinfoco.com.br\/inicio\/author\/administrador\/#author"},"image":{"@type":"ImageObject","url":"https:\/\/newsinfoco.com.br\/inicio\/wp-content\/uploads\/2022\/03\/images-550x368-1.jpeg","@id":"https:\/\/newsinfoco.com.br\/inicio\/sarau-da-alegria-com-pessoas-em-situacao-de-rua-sera-realizado-na-quarta-feira-09\/#mainImage","width":550,"height":368},"primaryImageOfPage":{"@id":"https:\/\/newsinfoco.com.br\/inicio\/sarau-da-alegria-com-pessoas-em-situacao-de-rua-sera-realizado-na-quarta-feira-09\/#mainImage"},"datePublished":"2022-03-07T16:19:40-03:00","dateModified":"2022-03-07T16:19:40-03:00"},{"@type":"WebSite","@id":"https:\/\/newsinfoco.com.br\/inicio\/#website","url":"https:\/\/newsinfoco.com.br\/inicio\/","name":"News In Foco - Editado por Caio Pimenta","description":"O principal site de noticias de Alagoinhas e regi\u00e3o","inLanguage":"pt-BR","publisher":{"@id":"https:\/\/newsinfoco.com.br\/inicio\/#organization"}}]},"og:locale":"pt_BR","og:site_name":"News In Foco - Editado por Caio Pimenta - O principal site de noticias de Alagoinhas e regi\u00e3o","og:type":"article","og:title":"Sarau da Alegria, com pessoas em situa\u00e7\u00e3o de rua, ser\u00e1 realizado na quarta-feira (09) - News In Foco - Editado por Caio Pimenta","og:description":"Na pr\u00f3xima quarta-feira, 09 de mar\u00e7o, acontece a primeira edi\u00e7\u00e3o do Sarau da Alegria, realizado pela Prefeitura de Alagoinhas, por meio da Secretaria de Assist\u00eancia Social (SEMAS), com o apoio do Centro de Cultura, onde a atividade ser\u00e1 realizada, na Sala Auristela S\u00e1, \u00e0s 15h. A a\u00e7\u00e3o \u00e9 uma iniciativa da Unidade de Acolhimento para","og:url":"https:\/\/newsinfoco.com.br\/inicio\/sarau-da-alegria-com-pessoas-em-situacao-de-rua-sera-realizado-na-quarta-feira-09\/","article:published_time":"2022-03-07T19:19:40+00:00","article:modified_time":"2022-03-07T19:19:40+00:00","twitter:card":"summary_large_image","twitter:title":"Sarau da Alegria, com pessoas em situa\u00e7\u00e3o de rua, ser\u00e1 realizado na quarta-feira (09) - News In Foco - Editado por Caio Pimenta","twitter:description":"Na pr\u00f3xima quarta-feira, 09 de mar\u00e7o, acontece a primeira edi\u00e7\u00e3o do Sarau da Alegria, realizado pela Prefeitura de Alagoinhas, por meio da Secretaria de Assist\u00eancia Social (SEMAS), com o apoio do Centro de Cultura, onde a atividade ser\u00e1 realizada, na Sala Auristela S\u00e1, \u00e0s 15h. A a\u00e7\u00e3o \u00e9 uma iniciativa da Unidade de Acolhimento para"},"aioseo_meta_data":{"post_id":"29226","title":null,"description":null,"keywords":null,"keyphrases":null,"primary_term":null,"canonical_url":null,"og_title":null,"og_description":null,"og_object_type":"default","og_image_type":"default","og_image_url":null,"og_image_width":null,"og_image_height":null,"og_image_custom_url":null,"og_image_custom_fields":null,"og_video":null,"og_custom_url":null,"og_article_section":null,"og_article_tags":null,"twitter_use_og":false,"twitter_card":"default","twitter_image_type":"default","twitter_image_url":null,"twitter_image_custom_url":null,"twitter_image_custom_fields":null,"twitter_title":null,"twitter_description":null,"schema":{"blockGraphs":[],"customGraphs":[],"default":{"data":{"Article":[],"Course":[],"Dataset":[],"FAQPage":[],"Movie":[],"Person":[],"Product":[],"ProductReview":[],"Car":[],"Recipe":[],"Service":[],"SoftwareApplication":[],"WebPage":[]},"graphName":"","isEnabled":true},"graphs":[]},"schema_type":"default","schema_type_options":null,"pillar_content":false,"robots_default":true,"robots_noindex":false,"robots_noarchive":false,"robots_nosnippet":false,"robots_nofollow":false,"robots_noimageindex":false,"robots_noodp":false,"robots_notranslate":false,"robots_max_snippet":null,"robots_max_videopreview":null,"robots_max_imagepreview":"large","priority":null,"frequency":null,"local_seo":null,"breadcrumb_settings":null,"limit_modified_date":false,"ai":null,"created":"2023-06-12 20:55:47","updated":"2025-07-11 07:08:17","seo_analyzer_scan_date":null},"aioseo_breadcrumb":"<div class=\"aioseo-breadcrumbs\"><span class=\"aioseo-breadcrumb\">\n\t\t\t<a href=\"https:\/\/newsinfoco.com.br\/inicio\" title=\"In\u00edcio\">In\u00edcio<\/a>\n\t\t<\/span><span class=\"aioseo-breadcrumb-separator\">&raquo;<\/span><span class=\"aioseo-breadcrumb\">\n\t\t\t<a href=\"https:\/\/newsinfoco.com.br\/inicio\/category\/alagoinhas-e-regiao\/\" title=\"Alagoinhas e Regi\u00e3o\">Alagoinhas e Regi\u00e3o<\/a>\n\t\t<\/span><span class=\"aioseo-breadcrumb-separator\">&raquo;<\/span><span class=\"aioseo-breadcrumb\">\n\t\t\tSarau da Alegria, com pessoas em situa\u00e7\u00e3o de rua, ser\u00e1 realizado na quarta-feira (09)\n\t\t<\/span><\/div>","aioseo_breadcrumb_json":[{"label":"In\u00edcio","link":"https:\/\/newsinfoco.com.br\/inicio"},{"label":"Alagoinhas e Regi\u00e3o","link":"https:\/\/newsinfoco.com.br\/inicio\/category\/alagoinhas-e-regiao\/"},{"label":"Sarau da Alegria, com pessoas em situa\u00e7\u00e3o de rua, ser\u00e1 realizado na quarta-feira (09)","link":"https:\/\/newsinfoco.com.br\/inicio\/sarau-da-alegria-com-pessoas-em-situacao-de-rua-sera-realizado-na-quarta-feira-09\/"}],"_links":{"self":[{"href":"https:\/\/newsinfoco.com.br\/inicio\/wp-json\/wp\/v2\/posts\/29226","targetHints":{"allow":["GET"]}}],"collection":[{"href":"https:\/\/newsinfoco.com.br\/inicio\/wp-json\/wp\/v2\/posts"}],"about":[{"href":"https:\/\/newsinfoco.com.br\/inicio\/wp-json\/wp\/v2\/types\/post"}],"author":[{"embeddable":true,"href":"https:\/\/newsinfoco.com.br\/inicio\/wp-json\/wp\/v2\/users\/1"}],"replies":[{"embeddable":true,"href":"https:\/\/newsinfoco.com.br\/inicio\/wp-json\/wp\/v2\/comments?post=29226"}],"version-history":[{"count":2,"href":"https:\/\/newsinfoco.com.br\/inicio\/wp-json\/wp\/v2\/posts\/29226\/revisions"}],"predecessor-version":[{"id":29229,"href":"https:\/\/newsinfoco.com.br\/inicio\/wp-json\/wp\/v2\/posts\/29226\/revisions\/29229"}],"wp:featuredmedia":[{"embeddable":true,"href":"https:\/\/newsinfoco.com.br\/inicio\/wp-json\/wp\/v2\/media\/29227"}],"wp:attachment":[{"href":"https:\/\/newsinfoco.com.br\/inicio\/wp-json\/wp\/v2\/media?parent=29226"}],"wp:term":[{"taxonomy":"category","embeddable":true,"href":"https:\/\/newsinfoco.com.br\/inicio\/wp-json\/wp\/v2\/categories?post=29226"},{"taxonomy":"post_tag","embeddable":true,"href":"https:\/\/newsinfoco.com.br\/inicio\/wp-json\/wp\/v2\/tags?post=29226"}],"curies":[{"name":"wp","href":"https:\/\/api.w.org\/{rel}","templated":true}]}}