{"id":29233,"date":"2022-03-07T16:22:24","date_gmt":"2022-03-07T19:22:24","guid":{"rendered":"https:\/\/newsinfoco.com.br\/inicio\/?p=29233"},"modified":"2022-03-07T16:22:24","modified_gmt":"2022-03-07T19:22:24","slug":"comecam-as-obras-de-construcao-da-avenida-murilo-cavalcanti-nesta-terca-feira-08","status":"publish","type":"post","link":"https:\/\/newsinfoco.com.br\/inicio\/comecam-as-obras-de-construcao-da-avenida-murilo-cavalcanti-nesta-terca-feira-08\/","title":{"rendered":"Come\u00e7am as obras de constru\u00e7\u00e3o da Avenida Murilo Cavalcanti nesta ter\u00e7a-feira (08)"},"content":{"rendered":"<p>Em um ato simb\u00f3lico, \u00e0s 8h da manh\u00e3, na Usina de Asfalto de Alagoinhas, o prefeito Joaquim Neto dar\u00e1 in\u00edcio\u00a0 \u00e0 duplica\u00e7\u00e3o da rua Paulo Afonso, que liga a BR 101 ao bairro Kennedy. O trecho ter\u00e1 2,7 quil\u00f4metros de extens\u00e3o e a proposta \u00e9 que passe a se chamar Avenida Murilo Coelho Cavalcanti, em homenagem a um dos prefeitos mais atuantes que o munic\u00edpio j\u00e1 teve, com 3 mandatos.<\/p>\n<p>O acesso norte \u00e0 Alagoinhas ser\u00e1 uma obra moderna, com ciclovia, pista dupla e sinaliza\u00e7\u00e3o horizontal e vertical, resultado de um conv\u00eanio de 13 milh\u00f5es de reais com o Governo do Estado, fruto de uma emenda parlamentar do PSD (partido do prefeito Joaquim Neto). \u201cNosso objetivo \u00e9 que a futura Avenida Murilo Cavalcanti se torne um poderoso vetor de desenvolvimento para a cidade, com novos empreendimentos e a promessa de futuros neg\u00f3cios\u201d, declarou o chefe do Executivo.<\/p>\n<p>A secret\u00e1ria de Infraestrutura Maria das Gra\u00e7as de Castro Reis destacou os benef\u00edcios na mobilidade urbana. \u201cA equipe t\u00e9cnica da SECIN tem acompanhado de perto o projeto, desde o in\u00edcio, com os estudos topogr\u00e1ficos. Continuaremos o acompanhamento at\u00e9 a conclus\u00e3o da obra, que trar\u00e1 mais mobilidade ao munic\u00edpio\u201d<\/p>\n<p>Da Usina de Asfalto, as m\u00e1quinas se deslocar\u00e3o at\u00e9 o local, iniciando, de fato, a obra de duplica\u00e7\u00e3o.<\/p>\n<div class='share-to-whatsapp-wrapper'><div class='share-on-whsp'>Share on: <\/div><a data-text='Come\u00e7am as obras de constru\u00e7\u00e3o da Avenida Murilo Cavalcanti nesta ter\u00e7a-feira (08)' data-link='https:\/\/newsinfoco.com.br\/inicio\/comecam-as-obras-de-construcao-da-avenida-murilo-cavalcanti-nesta-terca-feira-08\/' class='whatsapp-button whatsapp-share'>WhatsApp<\/a><div class='clear '><\/div><\/div>","protected":false},"excerpt":{"rendered":"<p>Em um ato simb\u00f3lico, \u00e0s 8h da manh\u00e3, na Usina de Asfalto de Alagoinhas, o prefeito Joaquim Neto dar\u00e1 in\u00edcio\u00a0 \u00e0 duplica\u00e7\u00e3o da rua Paulo Afonso, que liga a BR 101 ao bairro Kennedy. O trecho ter\u00e1 2,7 quil\u00f4metros de extens\u00e3o e a proposta \u00e9 que passe a se chamar Avenida Murilo Coelho Cavalcanti, em [&hellip;]<\/p>\n","protected":false},"author":1,"featured_media":29234,"comment_status":"closed","ping_status":"closed","sticky":false,"template":"","format":"standard","meta":{"om_disable_all_campaigns":false,"rop_custom_images_group":[],"rop_custom_messages_group":[],"rop_publish_now":"initial","rop_publish_now_accounts":[],"rop_publish_now_history":[],"rop_publish_now_status":"pending","_exactmetrics_skip_tracking":false,"footnotes":""},"categories":[38,167],"tags":[],"class_list":["post-29233","post","type-post","status-publish","format-standard","has-post-thumbnail","hentry","category-alagoinhas-e-regiao","category-exclusivas"],"aioseo_notices":[],"aioseo_head":"\n\t\t<!-- All in One SEO 4.9.10 - aioseo.com -->\n\t<meta name=\"description\" content=\"Em um ato simb\u00f3lico, \u00e0s 8h da manh\u00e3, na Usina de Asfalto de Alagoinhas, o prefeito Joaquim Neto dar\u00e1 in\u00edcio \u00e0 duplica\u00e7\u00e3o da rua Paulo Afonso, que liga a BR 101 ao bairro Kennedy. O trecho ter\u00e1 2,7 quil\u00f4metros de extens\u00e3o e a proposta \u00e9 que passe a se chamar Avenida Murilo Coelho Cavalcanti, em\" \/>\n\t<meta name=\"robots\" content=\"max-image-preview:large\" \/>\n\t<meta name=\"author\" content=\"administrador\"\/>\n\t<link rel=\"canonical\" href=\"https:\/\/newsinfoco.com.br\/inicio\/comecam-as-obras-de-construcao-da-avenida-murilo-cavalcanti-nesta-terca-feira-08\/\" \/>\n\t<meta name=\"generator\" content=\"All in One SEO (AIOSEO) 4.9.10\" \/>\n\t\t<meta property=\"og:locale\" content=\"pt_BR\" \/>\n\t\t<meta property=\"og:site_name\" content=\"News In Foco - Editado por Caio Pimenta - O principal site de noticias de Alagoinhas e regi\u00e3o\" \/>\n\t\t<meta property=\"og:type\" content=\"article\" \/>\n\t\t<meta property=\"og:title\" content=\"Come\u00e7am as obras de constru\u00e7\u00e3o da Avenida Murilo Cavalcanti nesta ter\u00e7a-feira (08) - News In Foco - Editado por Caio Pimenta\" \/>\n\t\t<meta property=\"og:description\" content=\"Em um ato simb\u00f3lico, \u00e0s 8h da manh\u00e3, na Usina de Asfalto de Alagoinhas, o prefeito Joaquim Neto dar\u00e1 in\u00edcio \u00e0 duplica\u00e7\u00e3o da rua Paulo Afonso, que liga a BR 101 ao bairro Kennedy. O trecho ter\u00e1 2,7 quil\u00f4metros de extens\u00e3o e a proposta \u00e9 que passe a se chamar Avenida Murilo Coelho Cavalcanti, em\" \/>\n\t\t<meta property=\"og:url\" content=\"https:\/\/newsinfoco.com.br\/inicio\/comecam-as-obras-de-construcao-da-avenida-murilo-cavalcanti-nesta-terca-feira-08\/\" \/>\n\t\t<meta property=\"article:published_time\" content=\"2022-03-07T19:22:24+00:00\" \/>\n\t\t<meta property=\"article:modified_time\" content=\"2022-03-07T19:22:24+00:00\" \/>\n\t\t<meta name=\"twitter:card\" content=\"summary_large_image\" \/>\n\t\t<meta name=\"twitter:title\" content=\"Come\u00e7am as obras de constru\u00e7\u00e3o da Avenida Murilo Cavalcanti nesta ter\u00e7a-feira (08) - News In Foco - Editado por Caio Pimenta\" \/>\n\t\t<meta name=\"twitter:description\" content=\"Em um ato simb\u00f3lico, \u00e0s 8h da manh\u00e3, na Usina de Asfalto de Alagoinhas, o prefeito Joaquim Neto dar\u00e1 in\u00edcio \u00e0 duplica\u00e7\u00e3o da rua Paulo Afonso, que liga a BR 101 ao bairro Kennedy. O trecho ter\u00e1 2,7 quil\u00f4metros de extens\u00e3o e a proposta \u00e9 que passe a se chamar Avenida Murilo Coelho Cavalcanti, em\" \/>\n\t\t<script type=\"application\/ld+json\" class=\"aioseo-schema\">\n\t\t\t{\"@context\":\"https:\\\/\\\/schema.org\",\"@graph\":[{\"@type\":\"BlogPosting\",\"@id\":\"https:\\\/\\\/newsinfoco.com.br\\\/inicio\\\/comecam-as-obras-de-construcao-da-avenida-murilo-cavalcanti-nesta-terca-feira-08\\\/#blogposting\",\"name\":\"Come\\u00e7am as obras de constru\\u00e7\\u00e3o da Avenida Murilo Cavalcanti nesta ter\\u00e7a-feira (08) - News In Foco - Editado por Caio Pimenta\",\"headline\":\"Come\\u00e7am as obras de constru\\u00e7\\u00e3o da Avenida Murilo Cavalcanti nesta ter\\u00e7a-feira (08)\",\"author\":{\"@id\":\"https:\\\/\\\/newsinfoco.com.br\\\/inicio\\\/author\\\/administrador\\\/#author\"},\"publisher\":{\"@id\":\"https:\\\/\\\/newsinfoco.com.br\\\/inicio\\\/#organization\"},\"image\":{\"@type\":\"ImageObject\",\"url\":\"https:\\\/\\\/newsinfoco.com.br\\\/inicio\\\/wp-content\\\/uploads\\\/2022\\\/03\\\/essa.png\",\"width\":201,\"height\":221},\"datePublished\":\"2022-03-07T16:22:24-03:00\",\"dateModified\":\"2022-03-07T16:22:24-03:00\",\"inLanguage\":\"pt-BR\",\"mainEntityOfPage\":{\"@id\":\"https:\\\/\\\/newsinfoco.com.br\\\/inicio\\\/comecam-as-obras-de-construcao-da-avenida-murilo-cavalcanti-nesta-terca-feira-08\\\/#webpage\"},\"isPartOf\":{\"@id\":\"https:\\\/\\\/newsinfoco.com.br\\\/inicio\\\/comecam-as-obras-de-construcao-da-avenida-murilo-cavalcanti-nesta-terca-feira-08\\\/#webpage\"},\"articleSection\":\"Alagoinhas e Regi\\u00e3o, Manchete\"},{\"@type\":\"BreadcrumbList\",\"@id\":\"https:\\\/\\\/newsinfoco.com.br\\\/inicio\\\/comecam-as-obras-de-construcao-da-avenida-murilo-cavalcanti-nesta-terca-feira-08\\\/#breadcrumblist\",\"itemListElement\":[{\"@type\":\"ListItem\",\"@id\":\"https:\\\/\\\/newsinfoco.com.br\\\/inicio#listItem\",\"position\":1,\"name\":\"In\\u00edcio\",\"item\":\"https:\\\/\\\/newsinfoco.com.br\\\/inicio\",\"nextItem\":{\"@type\":\"ListItem\",\"@id\":\"https:\\\/\\\/newsinfoco.com.br\\\/inicio\\\/category\\\/alagoinhas-e-regiao\\\/#listItem\",\"name\":\"Alagoinhas e Regi\\u00e3o\"}},{\"@type\":\"ListItem\",\"@id\":\"https:\\\/\\\/newsinfoco.com.br\\\/inicio\\\/category\\\/alagoinhas-e-regiao\\\/#listItem\",\"position\":2,\"name\":\"Alagoinhas e Regi\\u00e3o\",\"item\":\"https:\\\/\\\/newsinfoco.com.br\\\/inicio\\\/category\\\/alagoinhas-e-regiao\\\/\",\"nextItem\":{\"@type\":\"ListItem\",\"@id\":\"https:\\\/\\\/newsinfoco.com.br\\\/inicio\\\/comecam-as-obras-de-construcao-da-avenida-murilo-cavalcanti-nesta-terca-feira-08\\\/#listItem\",\"name\":\"Come\\u00e7am as obras de constru\\u00e7\\u00e3o da Avenida Murilo Cavalcanti nesta ter\\u00e7a-feira (08)\"},\"previousItem\":{\"@type\":\"ListItem\",\"@id\":\"https:\\\/\\\/newsinfoco.com.br\\\/inicio#listItem\",\"name\":\"In\\u00edcio\"}},{\"@type\":\"ListItem\",\"@id\":\"https:\\\/\\\/newsinfoco.com.br\\\/inicio\\\/comecam-as-obras-de-construcao-da-avenida-murilo-cavalcanti-nesta-terca-feira-08\\\/#listItem\",\"position\":3,\"name\":\"Come\\u00e7am as obras de constru\\u00e7\\u00e3o da Avenida Murilo Cavalcanti nesta ter\\u00e7a-feira (08)\",\"previousItem\":{\"@type\":\"ListItem\",\"@id\":\"https:\\\/\\\/newsinfoco.com.br\\\/inicio\\\/category\\\/alagoinhas-e-regiao\\\/#listItem\",\"name\":\"Alagoinhas e Regi\\u00e3o\"}}]},{\"@type\":\"Organization\",\"@id\":\"https:\\\/\\\/newsinfoco.com.br\\\/inicio\\\/#organization\",\"name\":\"News In Foco - Editado por Caio Pimenta\",\"description\":\"O principal site de noticias de Alagoinhas e regi\\u00e3o\",\"url\":\"https:\\\/\\\/newsinfoco.com.br\\\/inicio\\\/\"},{\"@type\":\"Person\",\"@id\":\"https:\\\/\\\/newsinfoco.com.br\\\/inicio\\\/author\\\/administrador\\\/#author\",\"url\":\"https:\\\/\\\/newsinfoco.com.br\\\/inicio\\\/author\\\/administrador\\\/\",\"name\":\"administrador\",\"image\":{\"@type\":\"ImageObject\",\"@id\":\"https:\\\/\\\/newsinfoco.com.br\\\/inicio\\\/comecam-as-obras-de-construcao-da-avenida-murilo-cavalcanti-nesta-terca-feira-08\\\/#authorImage\",\"url\":\"https:\\\/\\\/secure.gravatar.com\\\/avatar\\\/c17a617433de8c1dc9584bb79aab7563b46f5bb7e1728c9b17d9cc3ce6a08e49?s=96&d=mm&r=g\",\"width\":96,\"height\":96,\"caption\":\"administrador\"}},{\"@type\":\"WebPage\",\"@id\":\"https:\\\/\\\/newsinfoco.com.br\\\/inicio\\\/comecam-as-obras-de-construcao-da-avenida-murilo-cavalcanti-nesta-terca-feira-08\\\/#webpage\",\"url\":\"https:\\\/\\\/newsinfoco.com.br\\\/inicio\\\/comecam-as-obras-de-construcao-da-avenida-murilo-cavalcanti-nesta-terca-feira-08\\\/\",\"name\":\"Come\\u00e7am as obras de constru\\u00e7\\u00e3o da Avenida Murilo Cavalcanti nesta ter\\u00e7a-feira (08) - News In Foco - Editado por Caio Pimenta\",\"description\":\"Em um ato simb\\u00f3lico, \\u00e0s 8h da manh\\u00e3, na Usina de Asfalto de Alagoinhas, o prefeito Joaquim Neto dar\\u00e1 in\\u00edcio \\u00e0 duplica\\u00e7\\u00e3o da rua Paulo Afonso, que liga a BR 101 ao bairro Kennedy. O trecho ter\\u00e1 2,7 quil\\u00f4metros de extens\\u00e3o e a proposta \\u00e9 que passe a se chamar Avenida Murilo Coelho Cavalcanti, em\",\"inLanguage\":\"pt-BR\",\"isPartOf\":{\"@id\":\"https:\\\/\\\/newsinfoco.com.br\\\/inicio\\\/#website\"},\"breadcrumb\":{\"@id\":\"https:\\\/\\\/newsinfoco.com.br\\\/inicio\\\/comecam-as-obras-de-construcao-da-avenida-murilo-cavalcanti-nesta-terca-feira-08\\\/#breadcrumblist\"},\"author\":{\"@id\":\"https:\\\/\\\/newsinfoco.com.br\\\/inicio\\\/author\\\/administrador\\\/#author\"},\"creator\":{\"@id\":\"https:\\\/\\\/newsinfoco.com.br\\\/inicio\\\/author\\\/administrador\\\/#author\"},\"image\":{\"@type\":\"ImageObject\",\"url\":\"https:\\\/\\\/newsinfoco.com.br\\\/inicio\\\/wp-content\\\/uploads\\\/2022\\\/03\\\/essa.png\",\"@id\":\"https:\\\/\\\/newsinfoco.com.br\\\/inicio\\\/comecam-as-obras-de-construcao-da-avenida-murilo-cavalcanti-nesta-terca-feira-08\\\/#mainImage\",\"width\":201,\"height\":221},\"primaryImageOfPage\":{\"@id\":\"https:\\\/\\\/newsinfoco.com.br\\\/inicio\\\/comecam-as-obras-de-construcao-da-avenida-murilo-cavalcanti-nesta-terca-feira-08\\\/#mainImage\"},\"datePublished\":\"2022-03-07T16:22:24-03:00\",\"dateModified\":\"2022-03-07T16:22:24-03:00\"},{\"@type\":\"WebSite\",\"@id\":\"https:\\\/\\\/newsinfoco.com.br\\\/inicio\\\/#website\",\"url\":\"https:\\\/\\\/newsinfoco.com.br\\\/inicio\\\/\",\"name\":\"News In Foco - Editado por Caio Pimenta\",\"description\":\"O principal site de noticias de Alagoinhas e regi\\u00e3o\",\"inLanguage\":\"pt-BR\",\"publisher\":{\"@id\":\"https:\\\/\\\/newsinfoco.com.br\\\/inicio\\\/#organization\"}}]}\n\t\t<\/script>\n\t\t<!-- All in One SEO -->\n\n","aioseo_head_json":{"title":"Come\u00e7am as obras de constru\u00e7\u00e3o da Avenida Murilo Cavalcanti nesta ter\u00e7a-feira (08) - News In Foco - Editado por Caio Pimenta","description":"Em um ato simb\u00f3lico, \u00e0s 8h da manh\u00e3, na Usina de Asfalto de Alagoinhas, o prefeito Joaquim Neto dar\u00e1 in\u00edcio \u00e0 duplica\u00e7\u00e3o da rua Paulo Afonso, que liga a BR 101 ao bairro Kennedy. O trecho ter\u00e1 2,7 quil\u00f4metros de extens\u00e3o e a proposta \u00e9 que passe a se chamar Avenida Murilo Coelho Cavalcanti, em","canonical_url":"https:\/\/newsinfoco.com.br\/inicio\/comecam-as-obras-de-construcao-da-avenida-murilo-cavalcanti-nesta-terca-feira-08\/","robots":"max-image-preview:large","keywords":"","webmasterTools":{"miscellaneous":""},"schema":{"@context":"https:\/\/schema.org","@graph":[{"@type":"BlogPosting","@id":"https:\/\/newsinfoco.com.br\/inicio\/comecam-as-obras-de-construcao-da-avenida-murilo-cavalcanti-nesta-terca-feira-08\/#blogposting","name":"Come\u00e7am as obras de constru\u00e7\u00e3o da Avenida Murilo Cavalcanti nesta ter\u00e7a-feira (08) - News In Foco - Editado por Caio Pimenta","headline":"Come\u00e7am as obras de constru\u00e7\u00e3o da Avenida Murilo Cavalcanti nesta ter\u00e7a-feira (08)","author":{"@id":"https:\/\/newsinfoco.com.br\/inicio\/author\/administrador\/#author"},"publisher":{"@id":"https:\/\/newsinfoco.com.br\/inicio\/#organization"},"image":{"@type":"ImageObject","url":"https:\/\/newsinfoco.com.br\/inicio\/wp-content\/uploads\/2022\/03\/essa.png","width":201,"height":221},"datePublished":"2022-03-07T16:22:24-03:00","dateModified":"2022-03-07T16:22:24-03:00","inLanguage":"pt-BR","mainEntityOfPage":{"@id":"https:\/\/newsinfoco.com.br\/inicio\/comecam-as-obras-de-construcao-da-avenida-murilo-cavalcanti-nesta-terca-feira-08\/#webpage"},"isPartOf":{"@id":"https:\/\/newsinfoco.com.br\/inicio\/comecam-as-obras-de-construcao-da-avenida-murilo-cavalcanti-nesta-terca-feira-08\/#webpage"},"articleSection":"Alagoinhas e Regi\u00e3o, Manchete"},{"@type":"BreadcrumbList","@id":"https:\/\/newsinfoco.com.br\/inicio\/comecam-as-obras-de-construcao-da-avenida-murilo-cavalcanti-nesta-terca-feira-08\/#breadcrumblist","itemListElement":[{"@type":"ListItem","@id":"https:\/\/newsinfoco.com.br\/inicio#listItem","position":1,"name":"In\u00edcio","item":"https:\/\/newsinfoco.com.br\/inicio","nextItem":{"@type":"ListItem","@id":"https:\/\/newsinfoco.com.br\/inicio\/category\/alagoinhas-e-regiao\/#listItem","name":"Alagoinhas e Regi\u00e3o"}},{"@type":"ListItem","@id":"https:\/\/newsinfoco.com.br\/inicio\/category\/alagoinhas-e-regiao\/#listItem","position":2,"name":"Alagoinhas e Regi\u00e3o","item":"https:\/\/newsinfoco.com.br\/inicio\/category\/alagoinhas-e-regiao\/","nextItem":{"@type":"ListItem","@id":"https:\/\/newsinfoco.com.br\/inicio\/comecam-as-obras-de-construcao-da-avenida-murilo-cavalcanti-nesta-terca-feira-08\/#listItem","name":"Come\u00e7am as obras de constru\u00e7\u00e3o da Avenida Murilo Cavalcanti nesta ter\u00e7a-feira (08)"},"previousItem":{"@type":"ListItem","@id":"https:\/\/newsinfoco.com.br\/inicio#listItem","name":"In\u00edcio"}},{"@type":"ListItem","@id":"https:\/\/newsinfoco.com.br\/inicio\/comecam-as-obras-de-construcao-da-avenida-murilo-cavalcanti-nesta-terca-feira-08\/#listItem","position":3,"name":"Come\u00e7am as obras de constru\u00e7\u00e3o da Avenida Murilo Cavalcanti nesta ter\u00e7a-feira (08)","previousItem":{"@type":"ListItem","@id":"https:\/\/newsinfoco.com.br\/inicio\/category\/alagoinhas-e-regiao\/#listItem","name":"Alagoinhas e Regi\u00e3o"}}]},{"@type":"Organization","@id":"https:\/\/newsinfoco.com.br\/inicio\/#organization","name":"News In Foco - Editado por Caio Pimenta","description":"O principal site de noticias de Alagoinhas e regi\u00e3o","url":"https:\/\/newsinfoco.com.br\/inicio\/"},{"@type":"Person","@id":"https:\/\/newsinfoco.com.br\/inicio\/author\/administrador\/#author","url":"https:\/\/newsinfoco.com.br\/inicio\/author\/administrador\/","name":"administrador","image":{"@type":"ImageObject","@id":"https:\/\/newsinfoco.com.br\/inicio\/comecam-as-obras-de-construcao-da-avenida-murilo-cavalcanti-nesta-terca-feira-08\/#authorImage","url":"https:\/\/secure.gravatar.com\/avatar\/c17a617433de8c1dc9584bb79aab7563b46f5bb7e1728c9b17d9cc3ce6a08e49?s=96&d=mm&r=g","width":96,"height":96,"caption":"administrador"}},{"@type":"WebPage","@id":"https:\/\/newsinfoco.com.br\/inicio\/comecam-as-obras-de-construcao-da-avenida-murilo-cavalcanti-nesta-terca-feira-08\/#webpage","url":"https:\/\/newsinfoco.com.br\/inicio\/comecam-as-obras-de-construcao-da-avenida-murilo-cavalcanti-nesta-terca-feira-08\/","name":"Come\u00e7am as obras de constru\u00e7\u00e3o da Avenida Murilo Cavalcanti nesta ter\u00e7a-feira (08) - News In Foco - Editado por Caio Pimenta","description":"Em um ato simb\u00f3lico, \u00e0s 8h da manh\u00e3, na Usina de Asfalto de Alagoinhas, o prefeito Joaquim Neto dar\u00e1 in\u00edcio \u00e0 duplica\u00e7\u00e3o da rua Paulo Afonso, que liga a BR 101 ao bairro Kennedy. O trecho ter\u00e1 2,7 quil\u00f4metros de extens\u00e3o e a proposta \u00e9 que passe a se chamar Avenida Murilo Coelho Cavalcanti, em","inLanguage":"pt-BR","isPartOf":{"@id":"https:\/\/newsinfoco.com.br\/inicio\/#website"},"breadcrumb":{"@id":"https:\/\/newsinfoco.com.br\/inicio\/comecam-as-obras-de-construcao-da-avenida-murilo-cavalcanti-nesta-terca-feira-08\/#breadcrumblist"},"author":{"@id":"https:\/\/newsinfoco.com.br\/inicio\/author\/administrador\/#author"},"creator":{"@id":"https:\/\/newsinfoco.com.br\/inicio\/author\/administrador\/#author"},"image":{"@type":"ImageObject","url":"https:\/\/newsinfoco.com.br\/inicio\/wp-content\/uploads\/2022\/03\/essa.png","@id":"https:\/\/newsinfoco.com.br\/inicio\/comecam-as-obras-de-construcao-da-avenida-murilo-cavalcanti-nesta-terca-feira-08\/#mainImage","width":201,"height":221},"primaryImageOfPage":{"@id":"https:\/\/newsinfoco.com.br\/inicio\/comecam-as-obras-de-construcao-da-avenida-murilo-cavalcanti-nesta-terca-feira-08\/#mainImage"},"datePublished":"2022-03-07T16:22:24-03:00","dateModified":"2022-03-07T16:22:24-03:00"},{"@type":"WebSite","@id":"https:\/\/newsinfoco.com.br\/inicio\/#website","url":"https:\/\/newsinfoco.com.br\/inicio\/","name":"News In Foco - Editado por Caio Pimenta","description":"O principal site de noticias de Alagoinhas e regi\u00e3o","inLanguage":"pt-BR","publisher":{"@id":"https:\/\/newsinfoco.com.br\/inicio\/#organization"}}]},"og:locale":"pt_BR","og:site_name":"News In Foco - Editado por Caio Pimenta - O principal site de noticias de Alagoinhas e regi\u00e3o","og:type":"article","og:title":"Come\u00e7am as obras de constru\u00e7\u00e3o da Avenida Murilo Cavalcanti nesta ter\u00e7a-feira (08) - News In Foco - Editado por Caio Pimenta","og:description":"Em um ato simb\u00f3lico, \u00e0s 8h da manh\u00e3, na Usina de Asfalto de Alagoinhas, o prefeito Joaquim Neto dar\u00e1 in\u00edcio \u00e0 duplica\u00e7\u00e3o da rua Paulo Afonso, que liga a BR 101 ao bairro Kennedy. O trecho ter\u00e1 2,7 quil\u00f4metros de extens\u00e3o e a proposta \u00e9 que passe a se chamar Avenida Murilo Coelho Cavalcanti, em","og:url":"https:\/\/newsinfoco.com.br\/inicio\/comecam-as-obras-de-construcao-da-avenida-murilo-cavalcanti-nesta-terca-feira-08\/","article:published_time":"2022-03-07T19:22:24+00:00","article:modified_time":"2022-03-07T19:22:24+00:00","twitter:card":"summary_large_image","twitter:title":"Come\u00e7am as obras de constru\u00e7\u00e3o da Avenida Murilo Cavalcanti nesta ter\u00e7a-feira (08) - News In Foco - Editado por Caio Pimenta","twitter:description":"Em um ato simb\u00f3lico, \u00e0s 8h da manh\u00e3, na Usina de Asfalto de Alagoinhas, o prefeito Joaquim Neto dar\u00e1 in\u00edcio \u00e0 duplica\u00e7\u00e3o da rua Paulo Afonso, que liga a BR 101 ao bairro Kennedy. O trecho ter\u00e1 2,7 quil\u00f4metros de extens\u00e3o e a proposta \u00e9 que passe a se chamar Avenida Murilo Coelho Cavalcanti, em"},"aioseo_meta_data":{"post_id":"29233","title":null,"description":null,"keywords":null,"keyphrases":null,"primary_term":null,"canonical_url":null,"og_title":null,"og_description":null,"og_object_type":"default","og_image_type":"default","og_image_url":null,"og_image_width":null,"og_image_height":null,"og_image_custom_url":null,"og_image_custom_fields":null,"og_video":null,"og_custom_url":null,"og_article_section":null,"og_article_tags":null,"twitter_use_og":false,"twitter_card":"default","twitter_image_type":"default","twitter_image_url":null,"twitter_image_custom_url":null,"twitter_image_custom_fields":null,"twitter_title":null,"twitter_description":null,"schema":{"blockGraphs":[],"customGraphs":[],"default":{"data":{"Article":[],"Course":[],"Dataset":[],"FAQPage":[],"Movie":[],"Person":[],"Product":[],"ProductReview":[],"Car":[],"Recipe":[],"Service":[],"SoftwareApplication":[],"WebPage":[]},"graphName":"","isEnabled":true},"graphs":[]},"schema_type":"default","schema_type_options":null,"pillar_content":false,"robots_default":true,"robots_noindex":false,"robots_noarchive":false,"robots_nosnippet":false,"robots_nofollow":false,"robots_noimageindex":false,"robots_noodp":false,"robots_notranslate":false,"robots_max_snippet":null,"robots_max_videopreview":null,"robots_max_imagepreview":"large","priority":null,"frequency":null,"local_seo":null,"breadcrumb_settings":null,"limit_modified_date":false,"ai":null,"created":"2023-06-12 20:55:47","updated":"2025-07-11 07:08:17","seo_analyzer_scan_date":null},"aioseo_breadcrumb":"<div class=\"aioseo-breadcrumbs\"><span class=\"aioseo-breadcrumb\">\n\t\t\t<a href=\"https:\/\/newsinfoco.com.br\/inicio\" title=\"In\u00edcio\">In\u00edcio<\/a>\n\t\t<\/span><span class=\"aioseo-breadcrumb-separator\">&raquo;<\/span><span class=\"aioseo-breadcrumb\">\n\t\t\t<a href=\"https:\/\/newsinfoco.com.br\/inicio\/category\/alagoinhas-e-regiao\/\" title=\"Alagoinhas e Regi\u00e3o\">Alagoinhas e Regi\u00e3o<\/a>\n\t\t<\/span><span class=\"aioseo-breadcrumb-separator\">&raquo;<\/span><span class=\"aioseo-breadcrumb\">\n\t\t\tCome\u00e7am as obras de constru\u00e7\u00e3o da Avenida Murilo Cavalcanti nesta ter\u00e7a-feira (08)\n\t\t<\/span><\/div>","aioseo_breadcrumb_json":[{"label":"In\u00edcio","link":"https:\/\/newsinfoco.com.br\/inicio"},{"label":"Alagoinhas e Regi\u00e3o","link":"https:\/\/newsinfoco.com.br\/inicio\/category\/alagoinhas-e-regiao\/"},{"label":"Come\u00e7am as obras de constru\u00e7\u00e3o da Avenida Murilo Cavalcanti nesta ter\u00e7a-feira (08)","link":"https:\/\/newsinfoco.com.br\/inicio\/comecam-as-obras-de-construcao-da-avenida-murilo-cavalcanti-nesta-terca-feira-08\/"}],"_links":{"self":[{"href":"https:\/\/newsinfoco.com.br\/inicio\/wp-json\/wp\/v2\/posts\/29233","targetHints":{"allow":["GET"]}}],"collection":[{"href":"https:\/\/newsinfoco.com.br\/inicio\/wp-json\/wp\/v2\/posts"}],"about":[{"href":"https:\/\/newsinfoco.com.br\/inicio\/wp-json\/wp\/v2\/types\/post"}],"author":[{"embeddable":true,"href":"https:\/\/newsinfoco.com.br\/inicio\/wp-json\/wp\/v2\/users\/1"}],"replies":[{"embeddable":true,"href":"https:\/\/newsinfoco.com.br\/inicio\/wp-json\/wp\/v2\/comments?post=29233"}],"version-history":[{"count":2,"href":"https:\/\/newsinfoco.com.br\/inicio\/wp-json\/wp\/v2\/posts\/29233\/revisions"}],"predecessor-version":[{"id":29236,"href":"https:\/\/newsinfoco.com.br\/inicio\/wp-json\/wp\/v2\/posts\/29233\/revisions\/29236"}],"wp:featuredmedia":[{"embeddable":true,"href":"https:\/\/newsinfoco.com.br\/inicio\/wp-json\/wp\/v2\/media\/29234"}],"wp:attachment":[{"href":"https:\/\/newsinfoco.com.br\/inicio\/wp-json\/wp\/v2\/media?parent=29233"}],"wp:term":[{"taxonomy":"category","embeddable":true,"href":"https:\/\/newsinfoco.com.br\/inicio\/wp-json\/wp\/v2\/categories?post=29233"},{"taxonomy":"post_tag","embeddable":true,"href":"https:\/\/newsinfoco.com.br\/inicio\/wp-json\/wp\/v2\/tags?post=29233"}],"curies":[{"name":"wp","href":"https:\/\/api.w.org\/{rel}","templated":true}]}}