{"id":29254,"date":"2022-03-08T21:06:40","date_gmt":"2022-03-09T00:06:40","guid":{"rendered":"https:\/\/newsinfoco.com.br\/inicio\/?p=29254"},"modified":"2022-03-08T21:06:40","modified_gmt":"2022-03-09T00:06:40","slug":"comecam-as-obras-da-avenida-murilo-cavalcanti-mais-mobilidade-urbana-e-um-novo-cartao-postal-para-alagoinhas","status":"publish","type":"post","link":"https:\/\/newsinfoco.com.br\/inicio\/comecam-as-obras-da-avenida-murilo-cavalcanti-mais-mobilidade-urbana-e-um-novo-cartao-postal-para-alagoinhas\/","title":{"rendered":"Come\u00e7am as obras da Avenida Murilo Cavalcanti: mais mobilidade urbana e um novo cart\u00e3o-postal para Alagoinhas"},"content":{"rendered":"<p>Em clima de celebra\u00e7\u00e3o pelo Dia Internacional da Mulher foi dada a largada, nesta ter\u00e7a-feira (08), \u00e0 duplica\u00e7\u00e3o da Rua Paulo Afonso, batizada de Avenida Murilo Cavalcanti. Ciclovia, pista dupla, sinaliza\u00e7\u00e3o \u2013 tanto horizontal, quanto vertical \u2013 e nova ilumina\u00e7\u00e3o comp\u00f5em o projeto da obra, financiada por um conv\u00eanio de 13 milh\u00f5es de reais com o Governo do Estado.<\/p>\n<p>\u201cEsta ser\u00e1, talvez, uma das obras de pavimenta\u00e7\u00e3o mais importantes de Alagoinhas\u201d, comemorou o prefeito Joaquim Neto. \u201cA Murilo Cavalcanti \u00a0tem in\u00edcio na reformadora de pneus, passa pelo Atacarejo e por grandes condom\u00ednios, pela AABB, desce o Cachorro Magro e sobe para a Pra\u00e7a Kennedy\u201d, descreveu o chefe do executivo.<\/p>\n<p>\u201cN\u00e3o \u00e9 s\u00f3 um bairro, uma rua, ela liga Alagoinhas a todo o nordeste da Bahia. \u00c9 uma interven\u00e7\u00e3o de mobilidade que vai conectar toda a cidade, al\u00e9m de engrandecer e orgulhar nossa popula\u00e7\u00e3o. Ser\u00e1 um novo cart\u00e3o-postal!\u201d. Na oportunidade, o prefeito tamb\u00e9m anunciou a autoriza\u00e7\u00e3o para a pavimenta\u00e7\u00e3o do Parque S\u00e3o Bernardo.<\/p>\n<div id=\"attachment_53529\" class=\"wp-caption aligncenter\">\n<p><a class=\"group1 cboxElement\" href=\"https:\/\/www.alagoinhas.ba.gov.br\/wp-content\/uploads\/2022\/03\/WhatsApp-Image-2022-03-08-at-10.51.232-1.jpeg\"><img loading=\"lazy\" decoding=\"async\" class=\"size-large wp-image-53529\" src=\"https:\/\/www.alagoinhas.ba.gov.br\/wp-content\/uploads\/2022\/03\/WhatsApp-Image-2022-03-08-at-10.51.232-1-1024x682.jpeg\" sizes=\"auto, (max-width: 800px) 100vw, 800px\" srcset=\"https:\/\/www.alagoinhas.ba.gov.br\/wp-content\/uploads\/2022\/03\/WhatsApp-Image-2022-03-08-at-10.51.232-1-1024x682.jpeg 1024w, https:\/\/www.alagoinhas.ba.gov.br\/wp-content\/uploads\/2022\/03\/WhatsApp-Image-2022-03-08-at-10.51.232-1-300x200.jpeg 300w, https:\/\/www.alagoinhas.ba.gov.br\/wp-content\/uploads\/2022\/03\/WhatsApp-Image-2022-03-08-at-10.51.232-1-768x512.jpeg 768w, https:\/\/www.alagoinhas.ba.gov.br\/wp-content\/uploads\/2022\/03\/WhatsApp-Image-2022-03-08-at-10.51.232-1-126x84.jpeg 126w, https:\/\/www.alagoinhas.ba.gov.br\/wp-content\/uploads\/2022\/03\/WhatsApp-Image-2022-03-08-at-10.51.232-1.jpeg 1280w\" alt=\"\" width=\"800\" height=\"533\" \/><\/a><\/p>\n<p class=\"wp-caption-text\">Foto: Roberto Fonseca<\/p>\n<\/div>\n<p>Dentre os presentes no ato simb\u00f3lico, ocorrido na Usina de Asfalto, estiveram os vereadores Anselmo Bal, Anderson Baqueiro, M\u00e1rcio da Cavada, Edy da Sa\u00fade, o presidente da C\u00e2mara Municipal de Vereadores Jos\u00e9 Cleto e representantes da empresa ganhadora do certame. \u201cQue a empresa possa executar um brilhante trabalho nessa Avenida, para que o nosso povo possa estar recebendo uma infraestrutura cada vez melhor!\u201d, declarou o presidente da Casa Legislativa.<\/p>\n<p>Acompanhada de toda a equipe SECIN, a secret\u00e1ria de Infraestrutura Maria das Gra\u00e7as de Castro Reis celebrou o in\u00edcio das obras, valorizando os profissionais de Engenharia envolvidos no projeto. \u201cA usina \u00e9 nossa. Estamos aqui para melhor atender os nossos mun\u00edcipes! Tenho certeza de que esse ano ser\u00e1 de grandes realiza\u00e7\u00f5es e muito trabalho\u201d.<\/p>\n<div id=\"attachment_53528\" class=\"wp-caption aligncenter\">\n<p><a class=\"group1 cboxElement\" href=\"https:\/\/www.alagoinhas.ba.gov.br\/wp-content\/uploads\/2022\/03\/WhatsApp-Image-2022-03-08-at-10.51.231-1.jpeg\"><img loading=\"lazy\" decoding=\"async\" class=\"size-large wp-image-53528\" src=\"https:\/\/www.alagoinhas.ba.gov.br\/wp-content\/uploads\/2022\/03\/WhatsApp-Image-2022-03-08-at-10.51.231-1-1024x682.jpeg\" sizes=\"auto, (max-width: 800px) 100vw, 800px\" srcset=\"https:\/\/www.alagoinhas.ba.gov.br\/wp-content\/uploads\/2022\/03\/WhatsApp-Image-2022-03-08-at-10.51.231-1-1024x682.jpeg 1024w, https:\/\/www.alagoinhas.ba.gov.br\/wp-content\/uploads\/2022\/03\/WhatsApp-Image-2022-03-08-at-10.51.231-1-300x200.jpeg 300w, https:\/\/www.alagoinhas.ba.gov.br\/wp-content\/uploads\/2022\/03\/WhatsApp-Image-2022-03-08-at-10.51.231-1-768x512.jpeg 768w, https:\/\/www.alagoinhas.ba.gov.br\/wp-content\/uploads\/2022\/03\/WhatsApp-Image-2022-03-08-at-10.51.231-1-126x84.jpeg 126w, https:\/\/www.alagoinhas.ba.gov.br\/wp-content\/uploads\/2022\/03\/WhatsApp-Image-2022-03-08-at-10.51.231-1.jpeg 1280w\" alt=\"\" width=\"800\" height=\"533\" \/><\/a><\/p>\n<p class=\"wp-caption-text\">Foto: Roberto Fonseca<\/p>\n<\/div>\n<p>\u201cGal \u00e9 uma mulher guerreira, de fibra e trabalhadora. Ela coloca essa usina para funcionar. Qual o prefeito n\u00e3o quer ver as suas obras saindo do papel?\u201d, disse Joaquim, aproveitando o ensejo para desejar Feliz Dia das Mulheres para todas as alagoinhenses.<\/p>\n<p>Os secret\u00e1rios municipais Lula Prata (Administra\u00e7\u00e3o), M\u00e1rcio da Linha Verde (Comunica\u00e7\u00e3o), Gustavo Carmo (Educa\u00e7\u00e3o) e o ouvidor David Ribeiro tamb\u00e9m prestigiaram o momento.<\/p>\n<div id=\"attachment_53532\" class=\"wp-caption aligncenter\"><a class=\"group1 cboxElement\" href=\"https:\/\/www.alagoinhas.ba.gov.br\/wp-content\/uploads\/2022\/03\/WhatsApp-Image-2022-03-08-at-10.51.25-1.jpeg\"><img loading=\"lazy\" decoding=\"async\" class=\"wp-image-53532 size-large\" src=\"https:\/\/www.alagoinhas.ba.gov.br\/wp-content\/uploads\/2022\/03\/WhatsApp-Image-2022-03-08-at-10.51.25-1-1024x682.jpeg\" sizes=\"auto, (max-width: 800px) 100vw, 800px\" srcset=\"https:\/\/www.alagoinhas.ba.gov.br\/wp-content\/uploads\/2022\/03\/WhatsApp-Image-2022-03-08-at-10.51.25-1-1024x682.jpeg 1024w, https:\/\/www.alagoinhas.ba.gov.br\/wp-content\/uploads\/2022\/03\/WhatsApp-Image-2022-03-08-at-10.51.25-1-300x200.jpeg 300w, https:\/\/www.alagoinhas.ba.gov.br\/wp-content\/uploads\/2022\/03\/WhatsApp-Image-2022-03-08-at-10.51.25-1-768x512.jpeg 768w, https:\/\/www.alagoinhas.ba.gov.br\/wp-content\/uploads\/2022\/03\/WhatsApp-Image-2022-03-08-at-10.51.25-1-126x84.jpeg 126w, https:\/\/www.alagoinhas.ba.gov.br\/wp-content\/uploads\/2022\/03\/WhatsApp-Image-2022-03-08-at-10.51.25-1.jpeg 1280w\" alt=\"\" width=\"800\" height=\"533\" \/><\/a><\/div>\n<div class='share-to-whatsapp-wrapper'><div class='share-on-whsp'>Share on: <\/div><a data-text='Come\u00e7am as obras da Avenida Murilo Cavalcanti: mais mobilidade urbana e um novo cart\u00e3o-postal para Alagoinhas' data-link='https:\/\/newsinfoco.com.br\/inicio\/comecam-as-obras-da-avenida-murilo-cavalcanti-mais-mobilidade-urbana-e-um-novo-cartao-postal-para-alagoinhas\/' class='whatsapp-button whatsapp-share'>WhatsApp<\/a><div class='clear '><\/div><\/div>","protected":false},"excerpt":{"rendered":"<p>Em clima de celebra\u00e7\u00e3o pelo Dia Internacional da Mulher foi dada a largada, nesta ter\u00e7a-feira (08), \u00e0 duplica\u00e7\u00e3o da Rua Paulo Afonso, batizada de Avenida Murilo Cavalcanti. Ciclovia, pista dupla, sinaliza\u00e7\u00e3o \u2013 tanto horizontal, quanto vertical \u2013 e nova ilumina\u00e7\u00e3o comp\u00f5em o projeto da obra, financiada por um conv\u00eanio de 13 milh\u00f5es de reais com [&hellip;]<\/p>\n","protected":false},"author":1,"featured_media":29258,"comment_status":"closed","ping_status":"closed","sticky":false,"template":"","format":"standard","meta":{"om_disable_all_campaigns":false,"rop_custom_images_group":[],"rop_custom_messages_group":[],"rop_publish_now":"initial","rop_publish_now_accounts":[],"rop_publish_now_history":[],"rop_publish_now_status":"pending","_exactmetrics_skip_tracking":false,"footnotes":""},"categories":[38,167],"tags":[],"class_list":["post-29254","post","type-post","status-publish","format-standard","has-post-thumbnail","hentry","category-alagoinhas-e-regiao","category-exclusivas"],"aioseo_notices":[],"aioseo_head":"\n\t\t<!-- All in One SEO 4.9.10 - aioseo.com -->\n\t<meta name=\"description\" content=\"Em clima de celebra\u00e7\u00e3o pelo Dia Internacional da Mulher foi dada a largada, nesta ter\u00e7a-feira (08), \u00e0 duplica\u00e7\u00e3o da Rua Paulo Afonso, batizada de Avenida Murilo Cavalcanti. Ciclovia, pista dupla, sinaliza\u00e7\u00e3o \u2013 tanto horizontal, quanto vertical \u2013 e nova ilumina\u00e7\u00e3o comp\u00f5em o projeto da obra, financiada por um conv\u00eanio de 13 milh\u00f5es de reais com\" \/>\n\t<meta name=\"robots\" content=\"max-image-preview:large\" \/>\n\t<meta name=\"author\" content=\"administrador\"\/>\n\t<link rel=\"canonical\" href=\"https:\/\/newsinfoco.com.br\/inicio\/comecam-as-obras-da-avenida-murilo-cavalcanti-mais-mobilidade-urbana-e-um-novo-cartao-postal-para-alagoinhas\/\" \/>\n\t<meta name=\"generator\" content=\"All in One SEO (AIOSEO) 4.9.10\" \/>\n\t\t<meta property=\"og:locale\" content=\"pt_BR\" \/>\n\t\t<meta property=\"og:site_name\" content=\"News In Foco - Editado por Caio Pimenta - O principal site de noticias de Alagoinhas e regi\u00e3o\" \/>\n\t\t<meta property=\"og:type\" content=\"article\" \/>\n\t\t<meta property=\"og:title\" content=\"Come\u00e7am as obras da Avenida Murilo Cavalcanti: mais mobilidade urbana e um novo cart\u00e3o-postal para Alagoinhas - News In Foco - Editado por Caio Pimenta\" \/>\n\t\t<meta property=\"og:description\" content=\"Em clima de celebra\u00e7\u00e3o pelo Dia Internacional da Mulher foi dada a largada, nesta ter\u00e7a-feira (08), \u00e0 duplica\u00e7\u00e3o da Rua Paulo Afonso, batizada de Avenida Murilo Cavalcanti. Ciclovia, pista dupla, sinaliza\u00e7\u00e3o \u2013 tanto horizontal, quanto vertical \u2013 e nova ilumina\u00e7\u00e3o comp\u00f5em o projeto da obra, financiada por um conv\u00eanio de 13 milh\u00f5es de reais com\" \/>\n\t\t<meta property=\"og:url\" content=\"https:\/\/newsinfoco.com.br\/inicio\/comecam-as-obras-da-avenida-murilo-cavalcanti-mais-mobilidade-urbana-e-um-novo-cartao-postal-para-alagoinhas\/\" \/>\n\t\t<meta property=\"article:published_time\" content=\"2022-03-09T00:06:40+00:00\" \/>\n\t\t<meta property=\"article:modified_time\" content=\"2022-03-09T00:06:40+00:00\" \/>\n\t\t<meta name=\"twitter:card\" content=\"summary_large_image\" \/>\n\t\t<meta name=\"twitter:title\" content=\"Come\u00e7am as obras da Avenida Murilo Cavalcanti: mais mobilidade urbana e um novo cart\u00e3o-postal para Alagoinhas - News In Foco - Editado por Caio Pimenta\" \/>\n\t\t<meta name=\"twitter:description\" content=\"Em clima de celebra\u00e7\u00e3o pelo Dia Internacional da Mulher foi dada a largada, nesta ter\u00e7a-feira (08), \u00e0 duplica\u00e7\u00e3o da Rua Paulo Afonso, batizada de Avenida Murilo Cavalcanti. Ciclovia, pista dupla, sinaliza\u00e7\u00e3o \u2013 tanto horizontal, quanto vertical \u2013 e nova ilumina\u00e7\u00e3o comp\u00f5em o projeto da obra, financiada por um conv\u00eanio de 13 milh\u00f5es de reais com\" \/>\n\t\t<script type=\"application\/ld+json\" class=\"aioseo-schema\">\n\t\t\t{\"@context\":\"https:\\\/\\\/schema.org\",\"@graph\":[{\"@type\":\"BlogPosting\",\"@id\":\"https:\\\/\\\/newsinfoco.com.br\\\/inicio\\\/comecam-as-obras-da-avenida-murilo-cavalcanti-mais-mobilidade-urbana-e-um-novo-cartao-postal-para-alagoinhas\\\/#blogposting\",\"name\":\"Come\\u00e7am as obras da Avenida Murilo Cavalcanti: mais mobilidade urbana e um novo cart\\u00e3o-postal para Alagoinhas - News In Foco - Editado por Caio Pimenta\",\"headline\":\"Come\\u00e7am as obras da Avenida Murilo Cavalcanti: mais mobilidade urbana e um novo cart\\u00e3o-postal para Alagoinhas\",\"author\":{\"@id\":\"https:\\\/\\\/newsinfoco.com.br\\\/inicio\\\/author\\\/administrador\\\/#author\"},\"publisher\":{\"@id\":\"https:\\\/\\\/newsinfoco.com.br\\\/inicio\\\/#organization\"},\"image\":{\"@type\":\"ImageObject\",\"url\":\"https:\\\/\\\/newsinfoco.com.br\\\/inicio\\\/wp-content\\\/uploads\\\/2022\\\/03\\\/WhatsApp-Image-2022-03-08-at-10.52.18-1-1024x682-1.jpeg\",\"width\":1024,\"height\":682},\"datePublished\":\"2022-03-08T21:06:40-03:00\",\"dateModified\":\"2022-03-08T21:06:40-03:00\",\"inLanguage\":\"pt-BR\",\"mainEntityOfPage\":{\"@id\":\"https:\\\/\\\/newsinfoco.com.br\\\/inicio\\\/comecam-as-obras-da-avenida-murilo-cavalcanti-mais-mobilidade-urbana-e-um-novo-cartao-postal-para-alagoinhas\\\/#webpage\"},\"isPartOf\":{\"@id\":\"https:\\\/\\\/newsinfoco.com.br\\\/inicio\\\/comecam-as-obras-da-avenida-murilo-cavalcanti-mais-mobilidade-urbana-e-um-novo-cartao-postal-para-alagoinhas\\\/#webpage\"},\"articleSection\":\"Alagoinhas e Regi\\u00e3o, Manchete\"},{\"@type\":\"BreadcrumbList\",\"@id\":\"https:\\\/\\\/newsinfoco.com.br\\\/inicio\\\/comecam-as-obras-da-avenida-murilo-cavalcanti-mais-mobilidade-urbana-e-um-novo-cartao-postal-para-alagoinhas\\\/#breadcrumblist\",\"itemListElement\":[{\"@type\":\"ListItem\",\"@id\":\"https:\\\/\\\/newsinfoco.com.br\\\/inicio#listItem\",\"position\":1,\"name\":\"In\\u00edcio\",\"item\":\"https:\\\/\\\/newsinfoco.com.br\\\/inicio\",\"nextItem\":{\"@type\":\"ListItem\",\"@id\":\"https:\\\/\\\/newsinfoco.com.br\\\/inicio\\\/category\\\/alagoinhas-e-regiao\\\/#listItem\",\"name\":\"Alagoinhas e Regi\\u00e3o\"}},{\"@type\":\"ListItem\",\"@id\":\"https:\\\/\\\/newsinfoco.com.br\\\/inicio\\\/category\\\/alagoinhas-e-regiao\\\/#listItem\",\"position\":2,\"name\":\"Alagoinhas e Regi\\u00e3o\",\"item\":\"https:\\\/\\\/newsinfoco.com.br\\\/inicio\\\/category\\\/alagoinhas-e-regiao\\\/\",\"nextItem\":{\"@type\":\"ListItem\",\"@id\":\"https:\\\/\\\/newsinfoco.com.br\\\/inicio\\\/comecam-as-obras-da-avenida-murilo-cavalcanti-mais-mobilidade-urbana-e-um-novo-cartao-postal-para-alagoinhas\\\/#listItem\",\"name\":\"Come\\u00e7am as obras da Avenida Murilo Cavalcanti: mais mobilidade urbana e um novo cart\\u00e3o-postal para Alagoinhas\"},\"previousItem\":{\"@type\":\"ListItem\",\"@id\":\"https:\\\/\\\/newsinfoco.com.br\\\/inicio#listItem\",\"name\":\"In\\u00edcio\"}},{\"@type\":\"ListItem\",\"@id\":\"https:\\\/\\\/newsinfoco.com.br\\\/inicio\\\/comecam-as-obras-da-avenida-murilo-cavalcanti-mais-mobilidade-urbana-e-um-novo-cartao-postal-para-alagoinhas\\\/#listItem\",\"position\":3,\"name\":\"Come\\u00e7am as obras da Avenida Murilo Cavalcanti: mais mobilidade urbana e um novo cart\\u00e3o-postal para Alagoinhas\",\"previousItem\":{\"@type\":\"ListItem\",\"@id\":\"https:\\\/\\\/newsinfoco.com.br\\\/inicio\\\/category\\\/alagoinhas-e-regiao\\\/#listItem\",\"name\":\"Alagoinhas e Regi\\u00e3o\"}}]},{\"@type\":\"Organization\",\"@id\":\"https:\\\/\\\/newsinfoco.com.br\\\/inicio\\\/#organization\",\"name\":\"News In Foco - Editado por Caio Pimenta\",\"description\":\"O principal site de noticias de Alagoinhas e regi\\u00e3o\",\"url\":\"https:\\\/\\\/newsinfoco.com.br\\\/inicio\\\/\"},{\"@type\":\"Person\",\"@id\":\"https:\\\/\\\/newsinfoco.com.br\\\/inicio\\\/author\\\/administrador\\\/#author\",\"url\":\"https:\\\/\\\/newsinfoco.com.br\\\/inicio\\\/author\\\/administrador\\\/\",\"name\":\"administrador\",\"image\":{\"@type\":\"ImageObject\",\"@id\":\"https:\\\/\\\/newsinfoco.com.br\\\/inicio\\\/comecam-as-obras-da-avenida-murilo-cavalcanti-mais-mobilidade-urbana-e-um-novo-cartao-postal-para-alagoinhas\\\/#authorImage\",\"url\":\"https:\\\/\\\/secure.gravatar.com\\\/avatar\\\/c17a617433de8c1dc9584bb79aab7563b46f5bb7e1728c9b17d9cc3ce6a08e49?s=96&d=mm&r=g\",\"width\":96,\"height\":96,\"caption\":\"administrador\"}},{\"@type\":\"WebPage\",\"@id\":\"https:\\\/\\\/newsinfoco.com.br\\\/inicio\\\/comecam-as-obras-da-avenida-murilo-cavalcanti-mais-mobilidade-urbana-e-um-novo-cartao-postal-para-alagoinhas\\\/#webpage\",\"url\":\"https:\\\/\\\/newsinfoco.com.br\\\/inicio\\\/comecam-as-obras-da-avenida-murilo-cavalcanti-mais-mobilidade-urbana-e-um-novo-cartao-postal-para-alagoinhas\\\/\",\"name\":\"Come\\u00e7am as obras da Avenida Murilo Cavalcanti: mais mobilidade urbana e um novo cart\\u00e3o-postal para Alagoinhas - News In Foco - Editado por Caio Pimenta\",\"description\":\"Em clima de celebra\\u00e7\\u00e3o pelo Dia Internacional da Mulher foi dada a largada, nesta ter\\u00e7a-feira (08), \\u00e0 duplica\\u00e7\\u00e3o da Rua Paulo Afonso, batizada de Avenida Murilo Cavalcanti. Ciclovia, pista dupla, sinaliza\\u00e7\\u00e3o \\u2013 tanto horizontal, quanto vertical \\u2013 e nova ilumina\\u00e7\\u00e3o comp\\u00f5em o projeto da obra, financiada por um conv\\u00eanio de 13 milh\\u00f5es de reais com\",\"inLanguage\":\"pt-BR\",\"isPartOf\":{\"@id\":\"https:\\\/\\\/newsinfoco.com.br\\\/inicio\\\/#website\"},\"breadcrumb\":{\"@id\":\"https:\\\/\\\/newsinfoco.com.br\\\/inicio\\\/comecam-as-obras-da-avenida-murilo-cavalcanti-mais-mobilidade-urbana-e-um-novo-cartao-postal-para-alagoinhas\\\/#breadcrumblist\"},\"author\":{\"@id\":\"https:\\\/\\\/newsinfoco.com.br\\\/inicio\\\/author\\\/administrador\\\/#author\"},\"creator\":{\"@id\":\"https:\\\/\\\/newsinfoco.com.br\\\/inicio\\\/author\\\/administrador\\\/#author\"},\"image\":{\"@type\":\"ImageObject\",\"url\":\"https:\\\/\\\/newsinfoco.com.br\\\/inicio\\\/wp-content\\\/uploads\\\/2022\\\/03\\\/WhatsApp-Image-2022-03-08-at-10.52.18-1-1024x682-1.jpeg\",\"@id\":\"https:\\\/\\\/newsinfoco.com.br\\\/inicio\\\/comecam-as-obras-da-avenida-murilo-cavalcanti-mais-mobilidade-urbana-e-um-novo-cartao-postal-para-alagoinhas\\\/#mainImage\",\"width\":1024,\"height\":682},\"primaryImageOfPage\":{\"@id\":\"https:\\\/\\\/newsinfoco.com.br\\\/inicio\\\/comecam-as-obras-da-avenida-murilo-cavalcanti-mais-mobilidade-urbana-e-um-novo-cartao-postal-para-alagoinhas\\\/#mainImage\"},\"datePublished\":\"2022-03-08T21:06:40-03:00\",\"dateModified\":\"2022-03-08T21:06:40-03:00\"},{\"@type\":\"WebSite\",\"@id\":\"https:\\\/\\\/newsinfoco.com.br\\\/inicio\\\/#website\",\"url\":\"https:\\\/\\\/newsinfoco.com.br\\\/inicio\\\/\",\"name\":\"News In Foco - Editado por Caio Pimenta\",\"description\":\"O principal site de noticias de Alagoinhas e regi\\u00e3o\",\"inLanguage\":\"pt-BR\",\"publisher\":{\"@id\":\"https:\\\/\\\/newsinfoco.com.br\\\/inicio\\\/#organization\"}}]}\n\t\t<\/script>\n\t\t<!-- All in One SEO -->\n\n","aioseo_head_json":{"title":"Come\u00e7am as obras da Avenida Murilo Cavalcanti: mais mobilidade urbana e um novo cart\u00e3o-postal para Alagoinhas - News In Foco - Editado por Caio Pimenta","description":"Em clima de celebra\u00e7\u00e3o pelo Dia Internacional da Mulher foi dada a largada, nesta ter\u00e7a-feira (08), \u00e0 duplica\u00e7\u00e3o da Rua Paulo Afonso, batizada de Avenida Murilo Cavalcanti. Ciclovia, pista dupla, sinaliza\u00e7\u00e3o \u2013 tanto horizontal, quanto vertical \u2013 e nova ilumina\u00e7\u00e3o comp\u00f5em o projeto da obra, financiada por um conv\u00eanio de 13 milh\u00f5es de reais com","canonical_url":"https:\/\/newsinfoco.com.br\/inicio\/comecam-as-obras-da-avenida-murilo-cavalcanti-mais-mobilidade-urbana-e-um-novo-cartao-postal-para-alagoinhas\/","robots":"max-image-preview:large","keywords":"","webmasterTools":{"miscellaneous":""},"schema":{"@context":"https:\/\/schema.org","@graph":[{"@type":"BlogPosting","@id":"https:\/\/newsinfoco.com.br\/inicio\/comecam-as-obras-da-avenida-murilo-cavalcanti-mais-mobilidade-urbana-e-um-novo-cartao-postal-para-alagoinhas\/#blogposting","name":"Come\u00e7am as obras da Avenida Murilo Cavalcanti: mais mobilidade urbana e um novo cart\u00e3o-postal para Alagoinhas - News In Foco - Editado por Caio Pimenta","headline":"Come\u00e7am as obras da Avenida Murilo Cavalcanti: mais mobilidade urbana e um novo cart\u00e3o-postal para Alagoinhas","author":{"@id":"https:\/\/newsinfoco.com.br\/inicio\/author\/administrador\/#author"},"publisher":{"@id":"https:\/\/newsinfoco.com.br\/inicio\/#organization"},"image":{"@type":"ImageObject","url":"https:\/\/newsinfoco.com.br\/inicio\/wp-content\/uploads\/2022\/03\/WhatsApp-Image-2022-03-08-at-10.52.18-1-1024x682-1.jpeg","width":1024,"height":682},"datePublished":"2022-03-08T21:06:40-03:00","dateModified":"2022-03-08T21:06:40-03:00","inLanguage":"pt-BR","mainEntityOfPage":{"@id":"https:\/\/newsinfoco.com.br\/inicio\/comecam-as-obras-da-avenida-murilo-cavalcanti-mais-mobilidade-urbana-e-um-novo-cartao-postal-para-alagoinhas\/#webpage"},"isPartOf":{"@id":"https:\/\/newsinfoco.com.br\/inicio\/comecam-as-obras-da-avenida-murilo-cavalcanti-mais-mobilidade-urbana-e-um-novo-cartao-postal-para-alagoinhas\/#webpage"},"articleSection":"Alagoinhas e Regi\u00e3o, Manchete"},{"@type":"BreadcrumbList","@id":"https:\/\/newsinfoco.com.br\/inicio\/comecam-as-obras-da-avenida-murilo-cavalcanti-mais-mobilidade-urbana-e-um-novo-cartao-postal-para-alagoinhas\/#breadcrumblist","itemListElement":[{"@type":"ListItem","@id":"https:\/\/newsinfoco.com.br\/inicio#listItem","position":1,"name":"In\u00edcio","item":"https:\/\/newsinfoco.com.br\/inicio","nextItem":{"@type":"ListItem","@id":"https:\/\/newsinfoco.com.br\/inicio\/category\/alagoinhas-e-regiao\/#listItem","name":"Alagoinhas e Regi\u00e3o"}},{"@type":"ListItem","@id":"https:\/\/newsinfoco.com.br\/inicio\/category\/alagoinhas-e-regiao\/#listItem","position":2,"name":"Alagoinhas e Regi\u00e3o","item":"https:\/\/newsinfoco.com.br\/inicio\/category\/alagoinhas-e-regiao\/","nextItem":{"@type":"ListItem","@id":"https:\/\/newsinfoco.com.br\/inicio\/comecam-as-obras-da-avenida-murilo-cavalcanti-mais-mobilidade-urbana-e-um-novo-cartao-postal-para-alagoinhas\/#listItem","name":"Come\u00e7am as obras da Avenida Murilo Cavalcanti: mais mobilidade urbana e um novo cart\u00e3o-postal para Alagoinhas"},"previousItem":{"@type":"ListItem","@id":"https:\/\/newsinfoco.com.br\/inicio#listItem","name":"In\u00edcio"}},{"@type":"ListItem","@id":"https:\/\/newsinfoco.com.br\/inicio\/comecam-as-obras-da-avenida-murilo-cavalcanti-mais-mobilidade-urbana-e-um-novo-cartao-postal-para-alagoinhas\/#listItem","position":3,"name":"Come\u00e7am as obras da Avenida Murilo Cavalcanti: mais mobilidade urbana e um novo cart\u00e3o-postal para Alagoinhas","previousItem":{"@type":"ListItem","@id":"https:\/\/newsinfoco.com.br\/inicio\/category\/alagoinhas-e-regiao\/#listItem","name":"Alagoinhas e Regi\u00e3o"}}]},{"@type":"Organization","@id":"https:\/\/newsinfoco.com.br\/inicio\/#organization","name":"News In Foco - Editado por Caio Pimenta","description":"O principal site de noticias de Alagoinhas e regi\u00e3o","url":"https:\/\/newsinfoco.com.br\/inicio\/"},{"@type":"Person","@id":"https:\/\/newsinfoco.com.br\/inicio\/author\/administrador\/#author","url":"https:\/\/newsinfoco.com.br\/inicio\/author\/administrador\/","name":"administrador","image":{"@type":"ImageObject","@id":"https:\/\/newsinfoco.com.br\/inicio\/comecam-as-obras-da-avenida-murilo-cavalcanti-mais-mobilidade-urbana-e-um-novo-cartao-postal-para-alagoinhas\/#authorImage","url":"https:\/\/secure.gravatar.com\/avatar\/c17a617433de8c1dc9584bb79aab7563b46f5bb7e1728c9b17d9cc3ce6a08e49?s=96&d=mm&r=g","width":96,"height":96,"caption":"administrador"}},{"@type":"WebPage","@id":"https:\/\/newsinfoco.com.br\/inicio\/comecam-as-obras-da-avenida-murilo-cavalcanti-mais-mobilidade-urbana-e-um-novo-cartao-postal-para-alagoinhas\/#webpage","url":"https:\/\/newsinfoco.com.br\/inicio\/comecam-as-obras-da-avenida-murilo-cavalcanti-mais-mobilidade-urbana-e-um-novo-cartao-postal-para-alagoinhas\/","name":"Come\u00e7am as obras da Avenida Murilo Cavalcanti: mais mobilidade urbana e um novo cart\u00e3o-postal para Alagoinhas - News In Foco - Editado por Caio Pimenta","description":"Em clima de celebra\u00e7\u00e3o pelo Dia Internacional da Mulher foi dada a largada, nesta ter\u00e7a-feira (08), \u00e0 duplica\u00e7\u00e3o da Rua Paulo Afonso, batizada de Avenida Murilo Cavalcanti. Ciclovia, pista dupla, sinaliza\u00e7\u00e3o \u2013 tanto horizontal, quanto vertical \u2013 e nova ilumina\u00e7\u00e3o comp\u00f5em o projeto da obra, financiada por um conv\u00eanio de 13 milh\u00f5es de reais com","inLanguage":"pt-BR","isPartOf":{"@id":"https:\/\/newsinfoco.com.br\/inicio\/#website"},"breadcrumb":{"@id":"https:\/\/newsinfoco.com.br\/inicio\/comecam-as-obras-da-avenida-murilo-cavalcanti-mais-mobilidade-urbana-e-um-novo-cartao-postal-para-alagoinhas\/#breadcrumblist"},"author":{"@id":"https:\/\/newsinfoco.com.br\/inicio\/author\/administrador\/#author"},"creator":{"@id":"https:\/\/newsinfoco.com.br\/inicio\/author\/administrador\/#author"},"image":{"@type":"ImageObject","url":"https:\/\/newsinfoco.com.br\/inicio\/wp-content\/uploads\/2022\/03\/WhatsApp-Image-2022-03-08-at-10.52.18-1-1024x682-1.jpeg","@id":"https:\/\/newsinfoco.com.br\/inicio\/comecam-as-obras-da-avenida-murilo-cavalcanti-mais-mobilidade-urbana-e-um-novo-cartao-postal-para-alagoinhas\/#mainImage","width":1024,"height":682},"primaryImageOfPage":{"@id":"https:\/\/newsinfoco.com.br\/inicio\/comecam-as-obras-da-avenida-murilo-cavalcanti-mais-mobilidade-urbana-e-um-novo-cartao-postal-para-alagoinhas\/#mainImage"},"datePublished":"2022-03-08T21:06:40-03:00","dateModified":"2022-03-08T21:06:40-03:00"},{"@type":"WebSite","@id":"https:\/\/newsinfoco.com.br\/inicio\/#website","url":"https:\/\/newsinfoco.com.br\/inicio\/","name":"News In Foco - Editado por Caio Pimenta","description":"O principal site de noticias de Alagoinhas e regi\u00e3o","inLanguage":"pt-BR","publisher":{"@id":"https:\/\/newsinfoco.com.br\/inicio\/#organization"}}]},"og:locale":"pt_BR","og:site_name":"News In Foco - Editado por Caio Pimenta - O principal site de noticias de Alagoinhas e regi\u00e3o","og:type":"article","og:title":"Come\u00e7am as obras da Avenida Murilo Cavalcanti: mais mobilidade urbana e um novo cart\u00e3o-postal para Alagoinhas - News In Foco - Editado por Caio Pimenta","og:description":"Em clima de celebra\u00e7\u00e3o pelo Dia Internacional da Mulher foi dada a largada, nesta ter\u00e7a-feira (08), \u00e0 duplica\u00e7\u00e3o da Rua Paulo Afonso, batizada de Avenida Murilo Cavalcanti. Ciclovia, pista dupla, sinaliza\u00e7\u00e3o \u2013 tanto horizontal, quanto vertical \u2013 e nova ilumina\u00e7\u00e3o comp\u00f5em o projeto da obra, financiada por um conv\u00eanio de 13 milh\u00f5es de reais com","og:url":"https:\/\/newsinfoco.com.br\/inicio\/comecam-as-obras-da-avenida-murilo-cavalcanti-mais-mobilidade-urbana-e-um-novo-cartao-postal-para-alagoinhas\/","article:published_time":"2022-03-09T00:06:40+00:00","article:modified_time":"2022-03-09T00:06:40+00:00","twitter:card":"summary_large_image","twitter:title":"Come\u00e7am as obras da Avenida Murilo Cavalcanti: mais mobilidade urbana e um novo cart\u00e3o-postal para Alagoinhas - News In Foco - Editado por Caio Pimenta","twitter:description":"Em clima de celebra\u00e7\u00e3o pelo Dia Internacional da Mulher foi dada a largada, nesta ter\u00e7a-feira (08), \u00e0 duplica\u00e7\u00e3o da Rua Paulo Afonso, batizada de Avenida Murilo Cavalcanti. Ciclovia, pista dupla, sinaliza\u00e7\u00e3o \u2013 tanto horizontal, quanto vertical \u2013 e nova ilumina\u00e7\u00e3o comp\u00f5em o projeto da obra, financiada por um conv\u00eanio de 13 milh\u00f5es de reais com"},"aioseo_meta_data":{"post_id":"29254","title":null,"description":null,"keywords":null,"keyphrases":null,"primary_term":null,"canonical_url":null,"og_title":null,"og_description":null,"og_object_type":"default","og_image_type":"default","og_image_url":null,"og_image_width":null,"og_image_height":null,"og_image_custom_url":null,"og_image_custom_fields":null,"og_video":null,"og_custom_url":null,"og_article_section":null,"og_article_tags":null,"twitter_use_og":false,"twitter_card":"default","twitter_image_type":"default","twitter_image_url":null,"twitter_image_custom_url":null,"twitter_image_custom_fields":null,"twitter_title":null,"twitter_description":null,"schema":{"blockGraphs":[],"customGraphs":[],"default":{"data":{"Article":[],"Course":[],"Dataset":[],"FAQPage":[],"Movie":[],"Person":[],"Product":[],"ProductReview":[],"Car":[],"Recipe":[],"Service":[],"SoftwareApplication":[],"WebPage":[]},"graphName":"","isEnabled":true},"graphs":[]},"schema_type":"default","schema_type_options":null,"pillar_content":false,"robots_default":true,"robots_noindex":false,"robots_noarchive":false,"robots_nosnippet":false,"robots_nofollow":false,"robots_noimageindex":false,"robots_noodp":false,"robots_notranslate":false,"robots_max_snippet":null,"robots_max_videopreview":null,"robots_max_imagepreview":"large","priority":null,"frequency":null,"local_seo":null,"breadcrumb_settings":null,"limit_modified_date":false,"ai":null,"created":"2023-06-12 20:56:44","updated":"2025-07-11 07:09:53","seo_analyzer_scan_date":null},"aioseo_breadcrumb":"<div class=\"aioseo-breadcrumbs\"><span class=\"aioseo-breadcrumb\">\n\t\t\t<a href=\"https:\/\/newsinfoco.com.br\/inicio\" title=\"In\u00edcio\">In\u00edcio<\/a>\n\t\t<\/span><span class=\"aioseo-breadcrumb-separator\">&raquo;<\/span><span class=\"aioseo-breadcrumb\">\n\t\t\t<a href=\"https:\/\/newsinfoco.com.br\/inicio\/category\/alagoinhas-e-regiao\/\" title=\"Alagoinhas e Regi\u00e3o\">Alagoinhas e Regi\u00e3o<\/a>\n\t\t<\/span><span class=\"aioseo-breadcrumb-separator\">&raquo;<\/span><span class=\"aioseo-breadcrumb\">\n\t\t\tCome\u00e7am as obras da Avenida Murilo Cavalcanti: mais mobilidade urbana e um novo cart\u00e3o-postal para Alagoinhas\n\t\t<\/span><\/div>","aioseo_breadcrumb_json":[{"label":"In\u00edcio","link":"https:\/\/newsinfoco.com.br\/inicio"},{"label":"Alagoinhas e Regi\u00e3o","link":"https:\/\/newsinfoco.com.br\/inicio\/category\/alagoinhas-e-regiao\/"},{"label":"Come\u00e7am as obras da Avenida Murilo Cavalcanti: mais mobilidade urbana e um novo cart\u00e3o-postal para Alagoinhas","link":"https:\/\/newsinfoco.com.br\/inicio\/comecam-as-obras-da-avenida-murilo-cavalcanti-mais-mobilidade-urbana-e-um-novo-cartao-postal-para-alagoinhas\/"}],"_links":{"self":[{"href":"https:\/\/newsinfoco.com.br\/inicio\/wp-json\/wp\/v2\/posts\/29254","targetHints":{"allow":["GET"]}}],"collection":[{"href":"https:\/\/newsinfoco.com.br\/inicio\/wp-json\/wp\/v2\/posts"}],"about":[{"href":"https:\/\/newsinfoco.com.br\/inicio\/wp-json\/wp\/v2\/types\/post"}],"author":[{"embeddable":true,"href":"https:\/\/newsinfoco.com.br\/inicio\/wp-json\/wp\/v2\/users\/1"}],"replies":[{"embeddable":true,"href":"https:\/\/newsinfoco.com.br\/inicio\/wp-json\/wp\/v2\/comments?post=29254"}],"version-history":[{"count":2,"href":"https:\/\/newsinfoco.com.br\/inicio\/wp-json\/wp\/v2\/posts\/29254\/revisions"}],"predecessor-version":[{"id":29259,"href":"https:\/\/newsinfoco.com.br\/inicio\/wp-json\/wp\/v2\/posts\/29254\/revisions\/29259"}],"wp:featuredmedia":[{"embeddable":true,"href":"https:\/\/newsinfoco.com.br\/inicio\/wp-json\/wp\/v2\/media\/29258"}],"wp:attachment":[{"href":"https:\/\/newsinfoco.com.br\/inicio\/wp-json\/wp\/v2\/media?parent=29254"}],"wp:term":[{"taxonomy":"category","embeddable":true,"href":"https:\/\/newsinfoco.com.br\/inicio\/wp-json\/wp\/v2\/categories?post=29254"},{"taxonomy":"post_tag","embeddable":true,"href":"https:\/\/newsinfoco.com.br\/inicio\/wp-json\/wp\/v2\/tags?post=29254"}],"curies":[{"name":"wp","href":"https:\/\/api.w.org\/{rel}","templated":true}]}}