{"id":29350,"date":"2022-03-14T17:10:12","date_gmt":"2022-03-14T20:10:12","guid":{"rendered":"https:\/\/newsinfoco.com.br\/inicio\/?p=29350"},"modified":"2022-03-14T17:10:12","modified_gmt":"2022-03-14T20:10:12","slug":"em-clima-de-ja-ganhou-aliados-de-lula-contam-com-ministerio-em-2023","status":"publish","type":"post","link":"https:\/\/newsinfoco.com.br\/inicio\/em-clima-de-ja-ganhou-aliados-de-lula-contam-com-ministerio-em-2023\/","title":{"rendered":"Em clima de \u2018j\u00e1 ganhou\u2019, aliados de Lula contam com minist\u00e9rio em 2023"},"content":{"rendered":"<p>O clima \u00e9 de \u201cj\u00e1 ganhou\u201d entre os aliados do ex-presidente Lula. Tanto \u00e9 que, de acordo com o blog \u201cRadar\u201d, da \u201cVeja\u201d, tem partido contando com minist\u00e9rio a seis meses das elei\u00e7\u00f5es, como o PCdoB. A deputada federal Jandira Feghali j\u00e1 \u00e9 tida como futura ministra da Cultura.<\/p>\n<p>Foi isso, inclusive, que fez a bancada do partido na C\u00e2mara votar a favor do projeto que legaliza os jogos de azar e destina 10% dos tributos arrecadados com a jogatina para o Fundo Nacional da Cultura. Segundo a publica\u00e7\u00e3o, parlamentares ligados a Lula ouviram de colegas do PCdoB que a medida era positiva porque engordaria os cofres do futuro minist\u00e9rio.<\/p><div class=\"newsi-conteudo_19\" id=\"newsi-3417715564\"><a href=\"https:\/\/www.instagram.com\/prefeituraalagoinhas?igsh=YzgzdDJ1bWR3aWI4\" aria-label=\"SAVE_20251006_221555\"><img loading=\"lazy\" decoding=\"async\" src=\"https:\/\/newsinfoco.com.br\/inicio\/wp-content\/uploads\/2025\/10\/SAVE_20251006_221555-rotated.jpg\" alt=\"\"  srcset=\"https:\/\/newsinfoco.com.br\/inicio\/wp-content\/uploads\/2025\/10\/SAVE_20251006_221555-rotated.jpg 1140w, https:\/\/newsinfoco.com.br\/inicio\/wp-content\/uploads\/2025\/10\/SAVE_20251006_221555-300x52.jpg 300w, https:\/\/newsinfoco.com.br\/inicio\/wp-content\/uploads\/2025\/10\/SAVE_20251006_221555-1024x177.jpg 1024w, https:\/\/newsinfoco.com.br\/inicio\/wp-content\/uploads\/2025\/10\/SAVE_20251006_221555-768x133.jpg 768w, https:\/\/newsinfoco.com.br\/inicio\/wp-content\/uploads\/2025\/10\/SAVE_20251006_221555-600x104.jpg 600w, https:\/\/newsinfoco.com.br\/inicio\/wp-content\/uploads\/2025\/10\/SAVE_20251006_221555-696x120.jpg 696w, https:\/\/newsinfoco.com.br\/inicio\/wp-content\/uploads\/2025\/10\/SAVE_20251006_221555-1068x185.jpg 1068w\" sizes=\"(max-width: 1140px) 100vw, 1140px\" width=\"1140\" height=\"197\"   \/><\/a><\/div>\n<div class='share-to-whatsapp-wrapper'><div class='share-on-whsp'>Share on: <\/div><a data-text='Em clima de \u2018j\u00e1 ganhou\u2019, aliados de Lula contam com minist\u00e9rio em 2023' data-link='https:\/\/newsinfoco.com.br\/inicio\/em-clima-de-ja-ganhou-aliados-de-lula-contam-com-ministerio-em-2023\/' class='whatsapp-button whatsapp-share'>WhatsApp<\/a><div class='clear '><\/div><\/div>","protected":false},"excerpt":{"rendered":"<p>O clima \u00e9 de \u201cj\u00e1 ganhou\u201d entre os aliados do ex-presidente Lula. Tanto \u00e9 que, de acordo com o blog \u201cRadar\u201d, da \u201cVeja\u201d, tem partido contando com minist\u00e9rio a seis meses das elei\u00e7\u00f5es, como o PCdoB. A deputada federal Jandira Feghali j\u00e1 \u00e9 tida como futura ministra da Cultura. Foi isso, inclusive, que fez a [&hellip;]<\/p>\n","protected":false},"author":1,"featured_media":28540,"comment_status":"closed","ping_status":"closed","sticky":false,"template":"","format":"standard","meta":{"om_disable_all_campaigns":false,"_exactmetrics_skip_tracking":false,"_exactmetrics_sitenote_active":false,"_exactmetrics_sitenote_note":"","_exactmetrics_sitenote_category":0,"footnotes":""},"categories":[21],"tags":[],"class_list":["post-29350","post","type-post","status-publish","format-standard","has-post-thumbnail","hentry","category-brasil"],"aioseo_notices":[],"_links":{"self":[{"href":"https:\/\/newsinfoco.com.br\/inicio\/wp-json\/wp\/v2\/posts\/29350","targetHints":{"allow":["GET"]}}],"collection":[{"href":"https:\/\/newsinfoco.com.br\/inicio\/wp-json\/wp\/v2\/posts"}],"about":[{"href":"https:\/\/newsinfoco.com.br\/inicio\/wp-json\/wp\/v2\/types\/post"}],"author":[{"embeddable":true,"href":"https:\/\/newsinfoco.com.br\/inicio\/wp-json\/wp\/v2\/users\/1"}],"replies":[{"embeddable":true,"href":"https:\/\/newsinfoco.com.br\/inicio\/wp-json\/wp\/v2\/comments?post=29350"}],"version-history":[{"count":1,"href":"https:\/\/newsinfoco.com.br\/inicio\/wp-json\/wp\/v2\/posts\/29350\/revisions"}],"predecessor-version":[{"id":29351,"href":"https:\/\/newsinfoco.com.br\/inicio\/wp-json\/wp\/v2\/posts\/29350\/revisions\/29351"}],"wp:featuredmedia":[{"embeddable":true,"href":"https:\/\/newsinfoco.com.br\/inicio\/wp-json\/wp\/v2\/media\/28540"}],"wp:attachment":[{"href":"https:\/\/newsinfoco.com.br\/inicio\/wp-json\/wp\/v2\/media?parent=29350"}],"wp:term":[{"taxonomy":"category","embeddable":true,"href":"https:\/\/newsinfoco.com.br\/inicio\/wp-json\/wp\/v2\/categories?post=29350"},{"taxonomy":"post_tag","embeddable":true,"href":"https:\/\/newsinfoco.com.br\/inicio\/wp-json\/wp\/v2\/tags?post=29350"}],"curies":[{"name":"wp","href":"https:\/\/api.w.org\/{rel}","templated":true}]}}