{"id":29399,"date":"2022-03-18T17:38:29","date_gmt":"2022-03-18T20:38:29","guid":{"rendered":"https:\/\/newsinfoco.com.br\/inicio\/?p=29399"},"modified":"2022-03-18T17:38:29","modified_gmt":"2022-03-18T20:38:29","slug":"prefeitura-de-alagoinhas-assina-termo-aditivo-de-colaboracao-com-o-lar-recanto-da-paz","status":"publish","type":"post","link":"https:\/\/newsinfoco.com.br\/inicio\/prefeitura-de-alagoinhas-assina-termo-aditivo-de-colaboracao-com-o-lar-recanto-da-paz\/","title":{"rendered":"Prefeitura de Alagoinhas assina Termo Aditivo de Colabora\u00e7\u00e3o com o lar Recanto da Paz"},"content":{"rendered":"<p>A Prefeitura de Alagoinhas, por meio da Secretaria Municipal de Assist\u00eancia Social (SEMAS), assinou, nesta sexta-feira (18), um aditivo do Termo de Colabora\u00e7\u00e3o com o Lar Recanto da Paz, localizado em Santa Terezinha, no valor de, aproximadamente, 24 mil reais. O termo visa o apoio de repasses mensais ao abrigo, que \u00e9 o \u00fanico regularizado documentalmente, por isso, pass\u00edvel de receber recursos financeiros, o que j\u00e1 vem ocorrendo desde 2017, com cerca de 50 mil reais por ano.<\/p>\n<p>Desde 2020, a gest\u00e3o municipal tem colaborado com todos os lares de idosos de Alagoinhas, com a doa\u00e7\u00e3o de prote\u00ednas como leite, frango e ovos; al\u00e9m de cestas b\u00e1sicas. Em 2021, foram entregues 900 kg de frango, 3 mil litros de leite, 500 d\u00fazias de ovos e 500 cestas b\u00e1sicas.<\/p>\n<p>Neste ano (2022), a partir de um diagn\u00f3stico social pr\u00e9vio, novamente ser\u00e3o feitas concess\u00f5es de alimentos para apoiar os lares de idosos. Contudo, h\u00e1 a necessidade dos lares apresentarem presta\u00e7\u00e3o de contas ao Conselho do Idoso e \u00e0 SEMAS, com os demonstrativos das receitas e despesas, at\u00e9 o presente momento, n\u00e3o enviadas por suas administra\u00e7\u00f5es.<\/p>\n<div id=\"attachment_53851\" class=\"wp-caption aligncenter\"><a class=\"group1 cboxElement\" href=\"https:\/\/www.alagoinhas.ba.gov.br\/wp-content\/uploads\/2022\/03\/rui.png\"><img loading=\"lazy\" decoding=\"async\" class=\"size-full wp-image-53851\" src=\"https:\/\/www.alagoinhas.ba.gov.br\/wp-content\/uploads\/2022\/03\/rui.png\" sizes=\"auto, (max-width: 628px) 100vw, 628px\" srcset=\"https:\/\/www.alagoinhas.ba.gov.br\/wp-content\/uploads\/2022\/03\/rui.png 628w, https:\/\/www.alagoinhas.ba.gov.br\/wp-content\/uploads\/2022\/03\/rui-300x213.png 300w, https:\/\/www.alagoinhas.ba.gov.br\/wp-content\/uploads\/2022\/03\/rui-119x84.png 119w, https:\/\/www.alagoinhas.ba.gov.br\/wp-content\/uploads\/2022\/03\/rui-120x85.png 120w\" alt=\"\" width=\"628\" height=\"445\" \/><\/a><\/p>\n<p class=\"wp-caption-text\">Foto: Divulga\u00e7\u00e3o SEMAS<\/p>\n<\/div>\n<p>O secret\u00e1rio de Assist\u00eancia Social Rui Costa Brito afirmou que \u201cmesmo assim, a SEMAS est\u00e1 organizada para receber as demandas e atend\u00ea-las, mediante a legalidade jur\u00eddica, visto que, apenas o lar Recanto de Paz possui regularidade documental. Os demais lares necessitam dessa regulariza\u00e7\u00e3o para tamb\u00e9m terem direito ao Termo de Colabora\u00e7\u00e3o\u201d.<\/p>\n<p>Ainda nesta sexta-feira (18), a SEMAS far\u00e1 a entrega de 20 cestas b\u00e1sicas e 20 kg de frango ao Lar Lindaura Pl\u00e1cido.<\/p>\n<p><a class=\"group1 cboxElement\" href=\"https:\/\/www.alagoinhas.ba.gov.br\/wp-content\/uploads\/2022\/03\/aditivo.png\"><img loading=\"lazy\" decoding=\"async\" class=\"aligncenter size-full wp-image-53852\" src=\"https:\/\/www.alagoinhas.ba.gov.br\/wp-content\/uploads\/2022\/03\/aditivo.png\" sizes=\"auto, (max-width: 324px) 100vw, 324px\" srcset=\"https:\/\/www.alagoinhas.ba.gov.br\/wp-content\/uploads\/2022\/03\/aditivo.png 324w, https:\/\/www.alagoinhas.ba.gov.br\/wp-content\/uploads\/2022\/03\/aditivo-203x300.png 203w, https:\/\/www.alagoinhas.ba.gov.br\/wp-content\/uploads\/2022\/03\/aditivo-57x84.png 57w\" alt=\"\" width=\"324\" height=\"479\" \/><\/a><\/p>\n<div class='share-to-whatsapp-wrapper'><div class='share-on-whsp'>Share on: <\/div><a data-text='Prefeitura de Alagoinhas assina Termo Aditivo de Colabora\u00e7\u00e3o com o lar Recanto da Paz' data-link='https:\/\/newsinfoco.com.br\/inicio\/prefeitura-de-alagoinhas-assina-termo-aditivo-de-colaboracao-com-o-lar-recanto-da-paz\/' class='whatsapp-button whatsapp-share'>WhatsApp<\/a><div class='clear '><\/div><\/div>","protected":false},"excerpt":{"rendered":"<p>A Prefeitura de Alagoinhas, por meio da Secretaria Municipal de Assist\u00eancia Social (SEMAS), assinou, nesta sexta-feira (18), um aditivo do Termo de Colabora\u00e7\u00e3o com o Lar Recanto da Paz, localizado em Santa Terezinha, no valor de, aproximadamente, 24 mil reais. O termo visa o apoio de repasses mensais ao abrigo, que \u00e9 o \u00fanico regularizado [&hellip;]<\/p>\n","protected":false},"author":1,"featured_media":29400,"comment_status":"closed","ping_status":"closed","sticky":false,"template":"","format":"standard","meta":{"om_disable_all_campaigns":false,"rop_custom_images_group":[],"rop_custom_messages_group":[],"rop_publish_now":"initial","rop_publish_now_accounts":[],"rop_publish_now_history":[],"rop_publish_now_status":"pending","_exactmetrics_skip_tracking":false,"footnotes":""},"categories":[38,167],"tags":[],"class_list":["post-29399","post","type-post","status-publish","format-standard","has-post-thumbnail","hentry","category-alagoinhas-e-regiao","category-exclusivas"],"aioseo_notices":[],"aioseo_head":"\n\t\t<!-- All in One SEO 4.9.10 - aioseo.com -->\n\t<meta name=\"description\" content=\"A Prefeitura de Alagoinhas, por meio da Secretaria Municipal de Assist\u00eancia Social (SEMAS), assinou, nesta sexta-feira (18), um aditivo do Termo de Colabora\u00e7\u00e3o com o Lar Recanto da Paz, localizado em Santa Terezinha, no valor de, aproximadamente, 24 mil reais. O termo visa o apoio de repasses mensais ao abrigo, que \u00e9 o \u00fanico regularizado\" \/>\n\t<meta name=\"robots\" content=\"max-image-preview:large\" \/>\n\t<meta name=\"author\" content=\"administrador\"\/>\n\t<link rel=\"canonical\" href=\"https:\/\/newsinfoco.com.br\/inicio\/prefeitura-de-alagoinhas-assina-termo-aditivo-de-colaboracao-com-o-lar-recanto-da-paz\/\" \/>\n\t<meta name=\"generator\" content=\"All in One SEO (AIOSEO) 4.9.10\" \/>\n\t\t<meta property=\"og:locale\" content=\"pt_BR\" \/>\n\t\t<meta property=\"og:site_name\" content=\"News In Foco - Editado por Caio Pimenta - O principal site de noticias de Alagoinhas e regi\u00e3o\" \/>\n\t\t<meta property=\"og:type\" content=\"article\" \/>\n\t\t<meta property=\"og:title\" content=\"Prefeitura de Alagoinhas assina Termo Aditivo de Colabora\u00e7\u00e3o com o lar Recanto da Paz - News In Foco - Editado por Caio Pimenta\" \/>\n\t\t<meta property=\"og:description\" content=\"A Prefeitura de Alagoinhas, por meio da Secretaria Municipal de Assist\u00eancia Social (SEMAS), assinou, nesta sexta-feira (18), um aditivo do Termo de Colabora\u00e7\u00e3o com o Lar Recanto da Paz, localizado em Santa Terezinha, no valor de, aproximadamente, 24 mil reais. O termo visa o apoio de repasses mensais ao abrigo, que \u00e9 o \u00fanico regularizado\" \/>\n\t\t<meta property=\"og:url\" content=\"https:\/\/newsinfoco.com.br\/inicio\/prefeitura-de-alagoinhas-assina-termo-aditivo-de-colaboracao-com-o-lar-recanto-da-paz\/\" \/>\n\t\t<meta property=\"article:published_time\" content=\"2022-03-18T20:38:29+00:00\" \/>\n\t\t<meta property=\"article:modified_time\" content=\"2022-03-18T20:38:29+00:00\" \/>\n\t\t<meta name=\"twitter:card\" content=\"summary_large_image\" \/>\n\t\t<meta name=\"twitter:title\" content=\"Prefeitura de Alagoinhas assina Termo Aditivo de Colabora\u00e7\u00e3o com o lar Recanto da Paz - News In Foco - Editado por Caio Pimenta\" \/>\n\t\t<meta name=\"twitter:description\" content=\"A Prefeitura de Alagoinhas, por meio da Secretaria Municipal de Assist\u00eancia Social (SEMAS), assinou, nesta sexta-feira (18), um aditivo do Termo de Colabora\u00e7\u00e3o com o Lar Recanto da Paz, localizado em Santa Terezinha, no valor de, aproximadamente, 24 mil reais. O termo visa o apoio de repasses mensais ao abrigo, que \u00e9 o \u00fanico regularizado\" \/>\n\t\t<script type=\"application\/ld+json\" class=\"aioseo-schema\">\n\t\t\t{\"@context\":\"https:\\\/\\\/schema.org\",\"@graph\":[{\"@type\":\"BlogPosting\",\"@id\":\"https:\\\/\\\/newsinfoco.com.br\\\/inicio\\\/prefeitura-de-alagoinhas-assina-termo-aditivo-de-colaboracao-com-o-lar-recanto-da-paz\\\/#blogposting\",\"name\":\"Prefeitura de Alagoinhas assina Termo Aditivo de Colabora\\u00e7\\u00e3o com o lar Recanto da Paz - News In Foco - Editado por Caio Pimenta\",\"headline\":\"Prefeitura de Alagoinhas assina Termo Aditivo de Colabora\\u00e7\\u00e3o com o lar Recanto da Paz\",\"author\":{\"@id\":\"https:\\\/\\\/newsinfoco.com.br\\\/inicio\\\/author\\\/administrador\\\/#author\"},\"publisher\":{\"@id\":\"https:\\\/\\\/newsinfoco.com.br\\\/inicio\\\/#organization\"},\"image\":{\"@type\":\"ImageObject\",\"url\":\"https:\\\/\\\/newsinfoco.com.br\\\/inicio\\\/wp-content\\\/uploads\\\/2022\\\/03\\\/assinatura-550x368-1.png\",\"width\":550,\"height\":368},\"datePublished\":\"2022-03-18T17:38:29-03:00\",\"dateModified\":\"2022-03-18T17:38:29-03:00\",\"inLanguage\":\"pt-BR\",\"mainEntityOfPage\":{\"@id\":\"https:\\\/\\\/newsinfoco.com.br\\\/inicio\\\/prefeitura-de-alagoinhas-assina-termo-aditivo-de-colaboracao-com-o-lar-recanto-da-paz\\\/#webpage\"},\"isPartOf\":{\"@id\":\"https:\\\/\\\/newsinfoco.com.br\\\/inicio\\\/prefeitura-de-alagoinhas-assina-termo-aditivo-de-colaboracao-com-o-lar-recanto-da-paz\\\/#webpage\"},\"articleSection\":\"Alagoinhas e Regi\\u00e3o, Manchete\"},{\"@type\":\"BreadcrumbList\",\"@id\":\"https:\\\/\\\/newsinfoco.com.br\\\/inicio\\\/prefeitura-de-alagoinhas-assina-termo-aditivo-de-colaboracao-com-o-lar-recanto-da-paz\\\/#breadcrumblist\",\"itemListElement\":[{\"@type\":\"ListItem\",\"@id\":\"https:\\\/\\\/newsinfoco.com.br\\\/inicio#listItem\",\"position\":1,\"name\":\"In\\u00edcio\",\"item\":\"https:\\\/\\\/newsinfoco.com.br\\\/inicio\",\"nextItem\":{\"@type\":\"ListItem\",\"@id\":\"https:\\\/\\\/newsinfoco.com.br\\\/inicio\\\/category\\\/alagoinhas-e-regiao\\\/#listItem\",\"name\":\"Alagoinhas e Regi\\u00e3o\"}},{\"@type\":\"ListItem\",\"@id\":\"https:\\\/\\\/newsinfoco.com.br\\\/inicio\\\/category\\\/alagoinhas-e-regiao\\\/#listItem\",\"position\":2,\"name\":\"Alagoinhas e Regi\\u00e3o\",\"item\":\"https:\\\/\\\/newsinfoco.com.br\\\/inicio\\\/category\\\/alagoinhas-e-regiao\\\/\",\"nextItem\":{\"@type\":\"ListItem\",\"@id\":\"https:\\\/\\\/newsinfoco.com.br\\\/inicio\\\/prefeitura-de-alagoinhas-assina-termo-aditivo-de-colaboracao-com-o-lar-recanto-da-paz\\\/#listItem\",\"name\":\"Prefeitura de Alagoinhas assina Termo Aditivo de Colabora\\u00e7\\u00e3o com o lar Recanto da Paz\"},\"previousItem\":{\"@type\":\"ListItem\",\"@id\":\"https:\\\/\\\/newsinfoco.com.br\\\/inicio#listItem\",\"name\":\"In\\u00edcio\"}},{\"@type\":\"ListItem\",\"@id\":\"https:\\\/\\\/newsinfoco.com.br\\\/inicio\\\/prefeitura-de-alagoinhas-assina-termo-aditivo-de-colaboracao-com-o-lar-recanto-da-paz\\\/#listItem\",\"position\":3,\"name\":\"Prefeitura de Alagoinhas assina Termo Aditivo de Colabora\\u00e7\\u00e3o com o lar Recanto da Paz\",\"previousItem\":{\"@type\":\"ListItem\",\"@id\":\"https:\\\/\\\/newsinfoco.com.br\\\/inicio\\\/category\\\/alagoinhas-e-regiao\\\/#listItem\",\"name\":\"Alagoinhas e Regi\\u00e3o\"}}]},{\"@type\":\"Organization\",\"@id\":\"https:\\\/\\\/newsinfoco.com.br\\\/inicio\\\/#organization\",\"name\":\"News In Foco - Editado por Caio Pimenta\",\"description\":\"O principal site de noticias de Alagoinhas e regi\\u00e3o\",\"url\":\"https:\\\/\\\/newsinfoco.com.br\\\/inicio\\\/\"},{\"@type\":\"Person\",\"@id\":\"https:\\\/\\\/newsinfoco.com.br\\\/inicio\\\/author\\\/administrador\\\/#author\",\"url\":\"https:\\\/\\\/newsinfoco.com.br\\\/inicio\\\/author\\\/administrador\\\/\",\"name\":\"administrador\",\"image\":{\"@type\":\"ImageObject\",\"@id\":\"https:\\\/\\\/newsinfoco.com.br\\\/inicio\\\/prefeitura-de-alagoinhas-assina-termo-aditivo-de-colaboracao-com-o-lar-recanto-da-paz\\\/#authorImage\",\"url\":\"https:\\\/\\\/secure.gravatar.com\\\/avatar\\\/c17a617433de8c1dc9584bb79aab7563b46f5bb7e1728c9b17d9cc3ce6a08e49?s=96&d=mm&r=g\",\"width\":96,\"height\":96,\"caption\":\"administrador\"}},{\"@type\":\"WebPage\",\"@id\":\"https:\\\/\\\/newsinfoco.com.br\\\/inicio\\\/prefeitura-de-alagoinhas-assina-termo-aditivo-de-colaboracao-com-o-lar-recanto-da-paz\\\/#webpage\",\"url\":\"https:\\\/\\\/newsinfoco.com.br\\\/inicio\\\/prefeitura-de-alagoinhas-assina-termo-aditivo-de-colaboracao-com-o-lar-recanto-da-paz\\\/\",\"name\":\"Prefeitura de Alagoinhas assina Termo Aditivo de Colabora\\u00e7\\u00e3o com o lar Recanto da Paz - News In Foco - Editado por Caio Pimenta\",\"description\":\"A Prefeitura de Alagoinhas, por meio da Secretaria Municipal de Assist\\u00eancia Social (SEMAS), assinou, nesta sexta-feira (18), um aditivo do Termo de Colabora\\u00e7\\u00e3o com o Lar Recanto da Paz, localizado em Santa Terezinha, no valor de, aproximadamente, 24 mil reais. O termo visa o apoio de repasses mensais ao abrigo, que \\u00e9 o \\u00fanico regularizado\",\"inLanguage\":\"pt-BR\",\"isPartOf\":{\"@id\":\"https:\\\/\\\/newsinfoco.com.br\\\/inicio\\\/#website\"},\"breadcrumb\":{\"@id\":\"https:\\\/\\\/newsinfoco.com.br\\\/inicio\\\/prefeitura-de-alagoinhas-assina-termo-aditivo-de-colaboracao-com-o-lar-recanto-da-paz\\\/#breadcrumblist\"},\"author\":{\"@id\":\"https:\\\/\\\/newsinfoco.com.br\\\/inicio\\\/author\\\/administrador\\\/#author\"},\"creator\":{\"@id\":\"https:\\\/\\\/newsinfoco.com.br\\\/inicio\\\/author\\\/administrador\\\/#author\"},\"image\":{\"@type\":\"ImageObject\",\"url\":\"https:\\\/\\\/newsinfoco.com.br\\\/inicio\\\/wp-content\\\/uploads\\\/2022\\\/03\\\/assinatura-550x368-1.png\",\"@id\":\"https:\\\/\\\/newsinfoco.com.br\\\/inicio\\\/prefeitura-de-alagoinhas-assina-termo-aditivo-de-colaboracao-com-o-lar-recanto-da-paz\\\/#mainImage\",\"width\":550,\"height\":368},\"primaryImageOfPage\":{\"@id\":\"https:\\\/\\\/newsinfoco.com.br\\\/inicio\\\/prefeitura-de-alagoinhas-assina-termo-aditivo-de-colaboracao-com-o-lar-recanto-da-paz\\\/#mainImage\"},\"datePublished\":\"2022-03-18T17:38:29-03:00\",\"dateModified\":\"2022-03-18T17:38:29-03:00\"},{\"@type\":\"WebSite\",\"@id\":\"https:\\\/\\\/newsinfoco.com.br\\\/inicio\\\/#website\",\"url\":\"https:\\\/\\\/newsinfoco.com.br\\\/inicio\\\/\",\"name\":\"News In Foco - Editado por Caio Pimenta\",\"description\":\"O principal site de noticias de Alagoinhas e regi\\u00e3o\",\"inLanguage\":\"pt-BR\",\"publisher\":{\"@id\":\"https:\\\/\\\/newsinfoco.com.br\\\/inicio\\\/#organization\"}}]}\n\t\t<\/script>\n\t\t<!-- All in One SEO -->\n\n","aioseo_head_json":{"title":"Prefeitura de Alagoinhas assina Termo Aditivo de Colabora\u00e7\u00e3o com o lar Recanto da Paz - News In Foco - Editado por Caio Pimenta","description":"A Prefeitura de Alagoinhas, por meio da Secretaria Municipal de Assist\u00eancia Social (SEMAS), assinou, nesta sexta-feira (18), um aditivo do Termo de Colabora\u00e7\u00e3o com o Lar Recanto da Paz, localizado em Santa Terezinha, no valor de, aproximadamente, 24 mil reais. O termo visa o apoio de repasses mensais ao abrigo, que \u00e9 o \u00fanico regularizado","canonical_url":"https:\/\/newsinfoco.com.br\/inicio\/prefeitura-de-alagoinhas-assina-termo-aditivo-de-colaboracao-com-o-lar-recanto-da-paz\/","robots":"max-image-preview:large","keywords":"","webmasterTools":{"miscellaneous":""},"schema":{"@context":"https:\/\/schema.org","@graph":[{"@type":"BlogPosting","@id":"https:\/\/newsinfoco.com.br\/inicio\/prefeitura-de-alagoinhas-assina-termo-aditivo-de-colaboracao-com-o-lar-recanto-da-paz\/#blogposting","name":"Prefeitura de Alagoinhas assina Termo Aditivo de Colabora\u00e7\u00e3o com o lar Recanto da Paz - News In Foco - Editado por Caio Pimenta","headline":"Prefeitura de Alagoinhas assina Termo Aditivo de Colabora\u00e7\u00e3o com o lar Recanto da Paz","author":{"@id":"https:\/\/newsinfoco.com.br\/inicio\/author\/administrador\/#author"},"publisher":{"@id":"https:\/\/newsinfoco.com.br\/inicio\/#organization"},"image":{"@type":"ImageObject","url":"https:\/\/newsinfoco.com.br\/inicio\/wp-content\/uploads\/2022\/03\/assinatura-550x368-1.png","width":550,"height":368},"datePublished":"2022-03-18T17:38:29-03:00","dateModified":"2022-03-18T17:38:29-03:00","inLanguage":"pt-BR","mainEntityOfPage":{"@id":"https:\/\/newsinfoco.com.br\/inicio\/prefeitura-de-alagoinhas-assina-termo-aditivo-de-colaboracao-com-o-lar-recanto-da-paz\/#webpage"},"isPartOf":{"@id":"https:\/\/newsinfoco.com.br\/inicio\/prefeitura-de-alagoinhas-assina-termo-aditivo-de-colaboracao-com-o-lar-recanto-da-paz\/#webpage"},"articleSection":"Alagoinhas e Regi\u00e3o, Manchete"},{"@type":"BreadcrumbList","@id":"https:\/\/newsinfoco.com.br\/inicio\/prefeitura-de-alagoinhas-assina-termo-aditivo-de-colaboracao-com-o-lar-recanto-da-paz\/#breadcrumblist","itemListElement":[{"@type":"ListItem","@id":"https:\/\/newsinfoco.com.br\/inicio#listItem","position":1,"name":"In\u00edcio","item":"https:\/\/newsinfoco.com.br\/inicio","nextItem":{"@type":"ListItem","@id":"https:\/\/newsinfoco.com.br\/inicio\/category\/alagoinhas-e-regiao\/#listItem","name":"Alagoinhas e Regi\u00e3o"}},{"@type":"ListItem","@id":"https:\/\/newsinfoco.com.br\/inicio\/category\/alagoinhas-e-regiao\/#listItem","position":2,"name":"Alagoinhas e Regi\u00e3o","item":"https:\/\/newsinfoco.com.br\/inicio\/category\/alagoinhas-e-regiao\/","nextItem":{"@type":"ListItem","@id":"https:\/\/newsinfoco.com.br\/inicio\/prefeitura-de-alagoinhas-assina-termo-aditivo-de-colaboracao-com-o-lar-recanto-da-paz\/#listItem","name":"Prefeitura de Alagoinhas assina Termo Aditivo de Colabora\u00e7\u00e3o com o lar Recanto da Paz"},"previousItem":{"@type":"ListItem","@id":"https:\/\/newsinfoco.com.br\/inicio#listItem","name":"In\u00edcio"}},{"@type":"ListItem","@id":"https:\/\/newsinfoco.com.br\/inicio\/prefeitura-de-alagoinhas-assina-termo-aditivo-de-colaboracao-com-o-lar-recanto-da-paz\/#listItem","position":3,"name":"Prefeitura de Alagoinhas assina Termo Aditivo de Colabora\u00e7\u00e3o com o lar Recanto da Paz","previousItem":{"@type":"ListItem","@id":"https:\/\/newsinfoco.com.br\/inicio\/category\/alagoinhas-e-regiao\/#listItem","name":"Alagoinhas e Regi\u00e3o"}}]},{"@type":"Organization","@id":"https:\/\/newsinfoco.com.br\/inicio\/#organization","name":"News In Foco - Editado por Caio Pimenta","description":"O principal site de noticias de Alagoinhas e regi\u00e3o","url":"https:\/\/newsinfoco.com.br\/inicio\/"},{"@type":"Person","@id":"https:\/\/newsinfoco.com.br\/inicio\/author\/administrador\/#author","url":"https:\/\/newsinfoco.com.br\/inicio\/author\/administrador\/","name":"administrador","image":{"@type":"ImageObject","@id":"https:\/\/newsinfoco.com.br\/inicio\/prefeitura-de-alagoinhas-assina-termo-aditivo-de-colaboracao-com-o-lar-recanto-da-paz\/#authorImage","url":"https:\/\/secure.gravatar.com\/avatar\/c17a617433de8c1dc9584bb79aab7563b46f5bb7e1728c9b17d9cc3ce6a08e49?s=96&d=mm&r=g","width":96,"height":96,"caption":"administrador"}},{"@type":"WebPage","@id":"https:\/\/newsinfoco.com.br\/inicio\/prefeitura-de-alagoinhas-assina-termo-aditivo-de-colaboracao-com-o-lar-recanto-da-paz\/#webpage","url":"https:\/\/newsinfoco.com.br\/inicio\/prefeitura-de-alagoinhas-assina-termo-aditivo-de-colaboracao-com-o-lar-recanto-da-paz\/","name":"Prefeitura de Alagoinhas assina Termo Aditivo de Colabora\u00e7\u00e3o com o lar Recanto da Paz - News In Foco - Editado por Caio Pimenta","description":"A Prefeitura de Alagoinhas, por meio da Secretaria Municipal de Assist\u00eancia Social (SEMAS), assinou, nesta sexta-feira (18), um aditivo do Termo de Colabora\u00e7\u00e3o com o Lar Recanto da Paz, localizado em Santa Terezinha, no valor de, aproximadamente, 24 mil reais. O termo visa o apoio de repasses mensais ao abrigo, que \u00e9 o \u00fanico regularizado","inLanguage":"pt-BR","isPartOf":{"@id":"https:\/\/newsinfoco.com.br\/inicio\/#website"},"breadcrumb":{"@id":"https:\/\/newsinfoco.com.br\/inicio\/prefeitura-de-alagoinhas-assina-termo-aditivo-de-colaboracao-com-o-lar-recanto-da-paz\/#breadcrumblist"},"author":{"@id":"https:\/\/newsinfoco.com.br\/inicio\/author\/administrador\/#author"},"creator":{"@id":"https:\/\/newsinfoco.com.br\/inicio\/author\/administrador\/#author"},"image":{"@type":"ImageObject","url":"https:\/\/newsinfoco.com.br\/inicio\/wp-content\/uploads\/2022\/03\/assinatura-550x368-1.png","@id":"https:\/\/newsinfoco.com.br\/inicio\/prefeitura-de-alagoinhas-assina-termo-aditivo-de-colaboracao-com-o-lar-recanto-da-paz\/#mainImage","width":550,"height":368},"primaryImageOfPage":{"@id":"https:\/\/newsinfoco.com.br\/inicio\/prefeitura-de-alagoinhas-assina-termo-aditivo-de-colaboracao-com-o-lar-recanto-da-paz\/#mainImage"},"datePublished":"2022-03-18T17:38:29-03:00","dateModified":"2022-03-18T17:38:29-03:00"},{"@type":"WebSite","@id":"https:\/\/newsinfoco.com.br\/inicio\/#website","url":"https:\/\/newsinfoco.com.br\/inicio\/","name":"News In Foco - Editado por Caio Pimenta","description":"O principal site de noticias de Alagoinhas e regi\u00e3o","inLanguage":"pt-BR","publisher":{"@id":"https:\/\/newsinfoco.com.br\/inicio\/#organization"}}]},"og:locale":"pt_BR","og:site_name":"News In Foco - Editado por Caio Pimenta - O principal site de noticias de Alagoinhas e regi\u00e3o","og:type":"article","og:title":"Prefeitura de Alagoinhas assina Termo Aditivo de Colabora\u00e7\u00e3o com o lar Recanto da Paz - News In Foco - Editado por Caio Pimenta","og:description":"A Prefeitura de Alagoinhas, por meio da Secretaria Municipal de Assist\u00eancia Social (SEMAS), assinou, nesta sexta-feira (18), um aditivo do Termo de Colabora\u00e7\u00e3o com o Lar Recanto da Paz, localizado em Santa Terezinha, no valor de, aproximadamente, 24 mil reais. O termo visa o apoio de repasses mensais ao abrigo, que \u00e9 o \u00fanico regularizado","og:url":"https:\/\/newsinfoco.com.br\/inicio\/prefeitura-de-alagoinhas-assina-termo-aditivo-de-colaboracao-com-o-lar-recanto-da-paz\/","article:published_time":"2022-03-18T20:38:29+00:00","article:modified_time":"2022-03-18T20:38:29+00:00","twitter:card":"summary_large_image","twitter:title":"Prefeitura de Alagoinhas assina Termo Aditivo de Colabora\u00e7\u00e3o com o lar Recanto da Paz - News In Foco - Editado por Caio Pimenta","twitter:description":"A Prefeitura de Alagoinhas, por meio da Secretaria Municipal de Assist\u00eancia Social (SEMAS), assinou, nesta sexta-feira (18), um aditivo do Termo de Colabora\u00e7\u00e3o com o Lar Recanto da Paz, localizado em Santa Terezinha, no valor de, aproximadamente, 24 mil reais. O termo visa o apoio de repasses mensais ao abrigo, que \u00e9 o \u00fanico regularizado"},"aioseo_meta_data":{"post_id":"29399","title":null,"description":null,"keywords":null,"keyphrases":null,"primary_term":null,"canonical_url":null,"og_title":null,"og_description":null,"og_object_type":"default","og_image_type":"default","og_image_url":null,"og_image_width":null,"og_image_height":null,"og_image_custom_url":null,"og_image_custom_fields":null,"og_video":null,"og_custom_url":null,"og_article_section":null,"og_article_tags":null,"twitter_use_og":false,"twitter_card":"default","twitter_image_type":"default","twitter_image_url":null,"twitter_image_custom_url":null,"twitter_image_custom_fields":null,"twitter_title":null,"twitter_description":null,"schema":{"blockGraphs":[],"customGraphs":[],"default":{"data":{"Article":[],"Course":[],"Dataset":[],"FAQPage":[],"Movie":[],"Person":[],"Product":[],"ProductReview":[],"Car":[],"Recipe":[],"Service":[],"SoftwareApplication":[],"WebPage":[]},"graphName":"","isEnabled":true},"graphs":[]},"schema_type":"default","schema_type_options":null,"pillar_content":false,"robots_default":true,"robots_noindex":false,"robots_noarchive":false,"robots_nosnippet":false,"robots_nofollow":false,"robots_noimageindex":false,"robots_noodp":false,"robots_notranslate":false,"robots_max_snippet":null,"robots_max_videopreview":null,"robots_max_imagepreview":"large","priority":null,"frequency":null,"local_seo":null,"breadcrumb_settings":null,"limit_modified_date":false,"ai":null,"created":"2023-06-12 21:00:30","updated":"2025-07-11 07:13:58","seo_analyzer_scan_date":null},"aioseo_breadcrumb":"<div class=\"aioseo-breadcrumbs\"><span class=\"aioseo-breadcrumb\">\n\t\t\t<a href=\"https:\/\/newsinfoco.com.br\/inicio\" title=\"In\u00edcio\">In\u00edcio<\/a>\n\t\t<\/span><span class=\"aioseo-breadcrumb-separator\">&raquo;<\/span><span class=\"aioseo-breadcrumb\">\n\t\t\t<a href=\"https:\/\/newsinfoco.com.br\/inicio\/category\/alagoinhas-e-regiao\/\" title=\"Alagoinhas e Regi\u00e3o\">Alagoinhas e Regi\u00e3o<\/a>\n\t\t<\/span><span class=\"aioseo-breadcrumb-separator\">&raquo;<\/span><span class=\"aioseo-breadcrumb\">\n\t\t\tPrefeitura de Alagoinhas assina Termo Aditivo de Colabora\u00e7\u00e3o com o lar Recanto da Paz\n\t\t<\/span><\/div>","aioseo_breadcrumb_json":[{"label":"In\u00edcio","link":"https:\/\/newsinfoco.com.br\/inicio"},{"label":"Alagoinhas e Regi\u00e3o","link":"https:\/\/newsinfoco.com.br\/inicio\/category\/alagoinhas-e-regiao\/"},{"label":"Prefeitura de Alagoinhas assina Termo Aditivo de Colabora\u00e7\u00e3o com o lar Recanto da Paz","link":"https:\/\/newsinfoco.com.br\/inicio\/prefeitura-de-alagoinhas-assina-termo-aditivo-de-colaboracao-com-o-lar-recanto-da-paz\/"}],"_links":{"self":[{"href":"https:\/\/newsinfoco.com.br\/inicio\/wp-json\/wp\/v2\/posts\/29399","targetHints":{"allow":["GET"]}}],"collection":[{"href":"https:\/\/newsinfoco.com.br\/inicio\/wp-json\/wp\/v2\/posts"}],"about":[{"href":"https:\/\/newsinfoco.com.br\/inicio\/wp-json\/wp\/v2\/types\/post"}],"author":[{"embeddable":true,"href":"https:\/\/newsinfoco.com.br\/inicio\/wp-json\/wp\/v2\/users\/1"}],"replies":[{"embeddable":true,"href":"https:\/\/newsinfoco.com.br\/inicio\/wp-json\/wp\/v2\/comments?post=29399"}],"version-history":[{"count":1,"href":"https:\/\/newsinfoco.com.br\/inicio\/wp-json\/wp\/v2\/posts\/29399\/revisions"}],"predecessor-version":[{"id":29401,"href":"https:\/\/newsinfoco.com.br\/inicio\/wp-json\/wp\/v2\/posts\/29399\/revisions\/29401"}],"wp:featuredmedia":[{"embeddable":true,"href":"https:\/\/newsinfoco.com.br\/inicio\/wp-json\/wp\/v2\/media\/29400"}],"wp:attachment":[{"href":"https:\/\/newsinfoco.com.br\/inicio\/wp-json\/wp\/v2\/media?parent=29399"}],"wp:term":[{"taxonomy":"category","embeddable":true,"href":"https:\/\/newsinfoco.com.br\/inicio\/wp-json\/wp\/v2\/categories?post=29399"},{"taxonomy":"post_tag","embeddable":true,"href":"https:\/\/newsinfoco.com.br\/inicio\/wp-json\/wp\/v2\/tags?post=29399"}],"curies":[{"name":"wp","href":"https:\/\/api.w.org\/{rel}","templated":true}]}}