{"id":29402,"date":"2022-03-19T19:29:44","date_gmt":"2022-03-19T22:29:44","guid":{"rendered":"https:\/\/newsinfoco.com.br\/inicio\/?p=29402"},"modified":"2022-03-19T19:29:44","modified_gmt":"2022-03-19T22:29:44","slug":"formacao-para-condutas-de-vacinacao-de-rotina-foi-promovida-para-profissionais-de-saude-da-atencao-basica","status":"publish","type":"post","link":"https:\/\/newsinfoco.com.br\/inicio\/formacao-para-condutas-de-vacinacao-de-rotina-foi-promovida-para-profissionais-de-saude-da-atencao-basica\/","title":{"rendered":"Forma\u00e7\u00e3o para condutas de Vacina\u00e7\u00e3o de Rotina foi promovida para profissionais de Sa\u00fade da Aten\u00e7\u00e3o B\u00e1sica"},"content":{"rendered":"<p>A Prefeitura de Alagoinhas, por meio da Secretaria Municipal de Sa\u00fade (SESAU), realizou nesta sexta-feira (18) a forma\u00e7\u00e3o da primeira turma de Atualiza\u00e7\u00e3o do Calend\u00e1rio de Vacina\u00e7\u00e3o de Rotina. Foram abordadas as condutas na sala de vacina, mudan\u00e7as no atendimento antirr\u00e1bico humano e tamb\u00e9m a campanha de vacina\u00e7\u00e3o Influenza.<\/p>\n<p>Com o intuito de atualizar e aprimorar as t\u00e9cnicas dos profissionais de Sa\u00fade de Alagoinhas, foram feitas duas mudan\u00e7as\u00a0 no atendimento antirr\u00e1bico humano, relacionadas ao protocolo de atendimento para preven\u00e7\u00e3o da raiva, preconizada pela nota t\u00e9cnica 8\/2022 do Minist\u00e9rio da Sa\u00fade. Aproveitou-se o momento para falar sobre as novas normas da campanha de vacina\u00e7\u00e3o contra a Influenza.<\/p>\n<p>A primeira etapa da forma\u00e7\u00e3o foi voltada para todos os profissionais da Rede de Aten\u00e7\u00e3o B\u00e1sica que trabalham com a vacina\u00e7\u00e3o. Ela aconteceu na Faculdade Santo Ant\u00f4nimo, por\u00e9m outras etapas ser\u00e3o realizadas nos dias 25 de mar\u00e7o e 01 de abril,\u00a0 treinando todos os profissionais da rede.<\/p>\n<p><a class=\"group1 cboxElement\" href=\"https:\/\/www.alagoinhas.ba.gov.br\/wp-content\/uploads\/2022\/03\/IMG-20220319-WA0050.jpg\"><img loading=\"lazy\" decoding=\"async\" class=\"aligncenter size-large wp-image-53883\" src=\"https:\/\/www.alagoinhas.ba.gov.br\/wp-content\/uploads\/2022\/03\/IMG-20220319-WA0050-768x1024.jpg\" sizes=\"auto, (max-width: 768px) 100vw, 768px\" srcset=\"https:\/\/www.alagoinhas.ba.gov.br\/wp-content\/uploads\/2022\/03\/IMG-20220319-WA0050-768x1024.jpg 768w, https:\/\/www.alagoinhas.ba.gov.br\/wp-content\/uploads\/2022\/03\/IMG-20220319-WA0050-225x300.jpg 225w, https:\/\/www.alagoinhas.ba.gov.br\/wp-content\/uploads\/2022\/03\/IMG-20220319-WA0050-63x84.jpg 63w, https:\/\/www.alagoinhas.ba.gov.br\/wp-content\/uploads\/2022\/03\/IMG-20220319-WA0050.jpg 1200w\" alt=\"\" width=\"768\" height=\"1024\" \/><\/a><\/p>\n<div align=\"right\"><\/div>\n<div class='share-to-whatsapp-wrapper'><div class='share-on-whsp'>Share on: <\/div><a data-text='Forma\u00e7\u00e3o para condutas de Vacina\u00e7\u00e3o de Rotina foi promovida para profissionais de Sa\u00fade da Aten\u00e7\u00e3o B\u00e1sica' data-link='https:\/\/newsinfoco.com.br\/inicio\/formacao-para-condutas-de-vacinacao-de-rotina-foi-promovida-para-profissionais-de-saude-da-atencao-basica\/' class='whatsapp-button whatsapp-share'>WhatsApp<\/a><div class='clear '><\/div><\/div>","protected":false},"excerpt":{"rendered":"<p>A Prefeitura de Alagoinhas, por meio da Secretaria Municipal de Sa\u00fade (SESAU), realizou nesta sexta-feira (18) a forma\u00e7\u00e3o da primeira turma de Atualiza\u00e7\u00e3o do Calend\u00e1rio de Vacina\u00e7\u00e3o de Rotina. Foram abordadas as condutas na sala de vacina, mudan\u00e7as no atendimento antirr\u00e1bico humano e tamb\u00e9m a campanha de vacina\u00e7\u00e3o Influenza. Com o intuito de atualizar e [&hellip;]<\/p>\n","protected":false},"author":1,"featured_media":29403,"comment_status":"closed","ping_status":"closed","sticky":false,"template":"","format":"standard","meta":{"om_disable_all_campaigns":false,"rop_custom_images_group":[],"rop_custom_messages_group":[],"rop_publish_now":"initial","rop_publish_now_accounts":[],"rop_publish_now_history":[],"rop_publish_now_status":"pending","_exactmetrics_skip_tracking":false,"footnotes":""},"categories":[38,167],"tags":[],"class_list":["post-29402","post","type-post","status-publish","format-standard","has-post-thumbnail","hentry","category-alagoinhas-e-regiao","category-exclusivas"],"aioseo_notices":[],"aioseo_head":"\n\t\t<!-- All in One SEO 4.9.10 - aioseo.com -->\n\t<meta name=\"description\" content=\"A Prefeitura de Alagoinhas, por meio da Secretaria Municipal de Sa\u00fade (SESAU), realizou nesta sexta-feira (18) a forma\u00e7\u00e3o da primeira turma de Atualiza\u00e7\u00e3o do Calend\u00e1rio de Vacina\u00e7\u00e3o de Rotina. Foram abordadas as condutas na sala de vacina, mudan\u00e7as no atendimento antirr\u00e1bico humano e tamb\u00e9m a campanha de vacina\u00e7\u00e3o Influenza. Com o intuito de atualizar e\" \/>\n\t<meta name=\"robots\" content=\"max-image-preview:large\" \/>\n\t<meta name=\"author\" content=\"administrador\"\/>\n\t<link rel=\"canonical\" href=\"https:\/\/newsinfoco.com.br\/inicio\/formacao-para-condutas-de-vacinacao-de-rotina-foi-promovida-para-profissionais-de-saude-da-atencao-basica\/\" \/>\n\t<meta name=\"generator\" content=\"All in One SEO (AIOSEO) 4.9.10\" \/>\n\t\t<meta property=\"og:locale\" content=\"pt_BR\" \/>\n\t\t<meta property=\"og:site_name\" content=\"News In Foco - Editado por Caio Pimenta - O principal site de noticias de Alagoinhas e regi\u00e3o\" \/>\n\t\t<meta property=\"og:type\" content=\"article\" \/>\n\t\t<meta property=\"og:title\" content=\"Forma\u00e7\u00e3o para condutas de Vacina\u00e7\u00e3o de Rotina foi promovida para profissionais de Sa\u00fade da Aten\u00e7\u00e3o B\u00e1sica - News In Foco - Editado por Caio Pimenta\" \/>\n\t\t<meta property=\"og:description\" content=\"A Prefeitura de Alagoinhas, por meio da Secretaria Municipal de Sa\u00fade (SESAU), realizou nesta sexta-feira (18) a forma\u00e7\u00e3o da primeira turma de Atualiza\u00e7\u00e3o do Calend\u00e1rio de Vacina\u00e7\u00e3o de Rotina. Foram abordadas as condutas na sala de vacina, mudan\u00e7as no atendimento antirr\u00e1bico humano e tamb\u00e9m a campanha de vacina\u00e7\u00e3o Influenza. Com o intuito de atualizar e\" \/>\n\t\t<meta property=\"og:url\" content=\"https:\/\/newsinfoco.com.br\/inicio\/formacao-para-condutas-de-vacinacao-de-rotina-foi-promovida-para-profissionais-de-saude-da-atencao-basica\/\" \/>\n\t\t<meta property=\"article:published_time\" content=\"2022-03-19T22:29:44+00:00\" \/>\n\t\t<meta property=\"article:modified_time\" content=\"2022-03-19T22:29:44+00:00\" \/>\n\t\t<meta name=\"twitter:card\" content=\"summary_large_image\" \/>\n\t\t<meta name=\"twitter:title\" content=\"Forma\u00e7\u00e3o para condutas de Vacina\u00e7\u00e3o de Rotina foi promovida para profissionais de Sa\u00fade da Aten\u00e7\u00e3o B\u00e1sica - News In Foco - Editado por Caio Pimenta\" \/>\n\t\t<meta name=\"twitter:description\" content=\"A Prefeitura de Alagoinhas, por meio da Secretaria Municipal de Sa\u00fade (SESAU), realizou nesta sexta-feira (18) a forma\u00e7\u00e3o da primeira turma de Atualiza\u00e7\u00e3o do Calend\u00e1rio de Vacina\u00e7\u00e3o de Rotina. Foram abordadas as condutas na sala de vacina, mudan\u00e7as no atendimento antirr\u00e1bico humano e tamb\u00e9m a campanha de vacina\u00e7\u00e3o Influenza. Com o intuito de atualizar e\" \/>\n\t\t<script type=\"application\/ld+json\" class=\"aioseo-schema\">\n\t\t\t{\"@context\":\"https:\\\/\\\/schema.org\",\"@graph\":[{\"@type\":\"BlogPosting\",\"@id\":\"https:\\\/\\\/newsinfoco.com.br\\\/inicio\\\/formacao-para-condutas-de-vacinacao-de-rotina-foi-promovida-para-profissionais-de-saude-da-atencao-basica\\\/#blogposting\",\"name\":\"Forma\\u00e7\\u00e3o para condutas de Vacina\\u00e7\\u00e3o de Rotina foi promovida para profissionais de Sa\\u00fade da Aten\\u00e7\\u00e3o B\\u00e1sica - News In Foco - Editado por Caio Pimenta\",\"headline\":\"Forma\\u00e7\\u00e3o para condutas de Vacina\\u00e7\\u00e3o de Rotina foi promovida para profissionais de Sa\\u00fade da Aten\\u00e7\\u00e3o B\\u00e1sica\",\"author\":{\"@id\":\"https:\\\/\\\/newsinfoco.com.br\\\/inicio\\\/author\\\/administrador\\\/#author\"},\"publisher\":{\"@id\":\"https:\\\/\\\/newsinfoco.com.br\\\/inicio\\\/#organization\"},\"image\":{\"@type\":\"ImageObject\",\"url\":\"https:\\\/\\\/newsinfoco.com.br\\\/inicio\\\/wp-content\\\/uploads\\\/2022\\\/03\\\/IMG-20220319-WA0051-1024x768-1.jpg\",\"width\":1024,\"height\":768},\"datePublished\":\"2022-03-19T19:29:44-03:00\",\"dateModified\":\"2022-03-19T19:29:44-03:00\",\"inLanguage\":\"pt-BR\",\"mainEntityOfPage\":{\"@id\":\"https:\\\/\\\/newsinfoco.com.br\\\/inicio\\\/formacao-para-condutas-de-vacinacao-de-rotina-foi-promovida-para-profissionais-de-saude-da-atencao-basica\\\/#webpage\"},\"isPartOf\":{\"@id\":\"https:\\\/\\\/newsinfoco.com.br\\\/inicio\\\/formacao-para-condutas-de-vacinacao-de-rotina-foi-promovida-para-profissionais-de-saude-da-atencao-basica\\\/#webpage\"},\"articleSection\":\"Alagoinhas e Regi\\u00e3o, Manchete\"},{\"@type\":\"BreadcrumbList\",\"@id\":\"https:\\\/\\\/newsinfoco.com.br\\\/inicio\\\/formacao-para-condutas-de-vacinacao-de-rotina-foi-promovida-para-profissionais-de-saude-da-atencao-basica\\\/#breadcrumblist\",\"itemListElement\":[{\"@type\":\"ListItem\",\"@id\":\"https:\\\/\\\/newsinfoco.com.br\\\/inicio#listItem\",\"position\":1,\"name\":\"In\\u00edcio\",\"item\":\"https:\\\/\\\/newsinfoco.com.br\\\/inicio\",\"nextItem\":{\"@type\":\"ListItem\",\"@id\":\"https:\\\/\\\/newsinfoco.com.br\\\/inicio\\\/category\\\/alagoinhas-e-regiao\\\/#listItem\",\"name\":\"Alagoinhas e Regi\\u00e3o\"}},{\"@type\":\"ListItem\",\"@id\":\"https:\\\/\\\/newsinfoco.com.br\\\/inicio\\\/category\\\/alagoinhas-e-regiao\\\/#listItem\",\"position\":2,\"name\":\"Alagoinhas e Regi\\u00e3o\",\"item\":\"https:\\\/\\\/newsinfoco.com.br\\\/inicio\\\/category\\\/alagoinhas-e-regiao\\\/\",\"nextItem\":{\"@type\":\"ListItem\",\"@id\":\"https:\\\/\\\/newsinfoco.com.br\\\/inicio\\\/formacao-para-condutas-de-vacinacao-de-rotina-foi-promovida-para-profissionais-de-saude-da-atencao-basica\\\/#listItem\",\"name\":\"Forma\\u00e7\\u00e3o para condutas de Vacina\\u00e7\\u00e3o de Rotina foi promovida para profissionais de Sa\\u00fade da Aten\\u00e7\\u00e3o B\\u00e1sica\"},\"previousItem\":{\"@type\":\"ListItem\",\"@id\":\"https:\\\/\\\/newsinfoco.com.br\\\/inicio#listItem\",\"name\":\"In\\u00edcio\"}},{\"@type\":\"ListItem\",\"@id\":\"https:\\\/\\\/newsinfoco.com.br\\\/inicio\\\/formacao-para-condutas-de-vacinacao-de-rotina-foi-promovida-para-profissionais-de-saude-da-atencao-basica\\\/#listItem\",\"position\":3,\"name\":\"Forma\\u00e7\\u00e3o para condutas de Vacina\\u00e7\\u00e3o de Rotina foi promovida para profissionais de Sa\\u00fade da Aten\\u00e7\\u00e3o B\\u00e1sica\",\"previousItem\":{\"@type\":\"ListItem\",\"@id\":\"https:\\\/\\\/newsinfoco.com.br\\\/inicio\\\/category\\\/alagoinhas-e-regiao\\\/#listItem\",\"name\":\"Alagoinhas e Regi\\u00e3o\"}}]},{\"@type\":\"Organization\",\"@id\":\"https:\\\/\\\/newsinfoco.com.br\\\/inicio\\\/#organization\",\"name\":\"News In Foco - Editado por Caio Pimenta\",\"description\":\"O principal site de noticias de Alagoinhas e regi\\u00e3o\",\"url\":\"https:\\\/\\\/newsinfoco.com.br\\\/inicio\\\/\"},{\"@type\":\"Person\",\"@id\":\"https:\\\/\\\/newsinfoco.com.br\\\/inicio\\\/author\\\/administrador\\\/#author\",\"url\":\"https:\\\/\\\/newsinfoco.com.br\\\/inicio\\\/author\\\/administrador\\\/\",\"name\":\"administrador\",\"image\":{\"@type\":\"ImageObject\",\"@id\":\"https:\\\/\\\/newsinfoco.com.br\\\/inicio\\\/formacao-para-condutas-de-vacinacao-de-rotina-foi-promovida-para-profissionais-de-saude-da-atencao-basica\\\/#authorImage\",\"url\":\"https:\\\/\\\/secure.gravatar.com\\\/avatar\\\/c17a617433de8c1dc9584bb79aab7563b46f5bb7e1728c9b17d9cc3ce6a08e49?s=96&d=mm&r=g\",\"width\":96,\"height\":96,\"caption\":\"administrador\"}},{\"@type\":\"WebPage\",\"@id\":\"https:\\\/\\\/newsinfoco.com.br\\\/inicio\\\/formacao-para-condutas-de-vacinacao-de-rotina-foi-promovida-para-profissionais-de-saude-da-atencao-basica\\\/#webpage\",\"url\":\"https:\\\/\\\/newsinfoco.com.br\\\/inicio\\\/formacao-para-condutas-de-vacinacao-de-rotina-foi-promovida-para-profissionais-de-saude-da-atencao-basica\\\/\",\"name\":\"Forma\\u00e7\\u00e3o para condutas de Vacina\\u00e7\\u00e3o de Rotina foi promovida para profissionais de Sa\\u00fade da Aten\\u00e7\\u00e3o B\\u00e1sica - News In Foco - Editado por Caio Pimenta\",\"description\":\"A Prefeitura de Alagoinhas, por meio da Secretaria Municipal de Sa\\u00fade (SESAU), realizou nesta sexta-feira (18) a forma\\u00e7\\u00e3o da primeira turma de Atualiza\\u00e7\\u00e3o do Calend\\u00e1rio de Vacina\\u00e7\\u00e3o de Rotina. Foram abordadas as condutas na sala de vacina, mudan\\u00e7as no atendimento antirr\\u00e1bico humano e tamb\\u00e9m a campanha de vacina\\u00e7\\u00e3o Influenza. Com o intuito de atualizar e\",\"inLanguage\":\"pt-BR\",\"isPartOf\":{\"@id\":\"https:\\\/\\\/newsinfoco.com.br\\\/inicio\\\/#website\"},\"breadcrumb\":{\"@id\":\"https:\\\/\\\/newsinfoco.com.br\\\/inicio\\\/formacao-para-condutas-de-vacinacao-de-rotina-foi-promovida-para-profissionais-de-saude-da-atencao-basica\\\/#breadcrumblist\"},\"author\":{\"@id\":\"https:\\\/\\\/newsinfoco.com.br\\\/inicio\\\/author\\\/administrador\\\/#author\"},\"creator\":{\"@id\":\"https:\\\/\\\/newsinfoco.com.br\\\/inicio\\\/author\\\/administrador\\\/#author\"},\"image\":{\"@type\":\"ImageObject\",\"url\":\"https:\\\/\\\/newsinfoco.com.br\\\/inicio\\\/wp-content\\\/uploads\\\/2022\\\/03\\\/IMG-20220319-WA0051-1024x768-1.jpg\",\"@id\":\"https:\\\/\\\/newsinfoco.com.br\\\/inicio\\\/formacao-para-condutas-de-vacinacao-de-rotina-foi-promovida-para-profissionais-de-saude-da-atencao-basica\\\/#mainImage\",\"width\":1024,\"height\":768},\"primaryImageOfPage\":{\"@id\":\"https:\\\/\\\/newsinfoco.com.br\\\/inicio\\\/formacao-para-condutas-de-vacinacao-de-rotina-foi-promovida-para-profissionais-de-saude-da-atencao-basica\\\/#mainImage\"},\"datePublished\":\"2022-03-19T19:29:44-03:00\",\"dateModified\":\"2022-03-19T19:29:44-03:00\"},{\"@type\":\"WebSite\",\"@id\":\"https:\\\/\\\/newsinfoco.com.br\\\/inicio\\\/#website\",\"url\":\"https:\\\/\\\/newsinfoco.com.br\\\/inicio\\\/\",\"name\":\"News In Foco - Editado por Caio Pimenta\",\"description\":\"O principal site de noticias de Alagoinhas e regi\\u00e3o\",\"inLanguage\":\"pt-BR\",\"publisher\":{\"@id\":\"https:\\\/\\\/newsinfoco.com.br\\\/inicio\\\/#organization\"}}]}\n\t\t<\/script>\n\t\t<!-- All in One SEO -->\n\n","aioseo_head_json":{"title":"Forma\u00e7\u00e3o para condutas de Vacina\u00e7\u00e3o de Rotina foi promovida para profissionais de Sa\u00fade da Aten\u00e7\u00e3o B\u00e1sica - News In Foco - Editado por Caio Pimenta","description":"A Prefeitura de Alagoinhas, por meio da Secretaria Municipal de Sa\u00fade (SESAU), realizou nesta sexta-feira (18) a forma\u00e7\u00e3o da primeira turma de Atualiza\u00e7\u00e3o do Calend\u00e1rio de Vacina\u00e7\u00e3o de Rotina. Foram abordadas as condutas na sala de vacina, mudan\u00e7as no atendimento antirr\u00e1bico humano e tamb\u00e9m a campanha de vacina\u00e7\u00e3o Influenza. Com o intuito de atualizar e","canonical_url":"https:\/\/newsinfoco.com.br\/inicio\/formacao-para-condutas-de-vacinacao-de-rotina-foi-promovida-para-profissionais-de-saude-da-atencao-basica\/","robots":"max-image-preview:large","keywords":"","webmasterTools":{"miscellaneous":""},"schema":{"@context":"https:\/\/schema.org","@graph":[{"@type":"BlogPosting","@id":"https:\/\/newsinfoco.com.br\/inicio\/formacao-para-condutas-de-vacinacao-de-rotina-foi-promovida-para-profissionais-de-saude-da-atencao-basica\/#blogposting","name":"Forma\u00e7\u00e3o para condutas de Vacina\u00e7\u00e3o de Rotina foi promovida para profissionais de Sa\u00fade da Aten\u00e7\u00e3o B\u00e1sica - News In Foco - Editado por Caio Pimenta","headline":"Forma\u00e7\u00e3o para condutas de Vacina\u00e7\u00e3o de Rotina foi promovida para profissionais de Sa\u00fade da Aten\u00e7\u00e3o B\u00e1sica","author":{"@id":"https:\/\/newsinfoco.com.br\/inicio\/author\/administrador\/#author"},"publisher":{"@id":"https:\/\/newsinfoco.com.br\/inicio\/#organization"},"image":{"@type":"ImageObject","url":"https:\/\/newsinfoco.com.br\/inicio\/wp-content\/uploads\/2022\/03\/IMG-20220319-WA0051-1024x768-1.jpg","width":1024,"height":768},"datePublished":"2022-03-19T19:29:44-03:00","dateModified":"2022-03-19T19:29:44-03:00","inLanguage":"pt-BR","mainEntityOfPage":{"@id":"https:\/\/newsinfoco.com.br\/inicio\/formacao-para-condutas-de-vacinacao-de-rotina-foi-promovida-para-profissionais-de-saude-da-atencao-basica\/#webpage"},"isPartOf":{"@id":"https:\/\/newsinfoco.com.br\/inicio\/formacao-para-condutas-de-vacinacao-de-rotina-foi-promovida-para-profissionais-de-saude-da-atencao-basica\/#webpage"},"articleSection":"Alagoinhas e Regi\u00e3o, Manchete"},{"@type":"BreadcrumbList","@id":"https:\/\/newsinfoco.com.br\/inicio\/formacao-para-condutas-de-vacinacao-de-rotina-foi-promovida-para-profissionais-de-saude-da-atencao-basica\/#breadcrumblist","itemListElement":[{"@type":"ListItem","@id":"https:\/\/newsinfoco.com.br\/inicio#listItem","position":1,"name":"In\u00edcio","item":"https:\/\/newsinfoco.com.br\/inicio","nextItem":{"@type":"ListItem","@id":"https:\/\/newsinfoco.com.br\/inicio\/category\/alagoinhas-e-regiao\/#listItem","name":"Alagoinhas e Regi\u00e3o"}},{"@type":"ListItem","@id":"https:\/\/newsinfoco.com.br\/inicio\/category\/alagoinhas-e-regiao\/#listItem","position":2,"name":"Alagoinhas e Regi\u00e3o","item":"https:\/\/newsinfoco.com.br\/inicio\/category\/alagoinhas-e-regiao\/","nextItem":{"@type":"ListItem","@id":"https:\/\/newsinfoco.com.br\/inicio\/formacao-para-condutas-de-vacinacao-de-rotina-foi-promovida-para-profissionais-de-saude-da-atencao-basica\/#listItem","name":"Forma\u00e7\u00e3o para condutas de Vacina\u00e7\u00e3o de Rotina foi promovida para profissionais de Sa\u00fade da Aten\u00e7\u00e3o B\u00e1sica"},"previousItem":{"@type":"ListItem","@id":"https:\/\/newsinfoco.com.br\/inicio#listItem","name":"In\u00edcio"}},{"@type":"ListItem","@id":"https:\/\/newsinfoco.com.br\/inicio\/formacao-para-condutas-de-vacinacao-de-rotina-foi-promovida-para-profissionais-de-saude-da-atencao-basica\/#listItem","position":3,"name":"Forma\u00e7\u00e3o para condutas de Vacina\u00e7\u00e3o de Rotina foi promovida para profissionais de Sa\u00fade da Aten\u00e7\u00e3o B\u00e1sica","previousItem":{"@type":"ListItem","@id":"https:\/\/newsinfoco.com.br\/inicio\/category\/alagoinhas-e-regiao\/#listItem","name":"Alagoinhas e Regi\u00e3o"}}]},{"@type":"Organization","@id":"https:\/\/newsinfoco.com.br\/inicio\/#organization","name":"News In Foco - Editado por Caio Pimenta","description":"O principal site de noticias de Alagoinhas e regi\u00e3o","url":"https:\/\/newsinfoco.com.br\/inicio\/"},{"@type":"Person","@id":"https:\/\/newsinfoco.com.br\/inicio\/author\/administrador\/#author","url":"https:\/\/newsinfoco.com.br\/inicio\/author\/administrador\/","name":"administrador","image":{"@type":"ImageObject","@id":"https:\/\/newsinfoco.com.br\/inicio\/formacao-para-condutas-de-vacinacao-de-rotina-foi-promovida-para-profissionais-de-saude-da-atencao-basica\/#authorImage","url":"https:\/\/secure.gravatar.com\/avatar\/c17a617433de8c1dc9584bb79aab7563b46f5bb7e1728c9b17d9cc3ce6a08e49?s=96&d=mm&r=g","width":96,"height":96,"caption":"administrador"}},{"@type":"WebPage","@id":"https:\/\/newsinfoco.com.br\/inicio\/formacao-para-condutas-de-vacinacao-de-rotina-foi-promovida-para-profissionais-de-saude-da-atencao-basica\/#webpage","url":"https:\/\/newsinfoco.com.br\/inicio\/formacao-para-condutas-de-vacinacao-de-rotina-foi-promovida-para-profissionais-de-saude-da-atencao-basica\/","name":"Forma\u00e7\u00e3o para condutas de Vacina\u00e7\u00e3o de Rotina foi promovida para profissionais de Sa\u00fade da Aten\u00e7\u00e3o B\u00e1sica - News In Foco - Editado por Caio Pimenta","description":"A Prefeitura de Alagoinhas, por meio da Secretaria Municipal de Sa\u00fade (SESAU), realizou nesta sexta-feira (18) a forma\u00e7\u00e3o da primeira turma de Atualiza\u00e7\u00e3o do Calend\u00e1rio de Vacina\u00e7\u00e3o de Rotina. Foram abordadas as condutas na sala de vacina, mudan\u00e7as no atendimento antirr\u00e1bico humano e tamb\u00e9m a campanha de vacina\u00e7\u00e3o Influenza. Com o intuito de atualizar e","inLanguage":"pt-BR","isPartOf":{"@id":"https:\/\/newsinfoco.com.br\/inicio\/#website"},"breadcrumb":{"@id":"https:\/\/newsinfoco.com.br\/inicio\/formacao-para-condutas-de-vacinacao-de-rotina-foi-promovida-para-profissionais-de-saude-da-atencao-basica\/#breadcrumblist"},"author":{"@id":"https:\/\/newsinfoco.com.br\/inicio\/author\/administrador\/#author"},"creator":{"@id":"https:\/\/newsinfoco.com.br\/inicio\/author\/administrador\/#author"},"image":{"@type":"ImageObject","url":"https:\/\/newsinfoco.com.br\/inicio\/wp-content\/uploads\/2022\/03\/IMG-20220319-WA0051-1024x768-1.jpg","@id":"https:\/\/newsinfoco.com.br\/inicio\/formacao-para-condutas-de-vacinacao-de-rotina-foi-promovida-para-profissionais-de-saude-da-atencao-basica\/#mainImage","width":1024,"height":768},"primaryImageOfPage":{"@id":"https:\/\/newsinfoco.com.br\/inicio\/formacao-para-condutas-de-vacinacao-de-rotina-foi-promovida-para-profissionais-de-saude-da-atencao-basica\/#mainImage"},"datePublished":"2022-03-19T19:29:44-03:00","dateModified":"2022-03-19T19:29:44-03:00"},{"@type":"WebSite","@id":"https:\/\/newsinfoco.com.br\/inicio\/#website","url":"https:\/\/newsinfoco.com.br\/inicio\/","name":"News In Foco - Editado por Caio Pimenta","description":"O principal site de noticias de Alagoinhas e regi\u00e3o","inLanguage":"pt-BR","publisher":{"@id":"https:\/\/newsinfoco.com.br\/inicio\/#organization"}}]},"og:locale":"pt_BR","og:site_name":"News In Foco - Editado por Caio Pimenta - O principal site de noticias de Alagoinhas e regi\u00e3o","og:type":"article","og:title":"Forma\u00e7\u00e3o para condutas de Vacina\u00e7\u00e3o de Rotina foi promovida para profissionais de Sa\u00fade da Aten\u00e7\u00e3o B\u00e1sica - News In Foco - Editado por Caio Pimenta","og:description":"A Prefeitura de Alagoinhas, por meio da Secretaria Municipal de Sa\u00fade (SESAU), realizou nesta sexta-feira (18) a forma\u00e7\u00e3o da primeira turma de Atualiza\u00e7\u00e3o do Calend\u00e1rio de Vacina\u00e7\u00e3o de Rotina. Foram abordadas as condutas na sala de vacina, mudan\u00e7as no atendimento antirr\u00e1bico humano e tamb\u00e9m a campanha de vacina\u00e7\u00e3o Influenza. Com o intuito de atualizar e","og:url":"https:\/\/newsinfoco.com.br\/inicio\/formacao-para-condutas-de-vacinacao-de-rotina-foi-promovida-para-profissionais-de-saude-da-atencao-basica\/","article:published_time":"2022-03-19T22:29:44+00:00","article:modified_time":"2022-03-19T22:29:44+00:00","twitter:card":"summary_large_image","twitter:title":"Forma\u00e7\u00e3o para condutas de Vacina\u00e7\u00e3o de Rotina foi promovida para profissionais de Sa\u00fade da Aten\u00e7\u00e3o B\u00e1sica - News In Foco - Editado por Caio Pimenta","twitter:description":"A Prefeitura de Alagoinhas, por meio da Secretaria Municipal de Sa\u00fade (SESAU), realizou nesta sexta-feira (18) a forma\u00e7\u00e3o da primeira turma de Atualiza\u00e7\u00e3o do Calend\u00e1rio de Vacina\u00e7\u00e3o de Rotina. Foram abordadas as condutas na sala de vacina, mudan\u00e7as no atendimento antirr\u00e1bico humano e tamb\u00e9m a campanha de vacina\u00e7\u00e3o Influenza. Com o intuito de atualizar e"},"aioseo_meta_data":{"post_id":"29402","title":null,"description":null,"keywords":null,"keyphrases":null,"primary_term":null,"canonical_url":null,"og_title":null,"og_description":null,"og_object_type":"default","og_image_type":"default","og_image_url":null,"og_image_width":null,"og_image_height":null,"og_image_custom_url":null,"og_image_custom_fields":null,"og_video":null,"og_custom_url":null,"og_article_section":null,"og_article_tags":null,"twitter_use_og":false,"twitter_card":"default","twitter_image_type":"default","twitter_image_url":null,"twitter_image_custom_url":null,"twitter_image_custom_fields":null,"twitter_title":null,"twitter_description":null,"schema":{"blockGraphs":[],"customGraphs":[],"default":{"data":{"Article":[],"Course":[],"Dataset":[],"FAQPage":[],"Movie":[],"Person":[],"Product":[],"ProductReview":[],"Car":[],"Recipe":[],"Service":[],"SoftwareApplication":[],"WebPage":[]},"graphName":"","isEnabled":true},"graphs":[]},"schema_type":"default","schema_type_options":null,"pillar_content":false,"robots_default":true,"robots_noindex":false,"robots_noarchive":false,"robots_nosnippet":false,"robots_nofollow":false,"robots_noimageindex":false,"robots_noodp":false,"robots_notranslate":false,"robots_max_snippet":null,"robots_max_videopreview":null,"robots_max_imagepreview":"large","priority":null,"frequency":null,"local_seo":null,"breadcrumb_settings":null,"limit_modified_date":false,"ai":null,"created":"2023-06-12 21:00:30","updated":"2025-07-11 07:13:58","seo_analyzer_scan_date":null},"aioseo_breadcrumb":"<div class=\"aioseo-breadcrumbs\"><span class=\"aioseo-breadcrumb\">\n\t\t\t<a href=\"https:\/\/newsinfoco.com.br\/inicio\" title=\"In\u00edcio\">In\u00edcio<\/a>\n\t\t<\/span><span class=\"aioseo-breadcrumb-separator\">&raquo;<\/span><span class=\"aioseo-breadcrumb\">\n\t\t\t<a href=\"https:\/\/newsinfoco.com.br\/inicio\/category\/alagoinhas-e-regiao\/\" title=\"Alagoinhas e Regi\u00e3o\">Alagoinhas e Regi\u00e3o<\/a>\n\t\t<\/span><span class=\"aioseo-breadcrumb-separator\">&raquo;<\/span><span class=\"aioseo-breadcrumb\">\n\t\t\tForma\u00e7\u00e3o para condutas de Vacina\u00e7\u00e3o de Rotina foi promovida para profissionais de Sa\u00fade da Aten\u00e7\u00e3o B\u00e1sica\n\t\t<\/span><\/div>","aioseo_breadcrumb_json":[{"label":"In\u00edcio","link":"https:\/\/newsinfoco.com.br\/inicio"},{"label":"Alagoinhas e Regi\u00e3o","link":"https:\/\/newsinfoco.com.br\/inicio\/category\/alagoinhas-e-regiao\/"},{"label":"Forma\u00e7\u00e3o para condutas de Vacina\u00e7\u00e3o de Rotina foi promovida para profissionais de Sa\u00fade da Aten\u00e7\u00e3o B\u00e1sica","link":"https:\/\/newsinfoco.com.br\/inicio\/formacao-para-condutas-de-vacinacao-de-rotina-foi-promovida-para-profissionais-de-saude-da-atencao-basica\/"}],"_links":{"self":[{"href":"https:\/\/newsinfoco.com.br\/inicio\/wp-json\/wp\/v2\/posts\/29402","targetHints":{"allow":["GET"]}}],"collection":[{"href":"https:\/\/newsinfoco.com.br\/inicio\/wp-json\/wp\/v2\/posts"}],"about":[{"href":"https:\/\/newsinfoco.com.br\/inicio\/wp-json\/wp\/v2\/types\/post"}],"author":[{"embeddable":true,"href":"https:\/\/newsinfoco.com.br\/inicio\/wp-json\/wp\/v2\/users\/1"}],"replies":[{"embeddable":true,"href":"https:\/\/newsinfoco.com.br\/inicio\/wp-json\/wp\/v2\/comments?post=29402"}],"version-history":[{"count":1,"href":"https:\/\/newsinfoco.com.br\/inicio\/wp-json\/wp\/v2\/posts\/29402\/revisions"}],"predecessor-version":[{"id":29404,"href":"https:\/\/newsinfoco.com.br\/inicio\/wp-json\/wp\/v2\/posts\/29402\/revisions\/29404"}],"wp:featuredmedia":[{"embeddable":true,"href":"https:\/\/newsinfoco.com.br\/inicio\/wp-json\/wp\/v2\/media\/29403"}],"wp:attachment":[{"href":"https:\/\/newsinfoco.com.br\/inicio\/wp-json\/wp\/v2\/media?parent=29402"}],"wp:term":[{"taxonomy":"category","embeddable":true,"href":"https:\/\/newsinfoco.com.br\/inicio\/wp-json\/wp\/v2\/categories?post=29402"},{"taxonomy":"post_tag","embeddable":true,"href":"https:\/\/newsinfoco.com.br\/inicio\/wp-json\/wp\/v2\/tags?post=29402"}],"curies":[{"name":"wp","href":"https:\/\/api.w.org\/{rel}","templated":true}]}}