{"id":29412,"date":"2022-03-19T19:36:28","date_gmt":"2022-03-19T22:36:28","guid":{"rendered":"https:\/\/newsinfoco.com.br\/inicio\/?p=29412"},"modified":"2022-03-19T19:36:28","modified_gmt":"2022-03-19T22:36:28","slug":"governo-quer-acabar-com-contribuicao-unica-na-aposentadoria-do-inss","status":"publish","type":"post","link":"https:\/\/newsinfoco.com.br\/inicio\/governo-quer-acabar-com-contribuicao-unica-na-aposentadoria-do-inss\/","title":{"rendered":"Governo quer acabar com contribui\u00e7\u00e3o \u00fanica na aposentadoria do INSS"},"content":{"rendered":"<p>O governo federal trabalha, no Congresso, para derrubar uma brecha legal aprovada na reforma da Previd\u00eancia de 2019: a possibilidade de usar uma \u00fanica contribui\u00e7\u00e3o, em valor alto, no c\u00e1lculo da aposentadoria do INSS (Instituto Nacional do Seguro Social) e se aposentar com um benef\u00edcio maior.<\/p>\n<p>O fim da chamada aposentadoria com contribui\u00e7\u00e3o \u00fanica est\u00e1 no projeto de lei 4.491\/2021, aprovado pela C\u00e2mara na ter\u00e7a-feira (15). De autoria do senador S\u00e9rgio Petec\u00e3o (PSD\/AC), a proposta resolve um impasse nacional sobre as per\u00edcias m\u00e9dicas do INSS na Justi\u00e7a, paradas por falta de pagamento.<\/p>\n<p>Desde setembro do ano passado, o Executivo deixou de custear os exames periciais nos processos contra o INSS na Justi\u00e7a Federal, conforme determina a lei 13.876, de 2019. Com isso, muitas a\u00e7\u00f5es que pedem concess\u00e3o ou revis\u00e3o de benef\u00edcios por incapacidade est\u00e3o paradas.<\/p>\n<p>O projeto aprovado pelo Senado prorrogava a vig\u00eancia da lei 3.876, determinando que o governo federal deveria custear as per\u00edcias at\u00e9 o dia 31 de dezembro de 2024. Na C\u00e2mara, por\u00e9m, a proposta sofreu modifica\u00e7\u00f5es. Os deputados aprovaram pagamento de per\u00edcia por parte do segurado que perder a a\u00e7\u00e3o na Justi\u00e7a contra o INSS e inclu\u00edram o \u201cjabuti\u201d contra a contribui\u00e7\u00e3o \u00fanica na lei. Com isso, o projeto volta para o Senado.<\/p>\n<p>Segundo o artigo 135-A inclu\u00eddo no projeto de lei, haver\u00e1 divisor m\u00ednimo de 108 meses no c\u00e1lculo da a aposentadoria dos segurados filiados \u00e0 Previd\u00eancia Social at\u00e9 julho de 1994. A regra n\u00e3o valer\u00e1 para a a aposentadoria por incapacidade permanente, antiga aposentadoria por invalidez.<\/p>\n<p>\u201cPara o segurado filiado \u00e0 Previd\u00eancia Social at\u00e9 julho de 1994, no c\u00e1lculo do sal\u00e1rio de benef\u00edcio das aposentadorias, exceto a aposentadoria por incapacidade permanente, o divisor considerado no c\u00e1lculo da m\u00e9dia dos sal\u00e1rios de contribui\u00e7\u00e3o n\u00e3o poder\u00e1 ser inferior a 108 (cento e oito) meses\u201d, diz o artigo.<\/p>\n<p>De acordo com o advogado R\u00f4mulo Saraiva, especialista em Previd\u00eancia e colunista da Folha, o discurso do governo \u00e9 de que a brecha da contribui\u00e7\u00e3o \u00fanica seria uma \u201cinven\u00e7\u00e3o\u201d dos advogados para poder burlar o sistema. \u201cNa realidade, existe uma literalidade da pr\u00f3pria emenda 103, houve uma t\u00e9cnica, uma reda\u00e7\u00e3o. Eles [legisladores] colocaram essa responsabilidade nos advogados, mas o texto da emenda 103 \u00e9 de uma clareza significativa. Agora, querem fazer esse \u2018rem\u00e9dio\u2019 por meio desse projeto de lei\u201d, diz.<\/p>\n<p>Roberto de Carvalho Santos, presidente do Ieprev (Instituto de Estudos Previdenci\u00e1rios), explica que o que vai ocorrer \u00e9 a volta do divisor m\u00ednimo, que at\u00e9 13 de novembro de 2019 era utilizado no c\u00e1lculo de quem tinha poucos pagamentos a partir de julho de 1994. \u201cN\u00e3o se trata de algo ilegal [o uso da contribui\u00e7\u00e3o \u00fanica], mas n\u00e3o \u00e9 algo que d\u00ea sustentabilidade para o sistema\u201d, afirma o advogado, sobre o projeto atual.<\/p>\n<p>O divisor considerava a quantidade de meses existentes entre julho de 1994 e a data do pedido da aposentadoria. Quem tinha poucos pagamentos em reais poderia acabar recebendo o sal\u00e1rio m\u00ednimo. Para Adriane Bramante, presidente do IBDP (Instituto Brasileiro de Direito Previdenci\u00e1rio), a contribui\u00e7\u00e3o \u00fanica foi um erro da emenda 103. \u201cN\u00e3o tem nada ilegal, est\u00e1 l\u00e1, na lei, mas fere a quest\u00e3o da solidariedade. N\u00e3o d\u00e1 para a gente defender que a contribui\u00e7\u00e3o \u00fanica estaria certa\u201d, diz.<\/p>\n<p><strong>Como funciona a contribui\u00e7\u00e3o \u00fanica?<\/strong><\/p>\n<p>A reforma da Previd\u00eancia de 2019 criou a possibilidade de o trabalhador descartar, no c\u00e1lculo da aposentadoria, quantas contribui\u00e7\u00f5es sejam necess\u00e1rias para a amplia\u00e7\u00e3o da m\u00e9dia salarial sobre a qual o benef\u00edcio ser\u00e1 calculado. Isso s\u00f3 ocorre, por\u00e9m, se o segurado tiver o n\u00famero m\u00ednimo de pagamentos exigidos para pedir o benef\u00edcio, que \u00e9 de 180 contribui\u00e7\u00f5es, e desde que as contribui\u00e7\u00f5es descartadas n\u00e3o sejam utilizadas nem no INSS nem em outro regime previdenci\u00e1rio.<\/p>\n<p>Desde abril do ano passado, nota t\u00e9cnica do INSS orienta que n\u00e3o sejam concedidas aposentadorias utilizando a regra da contribui\u00e7\u00e3o m\u00ednima, que consta na lei. No documento interno, o \u00f3rg\u00e3o recomenda a suspens\u00e3o dos benef\u00edcios at\u00e9 que haja manifesta\u00e7\u00e3o da procuradoria federal. Na \u00e9poca, o instituto afirmou na nota que a concess\u00e3o de benef\u00edcios nessas circunst\u00e2ncias viola princ\u00edpios do equil\u00edbrio financeiro e atuarial do sistema previdenci\u00e1rio, caracterizando abuso de direito e enriquecimento sem causa.<\/p>\n<p>Para os especialistas, por\u00e9m, a lei deve ser respeitada at\u00e9 que seja modificada. \u201cEnquanto o projeto de lei n\u00e3o passar a ter sua vig\u00eancia \u2013ele precisa ser ratificado no Senado e precisa efetivamente adentrar no mundo jur\u00eddico\u2013 existe a possibilidade de as pessoas pagarem suas contribui\u00e7\u00f5es e ter oportunidade de se aposentar com essa regra\u201d, afirma Saraiva.<\/p>\n<p>\u201cO INSS demonstrou, com a nota t\u00e9cnica, que n\u00e3o estaria respeitando essa \u2018brecha\u2019. A recomenda\u00e7\u00e3o \u00e9 que a pessoa pague, se quiser, valor maior, pe\u00e7a o benef\u00edcio, o INSS certamente vai conceder um valor menor e, posteriormente, busque uma revis\u00e3o por ter exercido seu direito na vig\u00eancia da lei\u201d, orienta.<\/p>\n<p><strong>Quem pode se aposentar com a regra<\/strong><\/p>\n<p>Um exemplo de aposentadoria com uma \u00fanica contribui\u00e7\u00e3o seria a do trabalhador que tenha completado 15 anos de contribui\u00e7\u00e3o antes de julho de 1994 e atualmente j\u00e1 tenha atingido a idade m\u00ednima exigida. Se ele tiver mais seis contribui\u00e7\u00f5es pagas em reais, com valores menores, e uma contribui\u00e7\u00e3o pelo teto do INSS (R$ 6.433,57 em 2021), poderia descartar esses seis pagamentos e usar como refer\u00eancia para o c\u00e1lculo s\u00f3 a contribui\u00e7\u00e3o pelo teto.<\/p>\n<p>O perfil que se encaixa seria de segurados que recolheram contribui\u00e7\u00f5es antes de julho de 1994, j\u00e1 t\u00eam os 15 anos de car\u00eancia e n\u00e3o t\u00eam muitos pagamentos depois do in\u00edcio do Plano Real.<\/p>\n<p>&nbsp;<\/p>\n<p><span class=\"assinatura_exclusiva\">Cristiane Gercina \/ Folhapress<\/span><\/p>\n<div class='share-to-whatsapp-wrapper'><div class='share-on-whsp'>Share on: <\/div><a data-text='Governo quer acabar com contribui\u00e7\u00e3o \u00fanica na aposentadoria do INSS' data-link='https:\/\/newsinfoco.com.br\/inicio\/governo-quer-acabar-com-contribuicao-unica-na-aposentadoria-do-inss\/' class='whatsapp-button whatsapp-share'>WhatsApp<\/a><div class='clear '><\/div><\/div>","protected":false},"excerpt":{"rendered":"<p>O governo federal trabalha, no Congresso, para derrubar uma brecha legal aprovada na reforma da Previd\u00eancia de 2019: a possibilidade de usar uma \u00fanica contribui\u00e7\u00e3o, em valor alto, no c\u00e1lculo da aposentadoria do INSS (Instituto Nacional do Seguro Social) e se aposentar com um benef\u00edcio maior. O fim da chamada aposentadoria com contribui\u00e7\u00e3o \u00fanica est\u00e1 [&hellip;]<\/p>\n","protected":false},"author":1,"featured_media":3534,"comment_status":"closed","ping_status":"closed","sticky":false,"template":"","format":"standard","meta":{"om_disable_all_campaigns":false,"rop_custom_images_group":[],"rop_custom_messages_group":[],"rop_publish_now":"initial","rop_publish_now_accounts":[],"rop_publish_now_history":[],"rop_publish_now_status":"pending","_exactmetrics_skip_tracking":false,"footnotes":""},"categories":[21],"tags":[],"class_list":["post-29412","post","type-post","status-publish","format-standard","has-post-thumbnail","hentry","category-brasil"],"aioseo_notices":[],"aioseo_head":"\n\t\t<!-- All in One SEO 4.9.10 - aioseo.com -->\n\t<meta name=\"description\" content=\"O governo federal trabalha, no Congresso, para derrubar uma brecha legal aprovada na reforma da Previd\u00eancia de 2019: a possibilidade de usar uma \u00fanica contribui\u00e7\u00e3o, em valor alto, no c\u00e1lculo da aposentadoria do INSS (Instituto Nacional do Seguro Social) e se aposentar com um benef\u00edcio maior. O fim da chamada aposentadoria com contribui\u00e7\u00e3o \u00fanica est\u00e1\" \/>\n\t<meta name=\"robots\" content=\"max-image-preview:large\" \/>\n\t<meta name=\"author\" content=\"administrador\"\/>\n\t<link rel=\"canonical\" href=\"https:\/\/newsinfoco.com.br\/inicio\/governo-quer-acabar-com-contribuicao-unica-na-aposentadoria-do-inss\/\" \/>\n\t<meta name=\"generator\" content=\"All in One SEO (AIOSEO) 4.9.10\" \/>\n\t\t<meta property=\"og:locale\" content=\"pt_BR\" \/>\n\t\t<meta property=\"og:site_name\" content=\"News In Foco - Editado por Caio Pimenta - O principal site de noticias de Alagoinhas e regi\u00e3o\" \/>\n\t\t<meta property=\"og:type\" content=\"article\" \/>\n\t\t<meta property=\"og:title\" content=\"Governo quer acabar com contribui\u00e7\u00e3o \u00fanica na aposentadoria do INSS - News In Foco - Editado por Caio Pimenta\" \/>\n\t\t<meta property=\"og:description\" content=\"O governo federal trabalha, no Congresso, para derrubar uma brecha legal aprovada na reforma da Previd\u00eancia de 2019: a possibilidade de usar uma \u00fanica contribui\u00e7\u00e3o, em valor alto, no c\u00e1lculo da aposentadoria do INSS (Instituto Nacional do Seguro Social) e se aposentar com um benef\u00edcio maior. O fim da chamada aposentadoria com contribui\u00e7\u00e3o \u00fanica est\u00e1\" \/>\n\t\t<meta property=\"og:url\" content=\"https:\/\/newsinfoco.com.br\/inicio\/governo-quer-acabar-com-contribuicao-unica-na-aposentadoria-do-inss\/\" \/>\n\t\t<meta property=\"article:published_time\" content=\"2022-03-19T22:36:28+00:00\" \/>\n\t\t<meta property=\"article:modified_time\" content=\"2022-03-19T22:36:28+00:00\" \/>\n\t\t<meta name=\"twitter:card\" content=\"summary_large_image\" \/>\n\t\t<meta name=\"twitter:title\" content=\"Governo quer acabar com contribui\u00e7\u00e3o \u00fanica na aposentadoria do INSS - News In Foco - Editado por Caio Pimenta\" \/>\n\t\t<meta name=\"twitter:description\" content=\"O governo federal trabalha, no Congresso, para derrubar uma brecha legal aprovada na reforma da Previd\u00eancia de 2019: a possibilidade de usar uma \u00fanica contribui\u00e7\u00e3o, em valor alto, no c\u00e1lculo da aposentadoria do INSS (Instituto Nacional do Seguro Social) e se aposentar com um benef\u00edcio maior. O fim da chamada aposentadoria com contribui\u00e7\u00e3o \u00fanica est\u00e1\" \/>\n\t\t<script type=\"application\/ld+json\" class=\"aioseo-schema\">\n\t\t\t{\"@context\":\"https:\\\/\\\/schema.org\",\"@graph\":[{\"@type\":\"BlogPosting\",\"@id\":\"https:\\\/\\\/newsinfoco.com.br\\\/inicio\\\/governo-quer-acabar-com-contribuicao-unica-na-aposentadoria-do-inss\\\/#blogposting\",\"name\":\"Governo quer acabar com contribui\\u00e7\\u00e3o \\u00fanica na aposentadoria do INSS - News In Foco - Editado por Caio Pimenta\",\"headline\":\"Governo quer acabar com contribui\\u00e7\\u00e3o \\u00fanica na aposentadoria do INSS\",\"author\":{\"@id\":\"https:\\\/\\\/newsinfoco.com.br\\\/inicio\\\/author\\\/administrador\\\/#author\"},\"publisher\":{\"@id\":\"https:\\\/\\\/newsinfoco.com.br\\\/inicio\\\/#organization\"},\"image\":{\"@type\":\"ImageObject\",\"url\":\"https:\\\/\\\/newsinfoco.com.br\\\/inicio\\\/wp-content\\\/uploads\\\/2018\\\/05\\\/previdencia-aposentadoria-24042018133306693.jpeg\",\"width\":460,\"height\":305},\"datePublished\":\"2022-03-19T19:36:28-03:00\",\"dateModified\":\"2022-03-19T19:36:28-03:00\",\"inLanguage\":\"pt-BR\",\"mainEntityOfPage\":{\"@id\":\"https:\\\/\\\/newsinfoco.com.br\\\/inicio\\\/governo-quer-acabar-com-contribuicao-unica-na-aposentadoria-do-inss\\\/#webpage\"},\"isPartOf\":{\"@id\":\"https:\\\/\\\/newsinfoco.com.br\\\/inicio\\\/governo-quer-acabar-com-contribuicao-unica-na-aposentadoria-do-inss\\\/#webpage\"},\"articleSection\":\"Brasil\"},{\"@type\":\"BreadcrumbList\",\"@id\":\"https:\\\/\\\/newsinfoco.com.br\\\/inicio\\\/governo-quer-acabar-com-contribuicao-unica-na-aposentadoria-do-inss\\\/#breadcrumblist\",\"itemListElement\":[{\"@type\":\"ListItem\",\"@id\":\"https:\\\/\\\/newsinfoco.com.br\\\/inicio#listItem\",\"position\":1,\"name\":\"In\\u00edcio\",\"item\":\"https:\\\/\\\/newsinfoco.com.br\\\/inicio\",\"nextItem\":{\"@type\":\"ListItem\",\"@id\":\"https:\\\/\\\/newsinfoco.com.br\\\/inicio\\\/category\\\/brasil\\\/#listItem\",\"name\":\"Brasil\"}},{\"@type\":\"ListItem\",\"@id\":\"https:\\\/\\\/newsinfoco.com.br\\\/inicio\\\/category\\\/brasil\\\/#listItem\",\"position\":2,\"name\":\"Brasil\",\"item\":\"https:\\\/\\\/newsinfoco.com.br\\\/inicio\\\/category\\\/brasil\\\/\",\"nextItem\":{\"@type\":\"ListItem\",\"@id\":\"https:\\\/\\\/newsinfoco.com.br\\\/inicio\\\/governo-quer-acabar-com-contribuicao-unica-na-aposentadoria-do-inss\\\/#listItem\",\"name\":\"Governo quer acabar com contribui\\u00e7\\u00e3o \\u00fanica na aposentadoria do INSS\"},\"previousItem\":{\"@type\":\"ListItem\",\"@id\":\"https:\\\/\\\/newsinfoco.com.br\\\/inicio#listItem\",\"name\":\"In\\u00edcio\"}},{\"@type\":\"ListItem\",\"@id\":\"https:\\\/\\\/newsinfoco.com.br\\\/inicio\\\/governo-quer-acabar-com-contribuicao-unica-na-aposentadoria-do-inss\\\/#listItem\",\"position\":3,\"name\":\"Governo quer acabar com contribui\\u00e7\\u00e3o \\u00fanica na aposentadoria do INSS\",\"previousItem\":{\"@type\":\"ListItem\",\"@id\":\"https:\\\/\\\/newsinfoco.com.br\\\/inicio\\\/category\\\/brasil\\\/#listItem\",\"name\":\"Brasil\"}}]},{\"@type\":\"Organization\",\"@id\":\"https:\\\/\\\/newsinfoco.com.br\\\/inicio\\\/#organization\",\"name\":\"News In Foco - Editado por Caio Pimenta\",\"description\":\"O principal site de noticias de Alagoinhas e regi\\u00e3o\",\"url\":\"https:\\\/\\\/newsinfoco.com.br\\\/inicio\\\/\"},{\"@type\":\"Person\",\"@id\":\"https:\\\/\\\/newsinfoco.com.br\\\/inicio\\\/author\\\/administrador\\\/#author\",\"url\":\"https:\\\/\\\/newsinfoco.com.br\\\/inicio\\\/author\\\/administrador\\\/\",\"name\":\"administrador\",\"image\":{\"@type\":\"ImageObject\",\"@id\":\"https:\\\/\\\/newsinfoco.com.br\\\/inicio\\\/governo-quer-acabar-com-contribuicao-unica-na-aposentadoria-do-inss\\\/#authorImage\",\"url\":\"https:\\\/\\\/secure.gravatar.com\\\/avatar\\\/c17a617433de8c1dc9584bb79aab7563b46f5bb7e1728c9b17d9cc3ce6a08e49?s=96&d=mm&r=g\",\"width\":96,\"height\":96,\"caption\":\"administrador\"}},{\"@type\":\"WebPage\",\"@id\":\"https:\\\/\\\/newsinfoco.com.br\\\/inicio\\\/governo-quer-acabar-com-contribuicao-unica-na-aposentadoria-do-inss\\\/#webpage\",\"url\":\"https:\\\/\\\/newsinfoco.com.br\\\/inicio\\\/governo-quer-acabar-com-contribuicao-unica-na-aposentadoria-do-inss\\\/\",\"name\":\"Governo quer acabar com contribui\\u00e7\\u00e3o \\u00fanica na aposentadoria do INSS - News In Foco - Editado por Caio Pimenta\",\"description\":\"O governo federal trabalha, no Congresso, para derrubar uma brecha legal aprovada na reforma da Previd\\u00eancia de 2019: a possibilidade de usar uma \\u00fanica contribui\\u00e7\\u00e3o, em valor alto, no c\\u00e1lculo da aposentadoria do INSS (Instituto Nacional do Seguro Social) e se aposentar com um benef\\u00edcio maior. O fim da chamada aposentadoria com contribui\\u00e7\\u00e3o \\u00fanica est\\u00e1\",\"inLanguage\":\"pt-BR\",\"isPartOf\":{\"@id\":\"https:\\\/\\\/newsinfoco.com.br\\\/inicio\\\/#website\"},\"breadcrumb\":{\"@id\":\"https:\\\/\\\/newsinfoco.com.br\\\/inicio\\\/governo-quer-acabar-com-contribuicao-unica-na-aposentadoria-do-inss\\\/#breadcrumblist\"},\"author\":{\"@id\":\"https:\\\/\\\/newsinfoco.com.br\\\/inicio\\\/author\\\/administrador\\\/#author\"},\"creator\":{\"@id\":\"https:\\\/\\\/newsinfoco.com.br\\\/inicio\\\/author\\\/administrador\\\/#author\"},\"image\":{\"@type\":\"ImageObject\",\"url\":\"https:\\\/\\\/newsinfoco.com.br\\\/inicio\\\/wp-content\\\/uploads\\\/2018\\\/05\\\/previdencia-aposentadoria-24042018133306693.jpeg\",\"@id\":\"https:\\\/\\\/newsinfoco.com.br\\\/inicio\\\/governo-quer-acabar-com-contribuicao-unica-na-aposentadoria-do-inss\\\/#mainImage\",\"width\":460,\"height\":305},\"primaryImageOfPage\":{\"@id\":\"https:\\\/\\\/newsinfoco.com.br\\\/inicio\\\/governo-quer-acabar-com-contribuicao-unica-na-aposentadoria-do-inss\\\/#mainImage\"},\"datePublished\":\"2022-03-19T19:36:28-03:00\",\"dateModified\":\"2022-03-19T19:36:28-03:00\"},{\"@type\":\"WebSite\",\"@id\":\"https:\\\/\\\/newsinfoco.com.br\\\/inicio\\\/#website\",\"url\":\"https:\\\/\\\/newsinfoco.com.br\\\/inicio\\\/\",\"name\":\"News In Foco - Editado por Caio Pimenta\",\"description\":\"O principal site de noticias de Alagoinhas e regi\\u00e3o\",\"inLanguage\":\"pt-BR\",\"publisher\":{\"@id\":\"https:\\\/\\\/newsinfoco.com.br\\\/inicio\\\/#organization\"}}]}\n\t\t<\/script>\n\t\t<!-- All in One SEO -->\n\n","aioseo_head_json":{"title":"Governo quer acabar com contribui\u00e7\u00e3o \u00fanica na aposentadoria do INSS - News In Foco - Editado por Caio Pimenta","description":"O governo federal trabalha, no Congresso, para derrubar uma brecha legal aprovada na reforma da Previd\u00eancia de 2019: a possibilidade de usar uma \u00fanica contribui\u00e7\u00e3o, em valor alto, no c\u00e1lculo da aposentadoria do INSS (Instituto Nacional do Seguro Social) e se aposentar com um benef\u00edcio maior. O fim da chamada aposentadoria com contribui\u00e7\u00e3o \u00fanica est\u00e1","canonical_url":"https:\/\/newsinfoco.com.br\/inicio\/governo-quer-acabar-com-contribuicao-unica-na-aposentadoria-do-inss\/","robots":"max-image-preview:large","keywords":"","webmasterTools":{"miscellaneous":""},"schema":{"@context":"https:\/\/schema.org","@graph":[{"@type":"BlogPosting","@id":"https:\/\/newsinfoco.com.br\/inicio\/governo-quer-acabar-com-contribuicao-unica-na-aposentadoria-do-inss\/#blogposting","name":"Governo quer acabar com contribui\u00e7\u00e3o \u00fanica na aposentadoria do INSS - News In Foco - Editado por Caio Pimenta","headline":"Governo quer acabar com contribui\u00e7\u00e3o \u00fanica na aposentadoria do INSS","author":{"@id":"https:\/\/newsinfoco.com.br\/inicio\/author\/administrador\/#author"},"publisher":{"@id":"https:\/\/newsinfoco.com.br\/inicio\/#organization"},"image":{"@type":"ImageObject","url":"https:\/\/newsinfoco.com.br\/inicio\/wp-content\/uploads\/2018\/05\/previdencia-aposentadoria-24042018133306693.jpeg","width":460,"height":305},"datePublished":"2022-03-19T19:36:28-03:00","dateModified":"2022-03-19T19:36:28-03:00","inLanguage":"pt-BR","mainEntityOfPage":{"@id":"https:\/\/newsinfoco.com.br\/inicio\/governo-quer-acabar-com-contribuicao-unica-na-aposentadoria-do-inss\/#webpage"},"isPartOf":{"@id":"https:\/\/newsinfoco.com.br\/inicio\/governo-quer-acabar-com-contribuicao-unica-na-aposentadoria-do-inss\/#webpage"},"articleSection":"Brasil"},{"@type":"BreadcrumbList","@id":"https:\/\/newsinfoco.com.br\/inicio\/governo-quer-acabar-com-contribuicao-unica-na-aposentadoria-do-inss\/#breadcrumblist","itemListElement":[{"@type":"ListItem","@id":"https:\/\/newsinfoco.com.br\/inicio#listItem","position":1,"name":"In\u00edcio","item":"https:\/\/newsinfoco.com.br\/inicio","nextItem":{"@type":"ListItem","@id":"https:\/\/newsinfoco.com.br\/inicio\/category\/brasil\/#listItem","name":"Brasil"}},{"@type":"ListItem","@id":"https:\/\/newsinfoco.com.br\/inicio\/category\/brasil\/#listItem","position":2,"name":"Brasil","item":"https:\/\/newsinfoco.com.br\/inicio\/category\/brasil\/","nextItem":{"@type":"ListItem","@id":"https:\/\/newsinfoco.com.br\/inicio\/governo-quer-acabar-com-contribuicao-unica-na-aposentadoria-do-inss\/#listItem","name":"Governo quer acabar com contribui\u00e7\u00e3o \u00fanica na aposentadoria do INSS"},"previousItem":{"@type":"ListItem","@id":"https:\/\/newsinfoco.com.br\/inicio#listItem","name":"In\u00edcio"}},{"@type":"ListItem","@id":"https:\/\/newsinfoco.com.br\/inicio\/governo-quer-acabar-com-contribuicao-unica-na-aposentadoria-do-inss\/#listItem","position":3,"name":"Governo quer acabar com contribui\u00e7\u00e3o \u00fanica na aposentadoria do INSS","previousItem":{"@type":"ListItem","@id":"https:\/\/newsinfoco.com.br\/inicio\/category\/brasil\/#listItem","name":"Brasil"}}]},{"@type":"Organization","@id":"https:\/\/newsinfoco.com.br\/inicio\/#organization","name":"News In Foco - Editado por Caio Pimenta","description":"O principal site de noticias de Alagoinhas e regi\u00e3o","url":"https:\/\/newsinfoco.com.br\/inicio\/"},{"@type":"Person","@id":"https:\/\/newsinfoco.com.br\/inicio\/author\/administrador\/#author","url":"https:\/\/newsinfoco.com.br\/inicio\/author\/administrador\/","name":"administrador","image":{"@type":"ImageObject","@id":"https:\/\/newsinfoco.com.br\/inicio\/governo-quer-acabar-com-contribuicao-unica-na-aposentadoria-do-inss\/#authorImage","url":"https:\/\/secure.gravatar.com\/avatar\/c17a617433de8c1dc9584bb79aab7563b46f5bb7e1728c9b17d9cc3ce6a08e49?s=96&d=mm&r=g","width":96,"height":96,"caption":"administrador"}},{"@type":"WebPage","@id":"https:\/\/newsinfoco.com.br\/inicio\/governo-quer-acabar-com-contribuicao-unica-na-aposentadoria-do-inss\/#webpage","url":"https:\/\/newsinfoco.com.br\/inicio\/governo-quer-acabar-com-contribuicao-unica-na-aposentadoria-do-inss\/","name":"Governo quer acabar com contribui\u00e7\u00e3o \u00fanica na aposentadoria do INSS - News In Foco - Editado por Caio Pimenta","description":"O governo federal trabalha, no Congresso, para derrubar uma brecha legal aprovada na reforma da Previd\u00eancia de 2019: a possibilidade de usar uma \u00fanica contribui\u00e7\u00e3o, em valor alto, no c\u00e1lculo da aposentadoria do INSS (Instituto Nacional do Seguro Social) e se aposentar com um benef\u00edcio maior. O fim da chamada aposentadoria com contribui\u00e7\u00e3o \u00fanica est\u00e1","inLanguage":"pt-BR","isPartOf":{"@id":"https:\/\/newsinfoco.com.br\/inicio\/#website"},"breadcrumb":{"@id":"https:\/\/newsinfoco.com.br\/inicio\/governo-quer-acabar-com-contribuicao-unica-na-aposentadoria-do-inss\/#breadcrumblist"},"author":{"@id":"https:\/\/newsinfoco.com.br\/inicio\/author\/administrador\/#author"},"creator":{"@id":"https:\/\/newsinfoco.com.br\/inicio\/author\/administrador\/#author"},"image":{"@type":"ImageObject","url":"https:\/\/newsinfoco.com.br\/inicio\/wp-content\/uploads\/2018\/05\/previdencia-aposentadoria-24042018133306693.jpeg","@id":"https:\/\/newsinfoco.com.br\/inicio\/governo-quer-acabar-com-contribuicao-unica-na-aposentadoria-do-inss\/#mainImage","width":460,"height":305},"primaryImageOfPage":{"@id":"https:\/\/newsinfoco.com.br\/inicio\/governo-quer-acabar-com-contribuicao-unica-na-aposentadoria-do-inss\/#mainImage"},"datePublished":"2022-03-19T19:36:28-03:00","dateModified":"2022-03-19T19:36:28-03:00"},{"@type":"WebSite","@id":"https:\/\/newsinfoco.com.br\/inicio\/#website","url":"https:\/\/newsinfoco.com.br\/inicio\/","name":"News In Foco - Editado por Caio Pimenta","description":"O principal site de noticias de Alagoinhas e regi\u00e3o","inLanguage":"pt-BR","publisher":{"@id":"https:\/\/newsinfoco.com.br\/inicio\/#organization"}}]},"og:locale":"pt_BR","og:site_name":"News In Foco - Editado por Caio Pimenta - O principal site de noticias de Alagoinhas e regi\u00e3o","og:type":"article","og:title":"Governo quer acabar com contribui\u00e7\u00e3o \u00fanica na aposentadoria do INSS - News In Foco - Editado por Caio Pimenta","og:description":"O governo federal trabalha, no Congresso, para derrubar uma brecha legal aprovada na reforma da Previd\u00eancia de 2019: a possibilidade de usar uma \u00fanica contribui\u00e7\u00e3o, em valor alto, no c\u00e1lculo da aposentadoria do INSS (Instituto Nacional do Seguro Social) e se aposentar com um benef\u00edcio maior. O fim da chamada aposentadoria com contribui\u00e7\u00e3o \u00fanica est\u00e1","og:url":"https:\/\/newsinfoco.com.br\/inicio\/governo-quer-acabar-com-contribuicao-unica-na-aposentadoria-do-inss\/","article:published_time":"2022-03-19T22:36:28+00:00","article:modified_time":"2022-03-19T22:36:28+00:00","twitter:card":"summary_large_image","twitter:title":"Governo quer acabar com contribui\u00e7\u00e3o \u00fanica na aposentadoria do INSS - News In Foco - Editado por Caio Pimenta","twitter:description":"O governo federal trabalha, no Congresso, para derrubar uma brecha legal aprovada na reforma da Previd\u00eancia de 2019: a possibilidade de usar uma \u00fanica contribui\u00e7\u00e3o, em valor alto, no c\u00e1lculo da aposentadoria do INSS (Instituto Nacional do Seguro Social) e se aposentar com um benef\u00edcio maior. O fim da chamada aposentadoria com contribui\u00e7\u00e3o \u00fanica est\u00e1"},"aioseo_meta_data":{"post_id":"29412","title":null,"description":null,"keywords":null,"keyphrases":null,"primary_term":null,"canonical_url":null,"og_title":null,"og_description":null,"og_object_type":"default","og_image_type":"default","og_image_url":null,"og_image_width":null,"og_image_height":null,"og_image_custom_url":null,"og_image_custom_fields":null,"og_video":null,"og_custom_url":null,"og_article_section":null,"og_article_tags":null,"twitter_use_og":false,"twitter_card":"default","twitter_image_type":"default","twitter_image_url":null,"twitter_image_custom_url":null,"twitter_image_custom_fields":null,"twitter_title":null,"twitter_description":null,"schema":{"blockGraphs":[],"customGraphs":[],"default":{"data":{"Article":[],"Course":[],"Dataset":[],"FAQPage":[],"Movie":[],"Person":[],"Product":[],"ProductReview":[],"Car":[],"Recipe":[],"Service":[],"SoftwareApplication":[],"WebPage":[]},"graphName":"","isEnabled":true},"graphs":[]},"schema_type":"default","schema_type_options":null,"pillar_content":false,"robots_default":true,"robots_noindex":false,"robots_noarchive":false,"robots_nosnippet":false,"robots_nofollow":false,"robots_noimageindex":false,"robots_noodp":false,"robots_notranslate":false,"robots_max_snippet":null,"robots_max_videopreview":null,"robots_max_imagepreview":"large","priority":null,"frequency":null,"local_seo":null,"breadcrumb_settings":null,"limit_modified_date":false,"ai":null,"created":"2023-06-12 21:01:40","updated":"2025-07-11 07:15:45","seo_analyzer_scan_date":null},"aioseo_breadcrumb":"<div class=\"aioseo-breadcrumbs\"><span class=\"aioseo-breadcrumb\">\n\t\t\t<a href=\"https:\/\/newsinfoco.com.br\/inicio\" title=\"In\u00edcio\">In\u00edcio<\/a>\n\t\t<\/span><span class=\"aioseo-breadcrumb-separator\">&raquo;<\/span><span class=\"aioseo-breadcrumb\">\n\t\t\t<a href=\"https:\/\/newsinfoco.com.br\/inicio\/category\/brasil\/\" title=\"Brasil\">Brasil<\/a>\n\t\t<\/span><span class=\"aioseo-breadcrumb-separator\">&raquo;<\/span><span class=\"aioseo-breadcrumb\">\n\t\t\tGoverno quer acabar com contribui\u00e7\u00e3o \u00fanica na aposentadoria do INSS\n\t\t<\/span><\/div>","aioseo_breadcrumb_json":[{"label":"In\u00edcio","link":"https:\/\/newsinfoco.com.br\/inicio"},{"label":"Brasil","link":"https:\/\/newsinfoco.com.br\/inicio\/category\/brasil\/"},{"label":"Governo quer acabar com contribui\u00e7\u00e3o \u00fanica na aposentadoria do INSS","link":"https:\/\/newsinfoco.com.br\/inicio\/governo-quer-acabar-com-contribuicao-unica-na-aposentadoria-do-inss\/"}],"_links":{"self":[{"href":"https:\/\/newsinfoco.com.br\/inicio\/wp-json\/wp\/v2\/posts\/29412","targetHints":{"allow":["GET"]}}],"collection":[{"href":"https:\/\/newsinfoco.com.br\/inicio\/wp-json\/wp\/v2\/posts"}],"about":[{"href":"https:\/\/newsinfoco.com.br\/inicio\/wp-json\/wp\/v2\/types\/post"}],"author":[{"embeddable":true,"href":"https:\/\/newsinfoco.com.br\/inicio\/wp-json\/wp\/v2\/users\/1"}],"replies":[{"embeddable":true,"href":"https:\/\/newsinfoco.com.br\/inicio\/wp-json\/wp\/v2\/comments?post=29412"}],"version-history":[{"count":2,"href":"https:\/\/newsinfoco.com.br\/inicio\/wp-json\/wp\/v2\/posts\/29412\/revisions"}],"predecessor-version":[{"id":29414,"href":"https:\/\/newsinfoco.com.br\/inicio\/wp-json\/wp\/v2\/posts\/29412\/revisions\/29414"}],"wp:featuredmedia":[{"embeddable":true,"href":"https:\/\/newsinfoco.com.br\/inicio\/wp-json\/wp\/v2\/media\/3534"}],"wp:attachment":[{"href":"https:\/\/newsinfoco.com.br\/inicio\/wp-json\/wp\/v2\/media?parent=29412"}],"wp:term":[{"taxonomy":"category","embeddable":true,"href":"https:\/\/newsinfoco.com.br\/inicio\/wp-json\/wp\/v2\/categories?post=29412"},{"taxonomy":"post_tag","embeddable":true,"href":"https:\/\/newsinfoco.com.br\/inicio\/wp-json\/wp\/v2\/tags?post=29412"}],"curies":[{"name":"wp","href":"https:\/\/api.w.org\/{rel}","templated":true}]}}