{"id":29422,"date":"2022-03-20T11:53:59","date_gmt":"2022-03-20T14:53:59","guid":{"rendered":"https:\/\/newsinfoco.com.br\/inicio\/?p=29422"},"modified":"2022-03-20T11:54:40","modified_gmt":"2022-03-20T14:54:40","slug":"apoiada-pela-prefeitura-de-alagoinhas-festa-de-sao-jose-atrai-fieis-ao-jardim-petrolar-e-riacho-da-guia","status":"publish","type":"post","link":"https:\/\/newsinfoco.com.br\/inicio\/apoiada-pela-prefeitura-de-alagoinhas-festa-de-sao-jose-atrai-fieis-ao-jardim-petrolar-e-riacho-da-guia\/","title":{"rendered":"Apoiada pela Prefeitura de Alagoinhas, Festa de S\u00e3o Jos\u00e9 atrai fieis ao Jardim Petrolar e Riacho da Guia"},"content":{"rendered":"<p>Considerado o patrono universal da igreja, S\u00e3o Jos\u00e9 \u00e9 tamb\u00e9m o padroeiro dos trabalhadores e agricultores. No seu dia, 19 de mar\u00e7o, os produtores rurais t\u00eam o costume de iniciar o plantio do milho, para uma boa colheita no S\u00e3o Jo\u00e3o.<\/p>\n<p>Com o apoio da Prefeitura de Alagoinhas, por meio da Secretaria de Cultura, Esporte e Turismo (SECET), os festejos ao \u201cpai adotivo\u201d de Jesus aconteceram em Riacho da Guia e no Jardim Petrolar, reunindo fieis em torno da devo\u00e7\u00e3o ao descendente do Rei Davi, de acordo com a tradi\u00e7\u00e3o judaico-crist\u00e3.<\/p>\n<div id=\"attachment_53905\" class=\"wp-caption aligncenter\">\n<p><a class=\"group1 cboxElement\" href=\"https:\/\/www.alagoinhas.ba.gov.br\/wp-content\/uploads\/2022\/03\/WhatsApp-Image-2022-03-20-at-07.02.08-1.jpeg\"><img loading=\"lazy\" decoding=\"async\" class=\"size-large wp-image-53905\" src=\"https:\/\/www.alagoinhas.ba.gov.br\/wp-content\/uploads\/2022\/03\/WhatsApp-Image-2022-03-20-at-07.02.08-1-1024x682.jpeg\" sizes=\"auto, (max-width: 800px) 100vw, 800px\" srcset=\"https:\/\/www.alagoinhas.ba.gov.br\/wp-content\/uploads\/2022\/03\/WhatsApp-Image-2022-03-20-at-07.02.08-1-1024x682.jpeg 1024w, https:\/\/www.alagoinhas.ba.gov.br\/wp-content\/uploads\/2022\/03\/WhatsApp-Image-2022-03-20-at-07.02.08-1-300x200.jpeg 300w, https:\/\/www.alagoinhas.ba.gov.br\/wp-content\/uploads\/2022\/03\/WhatsApp-Image-2022-03-20-at-07.02.08-1-768x512.jpeg 768w, https:\/\/www.alagoinhas.ba.gov.br\/wp-content\/uploads\/2022\/03\/WhatsApp-Image-2022-03-20-at-07.02.08-1-126x84.jpeg 126w, https:\/\/www.alagoinhas.ba.gov.br\/wp-content\/uploads\/2022\/03\/WhatsApp-Image-2022-03-20-at-07.02.08-1.jpeg 1280w\" alt=\"\" width=\"800\" height=\"533\" \/><\/a><\/p>\n<p class=\"wp-caption-text\">Foto: Roberto Fonseca<\/p>\n<\/div>\n<p>Conforme explicou a secret\u00e1ria Iraci Gama, a gest\u00e3o municipal vem conduzindo as a\u00e7\u00f5es do Governo, na \u00e1rea do Turismo, \u201ccom bastante cuidado e responsabilidade, fazendo pesquisa criteriosa sobre as a\u00e7\u00f5es a realizar, dentro das potencialidades tur\u00edsticas do nosso munic\u00edpio\u201d. Ela destacou o Turismo Religioso como um dos mais fecundos, levando em considera\u00e7\u00e3o as quatro maiores religi\u00f5es do munic\u00edpio.<\/p>\n<p>\u201cO Catolicismo \u00e9 uma delas, e a comemora\u00e7\u00e3o dos seus Santos \u00e9 uma das formas de manifesta\u00e7\u00e3o dos seus fi\u00e9is, que se deslocam, de suas casas para as respectivas Igrejas, para vibrar e representar suas emo\u00e7\u00f5es, nas trezentas, novenas ou tr\u00edduos, conforme o costume da comunidade. Tamb\u00e9m v\u00eam pessoas de outros bairros, de outros povoados e at\u00e9 de outras cidades. \u00c9 , portanto, uma atividade tipicamente tur\u00edstica, motivada pela religiosidade crist\u00e3, o que a caracteriza como importante movimento de troca, de integra\u00e7\u00e3o, de interc\u00e2mbio social e cultural\u201d, declarou a secret\u00e1ria de Cultura, Esporte e Turismo.<\/p>\n<div id=\"attachment_53921\" class=\"wp-caption aligncenter\">\n<p><a class=\"group1 cboxElement\" href=\"https:\/\/www.alagoinhas.ba.gov.br\/wp-content\/uploads\/2022\/03\/WhatsApp-Image-2022-03-20-at-06.59.32-1-4.jpeg\"><img loading=\"lazy\" decoding=\"async\" class=\"size-large wp-image-53921\" src=\"https:\/\/www.alagoinhas.ba.gov.br\/wp-content\/uploads\/2022\/03\/WhatsApp-Image-2022-03-20-at-06.59.32-1-4-1024x682.jpeg\" sizes=\"auto, (max-width: 800px) 100vw, 800px\" srcset=\"https:\/\/www.alagoinhas.ba.gov.br\/wp-content\/uploads\/2022\/03\/WhatsApp-Image-2022-03-20-at-06.59.32-1-4-1024x682.jpeg 1024w, https:\/\/www.alagoinhas.ba.gov.br\/wp-content\/uploads\/2022\/03\/WhatsApp-Image-2022-03-20-at-06.59.32-1-4-300x200.jpeg 300w, https:\/\/www.alagoinhas.ba.gov.br\/wp-content\/uploads\/2022\/03\/WhatsApp-Image-2022-03-20-at-06.59.32-1-4-768x512.jpeg 768w, https:\/\/www.alagoinhas.ba.gov.br\/wp-content\/uploads\/2022\/03\/WhatsApp-Image-2022-03-20-at-06.59.32-1-4-126x84.jpeg 126w, https:\/\/www.alagoinhas.ba.gov.br\/wp-content\/uploads\/2022\/03\/WhatsApp-Image-2022-03-20-at-06.59.32-1-4.jpeg 1280w\" alt=\"\" width=\"800\" height=\"533\" \/><\/a><\/p>\n<p class=\"wp-caption-text\">Foto: Roberto Fonseca<\/p>\n<\/div>\n<p>A SECET leva em considera\u00e7\u00e3o essas express\u00f5es religiosas e culturais dentro do planejamento do Turismo Local. Desde o m\u00eas de janeiro, j\u00e1 foram apoiadas as comemora\u00e7\u00f5es dos Padroeiros do Distrito de Boa Uni\u00e3o \u2013 A Sagrada Fam\u00edlia; do Distrito do Riacho da Guia \u2013 Nossa Senhora da Guia; e, neste s\u00e1bado (19) \u2013 S\u00e3o Jos\u00e9, \u201cque tem uma Par\u00f3quia, sob apadrinhamento religioso, al\u00e9m de ser cultuado em muito povoados, tamb\u00e9m na zona rural\u201d, continuou a secret\u00e1ria.<\/p>\n<p>Iraci Gama reiterou a forte rela\u00e7\u00e3o dos agricultores com S\u00e3o Jos\u00e9, devido ao in\u00edcio do plantio do milho. \u201c\u00c9 de Santo para Santo. E o milho \u00e9 esse cereal , descoberto e cultivado, entre n\u00f3s, pelos ind\u00edgenas, portanto, \u00e9 um produto de base cultural e hist\u00f3rica, o que \u00e9 mais um fator agregador de import\u00e2ncia para a nossa comunidade, e, por consequ\u00eancia, de base para preserva\u00e7\u00e3o \/ conserva\u00e7\u00e3o do tema, pela SECET, que cuida, por obriga\u00e7\u00e3o, do patrim\u00f4nio material e imaterial do Munic\u00edpio de Alagoinhas. Portanto, viva 19 de Mar\u00e7o! Viva S\u00e3o Jos\u00e9! Viva a tradi\u00e7\u00e3o cultural, patrimonial e religiosa do povo de Alagoinhas\u201d.<\/p>\n<p>Fotos: Roberto Fonseca<\/p>\n<p><a class=\"group1 cboxElement\" href=\"https:\/\/www.alagoinhas.ba.gov.br\/wp-content\/uploads\/2022\/03\/WhatsApp-Image-2022-03-20-at-06.55.20.jpeg\"><img loading=\"lazy\" decoding=\"async\" class=\"aligncenter size-large wp-image-53902\" src=\"https:\/\/www.alagoinhas.ba.gov.br\/wp-content\/uploads\/2022\/03\/WhatsApp-Image-2022-03-20-at-06.55.20-1024x682.jpeg\" sizes=\"auto, (max-width: 800px) 100vw, 800px\" srcset=\"https:\/\/www.alagoinhas.ba.gov.br\/wp-content\/uploads\/2022\/03\/WhatsApp-Image-2022-03-20-at-06.55.20-1024x682.jpeg 1024w, https:\/\/www.alagoinhas.ba.gov.br\/wp-content\/uploads\/2022\/03\/WhatsApp-Image-2022-03-20-at-06.55.20-300x200.jpeg 300w, https:\/\/www.alagoinhas.ba.gov.br\/wp-content\/uploads\/2022\/03\/WhatsApp-Image-2022-03-20-at-06.55.20-768x512.jpeg 768w, https:\/\/www.alagoinhas.ba.gov.br\/wp-content\/uploads\/2022\/03\/WhatsApp-Image-2022-03-20-at-06.55.20-126x84.jpeg 126w, https:\/\/www.alagoinhas.ba.gov.br\/wp-content\/uploads\/2022\/03\/WhatsApp-Image-2022-03-20-at-06.55.20.jpeg 1280w\" alt=\"\" width=\"800\" height=\"533\" \/><\/a><a class=\"group1 cboxElement\" href=\"https:\/\/www.alagoinhas.ba.gov.br\/wp-content\/uploads\/2022\/03\/WhatsApp-Image-2022-03-20-at-06.56.48-1.jpeg\"><img loading=\"lazy\" decoding=\"async\" class=\"aligncenter size-large wp-image-53901\" src=\"https:\/\/www.alagoinhas.ba.gov.br\/wp-content\/uploads\/2022\/03\/WhatsApp-Image-2022-03-20-at-06.56.48-1-1024x682.jpeg\" sizes=\"auto, (max-width: 800px) 100vw, 800px\" srcset=\"https:\/\/www.alagoinhas.ba.gov.br\/wp-content\/uploads\/2022\/03\/WhatsApp-Image-2022-03-20-at-06.56.48-1-1024x682.jpeg 1024w, https:\/\/www.alagoinhas.ba.gov.br\/wp-content\/uploads\/2022\/03\/WhatsApp-Image-2022-03-20-at-06.56.48-1-300x200.jpeg 300w, https:\/\/www.alagoinhas.ba.gov.br\/wp-content\/uploads\/2022\/03\/WhatsApp-Image-2022-03-20-at-06.56.48-1-768x512.jpeg 768w, https:\/\/www.alagoinhas.ba.gov.br\/wp-content\/uploads\/2022\/03\/WhatsApp-Image-2022-03-20-at-06.56.48-1-126x84.jpeg 126w, https:\/\/www.alagoinhas.ba.gov.br\/wp-content\/uploads\/2022\/03\/WhatsApp-Image-2022-03-20-at-06.56.48-1.jpeg 1280w\" alt=\"\" width=\"800\" height=\"533\" \/><\/a><a class=\"group1 cboxElement\" href=\"https:\/\/www.alagoinhas.ba.gov.br\/wp-content\/uploads\/2022\/03\/WhatsApp-Image-2022-03-20-at-07.02.06-1.jpeg\"><img loading=\"lazy\" decoding=\"async\" class=\"aligncenter size-large wp-image-53907\" src=\"https:\/\/www.alagoinhas.ba.gov.br\/wp-content\/uploads\/2022\/03\/WhatsApp-Image-2022-03-20-at-07.02.06-1-1024x682.jpeg\" sizes=\"auto, (max-width: 800px) 100vw, 800px\" srcset=\"https:\/\/www.alagoinhas.ba.gov.br\/wp-content\/uploads\/2022\/03\/WhatsApp-Image-2022-03-20-at-07.02.06-1-1024x682.jpeg 1024w, https:\/\/www.alagoinhas.ba.gov.br\/wp-content\/uploads\/2022\/03\/WhatsApp-Image-2022-03-20-at-07.02.06-1-300x200.jpeg 300w, https:\/\/www.alagoinhas.ba.gov.br\/wp-content\/uploads\/2022\/03\/WhatsApp-Image-2022-03-20-at-07.02.06-1-768x512.jpeg 768w, https:\/\/www.alagoinhas.ba.gov.br\/wp-content\/uploads\/2022\/03\/WhatsApp-Image-2022-03-20-at-07.02.06-1-126x84.jpeg 126w, https:\/\/www.alagoinhas.ba.gov.br\/wp-content\/uploads\/2022\/03\/WhatsApp-Image-2022-03-20-at-07.02.06-1.jpeg 1280w\" alt=\"\" width=\"800\" height=\"533\" \/><\/a><a class=\"group1 cboxElement\" href=\"https:\/\/www.alagoinhas.ba.gov.br\/wp-content\/uploads\/2022\/03\/WhatsApp-Image-2022-03-20-at-07.02.07-4.jpeg\"><img loading=\"lazy\" decoding=\"async\" class=\"aligncenter size-large wp-image-53925\" src=\"https:\/\/www.alagoinhas.ba.gov.br\/wp-content\/uploads\/2022\/03\/WhatsApp-Image-2022-03-20-at-07.02.07-4-1024x682.jpeg\" sizes=\"auto, (max-width: 800px) 100vw, 800px\" srcset=\"https:\/\/www.alagoinhas.ba.gov.br\/wp-content\/uploads\/2022\/03\/WhatsApp-Image-2022-03-20-at-07.02.07-4-1024x682.jpeg 1024w, https:\/\/www.alagoinhas.ba.gov.br\/wp-content\/uploads\/2022\/03\/WhatsApp-Image-2022-03-20-at-07.02.07-4-300x200.jpeg 300w, https:\/\/www.alagoinhas.ba.gov.br\/wp-content\/uploads\/2022\/03\/WhatsApp-Image-2022-03-20-at-07.02.07-4-768x512.jpeg 768w, https:\/\/www.alagoinhas.ba.gov.br\/wp-content\/uploads\/2022\/03\/WhatsApp-Image-2022-03-20-at-07.02.07-4-126x84.jpeg 126w, https:\/\/www.alagoinhas.ba.gov.br\/wp-content\/uploads\/2022\/03\/WhatsApp-Image-2022-03-20-at-07.02.07-4.jpeg 1280w\" alt=\"\" width=\"800\" height=\"533\" \/><\/a><a class=\"group1 cboxElement\" href=\"https:\/\/www.alagoinhas.ba.gov.br\/wp-content\/uploads\/2022\/03\/WhatsApp-Image-2022-03-20-at-06.56.48-9.jpeg\"><img loading=\"lazy\" decoding=\"async\" class=\"aligncenter size-large wp-image-53930\" src=\"https:\/\/www.alagoinhas.ba.gov.br\/wp-content\/uploads\/2022\/03\/WhatsApp-Image-2022-03-20-at-06.56.48-9-1024x682.jpeg\" sizes=\"auto, (max-width: 800px) 100vw, 800px\" srcset=\"https:\/\/www.alagoinhas.ba.gov.br\/wp-content\/uploads\/2022\/03\/WhatsApp-Image-2022-03-20-at-06.56.48-9-1024x682.jpeg 1024w, https:\/\/www.alagoinhas.ba.gov.br\/wp-content\/uploads\/2022\/03\/WhatsApp-Image-2022-03-20-at-06.56.48-9-300x200.jpeg 300w, https:\/\/www.alagoinhas.ba.gov.br\/wp-content\/uploads\/2022\/03\/WhatsApp-Image-2022-03-20-at-06.56.48-9-768x512.jpeg 768w, https:\/\/www.alagoinhas.ba.gov.br\/wp-content\/uploads\/2022\/03\/WhatsApp-Image-2022-03-20-at-06.56.48-9-126x84.jpeg 126w, https:\/\/www.alagoinhas.ba.gov.br\/wp-content\/uploads\/2022\/03\/WhatsApp-Image-2022-03-20-at-06.56.48-9.jpeg 1280w\" alt=\"\" width=\"800\" height=\"533\" \/><\/a><\/p>\n<p>&nbsp;<\/p>\n<p>&nbsp;<\/p>\n<div class='share-to-whatsapp-wrapper'><div class='share-on-whsp'>Share on: <\/div><a data-text='Apoiada pela Prefeitura de Alagoinhas, Festa de S\u00e3o Jos\u00e9 atrai fieis ao Jardim Petrolar e Riacho da Guia' data-link='https:\/\/newsinfoco.com.br\/inicio\/apoiada-pela-prefeitura-de-alagoinhas-festa-de-sao-jose-atrai-fieis-ao-jardim-petrolar-e-riacho-da-guia\/' class='whatsapp-button whatsapp-share'>WhatsApp<\/a><div class='clear '><\/div><\/div>","protected":false},"excerpt":{"rendered":"<p>Considerado o patrono universal da igreja, S\u00e3o Jos\u00e9 \u00e9 tamb\u00e9m o padroeiro dos trabalhadores e agricultores. No seu dia, 19 de mar\u00e7o, os produtores rurais t\u00eam o costume de iniciar o plantio do milho, para uma boa colheita no S\u00e3o Jo\u00e3o. Com o apoio da Prefeitura de Alagoinhas, por meio da Secretaria de Cultura, Esporte [&hellip;]<\/p>\n","protected":false},"author":1,"featured_media":29423,"comment_status":"closed","ping_status":"closed","sticky":false,"template":"","format":"standard","meta":{"om_disable_all_campaigns":false,"rop_custom_images_group":[],"rop_custom_messages_group":[],"rop_publish_now":"initial","rop_publish_now_accounts":[],"rop_publish_now_history":[],"rop_publish_now_status":"pending","_exactmetrics_skip_tracking":false,"footnotes":""},"categories":[38,167],"tags":[],"class_list":["post-29422","post","type-post","status-publish","format-standard","has-post-thumbnail","hentry","category-alagoinhas-e-regiao","category-exclusivas"],"aioseo_notices":[],"aioseo_head":"\n\t\t<!-- All in One SEO 4.9.10 - aioseo.com -->\n\t<meta name=\"description\" content=\"Considerado o patrono universal da igreja, S\u00e3o Jos\u00e9 \u00e9 tamb\u00e9m o padroeiro dos trabalhadores e agricultores. No seu dia, 19 de mar\u00e7o, os produtores rurais t\u00eam o costume de iniciar o plantio do milho, para uma boa colheita no S\u00e3o Jo\u00e3o. Com o apoio da Prefeitura de Alagoinhas, por meio da Secretaria de Cultura, Esporte\" \/>\n\t<meta name=\"robots\" content=\"max-image-preview:large\" \/>\n\t<meta name=\"author\" content=\"administrador\"\/>\n\t<link rel=\"canonical\" href=\"https:\/\/newsinfoco.com.br\/inicio\/apoiada-pela-prefeitura-de-alagoinhas-festa-de-sao-jose-atrai-fieis-ao-jardim-petrolar-e-riacho-da-guia\/\" \/>\n\t<meta name=\"generator\" content=\"All in One SEO (AIOSEO) 4.9.10\" \/>\n\t\t<meta property=\"og:locale\" content=\"pt_BR\" \/>\n\t\t<meta property=\"og:site_name\" content=\"News In Foco - Editado por Caio Pimenta - O principal site de noticias de Alagoinhas e regi\u00e3o\" \/>\n\t\t<meta property=\"og:type\" content=\"article\" \/>\n\t\t<meta property=\"og:title\" content=\"Apoiada pela Prefeitura de Alagoinhas, Festa de S\u00e3o Jos\u00e9 atrai fieis ao Jardim Petrolar e Riacho da Guia - News In Foco - Editado por Caio Pimenta\" \/>\n\t\t<meta property=\"og:description\" content=\"Considerado o patrono universal da igreja, S\u00e3o Jos\u00e9 \u00e9 tamb\u00e9m o padroeiro dos trabalhadores e agricultores. No seu dia, 19 de mar\u00e7o, os produtores rurais t\u00eam o costume de iniciar o plantio do milho, para uma boa colheita no S\u00e3o Jo\u00e3o. Com o apoio da Prefeitura de Alagoinhas, por meio da Secretaria de Cultura, Esporte\" \/>\n\t\t<meta property=\"og:url\" content=\"https:\/\/newsinfoco.com.br\/inicio\/apoiada-pela-prefeitura-de-alagoinhas-festa-de-sao-jose-atrai-fieis-ao-jardim-petrolar-e-riacho-da-guia\/\" \/>\n\t\t<meta property=\"article:published_time\" content=\"2022-03-20T14:53:59+00:00\" \/>\n\t\t<meta property=\"article:modified_time\" content=\"2022-03-20T14:54:40+00:00\" \/>\n\t\t<meta name=\"twitter:card\" content=\"summary_large_image\" \/>\n\t\t<meta name=\"twitter:title\" content=\"Apoiada pela Prefeitura de Alagoinhas, Festa de S\u00e3o Jos\u00e9 atrai fieis ao Jardim Petrolar e Riacho da Guia - News In Foco - Editado por Caio Pimenta\" \/>\n\t\t<meta name=\"twitter:description\" content=\"Considerado o patrono universal da igreja, S\u00e3o Jos\u00e9 \u00e9 tamb\u00e9m o padroeiro dos trabalhadores e agricultores. No seu dia, 19 de mar\u00e7o, os produtores rurais t\u00eam o costume de iniciar o plantio do milho, para uma boa colheita no S\u00e3o Jo\u00e3o. Com o apoio da Prefeitura de Alagoinhas, por meio da Secretaria de Cultura, Esporte\" \/>\n\t\t<script type=\"application\/ld+json\" class=\"aioseo-schema\">\n\t\t\t{\"@context\":\"https:\\\/\\\/schema.org\",\"@graph\":[{\"@type\":\"BlogPosting\",\"@id\":\"https:\\\/\\\/newsinfoco.com.br\\\/inicio\\\/apoiada-pela-prefeitura-de-alagoinhas-festa-de-sao-jose-atrai-fieis-ao-jardim-petrolar-e-riacho-da-guia\\\/#blogposting\",\"name\":\"Apoiada pela Prefeitura de Alagoinhas, Festa de S\\u00e3o Jos\\u00e9 atrai fieis ao Jardim Petrolar e Riacho da Guia - News In Foco - Editado por Caio Pimenta\",\"headline\":\"Apoiada pela Prefeitura de Alagoinhas, Festa de S\\u00e3o Jos\\u00e9 atrai fieis ao Jardim Petrolar e Riacho da Guia\",\"author\":{\"@id\":\"https:\\\/\\\/newsinfoco.com.br\\\/inicio\\\/author\\\/administrador\\\/#author\"},\"publisher\":{\"@id\":\"https:\\\/\\\/newsinfoco.com.br\\\/inicio\\\/#organization\"},\"image\":{\"@type\":\"ImageObject\",\"url\":\"https:\\\/\\\/newsinfoco.com.br\\\/inicio\\\/wp-content\\\/uploads\\\/2022\\\/03\\\/WhatsApp-Image-2022-03-20-at-06.56.49-1024x682-1.jpeg\",\"width\":1024,\"height\":682},\"datePublished\":\"2022-03-20T11:53:59-03:00\",\"dateModified\":\"2022-03-20T11:54:40-03:00\",\"inLanguage\":\"pt-BR\",\"mainEntityOfPage\":{\"@id\":\"https:\\\/\\\/newsinfoco.com.br\\\/inicio\\\/apoiada-pela-prefeitura-de-alagoinhas-festa-de-sao-jose-atrai-fieis-ao-jardim-petrolar-e-riacho-da-guia\\\/#webpage\"},\"isPartOf\":{\"@id\":\"https:\\\/\\\/newsinfoco.com.br\\\/inicio\\\/apoiada-pela-prefeitura-de-alagoinhas-festa-de-sao-jose-atrai-fieis-ao-jardim-petrolar-e-riacho-da-guia\\\/#webpage\"},\"articleSection\":\"Alagoinhas e Regi\\u00e3o, Manchete\"},{\"@type\":\"BreadcrumbList\",\"@id\":\"https:\\\/\\\/newsinfoco.com.br\\\/inicio\\\/apoiada-pela-prefeitura-de-alagoinhas-festa-de-sao-jose-atrai-fieis-ao-jardim-petrolar-e-riacho-da-guia\\\/#breadcrumblist\",\"itemListElement\":[{\"@type\":\"ListItem\",\"@id\":\"https:\\\/\\\/newsinfoco.com.br\\\/inicio#listItem\",\"position\":1,\"name\":\"In\\u00edcio\",\"item\":\"https:\\\/\\\/newsinfoco.com.br\\\/inicio\",\"nextItem\":{\"@type\":\"ListItem\",\"@id\":\"https:\\\/\\\/newsinfoco.com.br\\\/inicio\\\/category\\\/alagoinhas-e-regiao\\\/#listItem\",\"name\":\"Alagoinhas e Regi\\u00e3o\"}},{\"@type\":\"ListItem\",\"@id\":\"https:\\\/\\\/newsinfoco.com.br\\\/inicio\\\/category\\\/alagoinhas-e-regiao\\\/#listItem\",\"position\":2,\"name\":\"Alagoinhas e Regi\\u00e3o\",\"item\":\"https:\\\/\\\/newsinfoco.com.br\\\/inicio\\\/category\\\/alagoinhas-e-regiao\\\/\",\"nextItem\":{\"@type\":\"ListItem\",\"@id\":\"https:\\\/\\\/newsinfoco.com.br\\\/inicio\\\/apoiada-pela-prefeitura-de-alagoinhas-festa-de-sao-jose-atrai-fieis-ao-jardim-petrolar-e-riacho-da-guia\\\/#listItem\",\"name\":\"Apoiada pela Prefeitura de Alagoinhas, Festa de S\\u00e3o Jos\\u00e9 atrai fieis ao Jardim Petrolar e Riacho da Guia\"},\"previousItem\":{\"@type\":\"ListItem\",\"@id\":\"https:\\\/\\\/newsinfoco.com.br\\\/inicio#listItem\",\"name\":\"In\\u00edcio\"}},{\"@type\":\"ListItem\",\"@id\":\"https:\\\/\\\/newsinfoco.com.br\\\/inicio\\\/apoiada-pela-prefeitura-de-alagoinhas-festa-de-sao-jose-atrai-fieis-ao-jardim-petrolar-e-riacho-da-guia\\\/#listItem\",\"position\":3,\"name\":\"Apoiada pela Prefeitura de Alagoinhas, Festa de S\\u00e3o Jos\\u00e9 atrai fieis ao Jardim Petrolar e Riacho da Guia\",\"previousItem\":{\"@type\":\"ListItem\",\"@id\":\"https:\\\/\\\/newsinfoco.com.br\\\/inicio\\\/category\\\/alagoinhas-e-regiao\\\/#listItem\",\"name\":\"Alagoinhas e Regi\\u00e3o\"}}]},{\"@type\":\"Organization\",\"@id\":\"https:\\\/\\\/newsinfoco.com.br\\\/inicio\\\/#organization\",\"name\":\"News In Foco - Editado por Caio Pimenta\",\"description\":\"O principal site de noticias de Alagoinhas e regi\\u00e3o\",\"url\":\"https:\\\/\\\/newsinfoco.com.br\\\/inicio\\\/\"},{\"@type\":\"Person\",\"@id\":\"https:\\\/\\\/newsinfoco.com.br\\\/inicio\\\/author\\\/administrador\\\/#author\",\"url\":\"https:\\\/\\\/newsinfoco.com.br\\\/inicio\\\/author\\\/administrador\\\/\",\"name\":\"administrador\",\"image\":{\"@type\":\"ImageObject\",\"@id\":\"https:\\\/\\\/newsinfoco.com.br\\\/inicio\\\/apoiada-pela-prefeitura-de-alagoinhas-festa-de-sao-jose-atrai-fieis-ao-jardim-petrolar-e-riacho-da-guia\\\/#authorImage\",\"url\":\"https:\\\/\\\/secure.gravatar.com\\\/avatar\\\/c17a617433de8c1dc9584bb79aab7563b46f5bb7e1728c9b17d9cc3ce6a08e49?s=96&d=mm&r=g\",\"width\":96,\"height\":96,\"caption\":\"administrador\"}},{\"@type\":\"WebPage\",\"@id\":\"https:\\\/\\\/newsinfoco.com.br\\\/inicio\\\/apoiada-pela-prefeitura-de-alagoinhas-festa-de-sao-jose-atrai-fieis-ao-jardim-petrolar-e-riacho-da-guia\\\/#webpage\",\"url\":\"https:\\\/\\\/newsinfoco.com.br\\\/inicio\\\/apoiada-pela-prefeitura-de-alagoinhas-festa-de-sao-jose-atrai-fieis-ao-jardim-petrolar-e-riacho-da-guia\\\/\",\"name\":\"Apoiada pela Prefeitura de Alagoinhas, Festa de S\\u00e3o Jos\\u00e9 atrai fieis ao Jardim Petrolar e Riacho da Guia - News In Foco - Editado por Caio Pimenta\",\"description\":\"Considerado o patrono universal da igreja, S\\u00e3o Jos\\u00e9 \\u00e9 tamb\\u00e9m o padroeiro dos trabalhadores e agricultores. No seu dia, 19 de mar\\u00e7o, os produtores rurais t\\u00eam o costume de iniciar o plantio do milho, para uma boa colheita no S\\u00e3o Jo\\u00e3o. Com o apoio da Prefeitura de Alagoinhas, por meio da Secretaria de Cultura, Esporte\",\"inLanguage\":\"pt-BR\",\"isPartOf\":{\"@id\":\"https:\\\/\\\/newsinfoco.com.br\\\/inicio\\\/#website\"},\"breadcrumb\":{\"@id\":\"https:\\\/\\\/newsinfoco.com.br\\\/inicio\\\/apoiada-pela-prefeitura-de-alagoinhas-festa-de-sao-jose-atrai-fieis-ao-jardim-petrolar-e-riacho-da-guia\\\/#breadcrumblist\"},\"author\":{\"@id\":\"https:\\\/\\\/newsinfoco.com.br\\\/inicio\\\/author\\\/administrador\\\/#author\"},\"creator\":{\"@id\":\"https:\\\/\\\/newsinfoco.com.br\\\/inicio\\\/author\\\/administrador\\\/#author\"},\"image\":{\"@type\":\"ImageObject\",\"url\":\"https:\\\/\\\/newsinfoco.com.br\\\/inicio\\\/wp-content\\\/uploads\\\/2022\\\/03\\\/WhatsApp-Image-2022-03-20-at-06.56.49-1024x682-1.jpeg\",\"@id\":\"https:\\\/\\\/newsinfoco.com.br\\\/inicio\\\/apoiada-pela-prefeitura-de-alagoinhas-festa-de-sao-jose-atrai-fieis-ao-jardim-petrolar-e-riacho-da-guia\\\/#mainImage\",\"width\":1024,\"height\":682},\"primaryImageOfPage\":{\"@id\":\"https:\\\/\\\/newsinfoco.com.br\\\/inicio\\\/apoiada-pela-prefeitura-de-alagoinhas-festa-de-sao-jose-atrai-fieis-ao-jardim-petrolar-e-riacho-da-guia\\\/#mainImage\"},\"datePublished\":\"2022-03-20T11:53:59-03:00\",\"dateModified\":\"2022-03-20T11:54:40-03:00\"},{\"@type\":\"WebSite\",\"@id\":\"https:\\\/\\\/newsinfoco.com.br\\\/inicio\\\/#website\",\"url\":\"https:\\\/\\\/newsinfoco.com.br\\\/inicio\\\/\",\"name\":\"News In Foco - Editado por Caio Pimenta\",\"description\":\"O principal site de noticias de Alagoinhas e regi\\u00e3o\",\"inLanguage\":\"pt-BR\",\"publisher\":{\"@id\":\"https:\\\/\\\/newsinfoco.com.br\\\/inicio\\\/#organization\"}}]}\n\t\t<\/script>\n\t\t<!-- All in One SEO -->\n\n","aioseo_head_json":{"title":"Apoiada pela Prefeitura de Alagoinhas, Festa de S\u00e3o Jos\u00e9 atrai fieis ao Jardim Petrolar e Riacho da Guia - News In Foco - Editado por Caio Pimenta","description":"Considerado o patrono universal da igreja, S\u00e3o Jos\u00e9 \u00e9 tamb\u00e9m o padroeiro dos trabalhadores e agricultores. No seu dia, 19 de mar\u00e7o, os produtores rurais t\u00eam o costume de iniciar o plantio do milho, para uma boa colheita no S\u00e3o Jo\u00e3o. Com o apoio da Prefeitura de Alagoinhas, por meio da Secretaria de Cultura, Esporte","canonical_url":"https:\/\/newsinfoco.com.br\/inicio\/apoiada-pela-prefeitura-de-alagoinhas-festa-de-sao-jose-atrai-fieis-ao-jardim-petrolar-e-riacho-da-guia\/","robots":"max-image-preview:large","keywords":"","webmasterTools":{"miscellaneous":""},"schema":{"@context":"https:\/\/schema.org","@graph":[{"@type":"BlogPosting","@id":"https:\/\/newsinfoco.com.br\/inicio\/apoiada-pela-prefeitura-de-alagoinhas-festa-de-sao-jose-atrai-fieis-ao-jardim-petrolar-e-riacho-da-guia\/#blogposting","name":"Apoiada pela Prefeitura de Alagoinhas, Festa de S\u00e3o Jos\u00e9 atrai fieis ao Jardim Petrolar e Riacho da Guia - News In Foco - Editado por Caio Pimenta","headline":"Apoiada pela Prefeitura de Alagoinhas, Festa de S\u00e3o Jos\u00e9 atrai fieis ao Jardim Petrolar e Riacho da Guia","author":{"@id":"https:\/\/newsinfoco.com.br\/inicio\/author\/administrador\/#author"},"publisher":{"@id":"https:\/\/newsinfoco.com.br\/inicio\/#organization"},"image":{"@type":"ImageObject","url":"https:\/\/newsinfoco.com.br\/inicio\/wp-content\/uploads\/2022\/03\/WhatsApp-Image-2022-03-20-at-06.56.49-1024x682-1.jpeg","width":1024,"height":682},"datePublished":"2022-03-20T11:53:59-03:00","dateModified":"2022-03-20T11:54:40-03:00","inLanguage":"pt-BR","mainEntityOfPage":{"@id":"https:\/\/newsinfoco.com.br\/inicio\/apoiada-pela-prefeitura-de-alagoinhas-festa-de-sao-jose-atrai-fieis-ao-jardim-petrolar-e-riacho-da-guia\/#webpage"},"isPartOf":{"@id":"https:\/\/newsinfoco.com.br\/inicio\/apoiada-pela-prefeitura-de-alagoinhas-festa-de-sao-jose-atrai-fieis-ao-jardim-petrolar-e-riacho-da-guia\/#webpage"},"articleSection":"Alagoinhas e Regi\u00e3o, Manchete"},{"@type":"BreadcrumbList","@id":"https:\/\/newsinfoco.com.br\/inicio\/apoiada-pela-prefeitura-de-alagoinhas-festa-de-sao-jose-atrai-fieis-ao-jardim-petrolar-e-riacho-da-guia\/#breadcrumblist","itemListElement":[{"@type":"ListItem","@id":"https:\/\/newsinfoco.com.br\/inicio#listItem","position":1,"name":"In\u00edcio","item":"https:\/\/newsinfoco.com.br\/inicio","nextItem":{"@type":"ListItem","@id":"https:\/\/newsinfoco.com.br\/inicio\/category\/alagoinhas-e-regiao\/#listItem","name":"Alagoinhas e Regi\u00e3o"}},{"@type":"ListItem","@id":"https:\/\/newsinfoco.com.br\/inicio\/category\/alagoinhas-e-regiao\/#listItem","position":2,"name":"Alagoinhas e Regi\u00e3o","item":"https:\/\/newsinfoco.com.br\/inicio\/category\/alagoinhas-e-regiao\/","nextItem":{"@type":"ListItem","@id":"https:\/\/newsinfoco.com.br\/inicio\/apoiada-pela-prefeitura-de-alagoinhas-festa-de-sao-jose-atrai-fieis-ao-jardim-petrolar-e-riacho-da-guia\/#listItem","name":"Apoiada pela Prefeitura de Alagoinhas, Festa de S\u00e3o Jos\u00e9 atrai fieis ao Jardim Petrolar e Riacho da Guia"},"previousItem":{"@type":"ListItem","@id":"https:\/\/newsinfoco.com.br\/inicio#listItem","name":"In\u00edcio"}},{"@type":"ListItem","@id":"https:\/\/newsinfoco.com.br\/inicio\/apoiada-pela-prefeitura-de-alagoinhas-festa-de-sao-jose-atrai-fieis-ao-jardim-petrolar-e-riacho-da-guia\/#listItem","position":3,"name":"Apoiada pela Prefeitura de Alagoinhas, Festa de S\u00e3o Jos\u00e9 atrai fieis ao Jardim Petrolar e Riacho da Guia","previousItem":{"@type":"ListItem","@id":"https:\/\/newsinfoco.com.br\/inicio\/category\/alagoinhas-e-regiao\/#listItem","name":"Alagoinhas e Regi\u00e3o"}}]},{"@type":"Organization","@id":"https:\/\/newsinfoco.com.br\/inicio\/#organization","name":"News In Foco - Editado por Caio Pimenta","description":"O principal site de noticias de Alagoinhas e regi\u00e3o","url":"https:\/\/newsinfoco.com.br\/inicio\/"},{"@type":"Person","@id":"https:\/\/newsinfoco.com.br\/inicio\/author\/administrador\/#author","url":"https:\/\/newsinfoco.com.br\/inicio\/author\/administrador\/","name":"administrador","image":{"@type":"ImageObject","@id":"https:\/\/newsinfoco.com.br\/inicio\/apoiada-pela-prefeitura-de-alagoinhas-festa-de-sao-jose-atrai-fieis-ao-jardim-petrolar-e-riacho-da-guia\/#authorImage","url":"https:\/\/secure.gravatar.com\/avatar\/c17a617433de8c1dc9584bb79aab7563b46f5bb7e1728c9b17d9cc3ce6a08e49?s=96&d=mm&r=g","width":96,"height":96,"caption":"administrador"}},{"@type":"WebPage","@id":"https:\/\/newsinfoco.com.br\/inicio\/apoiada-pela-prefeitura-de-alagoinhas-festa-de-sao-jose-atrai-fieis-ao-jardim-petrolar-e-riacho-da-guia\/#webpage","url":"https:\/\/newsinfoco.com.br\/inicio\/apoiada-pela-prefeitura-de-alagoinhas-festa-de-sao-jose-atrai-fieis-ao-jardim-petrolar-e-riacho-da-guia\/","name":"Apoiada pela Prefeitura de Alagoinhas, Festa de S\u00e3o Jos\u00e9 atrai fieis ao Jardim Petrolar e Riacho da Guia - News In Foco - Editado por Caio Pimenta","description":"Considerado o patrono universal da igreja, S\u00e3o Jos\u00e9 \u00e9 tamb\u00e9m o padroeiro dos trabalhadores e agricultores. No seu dia, 19 de mar\u00e7o, os produtores rurais t\u00eam o costume de iniciar o plantio do milho, para uma boa colheita no S\u00e3o Jo\u00e3o. Com o apoio da Prefeitura de Alagoinhas, por meio da Secretaria de Cultura, Esporte","inLanguage":"pt-BR","isPartOf":{"@id":"https:\/\/newsinfoco.com.br\/inicio\/#website"},"breadcrumb":{"@id":"https:\/\/newsinfoco.com.br\/inicio\/apoiada-pela-prefeitura-de-alagoinhas-festa-de-sao-jose-atrai-fieis-ao-jardim-petrolar-e-riacho-da-guia\/#breadcrumblist"},"author":{"@id":"https:\/\/newsinfoco.com.br\/inicio\/author\/administrador\/#author"},"creator":{"@id":"https:\/\/newsinfoco.com.br\/inicio\/author\/administrador\/#author"},"image":{"@type":"ImageObject","url":"https:\/\/newsinfoco.com.br\/inicio\/wp-content\/uploads\/2022\/03\/WhatsApp-Image-2022-03-20-at-06.56.49-1024x682-1.jpeg","@id":"https:\/\/newsinfoco.com.br\/inicio\/apoiada-pela-prefeitura-de-alagoinhas-festa-de-sao-jose-atrai-fieis-ao-jardim-petrolar-e-riacho-da-guia\/#mainImage","width":1024,"height":682},"primaryImageOfPage":{"@id":"https:\/\/newsinfoco.com.br\/inicio\/apoiada-pela-prefeitura-de-alagoinhas-festa-de-sao-jose-atrai-fieis-ao-jardim-petrolar-e-riacho-da-guia\/#mainImage"},"datePublished":"2022-03-20T11:53:59-03:00","dateModified":"2022-03-20T11:54:40-03:00"},{"@type":"WebSite","@id":"https:\/\/newsinfoco.com.br\/inicio\/#website","url":"https:\/\/newsinfoco.com.br\/inicio\/","name":"News In Foco - Editado por Caio Pimenta","description":"O principal site de noticias de Alagoinhas e regi\u00e3o","inLanguage":"pt-BR","publisher":{"@id":"https:\/\/newsinfoco.com.br\/inicio\/#organization"}}]},"og:locale":"pt_BR","og:site_name":"News In Foco - Editado por Caio Pimenta - O principal site de noticias de Alagoinhas e regi\u00e3o","og:type":"article","og:title":"Apoiada pela Prefeitura de Alagoinhas, Festa de S\u00e3o Jos\u00e9 atrai fieis ao Jardim Petrolar e Riacho da Guia - News In Foco - Editado por Caio Pimenta","og:description":"Considerado o patrono universal da igreja, S\u00e3o Jos\u00e9 \u00e9 tamb\u00e9m o padroeiro dos trabalhadores e agricultores. No seu dia, 19 de mar\u00e7o, os produtores rurais t\u00eam o costume de iniciar o plantio do milho, para uma boa colheita no S\u00e3o Jo\u00e3o. Com o apoio da Prefeitura de Alagoinhas, por meio da Secretaria de Cultura, Esporte","og:url":"https:\/\/newsinfoco.com.br\/inicio\/apoiada-pela-prefeitura-de-alagoinhas-festa-de-sao-jose-atrai-fieis-ao-jardim-petrolar-e-riacho-da-guia\/","article:published_time":"2022-03-20T14:53:59+00:00","article:modified_time":"2022-03-20T14:54:40+00:00","twitter:card":"summary_large_image","twitter:title":"Apoiada pela Prefeitura de Alagoinhas, Festa de S\u00e3o Jos\u00e9 atrai fieis ao Jardim Petrolar e Riacho da Guia - News In Foco - Editado por Caio Pimenta","twitter:description":"Considerado o patrono universal da igreja, S\u00e3o Jos\u00e9 \u00e9 tamb\u00e9m o padroeiro dos trabalhadores e agricultores. No seu dia, 19 de mar\u00e7o, os produtores rurais t\u00eam o costume de iniciar o plantio do milho, para uma boa colheita no S\u00e3o Jo\u00e3o. Com o apoio da Prefeitura de Alagoinhas, por meio da Secretaria de Cultura, Esporte"},"aioseo_meta_data":{"post_id":"29422","title":null,"description":null,"keywords":null,"keyphrases":null,"primary_term":null,"canonical_url":null,"og_title":null,"og_description":null,"og_object_type":"default","og_image_type":"default","og_image_url":null,"og_image_width":null,"og_image_height":null,"og_image_custom_url":null,"og_image_custom_fields":null,"og_video":null,"og_custom_url":null,"og_article_section":null,"og_article_tags":null,"twitter_use_og":false,"twitter_card":"default","twitter_image_type":"default","twitter_image_url":null,"twitter_image_custom_url":null,"twitter_image_custom_fields":null,"twitter_title":null,"twitter_description":null,"schema":{"blockGraphs":[],"customGraphs":[],"default":{"data":{"Article":[],"Course":[],"Dataset":[],"FAQPage":[],"Movie":[],"Person":[],"Product":[],"ProductReview":[],"Car":[],"Recipe":[],"Service":[],"SoftwareApplication":[],"WebPage":[]},"graphName":"","isEnabled":true},"graphs":[]},"schema_type":"default","schema_type_options":null,"pillar_content":false,"robots_default":true,"robots_noindex":false,"robots_noarchive":false,"robots_nosnippet":false,"robots_nofollow":false,"robots_noimageindex":false,"robots_noodp":false,"robots_notranslate":false,"robots_max_snippet":null,"robots_max_videopreview":null,"robots_max_imagepreview":"large","priority":null,"frequency":null,"local_seo":null,"breadcrumb_settings":null,"limit_modified_date":false,"ai":null,"created":"2023-06-12 21:01:40","updated":"2025-07-11 07:15:45","seo_analyzer_scan_date":null},"aioseo_breadcrumb":"<div class=\"aioseo-breadcrumbs\"><span class=\"aioseo-breadcrumb\">\n\t\t\t<a href=\"https:\/\/newsinfoco.com.br\/inicio\" title=\"In\u00edcio\">In\u00edcio<\/a>\n\t\t<\/span><span class=\"aioseo-breadcrumb-separator\">&raquo;<\/span><span class=\"aioseo-breadcrumb\">\n\t\t\t<a href=\"https:\/\/newsinfoco.com.br\/inicio\/category\/alagoinhas-e-regiao\/\" title=\"Alagoinhas e Regi\u00e3o\">Alagoinhas e Regi\u00e3o<\/a>\n\t\t<\/span><span class=\"aioseo-breadcrumb-separator\">&raquo;<\/span><span class=\"aioseo-breadcrumb\">\n\t\t\tApoiada pela Prefeitura de Alagoinhas, Festa de S\u00e3o Jos\u00e9 atrai fieis ao Jardim Petrolar e Riacho da Guia\n\t\t<\/span><\/div>","aioseo_breadcrumb_json":[{"label":"In\u00edcio","link":"https:\/\/newsinfoco.com.br\/inicio"},{"label":"Alagoinhas e Regi\u00e3o","link":"https:\/\/newsinfoco.com.br\/inicio\/category\/alagoinhas-e-regiao\/"},{"label":"Apoiada pela Prefeitura de Alagoinhas, Festa de S\u00e3o Jos\u00e9 atrai fieis ao Jardim Petrolar e Riacho da Guia","link":"https:\/\/newsinfoco.com.br\/inicio\/apoiada-pela-prefeitura-de-alagoinhas-festa-de-sao-jose-atrai-fieis-ao-jardim-petrolar-e-riacho-da-guia\/"}],"_links":{"self":[{"href":"https:\/\/newsinfoco.com.br\/inicio\/wp-json\/wp\/v2\/posts\/29422","targetHints":{"allow":["GET"]}}],"collection":[{"href":"https:\/\/newsinfoco.com.br\/inicio\/wp-json\/wp\/v2\/posts"}],"about":[{"href":"https:\/\/newsinfoco.com.br\/inicio\/wp-json\/wp\/v2\/types\/post"}],"author":[{"embeddable":true,"href":"https:\/\/newsinfoco.com.br\/inicio\/wp-json\/wp\/v2\/users\/1"}],"replies":[{"embeddable":true,"href":"https:\/\/newsinfoco.com.br\/inicio\/wp-json\/wp\/v2\/comments?post=29422"}],"version-history":[{"count":2,"href":"https:\/\/newsinfoco.com.br\/inicio\/wp-json\/wp\/v2\/posts\/29422\/revisions"}],"predecessor-version":[{"id":29425,"href":"https:\/\/newsinfoco.com.br\/inicio\/wp-json\/wp\/v2\/posts\/29422\/revisions\/29425"}],"wp:featuredmedia":[{"embeddable":true,"href":"https:\/\/newsinfoco.com.br\/inicio\/wp-json\/wp\/v2\/media\/29423"}],"wp:attachment":[{"href":"https:\/\/newsinfoco.com.br\/inicio\/wp-json\/wp\/v2\/media?parent=29422"}],"wp:term":[{"taxonomy":"category","embeddable":true,"href":"https:\/\/newsinfoco.com.br\/inicio\/wp-json\/wp\/v2\/categories?post=29422"},{"taxonomy":"post_tag","embeddable":true,"href":"https:\/\/newsinfoco.com.br\/inicio\/wp-json\/wp\/v2\/tags?post=29422"}],"curies":[{"name":"wp","href":"https:\/\/api.w.org\/{rel}","templated":true}]}}