{"id":29426,"date":"2022-03-20T13:04:33","date_gmt":"2022-03-20T16:04:33","guid":{"rendered":"https:\/\/newsinfoco.com.br\/inicio\/?p=29426"},"modified":"2022-03-20T13:04:33","modified_gmt":"2022-03-20T16:04:33","slug":"liderancas-politicas-da-regiao-declaram-apoio-a-pre-candidatura-de-ludmilla-fiscina","status":"publish","type":"post","link":"https:\/\/newsinfoco.com.br\/inicio\/liderancas-politicas-da-regiao-declaram-apoio-a-pre-candidatura-de-ludmilla-fiscina\/","title":{"rendered":"Lideran\u00e7as pol\u00edticas da regi\u00e3o declaram apoio \u00e0 pr\u00e9-candidatura de Ludmilla Fiscina"},"content":{"rendered":"<p>\u00c9 um grande desafio disputar elei\u00e7\u00e3o para a Assembleia Legislativa, que tem 63 cadeiras e centenas de postulantes ao parlamento estadual.<\/p>\n<p>O apoio de lideran\u00e7as pol\u00edticas experimentadas \u00e9 fundamental para obter sucesso nesta empreitada, que exige, ainda, estrat\u00e9gia bem montada e planejamento correto em rela\u00e7\u00e3o \u00e0 geografia do voto. Concentra\u00e7\u00e3o de sufr\u00e1gios em munic\u00edpios chaves e desconcentra\u00e7\u00e3o em dezenas de localidades s\u00e3o pe\u00e7as de um complexo tabuleiro eleitoral.<\/p>\n<p>A pr\u00e9-candidatura de Ludmilla Fiscina se fortalece \u00e0 medida que amplia seu raio de atua\u00e7\u00e3o e obt\u00e9m apoio de importantes lideran\u00e7as.<\/p>\n<p>Os ex-prefeitos Manoel Potinha (\u00c1gua Fria), Z\u00e9 Grilo (Ribeira do Pombal), Dra. Mariane (Cardeal da Silva), D\u00e2nia (Itanagra), Domingas Paix\u00e3o (Governador Mangabeira), Flaviano Rohrs (Santo Amaro), Nildo (Ouri\u00e7angas) e Gera Requi\u00e3o (Catu) apoiam Ludmila Fiscina com consider\u00e1vel potencial de votos em seus munic\u00edpios.<\/p>\n<p>A ex-vice-prefeita de Mata de S\u00e3o Jo\u00e3o, Luciene Tavares (Lulu), garante espa\u00e7o para Ludmilla Fiscina em importante munic\u00edpio da regi\u00e3o metropolitana de Salvador.<\/p>\n<p>Djalma Brito, ex-vice-prefeito de Esplanada, um dos nomes mais fortes para a disputa municipal de 2024, \u00e9 apoiador de Ludmilla.<\/p>\n<p>Em Feira de Santana, a ex-vereadora Neinha da Sa\u00fade, que exerceu dois mandatos e est\u00e1 na primeira supl\u00eancia nesta legislatura, apoia a pr\u00e9-candidata alagoinhense.<\/p>\n<p>Jeovan Vieira, presidente da C\u00e2mara de Vereadores de Inhambupe, que articula sua candidatura \u00e0 prefeitura, \u00e9 importante apoiador de Ludmilla Fiscina.<\/p>\n<p>Na elei\u00e7\u00e3o de 2014, quando foi candidato \u00e0 Assembleia Legislativa, o prefeito Joaquim Neto obteve em Inhambupe em torno de 5 mil votos.<\/p>\n<p>Em S\u00e1tiro Dias, os vereadores Caboclinho e Moreno , al\u00e9m de ex-vereadores, lideran\u00e7as comunit\u00e1rias e comerciantes apoiam a pr\u00e9-candidatura da primeira-dama de Alagoinhas. Prefeito por tr\u00eas mandatos em S\u00e1tiro Dias, o atual gestor alagoinhense ainda exerce lideran\u00e7a no munic\u00edpio.<\/p>\n<p>Presidentes de C\u00e2mara de Vereadores, ex-presidente de legislativos municipais, ex-vereadores, vereadores no exerc\u00edcio de mandatos\u00a0 de Biritinga, Jeremoabo, Coronel Jo\u00e3o S\u00e1, Paulo Afonso, Santa Br\u00edgida, C\u00edcero Dantas, Paripiranga e Teofil\u00e2ndia\u00a0 tamb\u00e9m apoiam a pr\u00e9-candidatura de Ludmilla Fiscina, que j\u00e1 demarcou espa\u00e7os na Regi\u00e3o Metropolitana de Salvador (RMS), Rec\u00f4ncavo baiano, na microrregi\u00e3o de Alagoinhas, no litoral norte,\u00a0 semi\u00e1rido e na regi\u00e3o sob influ\u00eancia de Feira de Santana.<\/p>\n<p>Fidel Dantas, prefeito de Aramari, que governa o munic\u00edpio desde 2017, apoia Ludmilla Fiscina na disputa por uma cadeira da Assembleia Legislativa.<\/p>\n<p>AlagoinhasHoje<\/p>\n<div class='share-to-whatsapp-wrapper'><div class='share-on-whsp'>Share on: <\/div><a data-text='Lideran\u00e7as pol\u00edticas da regi\u00e3o declaram apoio \u00e0 pr\u00e9-candidatura de Ludmilla Fiscina' data-link='https:\/\/newsinfoco.com.br\/inicio\/liderancas-politicas-da-regiao-declaram-apoio-a-pre-candidatura-de-ludmilla-fiscina\/' class='whatsapp-button whatsapp-share'>WhatsApp<\/a><div class='clear '><\/div><\/div>","protected":false},"excerpt":{"rendered":"<p>\u00c9 um grande desafio disputar elei\u00e7\u00e3o para a Assembleia Legislativa, que tem 63 cadeiras e centenas de postulantes ao parlamento estadual. O apoio de lideran\u00e7as pol\u00edticas experimentadas \u00e9 fundamental para obter sucesso nesta empreitada, que exige, ainda, estrat\u00e9gia bem montada e planejamento correto em rela\u00e7\u00e3o \u00e0 geografia do voto. Concentra\u00e7\u00e3o de sufr\u00e1gios em munic\u00edpios chaves [&hellip;]<\/p>\n","protected":false},"author":1,"featured_media":29427,"comment_status":"closed","ping_status":"closed","sticky":false,"template":"","format":"standard","meta":{"om_disable_all_campaigns":false,"rop_custom_images_group":[],"rop_custom_messages_group":[],"rop_publish_now":"initial","rop_publish_now_accounts":[],"rop_publish_now_history":[],"rop_publish_now_status":"pending","_exactmetrics_skip_tracking":false,"footnotes":""},"categories":[38,167],"tags":[],"class_list":["post-29426","post","type-post","status-publish","format-standard","has-post-thumbnail","hentry","category-alagoinhas-e-regiao","category-exclusivas"],"aioseo_notices":[],"aioseo_head":"\n\t\t<!-- All in One SEO 4.9.10 - aioseo.com -->\n\t<meta name=\"description\" content=\"\u00c9 um grande desafio disputar elei\u00e7\u00e3o para a Assembleia Legislativa, que tem 63 cadeiras e centenas de postulantes ao parlamento estadual. O apoio de lideran\u00e7as pol\u00edticas experimentadas \u00e9 fundamental para obter sucesso nesta empreitada, que exige, ainda, estrat\u00e9gia bem montada e planejamento correto em rela\u00e7\u00e3o \u00e0 geografia do voto. Concentra\u00e7\u00e3o de sufr\u00e1gios em munic\u00edpios chaves\" \/>\n\t<meta name=\"robots\" content=\"max-image-preview:large\" \/>\n\t<meta name=\"author\" content=\"administrador\"\/>\n\t<link rel=\"canonical\" href=\"https:\/\/newsinfoco.com.br\/inicio\/liderancas-politicas-da-regiao-declaram-apoio-a-pre-candidatura-de-ludmilla-fiscina\/\" \/>\n\t<meta name=\"generator\" content=\"All in One SEO (AIOSEO) 4.9.10\" \/>\n\t\t<meta property=\"og:locale\" content=\"pt_BR\" \/>\n\t\t<meta property=\"og:site_name\" content=\"News In Foco - Editado por Caio Pimenta - O principal site de noticias de Alagoinhas e regi\u00e3o\" \/>\n\t\t<meta property=\"og:type\" content=\"article\" \/>\n\t\t<meta property=\"og:title\" content=\"Lideran\u00e7as pol\u00edticas da regi\u00e3o declaram apoio \u00e0 pr\u00e9-candidatura de Ludmilla Fiscina - News In Foco - Editado por Caio Pimenta\" \/>\n\t\t<meta property=\"og:description\" content=\"\u00c9 um grande desafio disputar elei\u00e7\u00e3o para a Assembleia Legislativa, que tem 63 cadeiras e centenas de postulantes ao parlamento estadual. O apoio de lideran\u00e7as pol\u00edticas experimentadas \u00e9 fundamental para obter sucesso nesta empreitada, que exige, ainda, estrat\u00e9gia bem montada e planejamento correto em rela\u00e7\u00e3o \u00e0 geografia do voto. Concentra\u00e7\u00e3o de sufr\u00e1gios em munic\u00edpios chaves\" \/>\n\t\t<meta property=\"og:url\" content=\"https:\/\/newsinfoco.com.br\/inicio\/liderancas-politicas-da-regiao-declaram-apoio-a-pre-candidatura-de-ludmilla-fiscina\/\" \/>\n\t\t<meta property=\"article:published_time\" content=\"2022-03-20T16:04:33+00:00\" \/>\n\t\t<meta property=\"article:modified_time\" content=\"2022-03-20T16:04:33+00:00\" \/>\n\t\t<meta name=\"twitter:card\" content=\"summary_large_image\" \/>\n\t\t<meta name=\"twitter:title\" content=\"Lideran\u00e7as pol\u00edticas da regi\u00e3o declaram apoio \u00e0 pr\u00e9-candidatura de Ludmilla Fiscina - News In Foco - Editado por Caio Pimenta\" \/>\n\t\t<meta name=\"twitter:description\" content=\"\u00c9 um grande desafio disputar elei\u00e7\u00e3o para a Assembleia Legislativa, que tem 63 cadeiras e centenas de postulantes ao parlamento estadual. O apoio de lideran\u00e7as pol\u00edticas experimentadas \u00e9 fundamental para obter sucesso nesta empreitada, que exige, ainda, estrat\u00e9gia bem montada e planejamento correto em rela\u00e7\u00e3o \u00e0 geografia do voto. Concentra\u00e7\u00e3o de sufr\u00e1gios em munic\u00edpios chaves\" \/>\n\t\t<script type=\"application\/ld+json\" class=\"aioseo-schema\">\n\t\t\t{\"@context\":\"https:\\\/\\\/schema.org\",\"@graph\":[{\"@type\":\"BlogPosting\",\"@id\":\"https:\\\/\\\/newsinfoco.com.br\\\/inicio\\\/liderancas-politicas-da-regiao-declaram-apoio-a-pre-candidatura-de-ludmilla-fiscina\\\/#blogposting\",\"name\":\"Lideran\\u00e7as pol\\u00edticas da regi\\u00e3o declaram apoio \\u00e0 pr\\u00e9-candidatura de Ludmilla Fiscina - News In Foco - Editado por Caio Pimenta\",\"headline\":\"Lideran\\u00e7as pol\\u00edticas da regi\\u00e3o declaram apoio \\u00e0 pr\\u00e9-candidatura de Ludmilla Fiscina\",\"author\":{\"@id\":\"https:\\\/\\\/newsinfoco.com.br\\\/inicio\\\/author\\\/administrador\\\/#author\"},\"publisher\":{\"@id\":\"https:\\\/\\\/newsinfoco.com.br\\\/inicio\\\/#organization\"},\"image\":{\"@type\":\"ImageObject\",\"url\":\"https:\\\/\\\/newsinfoco.com.br\\\/inicio\\\/wp-content\\\/uploads\\\/2022\\\/03\\\/LUDMILLA-465x465-1.jpg\",\"width\":465,\"height\":465},\"datePublished\":\"2022-03-20T13:04:33-03:00\",\"dateModified\":\"2022-03-20T13:04:33-03:00\",\"inLanguage\":\"pt-BR\",\"mainEntityOfPage\":{\"@id\":\"https:\\\/\\\/newsinfoco.com.br\\\/inicio\\\/liderancas-politicas-da-regiao-declaram-apoio-a-pre-candidatura-de-ludmilla-fiscina\\\/#webpage\"},\"isPartOf\":{\"@id\":\"https:\\\/\\\/newsinfoco.com.br\\\/inicio\\\/liderancas-politicas-da-regiao-declaram-apoio-a-pre-candidatura-de-ludmilla-fiscina\\\/#webpage\"},\"articleSection\":\"Alagoinhas e Regi\\u00e3o, Manchete\"},{\"@type\":\"BreadcrumbList\",\"@id\":\"https:\\\/\\\/newsinfoco.com.br\\\/inicio\\\/liderancas-politicas-da-regiao-declaram-apoio-a-pre-candidatura-de-ludmilla-fiscina\\\/#breadcrumblist\",\"itemListElement\":[{\"@type\":\"ListItem\",\"@id\":\"https:\\\/\\\/newsinfoco.com.br\\\/inicio#listItem\",\"position\":1,\"name\":\"In\\u00edcio\",\"item\":\"https:\\\/\\\/newsinfoco.com.br\\\/inicio\",\"nextItem\":{\"@type\":\"ListItem\",\"@id\":\"https:\\\/\\\/newsinfoco.com.br\\\/inicio\\\/category\\\/alagoinhas-e-regiao\\\/#listItem\",\"name\":\"Alagoinhas e Regi\\u00e3o\"}},{\"@type\":\"ListItem\",\"@id\":\"https:\\\/\\\/newsinfoco.com.br\\\/inicio\\\/category\\\/alagoinhas-e-regiao\\\/#listItem\",\"position\":2,\"name\":\"Alagoinhas e Regi\\u00e3o\",\"item\":\"https:\\\/\\\/newsinfoco.com.br\\\/inicio\\\/category\\\/alagoinhas-e-regiao\\\/\",\"nextItem\":{\"@type\":\"ListItem\",\"@id\":\"https:\\\/\\\/newsinfoco.com.br\\\/inicio\\\/liderancas-politicas-da-regiao-declaram-apoio-a-pre-candidatura-de-ludmilla-fiscina\\\/#listItem\",\"name\":\"Lideran\\u00e7as pol\\u00edticas da regi\\u00e3o declaram apoio \\u00e0 pr\\u00e9-candidatura de Ludmilla Fiscina\"},\"previousItem\":{\"@type\":\"ListItem\",\"@id\":\"https:\\\/\\\/newsinfoco.com.br\\\/inicio#listItem\",\"name\":\"In\\u00edcio\"}},{\"@type\":\"ListItem\",\"@id\":\"https:\\\/\\\/newsinfoco.com.br\\\/inicio\\\/liderancas-politicas-da-regiao-declaram-apoio-a-pre-candidatura-de-ludmilla-fiscina\\\/#listItem\",\"position\":3,\"name\":\"Lideran\\u00e7as pol\\u00edticas da regi\\u00e3o declaram apoio \\u00e0 pr\\u00e9-candidatura de Ludmilla Fiscina\",\"previousItem\":{\"@type\":\"ListItem\",\"@id\":\"https:\\\/\\\/newsinfoco.com.br\\\/inicio\\\/category\\\/alagoinhas-e-regiao\\\/#listItem\",\"name\":\"Alagoinhas e Regi\\u00e3o\"}}]},{\"@type\":\"Organization\",\"@id\":\"https:\\\/\\\/newsinfoco.com.br\\\/inicio\\\/#organization\",\"name\":\"News In Foco - Editado por Caio Pimenta\",\"description\":\"O principal site de noticias de Alagoinhas e regi\\u00e3o\",\"url\":\"https:\\\/\\\/newsinfoco.com.br\\\/inicio\\\/\"},{\"@type\":\"Person\",\"@id\":\"https:\\\/\\\/newsinfoco.com.br\\\/inicio\\\/author\\\/administrador\\\/#author\",\"url\":\"https:\\\/\\\/newsinfoco.com.br\\\/inicio\\\/author\\\/administrador\\\/\",\"name\":\"administrador\",\"image\":{\"@type\":\"ImageObject\",\"@id\":\"https:\\\/\\\/newsinfoco.com.br\\\/inicio\\\/liderancas-politicas-da-regiao-declaram-apoio-a-pre-candidatura-de-ludmilla-fiscina\\\/#authorImage\",\"url\":\"https:\\\/\\\/secure.gravatar.com\\\/avatar\\\/c17a617433de8c1dc9584bb79aab7563b46f5bb7e1728c9b17d9cc3ce6a08e49?s=96&d=mm&r=g\",\"width\":96,\"height\":96,\"caption\":\"administrador\"}},{\"@type\":\"WebPage\",\"@id\":\"https:\\\/\\\/newsinfoco.com.br\\\/inicio\\\/liderancas-politicas-da-regiao-declaram-apoio-a-pre-candidatura-de-ludmilla-fiscina\\\/#webpage\",\"url\":\"https:\\\/\\\/newsinfoco.com.br\\\/inicio\\\/liderancas-politicas-da-regiao-declaram-apoio-a-pre-candidatura-de-ludmilla-fiscina\\\/\",\"name\":\"Lideran\\u00e7as pol\\u00edticas da regi\\u00e3o declaram apoio \\u00e0 pr\\u00e9-candidatura de Ludmilla Fiscina - News In Foco - Editado por Caio Pimenta\",\"description\":\"\\u00c9 um grande desafio disputar elei\\u00e7\\u00e3o para a Assembleia Legislativa, que tem 63 cadeiras e centenas de postulantes ao parlamento estadual. O apoio de lideran\\u00e7as pol\\u00edticas experimentadas \\u00e9 fundamental para obter sucesso nesta empreitada, que exige, ainda, estrat\\u00e9gia bem montada e planejamento correto em rela\\u00e7\\u00e3o \\u00e0 geografia do voto. Concentra\\u00e7\\u00e3o de sufr\\u00e1gios em munic\\u00edpios chaves\",\"inLanguage\":\"pt-BR\",\"isPartOf\":{\"@id\":\"https:\\\/\\\/newsinfoco.com.br\\\/inicio\\\/#website\"},\"breadcrumb\":{\"@id\":\"https:\\\/\\\/newsinfoco.com.br\\\/inicio\\\/liderancas-politicas-da-regiao-declaram-apoio-a-pre-candidatura-de-ludmilla-fiscina\\\/#breadcrumblist\"},\"author\":{\"@id\":\"https:\\\/\\\/newsinfoco.com.br\\\/inicio\\\/author\\\/administrador\\\/#author\"},\"creator\":{\"@id\":\"https:\\\/\\\/newsinfoco.com.br\\\/inicio\\\/author\\\/administrador\\\/#author\"},\"image\":{\"@type\":\"ImageObject\",\"url\":\"https:\\\/\\\/newsinfoco.com.br\\\/inicio\\\/wp-content\\\/uploads\\\/2022\\\/03\\\/LUDMILLA-465x465-1.jpg\",\"@id\":\"https:\\\/\\\/newsinfoco.com.br\\\/inicio\\\/liderancas-politicas-da-regiao-declaram-apoio-a-pre-candidatura-de-ludmilla-fiscina\\\/#mainImage\",\"width\":465,\"height\":465},\"primaryImageOfPage\":{\"@id\":\"https:\\\/\\\/newsinfoco.com.br\\\/inicio\\\/liderancas-politicas-da-regiao-declaram-apoio-a-pre-candidatura-de-ludmilla-fiscina\\\/#mainImage\"},\"datePublished\":\"2022-03-20T13:04:33-03:00\",\"dateModified\":\"2022-03-20T13:04:33-03:00\"},{\"@type\":\"WebSite\",\"@id\":\"https:\\\/\\\/newsinfoco.com.br\\\/inicio\\\/#website\",\"url\":\"https:\\\/\\\/newsinfoco.com.br\\\/inicio\\\/\",\"name\":\"News In Foco - Editado por Caio Pimenta\",\"description\":\"O principal site de noticias de Alagoinhas e regi\\u00e3o\",\"inLanguage\":\"pt-BR\",\"publisher\":{\"@id\":\"https:\\\/\\\/newsinfoco.com.br\\\/inicio\\\/#organization\"}}]}\n\t\t<\/script>\n\t\t<!-- All in One SEO -->\n\n","aioseo_head_json":{"title":"Lideran\u00e7as pol\u00edticas da regi\u00e3o declaram apoio \u00e0 pr\u00e9-candidatura de Ludmilla Fiscina - News In Foco - Editado por Caio Pimenta","description":"\u00c9 um grande desafio disputar elei\u00e7\u00e3o para a Assembleia Legislativa, que tem 63 cadeiras e centenas de postulantes ao parlamento estadual. O apoio de lideran\u00e7as pol\u00edticas experimentadas \u00e9 fundamental para obter sucesso nesta empreitada, que exige, ainda, estrat\u00e9gia bem montada e planejamento correto em rela\u00e7\u00e3o \u00e0 geografia do voto. Concentra\u00e7\u00e3o de sufr\u00e1gios em munic\u00edpios chaves","canonical_url":"https:\/\/newsinfoco.com.br\/inicio\/liderancas-politicas-da-regiao-declaram-apoio-a-pre-candidatura-de-ludmilla-fiscina\/","robots":"max-image-preview:large","keywords":"","webmasterTools":{"miscellaneous":""},"schema":{"@context":"https:\/\/schema.org","@graph":[{"@type":"BlogPosting","@id":"https:\/\/newsinfoco.com.br\/inicio\/liderancas-politicas-da-regiao-declaram-apoio-a-pre-candidatura-de-ludmilla-fiscina\/#blogposting","name":"Lideran\u00e7as pol\u00edticas da regi\u00e3o declaram apoio \u00e0 pr\u00e9-candidatura de Ludmilla Fiscina - News In Foco - Editado por Caio Pimenta","headline":"Lideran\u00e7as pol\u00edticas da regi\u00e3o declaram apoio \u00e0 pr\u00e9-candidatura de Ludmilla Fiscina","author":{"@id":"https:\/\/newsinfoco.com.br\/inicio\/author\/administrador\/#author"},"publisher":{"@id":"https:\/\/newsinfoco.com.br\/inicio\/#organization"},"image":{"@type":"ImageObject","url":"https:\/\/newsinfoco.com.br\/inicio\/wp-content\/uploads\/2022\/03\/LUDMILLA-465x465-1.jpg","width":465,"height":465},"datePublished":"2022-03-20T13:04:33-03:00","dateModified":"2022-03-20T13:04:33-03:00","inLanguage":"pt-BR","mainEntityOfPage":{"@id":"https:\/\/newsinfoco.com.br\/inicio\/liderancas-politicas-da-regiao-declaram-apoio-a-pre-candidatura-de-ludmilla-fiscina\/#webpage"},"isPartOf":{"@id":"https:\/\/newsinfoco.com.br\/inicio\/liderancas-politicas-da-regiao-declaram-apoio-a-pre-candidatura-de-ludmilla-fiscina\/#webpage"},"articleSection":"Alagoinhas e Regi\u00e3o, Manchete"},{"@type":"BreadcrumbList","@id":"https:\/\/newsinfoco.com.br\/inicio\/liderancas-politicas-da-regiao-declaram-apoio-a-pre-candidatura-de-ludmilla-fiscina\/#breadcrumblist","itemListElement":[{"@type":"ListItem","@id":"https:\/\/newsinfoco.com.br\/inicio#listItem","position":1,"name":"In\u00edcio","item":"https:\/\/newsinfoco.com.br\/inicio","nextItem":{"@type":"ListItem","@id":"https:\/\/newsinfoco.com.br\/inicio\/category\/alagoinhas-e-regiao\/#listItem","name":"Alagoinhas e Regi\u00e3o"}},{"@type":"ListItem","@id":"https:\/\/newsinfoco.com.br\/inicio\/category\/alagoinhas-e-regiao\/#listItem","position":2,"name":"Alagoinhas e Regi\u00e3o","item":"https:\/\/newsinfoco.com.br\/inicio\/category\/alagoinhas-e-regiao\/","nextItem":{"@type":"ListItem","@id":"https:\/\/newsinfoco.com.br\/inicio\/liderancas-politicas-da-regiao-declaram-apoio-a-pre-candidatura-de-ludmilla-fiscina\/#listItem","name":"Lideran\u00e7as pol\u00edticas da regi\u00e3o declaram apoio \u00e0 pr\u00e9-candidatura de Ludmilla Fiscina"},"previousItem":{"@type":"ListItem","@id":"https:\/\/newsinfoco.com.br\/inicio#listItem","name":"In\u00edcio"}},{"@type":"ListItem","@id":"https:\/\/newsinfoco.com.br\/inicio\/liderancas-politicas-da-regiao-declaram-apoio-a-pre-candidatura-de-ludmilla-fiscina\/#listItem","position":3,"name":"Lideran\u00e7as pol\u00edticas da regi\u00e3o declaram apoio \u00e0 pr\u00e9-candidatura de Ludmilla Fiscina","previousItem":{"@type":"ListItem","@id":"https:\/\/newsinfoco.com.br\/inicio\/category\/alagoinhas-e-regiao\/#listItem","name":"Alagoinhas e Regi\u00e3o"}}]},{"@type":"Organization","@id":"https:\/\/newsinfoco.com.br\/inicio\/#organization","name":"News In Foco - Editado por Caio Pimenta","description":"O principal site de noticias de Alagoinhas e regi\u00e3o","url":"https:\/\/newsinfoco.com.br\/inicio\/"},{"@type":"Person","@id":"https:\/\/newsinfoco.com.br\/inicio\/author\/administrador\/#author","url":"https:\/\/newsinfoco.com.br\/inicio\/author\/administrador\/","name":"administrador","image":{"@type":"ImageObject","@id":"https:\/\/newsinfoco.com.br\/inicio\/liderancas-politicas-da-regiao-declaram-apoio-a-pre-candidatura-de-ludmilla-fiscina\/#authorImage","url":"https:\/\/secure.gravatar.com\/avatar\/c17a617433de8c1dc9584bb79aab7563b46f5bb7e1728c9b17d9cc3ce6a08e49?s=96&d=mm&r=g","width":96,"height":96,"caption":"administrador"}},{"@type":"WebPage","@id":"https:\/\/newsinfoco.com.br\/inicio\/liderancas-politicas-da-regiao-declaram-apoio-a-pre-candidatura-de-ludmilla-fiscina\/#webpage","url":"https:\/\/newsinfoco.com.br\/inicio\/liderancas-politicas-da-regiao-declaram-apoio-a-pre-candidatura-de-ludmilla-fiscina\/","name":"Lideran\u00e7as pol\u00edticas da regi\u00e3o declaram apoio \u00e0 pr\u00e9-candidatura de Ludmilla Fiscina - News In Foco - Editado por Caio Pimenta","description":"\u00c9 um grande desafio disputar elei\u00e7\u00e3o para a Assembleia Legislativa, que tem 63 cadeiras e centenas de postulantes ao parlamento estadual. O apoio de lideran\u00e7as pol\u00edticas experimentadas \u00e9 fundamental para obter sucesso nesta empreitada, que exige, ainda, estrat\u00e9gia bem montada e planejamento correto em rela\u00e7\u00e3o \u00e0 geografia do voto. Concentra\u00e7\u00e3o de sufr\u00e1gios em munic\u00edpios chaves","inLanguage":"pt-BR","isPartOf":{"@id":"https:\/\/newsinfoco.com.br\/inicio\/#website"},"breadcrumb":{"@id":"https:\/\/newsinfoco.com.br\/inicio\/liderancas-politicas-da-regiao-declaram-apoio-a-pre-candidatura-de-ludmilla-fiscina\/#breadcrumblist"},"author":{"@id":"https:\/\/newsinfoco.com.br\/inicio\/author\/administrador\/#author"},"creator":{"@id":"https:\/\/newsinfoco.com.br\/inicio\/author\/administrador\/#author"},"image":{"@type":"ImageObject","url":"https:\/\/newsinfoco.com.br\/inicio\/wp-content\/uploads\/2022\/03\/LUDMILLA-465x465-1.jpg","@id":"https:\/\/newsinfoco.com.br\/inicio\/liderancas-politicas-da-regiao-declaram-apoio-a-pre-candidatura-de-ludmilla-fiscina\/#mainImage","width":465,"height":465},"primaryImageOfPage":{"@id":"https:\/\/newsinfoco.com.br\/inicio\/liderancas-politicas-da-regiao-declaram-apoio-a-pre-candidatura-de-ludmilla-fiscina\/#mainImage"},"datePublished":"2022-03-20T13:04:33-03:00","dateModified":"2022-03-20T13:04:33-03:00"},{"@type":"WebSite","@id":"https:\/\/newsinfoco.com.br\/inicio\/#website","url":"https:\/\/newsinfoco.com.br\/inicio\/","name":"News In Foco - Editado por Caio Pimenta","description":"O principal site de noticias de Alagoinhas e regi\u00e3o","inLanguage":"pt-BR","publisher":{"@id":"https:\/\/newsinfoco.com.br\/inicio\/#organization"}}]},"og:locale":"pt_BR","og:site_name":"News In Foco - Editado por Caio Pimenta - O principal site de noticias de Alagoinhas e regi\u00e3o","og:type":"article","og:title":"Lideran\u00e7as pol\u00edticas da regi\u00e3o declaram apoio \u00e0 pr\u00e9-candidatura de Ludmilla Fiscina - News In Foco - Editado por Caio Pimenta","og:description":"\u00c9 um grande desafio disputar elei\u00e7\u00e3o para a Assembleia Legislativa, que tem 63 cadeiras e centenas de postulantes ao parlamento estadual. O apoio de lideran\u00e7as pol\u00edticas experimentadas \u00e9 fundamental para obter sucesso nesta empreitada, que exige, ainda, estrat\u00e9gia bem montada e planejamento correto em rela\u00e7\u00e3o \u00e0 geografia do voto. Concentra\u00e7\u00e3o de sufr\u00e1gios em munic\u00edpios chaves","og:url":"https:\/\/newsinfoco.com.br\/inicio\/liderancas-politicas-da-regiao-declaram-apoio-a-pre-candidatura-de-ludmilla-fiscina\/","article:published_time":"2022-03-20T16:04:33+00:00","article:modified_time":"2022-03-20T16:04:33+00:00","twitter:card":"summary_large_image","twitter:title":"Lideran\u00e7as pol\u00edticas da regi\u00e3o declaram apoio \u00e0 pr\u00e9-candidatura de Ludmilla Fiscina - News In Foco - Editado por Caio Pimenta","twitter:description":"\u00c9 um grande desafio disputar elei\u00e7\u00e3o para a Assembleia Legislativa, que tem 63 cadeiras e centenas de postulantes ao parlamento estadual. O apoio de lideran\u00e7as pol\u00edticas experimentadas \u00e9 fundamental para obter sucesso nesta empreitada, que exige, ainda, estrat\u00e9gia bem montada e planejamento correto em rela\u00e7\u00e3o \u00e0 geografia do voto. Concentra\u00e7\u00e3o de sufr\u00e1gios em munic\u00edpios chaves"},"aioseo_meta_data":{"post_id":"29426","title":null,"description":null,"keywords":null,"keyphrases":null,"primary_term":null,"canonical_url":null,"og_title":null,"og_description":null,"og_object_type":"default","og_image_type":"default","og_image_url":null,"og_image_width":null,"og_image_height":null,"og_image_custom_url":null,"og_image_custom_fields":null,"og_video":null,"og_custom_url":null,"og_article_section":null,"og_article_tags":null,"twitter_use_og":false,"twitter_card":"default","twitter_image_type":"default","twitter_image_url":null,"twitter_image_custom_url":null,"twitter_image_custom_fields":null,"twitter_title":null,"twitter_description":null,"schema":{"blockGraphs":[],"customGraphs":[],"default":{"data":{"Article":[],"Course":[],"Dataset":[],"FAQPage":[],"Movie":[],"Person":[],"Product":[],"ProductReview":[],"Car":[],"Recipe":[],"Service":[],"SoftwareApplication":[],"WebPage":[]},"graphName":"","isEnabled":true},"graphs":[]},"schema_type":"default","schema_type_options":null,"pillar_content":false,"robots_default":true,"robots_noindex":false,"robots_noarchive":false,"robots_nosnippet":false,"robots_nofollow":false,"robots_noimageindex":false,"robots_noodp":false,"robots_notranslate":false,"robots_max_snippet":null,"robots_max_videopreview":null,"robots_max_imagepreview":"large","priority":null,"frequency":null,"local_seo":null,"breadcrumb_settings":null,"limit_modified_date":false,"ai":null,"created":"2023-06-12 21:01:41","updated":"2025-07-11 07:15:45","seo_analyzer_scan_date":null},"aioseo_breadcrumb":"<div class=\"aioseo-breadcrumbs\"><span class=\"aioseo-breadcrumb\">\n\t\t\t<a href=\"https:\/\/newsinfoco.com.br\/inicio\" title=\"In\u00edcio\">In\u00edcio<\/a>\n\t\t<\/span><span class=\"aioseo-breadcrumb-separator\">&raquo;<\/span><span class=\"aioseo-breadcrumb\">\n\t\t\t<a href=\"https:\/\/newsinfoco.com.br\/inicio\/category\/alagoinhas-e-regiao\/\" title=\"Alagoinhas e Regi\u00e3o\">Alagoinhas e Regi\u00e3o<\/a>\n\t\t<\/span><span class=\"aioseo-breadcrumb-separator\">&raquo;<\/span><span class=\"aioseo-breadcrumb\">\n\t\t\tLideran\u00e7as pol\u00edticas da regi\u00e3o declaram apoio \u00e0 pr\u00e9-candidatura de Ludmilla Fiscina\n\t\t<\/span><\/div>","aioseo_breadcrumb_json":[{"label":"In\u00edcio","link":"https:\/\/newsinfoco.com.br\/inicio"},{"label":"Alagoinhas e Regi\u00e3o","link":"https:\/\/newsinfoco.com.br\/inicio\/category\/alagoinhas-e-regiao\/"},{"label":"Lideran\u00e7as pol\u00edticas da regi\u00e3o declaram apoio \u00e0 pr\u00e9-candidatura de Ludmilla Fiscina","link":"https:\/\/newsinfoco.com.br\/inicio\/liderancas-politicas-da-regiao-declaram-apoio-a-pre-candidatura-de-ludmilla-fiscina\/"}],"_links":{"self":[{"href":"https:\/\/newsinfoco.com.br\/inicio\/wp-json\/wp\/v2\/posts\/29426","targetHints":{"allow":["GET"]}}],"collection":[{"href":"https:\/\/newsinfoco.com.br\/inicio\/wp-json\/wp\/v2\/posts"}],"about":[{"href":"https:\/\/newsinfoco.com.br\/inicio\/wp-json\/wp\/v2\/types\/post"}],"author":[{"embeddable":true,"href":"https:\/\/newsinfoco.com.br\/inicio\/wp-json\/wp\/v2\/users\/1"}],"replies":[{"embeddable":true,"href":"https:\/\/newsinfoco.com.br\/inicio\/wp-json\/wp\/v2\/comments?post=29426"}],"version-history":[{"count":1,"href":"https:\/\/newsinfoco.com.br\/inicio\/wp-json\/wp\/v2\/posts\/29426\/revisions"}],"predecessor-version":[{"id":29428,"href":"https:\/\/newsinfoco.com.br\/inicio\/wp-json\/wp\/v2\/posts\/29426\/revisions\/29428"}],"wp:featuredmedia":[{"embeddable":true,"href":"https:\/\/newsinfoco.com.br\/inicio\/wp-json\/wp\/v2\/media\/29427"}],"wp:attachment":[{"href":"https:\/\/newsinfoco.com.br\/inicio\/wp-json\/wp\/v2\/media?parent=29426"}],"wp:term":[{"taxonomy":"category","embeddable":true,"href":"https:\/\/newsinfoco.com.br\/inicio\/wp-json\/wp\/v2\/categories?post=29426"},{"taxonomy":"post_tag","embeddable":true,"href":"https:\/\/newsinfoco.com.br\/inicio\/wp-json\/wp\/v2\/tags?post=29426"}],"curies":[{"name":"wp","href":"https:\/\/api.w.org\/{rel}","templated":true}]}}