{"id":29429,"date":"2022-03-20T20:30:09","date_gmt":"2022-03-20T23:30:09","guid":{"rendered":"https:\/\/newsinfoco.com.br\/inicio\/?p=29429"},"modified":"2022-03-20T20:30:09","modified_gmt":"2022-03-20T23:30:09","slug":"radio-sociedade-da-bahia-intensifica-cobertura-do-atletico-de-alagoinhas-luciano-reis-sera-o-setorista","status":"publish","type":"post","link":"https:\/\/newsinfoco.com.br\/inicio\/radio-sociedade-da-bahia-intensifica-cobertura-do-atletico-de-alagoinhas-luciano-reis-sera-o-setorista\/","title":{"rendered":"R\u00e1dio Sociedade da Bahia intensifica cobertura do Atl\u00e9tico de Alagoinhas; Luciano Reis ser\u00e1 o setorista"},"content":{"rendered":"<p dir=\"auto\">Luciano Reis, far\u00e1 sua estreia a partir desta segunda-feira (21\/3) na programa\u00e7\u00e3o esportiva da r\u00e1dio Sociedade da Bahia com entradas nos Programas Sport Mais, das 12h \u00e0s 14h e Bate Bola das 19h \u00e0s 21h, direto da cidade de Alagoinhas, de segunda a sexta-feira, informando o dia a dia do Carcar\u00e1, que participa do Campeonato Baiano e Copa do Nordeste.<\/p>\n<p dir=\"auto\">A R\u00e1dio Sociedade da Bahia, convidou o experiente radialista Luciano Reis, para ser o rep\u00f3rter setorista do Alagoinhas Atl\u00e9tico Clube para todo o estado, atrav\u00e9s das frequ\u00eancias 740 AM e 102.5 FM.<\/p>\n<p dir=\"auto\">&#8220;Estou muito feliz e honrado por ser convidado pelo narrador e gerente de Esportes da R\u00e1dio Sociedade da Bahia,\u00a0 Espedito Magrini, principalmente por se tratar de uma emissora hist\u00f3rica. Tem coisas, que s\u00f3 Deus faz. Vou saber abra\u00e7ar este novo desafio e enriquecedor para meu curr\u00edculo&#8221;, declarou Luciano Reis.<\/p>\n<p dir=\"auto\">Editor do site Luciano Reis Not\u00edcias e radialista com 22 anos de atua\u00e7\u00e3o em Alagoinhas e regi\u00e3o, atualmente, Luciano Reis faz parte da equipe do Primeira M\u00e3o, da R\u00e1dio Ouro Negro FM 100.5, programa que vai ao ar das 6h \u00e0s 8h da manh\u00e3, de segunda a sexta-feira, para Alagoinhas, Catu e mais de 80 cidades do Litoral Norte e Agreste Baiano, al\u00e9m da regi\u00e3o metropolitana e Salvador, e conta com a apresenta\u00e7\u00e3o de Caio Pimenta, participa\u00e7\u00f5es de Chico Reis, Jos\u00e9 Gomes, Carlos David (correspondente de Catu) e Luciano Produ\u00e7\u00f5es (correspondente de Pojuca).<\/p>\n<p dir=\"auto\">Luciano Reis tamb\u00e9m foi correspondente do jornalismo da R\u00e1dio Sociedade, entre 2019 e 2020, em Alagoinhas e regi\u00e3o, nos programas Sociedade Urgente apresentado por Adelson Carvalho das 6h \u00e0s 8h da manh\u00e3, Balan\u00e7o Geral, com Raimundo Varela, Jo\u00e3o Kalil e Pedro Sento S\u00e9, das 8h \u00e0s 10h e Conex\u00e3o Sociedade, com Silvana Oliveira e Cr\u00eds Cambu\u00ed, das 10h \u00e0s 12h.<\/p>\n<div dir=\"auto\"><\/div>\n<div dir=\"auto\"><\/div>\n<div dir=\"auto\"><\/div>\n<div dir=\"auto\"><\/div>\n<div class='share-to-whatsapp-wrapper'><div class='share-on-whsp'>Share on: <\/div><a data-text='R\u00e1dio Sociedade da Bahia intensifica cobertura do Atl\u00e9tico de Alagoinhas; Luciano Reis ser\u00e1 o setorista' data-link='https:\/\/newsinfoco.com.br\/inicio\/radio-sociedade-da-bahia-intensifica-cobertura-do-atletico-de-alagoinhas-luciano-reis-sera-o-setorista\/' class='whatsapp-button whatsapp-share'>WhatsApp<\/a><div class='clear '><\/div><\/div>","protected":false},"excerpt":{"rendered":"<p>Luciano Reis, far\u00e1 sua estreia a partir desta segunda-feira (21\/3) na programa\u00e7\u00e3o esportiva da r\u00e1dio Sociedade da Bahia com entradas nos Programas Sport Mais, das 12h \u00e0s 14h e Bate Bola das 19h \u00e0s 21h, direto da cidade de Alagoinhas, de segunda a sexta-feira, informando o dia a dia do Carcar\u00e1, que participa do Campeonato [&hellip;]<\/p>\n","protected":false},"author":1,"featured_media":29430,"comment_status":"closed","ping_status":"closed","sticky":false,"template":"","format":"standard","meta":{"om_disable_all_campaigns":false,"rop_custom_images_group":[],"rop_custom_messages_group":[],"rop_publish_now":"initial","rop_publish_now_accounts":[],"rop_publish_now_history":[],"rop_publish_now_status":"pending","_exactmetrics_skip_tracking":false,"footnotes":""},"categories":[38,167],"tags":[],"class_list":["post-29429","post","type-post","status-publish","format-standard","has-post-thumbnail","hentry","category-alagoinhas-e-regiao","category-exclusivas"],"aioseo_notices":[],"aioseo_head":"\n\t\t<!-- All in One SEO 4.9.10 - aioseo.com -->\n\t<meta name=\"description\" content=\"Luciano Reis, far\u00e1 sua estreia a partir desta segunda-feira (21\/3) na programa\u00e7\u00e3o esportiva da r\u00e1dio Sociedade da Bahia com entradas nos Programas Sport Mais, das 12h \u00e0s 14h e Bate Bola das 19h \u00e0s 21h, direto da cidade de Alagoinhas, de segunda a sexta-feira, informando o dia a dia do Carcar\u00e1, que participa do Campeonato\" \/>\n\t<meta name=\"robots\" content=\"max-image-preview:large\" \/>\n\t<meta name=\"author\" content=\"administrador\"\/>\n\t<link rel=\"canonical\" href=\"https:\/\/newsinfoco.com.br\/inicio\/radio-sociedade-da-bahia-intensifica-cobertura-do-atletico-de-alagoinhas-luciano-reis-sera-o-setorista\/\" \/>\n\t<meta name=\"generator\" content=\"All in One SEO (AIOSEO) 4.9.10\" \/>\n\t\t<meta property=\"og:locale\" content=\"pt_BR\" \/>\n\t\t<meta property=\"og:site_name\" content=\"News In Foco - Editado por Caio Pimenta - O principal site de noticias de Alagoinhas e regi\u00e3o\" \/>\n\t\t<meta property=\"og:type\" content=\"article\" \/>\n\t\t<meta property=\"og:title\" content=\"R\u00e1dio Sociedade da Bahia intensifica cobertura do Atl\u00e9tico de Alagoinhas; Luciano Reis ser\u00e1 o setorista - News In Foco - Editado por Caio Pimenta\" \/>\n\t\t<meta property=\"og:description\" content=\"Luciano Reis, far\u00e1 sua estreia a partir desta segunda-feira (21\/3) na programa\u00e7\u00e3o esportiva da r\u00e1dio Sociedade da Bahia com entradas nos Programas Sport Mais, das 12h \u00e0s 14h e Bate Bola das 19h \u00e0s 21h, direto da cidade de Alagoinhas, de segunda a sexta-feira, informando o dia a dia do Carcar\u00e1, que participa do Campeonato\" \/>\n\t\t<meta property=\"og:url\" content=\"https:\/\/newsinfoco.com.br\/inicio\/radio-sociedade-da-bahia-intensifica-cobertura-do-atletico-de-alagoinhas-luciano-reis-sera-o-setorista\/\" \/>\n\t\t<meta property=\"article:published_time\" content=\"2022-03-20T23:30:09+00:00\" \/>\n\t\t<meta property=\"article:modified_time\" content=\"2022-03-20T23:30:09+00:00\" \/>\n\t\t<meta name=\"twitter:card\" content=\"summary_large_image\" \/>\n\t\t<meta name=\"twitter:title\" content=\"R\u00e1dio Sociedade da Bahia intensifica cobertura do Atl\u00e9tico de Alagoinhas; Luciano Reis ser\u00e1 o setorista - News In Foco - Editado por Caio Pimenta\" \/>\n\t\t<meta name=\"twitter:description\" content=\"Luciano Reis, far\u00e1 sua estreia a partir desta segunda-feira (21\/3) na programa\u00e7\u00e3o esportiva da r\u00e1dio Sociedade da Bahia com entradas nos Programas Sport Mais, das 12h \u00e0s 14h e Bate Bola das 19h \u00e0s 21h, direto da cidade de Alagoinhas, de segunda a sexta-feira, informando o dia a dia do Carcar\u00e1, que participa do Campeonato\" \/>\n\t\t<script type=\"application\/ld+json\" class=\"aioseo-schema\">\n\t\t\t{\"@context\":\"https:\\\/\\\/schema.org\",\"@graph\":[{\"@type\":\"BlogPosting\",\"@id\":\"https:\\\/\\\/newsinfoco.com.br\\\/inicio\\\/radio-sociedade-da-bahia-intensifica-cobertura-do-atletico-de-alagoinhas-luciano-reis-sera-o-setorista\\\/#blogposting\",\"name\":\"R\\u00e1dio Sociedade da Bahia intensifica cobertura do Atl\\u00e9tico de Alagoinhas; Luciano Reis ser\\u00e1 o setorista - News In Foco - Editado por Caio Pimenta\",\"headline\":\"R\\u00e1dio Sociedade da Bahia intensifica cobertura do Atl\\u00e9tico de Alagoinhas; Luciano Reis ser\\u00e1 o setorista\",\"author\":{\"@id\":\"https:\\\/\\\/newsinfoco.com.br\\\/inicio\\\/author\\\/administrador\\\/#author\"},\"publisher\":{\"@id\":\"https:\\\/\\\/newsinfoco.com.br\\\/inicio\\\/#organization\"},\"image\":{\"@type\":\"ImageObject\",\"url\":\"https:\\\/\\\/newsinfoco.com.br\\\/inicio\\\/wp-content\\\/uploads\\\/2022\\\/03\\\/IMG-20220320-WA0106.jpg\",\"width\":720,\"height\":418},\"datePublished\":\"2022-03-20T20:30:09-03:00\",\"dateModified\":\"2022-03-20T20:30:09-03:00\",\"inLanguage\":\"pt-BR\",\"mainEntityOfPage\":{\"@id\":\"https:\\\/\\\/newsinfoco.com.br\\\/inicio\\\/radio-sociedade-da-bahia-intensifica-cobertura-do-atletico-de-alagoinhas-luciano-reis-sera-o-setorista\\\/#webpage\"},\"isPartOf\":{\"@id\":\"https:\\\/\\\/newsinfoco.com.br\\\/inicio\\\/radio-sociedade-da-bahia-intensifica-cobertura-do-atletico-de-alagoinhas-luciano-reis-sera-o-setorista\\\/#webpage\"},\"articleSection\":\"Alagoinhas e Regi\\u00e3o, Manchete\"},{\"@type\":\"BreadcrumbList\",\"@id\":\"https:\\\/\\\/newsinfoco.com.br\\\/inicio\\\/radio-sociedade-da-bahia-intensifica-cobertura-do-atletico-de-alagoinhas-luciano-reis-sera-o-setorista\\\/#breadcrumblist\",\"itemListElement\":[{\"@type\":\"ListItem\",\"@id\":\"https:\\\/\\\/newsinfoco.com.br\\\/inicio#listItem\",\"position\":1,\"name\":\"In\\u00edcio\",\"item\":\"https:\\\/\\\/newsinfoco.com.br\\\/inicio\",\"nextItem\":{\"@type\":\"ListItem\",\"@id\":\"https:\\\/\\\/newsinfoco.com.br\\\/inicio\\\/category\\\/alagoinhas-e-regiao\\\/#listItem\",\"name\":\"Alagoinhas e Regi\\u00e3o\"}},{\"@type\":\"ListItem\",\"@id\":\"https:\\\/\\\/newsinfoco.com.br\\\/inicio\\\/category\\\/alagoinhas-e-regiao\\\/#listItem\",\"position\":2,\"name\":\"Alagoinhas e Regi\\u00e3o\",\"item\":\"https:\\\/\\\/newsinfoco.com.br\\\/inicio\\\/category\\\/alagoinhas-e-regiao\\\/\",\"nextItem\":{\"@type\":\"ListItem\",\"@id\":\"https:\\\/\\\/newsinfoco.com.br\\\/inicio\\\/radio-sociedade-da-bahia-intensifica-cobertura-do-atletico-de-alagoinhas-luciano-reis-sera-o-setorista\\\/#listItem\",\"name\":\"R\\u00e1dio Sociedade da Bahia intensifica cobertura do Atl\\u00e9tico de Alagoinhas; Luciano Reis ser\\u00e1 o setorista\"},\"previousItem\":{\"@type\":\"ListItem\",\"@id\":\"https:\\\/\\\/newsinfoco.com.br\\\/inicio#listItem\",\"name\":\"In\\u00edcio\"}},{\"@type\":\"ListItem\",\"@id\":\"https:\\\/\\\/newsinfoco.com.br\\\/inicio\\\/radio-sociedade-da-bahia-intensifica-cobertura-do-atletico-de-alagoinhas-luciano-reis-sera-o-setorista\\\/#listItem\",\"position\":3,\"name\":\"R\\u00e1dio Sociedade da Bahia intensifica cobertura do Atl\\u00e9tico de Alagoinhas; Luciano Reis ser\\u00e1 o setorista\",\"previousItem\":{\"@type\":\"ListItem\",\"@id\":\"https:\\\/\\\/newsinfoco.com.br\\\/inicio\\\/category\\\/alagoinhas-e-regiao\\\/#listItem\",\"name\":\"Alagoinhas e Regi\\u00e3o\"}}]},{\"@type\":\"Organization\",\"@id\":\"https:\\\/\\\/newsinfoco.com.br\\\/inicio\\\/#organization\",\"name\":\"News In Foco - Editado por Caio Pimenta\",\"description\":\"O principal site de noticias de Alagoinhas e regi\\u00e3o\",\"url\":\"https:\\\/\\\/newsinfoco.com.br\\\/inicio\\\/\"},{\"@type\":\"Person\",\"@id\":\"https:\\\/\\\/newsinfoco.com.br\\\/inicio\\\/author\\\/administrador\\\/#author\",\"url\":\"https:\\\/\\\/newsinfoco.com.br\\\/inicio\\\/author\\\/administrador\\\/\",\"name\":\"administrador\",\"image\":{\"@type\":\"ImageObject\",\"@id\":\"https:\\\/\\\/newsinfoco.com.br\\\/inicio\\\/radio-sociedade-da-bahia-intensifica-cobertura-do-atletico-de-alagoinhas-luciano-reis-sera-o-setorista\\\/#authorImage\",\"url\":\"https:\\\/\\\/secure.gravatar.com\\\/avatar\\\/c17a617433de8c1dc9584bb79aab7563b46f5bb7e1728c9b17d9cc3ce6a08e49?s=96&d=mm&r=g\",\"width\":96,\"height\":96,\"caption\":\"administrador\"}},{\"@type\":\"WebPage\",\"@id\":\"https:\\\/\\\/newsinfoco.com.br\\\/inicio\\\/radio-sociedade-da-bahia-intensifica-cobertura-do-atletico-de-alagoinhas-luciano-reis-sera-o-setorista\\\/#webpage\",\"url\":\"https:\\\/\\\/newsinfoco.com.br\\\/inicio\\\/radio-sociedade-da-bahia-intensifica-cobertura-do-atletico-de-alagoinhas-luciano-reis-sera-o-setorista\\\/\",\"name\":\"R\\u00e1dio Sociedade da Bahia intensifica cobertura do Atl\\u00e9tico de Alagoinhas; Luciano Reis ser\\u00e1 o setorista - News In Foco - Editado por Caio Pimenta\",\"description\":\"Luciano Reis, far\\u00e1 sua estreia a partir desta segunda-feira (21\\\/3) na programa\\u00e7\\u00e3o esportiva da r\\u00e1dio Sociedade da Bahia com entradas nos Programas Sport Mais, das 12h \\u00e0s 14h e Bate Bola das 19h \\u00e0s 21h, direto da cidade de Alagoinhas, de segunda a sexta-feira, informando o dia a dia do Carcar\\u00e1, que participa do Campeonato\",\"inLanguage\":\"pt-BR\",\"isPartOf\":{\"@id\":\"https:\\\/\\\/newsinfoco.com.br\\\/inicio\\\/#website\"},\"breadcrumb\":{\"@id\":\"https:\\\/\\\/newsinfoco.com.br\\\/inicio\\\/radio-sociedade-da-bahia-intensifica-cobertura-do-atletico-de-alagoinhas-luciano-reis-sera-o-setorista\\\/#breadcrumblist\"},\"author\":{\"@id\":\"https:\\\/\\\/newsinfoco.com.br\\\/inicio\\\/author\\\/administrador\\\/#author\"},\"creator\":{\"@id\":\"https:\\\/\\\/newsinfoco.com.br\\\/inicio\\\/author\\\/administrador\\\/#author\"},\"image\":{\"@type\":\"ImageObject\",\"url\":\"https:\\\/\\\/newsinfoco.com.br\\\/inicio\\\/wp-content\\\/uploads\\\/2022\\\/03\\\/IMG-20220320-WA0106.jpg\",\"@id\":\"https:\\\/\\\/newsinfoco.com.br\\\/inicio\\\/radio-sociedade-da-bahia-intensifica-cobertura-do-atletico-de-alagoinhas-luciano-reis-sera-o-setorista\\\/#mainImage\",\"width\":720,\"height\":418},\"primaryImageOfPage\":{\"@id\":\"https:\\\/\\\/newsinfoco.com.br\\\/inicio\\\/radio-sociedade-da-bahia-intensifica-cobertura-do-atletico-de-alagoinhas-luciano-reis-sera-o-setorista\\\/#mainImage\"},\"datePublished\":\"2022-03-20T20:30:09-03:00\",\"dateModified\":\"2022-03-20T20:30:09-03:00\"},{\"@type\":\"WebSite\",\"@id\":\"https:\\\/\\\/newsinfoco.com.br\\\/inicio\\\/#website\",\"url\":\"https:\\\/\\\/newsinfoco.com.br\\\/inicio\\\/\",\"name\":\"News In Foco - Editado por Caio Pimenta\",\"description\":\"O principal site de noticias de Alagoinhas e regi\\u00e3o\",\"inLanguage\":\"pt-BR\",\"publisher\":{\"@id\":\"https:\\\/\\\/newsinfoco.com.br\\\/inicio\\\/#organization\"}}]}\n\t\t<\/script>\n\t\t<!-- All in One SEO -->\n\n","aioseo_head_json":{"title":"R\u00e1dio Sociedade da Bahia intensifica cobertura do Atl\u00e9tico de Alagoinhas; Luciano Reis ser\u00e1 o setorista - News In Foco - Editado por Caio Pimenta","description":"Luciano Reis, far\u00e1 sua estreia a partir desta segunda-feira (21\/3) na programa\u00e7\u00e3o esportiva da r\u00e1dio Sociedade da Bahia com entradas nos Programas Sport Mais, das 12h \u00e0s 14h e Bate Bola das 19h \u00e0s 21h, direto da cidade de Alagoinhas, de segunda a sexta-feira, informando o dia a dia do Carcar\u00e1, que participa do Campeonato","canonical_url":"https:\/\/newsinfoco.com.br\/inicio\/radio-sociedade-da-bahia-intensifica-cobertura-do-atletico-de-alagoinhas-luciano-reis-sera-o-setorista\/","robots":"max-image-preview:large","keywords":"","webmasterTools":{"miscellaneous":""},"schema":{"@context":"https:\/\/schema.org","@graph":[{"@type":"BlogPosting","@id":"https:\/\/newsinfoco.com.br\/inicio\/radio-sociedade-da-bahia-intensifica-cobertura-do-atletico-de-alagoinhas-luciano-reis-sera-o-setorista\/#blogposting","name":"R\u00e1dio Sociedade da Bahia intensifica cobertura do Atl\u00e9tico de Alagoinhas; Luciano Reis ser\u00e1 o setorista - News In Foco - Editado por Caio Pimenta","headline":"R\u00e1dio Sociedade da Bahia intensifica cobertura do Atl\u00e9tico de Alagoinhas; Luciano Reis ser\u00e1 o setorista","author":{"@id":"https:\/\/newsinfoco.com.br\/inicio\/author\/administrador\/#author"},"publisher":{"@id":"https:\/\/newsinfoco.com.br\/inicio\/#organization"},"image":{"@type":"ImageObject","url":"https:\/\/newsinfoco.com.br\/inicio\/wp-content\/uploads\/2022\/03\/IMG-20220320-WA0106.jpg","width":720,"height":418},"datePublished":"2022-03-20T20:30:09-03:00","dateModified":"2022-03-20T20:30:09-03:00","inLanguage":"pt-BR","mainEntityOfPage":{"@id":"https:\/\/newsinfoco.com.br\/inicio\/radio-sociedade-da-bahia-intensifica-cobertura-do-atletico-de-alagoinhas-luciano-reis-sera-o-setorista\/#webpage"},"isPartOf":{"@id":"https:\/\/newsinfoco.com.br\/inicio\/radio-sociedade-da-bahia-intensifica-cobertura-do-atletico-de-alagoinhas-luciano-reis-sera-o-setorista\/#webpage"},"articleSection":"Alagoinhas e Regi\u00e3o, Manchete"},{"@type":"BreadcrumbList","@id":"https:\/\/newsinfoco.com.br\/inicio\/radio-sociedade-da-bahia-intensifica-cobertura-do-atletico-de-alagoinhas-luciano-reis-sera-o-setorista\/#breadcrumblist","itemListElement":[{"@type":"ListItem","@id":"https:\/\/newsinfoco.com.br\/inicio#listItem","position":1,"name":"In\u00edcio","item":"https:\/\/newsinfoco.com.br\/inicio","nextItem":{"@type":"ListItem","@id":"https:\/\/newsinfoco.com.br\/inicio\/category\/alagoinhas-e-regiao\/#listItem","name":"Alagoinhas e Regi\u00e3o"}},{"@type":"ListItem","@id":"https:\/\/newsinfoco.com.br\/inicio\/category\/alagoinhas-e-regiao\/#listItem","position":2,"name":"Alagoinhas e Regi\u00e3o","item":"https:\/\/newsinfoco.com.br\/inicio\/category\/alagoinhas-e-regiao\/","nextItem":{"@type":"ListItem","@id":"https:\/\/newsinfoco.com.br\/inicio\/radio-sociedade-da-bahia-intensifica-cobertura-do-atletico-de-alagoinhas-luciano-reis-sera-o-setorista\/#listItem","name":"R\u00e1dio Sociedade da Bahia intensifica cobertura do Atl\u00e9tico de Alagoinhas; Luciano Reis ser\u00e1 o setorista"},"previousItem":{"@type":"ListItem","@id":"https:\/\/newsinfoco.com.br\/inicio#listItem","name":"In\u00edcio"}},{"@type":"ListItem","@id":"https:\/\/newsinfoco.com.br\/inicio\/radio-sociedade-da-bahia-intensifica-cobertura-do-atletico-de-alagoinhas-luciano-reis-sera-o-setorista\/#listItem","position":3,"name":"R\u00e1dio Sociedade da Bahia intensifica cobertura do Atl\u00e9tico de Alagoinhas; Luciano Reis ser\u00e1 o setorista","previousItem":{"@type":"ListItem","@id":"https:\/\/newsinfoco.com.br\/inicio\/category\/alagoinhas-e-regiao\/#listItem","name":"Alagoinhas e Regi\u00e3o"}}]},{"@type":"Organization","@id":"https:\/\/newsinfoco.com.br\/inicio\/#organization","name":"News In Foco - Editado por Caio Pimenta","description":"O principal site de noticias de Alagoinhas e regi\u00e3o","url":"https:\/\/newsinfoco.com.br\/inicio\/"},{"@type":"Person","@id":"https:\/\/newsinfoco.com.br\/inicio\/author\/administrador\/#author","url":"https:\/\/newsinfoco.com.br\/inicio\/author\/administrador\/","name":"administrador","image":{"@type":"ImageObject","@id":"https:\/\/newsinfoco.com.br\/inicio\/radio-sociedade-da-bahia-intensifica-cobertura-do-atletico-de-alagoinhas-luciano-reis-sera-o-setorista\/#authorImage","url":"https:\/\/secure.gravatar.com\/avatar\/c17a617433de8c1dc9584bb79aab7563b46f5bb7e1728c9b17d9cc3ce6a08e49?s=96&d=mm&r=g","width":96,"height":96,"caption":"administrador"}},{"@type":"WebPage","@id":"https:\/\/newsinfoco.com.br\/inicio\/radio-sociedade-da-bahia-intensifica-cobertura-do-atletico-de-alagoinhas-luciano-reis-sera-o-setorista\/#webpage","url":"https:\/\/newsinfoco.com.br\/inicio\/radio-sociedade-da-bahia-intensifica-cobertura-do-atletico-de-alagoinhas-luciano-reis-sera-o-setorista\/","name":"R\u00e1dio Sociedade da Bahia intensifica cobertura do Atl\u00e9tico de Alagoinhas; Luciano Reis ser\u00e1 o setorista - News In Foco - Editado por Caio Pimenta","description":"Luciano Reis, far\u00e1 sua estreia a partir desta segunda-feira (21\/3) na programa\u00e7\u00e3o esportiva da r\u00e1dio Sociedade da Bahia com entradas nos Programas Sport Mais, das 12h \u00e0s 14h e Bate Bola das 19h \u00e0s 21h, direto da cidade de Alagoinhas, de segunda a sexta-feira, informando o dia a dia do Carcar\u00e1, que participa do Campeonato","inLanguage":"pt-BR","isPartOf":{"@id":"https:\/\/newsinfoco.com.br\/inicio\/#website"},"breadcrumb":{"@id":"https:\/\/newsinfoco.com.br\/inicio\/radio-sociedade-da-bahia-intensifica-cobertura-do-atletico-de-alagoinhas-luciano-reis-sera-o-setorista\/#breadcrumblist"},"author":{"@id":"https:\/\/newsinfoco.com.br\/inicio\/author\/administrador\/#author"},"creator":{"@id":"https:\/\/newsinfoco.com.br\/inicio\/author\/administrador\/#author"},"image":{"@type":"ImageObject","url":"https:\/\/newsinfoco.com.br\/inicio\/wp-content\/uploads\/2022\/03\/IMG-20220320-WA0106.jpg","@id":"https:\/\/newsinfoco.com.br\/inicio\/radio-sociedade-da-bahia-intensifica-cobertura-do-atletico-de-alagoinhas-luciano-reis-sera-o-setorista\/#mainImage","width":720,"height":418},"primaryImageOfPage":{"@id":"https:\/\/newsinfoco.com.br\/inicio\/radio-sociedade-da-bahia-intensifica-cobertura-do-atletico-de-alagoinhas-luciano-reis-sera-o-setorista\/#mainImage"},"datePublished":"2022-03-20T20:30:09-03:00","dateModified":"2022-03-20T20:30:09-03:00"},{"@type":"WebSite","@id":"https:\/\/newsinfoco.com.br\/inicio\/#website","url":"https:\/\/newsinfoco.com.br\/inicio\/","name":"News In Foco - Editado por Caio Pimenta","description":"O principal site de noticias de Alagoinhas e regi\u00e3o","inLanguage":"pt-BR","publisher":{"@id":"https:\/\/newsinfoco.com.br\/inicio\/#organization"}}]},"og:locale":"pt_BR","og:site_name":"News In Foco - Editado por Caio Pimenta - O principal site de noticias de Alagoinhas e regi\u00e3o","og:type":"article","og:title":"R\u00e1dio Sociedade da Bahia intensifica cobertura do Atl\u00e9tico de Alagoinhas; Luciano Reis ser\u00e1 o setorista - News In Foco - Editado por Caio Pimenta","og:description":"Luciano Reis, far\u00e1 sua estreia a partir desta segunda-feira (21\/3) na programa\u00e7\u00e3o esportiva da r\u00e1dio Sociedade da Bahia com entradas nos Programas Sport Mais, das 12h \u00e0s 14h e Bate Bola das 19h \u00e0s 21h, direto da cidade de Alagoinhas, de segunda a sexta-feira, informando o dia a dia do Carcar\u00e1, que participa do Campeonato","og:url":"https:\/\/newsinfoco.com.br\/inicio\/radio-sociedade-da-bahia-intensifica-cobertura-do-atletico-de-alagoinhas-luciano-reis-sera-o-setorista\/","article:published_time":"2022-03-20T23:30:09+00:00","article:modified_time":"2022-03-20T23:30:09+00:00","twitter:card":"summary_large_image","twitter:title":"R\u00e1dio Sociedade da Bahia intensifica cobertura do Atl\u00e9tico de Alagoinhas; Luciano Reis ser\u00e1 o setorista - News In Foco - Editado por Caio Pimenta","twitter:description":"Luciano Reis, far\u00e1 sua estreia a partir desta segunda-feira (21\/3) na programa\u00e7\u00e3o esportiva da r\u00e1dio Sociedade da Bahia com entradas nos Programas Sport Mais, das 12h \u00e0s 14h e Bate Bola das 19h \u00e0s 21h, direto da cidade de Alagoinhas, de segunda a sexta-feira, informando o dia a dia do Carcar\u00e1, que participa do Campeonato"},"aioseo_meta_data":{"post_id":"29429","title":null,"description":null,"keywords":null,"keyphrases":null,"primary_term":null,"canonical_url":null,"og_title":null,"og_description":null,"og_object_type":"default","og_image_type":"default","og_image_url":null,"og_image_width":null,"og_image_height":null,"og_image_custom_url":null,"og_image_custom_fields":null,"og_video":null,"og_custom_url":null,"og_article_section":null,"og_article_tags":null,"twitter_use_og":false,"twitter_card":"default","twitter_image_type":"default","twitter_image_url":null,"twitter_image_custom_url":null,"twitter_image_custom_fields":null,"twitter_title":null,"twitter_description":null,"schema":{"blockGraphs":[],"customGraphs":[],"default":{"data":{"Article":[],"Course":[],"Dataset":[],"FAQPage":[],"Movie":[],"Person":[],"Product":[],"ProductReview":[],"Car":[],"Recipe":[],"Service":[],"SoftwareApplication":[],"WebPage":[]},"graphName":"","isEnabled":true},"graphs":[]},"schema_type":"default","schema_type_options":null,"pillar_content":false,"robots_default":true,"robots_noindex":false,"robots_noarchive":false,"robots_nosnippet":false,"robots_nofollow":false,"robots_noimageindex":false,"robots_noodp":false,"robots_notranslate":false,"robots_max_snippet":null,"robots_max_videopreview":null,"robots_max_imagepreview":"large","priority":null,"frequency":null,"local_seo":null,"breadcrumb_settings":null,"limit_modified_date":false,"ai":null,"created":"2023-06-12 21:01:41","updated":"2025-07-11 07:15:45","seo_analyzer_scan_date":null},"aioseo_breadcrumb":"<div class=\"aioseo-breadcrumbs\"><span class=\"aioseo-breadcrumb\">\n\t\t\t<a href=\"https:\/\/newsinfoco.com.br\/inicio\" title=\"In\u00edcio\">In\u00edcio<\/a>\n\t\t<\/span><span class=\"aioseo-breadcrumb-separator\">&raquo;<\/span><span class=\"aioseo-breadcrumb\">\n\t\t\t<a href=\"https:\/\/newsinfoco.com.br\/inicio\/category\/alagoinhas-e-regiao\/\" title=\"Alagoinhas e Regi\u00e3o\">Alagoinhas e Regi\u00e3o<\/a>\n\t\t<\/span><span class=\"aioseo-breadcrumb-separator\">&raquo;<\/span><span class=\"aioseo-breadcrumb\">\n\t\t\tR\u00e1dio Sociedade da Bahia intensifica cobertura do Atl\u00e9tico de Alagoinhas; Luciano Reis ser\u00e1 o setorista\n\t\t<\/span><\/div>","aioseo_breadcrumb_json":[{"label":"In\u00edcio","link":"https:\/\/newsinfoco.com.br\/inicio"},{"label":"Alagoinhas e Regi\u00e3o","link":"https:\/\/newsinfoco.com.br\/inicio\/category\/alagoinhas-e-regiao\/"},{"label":"R\u00e1dio Sociedade da Bahia intensifica cobertura do Atl\u00e9tico de Alagoinhas; Luciano Reis ser\u00e1 o setorista","link":"https:\/\/newsinfoco.com.br\/inicio\/radio-sociedade-da-bahia-intensifica-cobertura-do-atletico-de-alagoinhas-luciano-reis-sera-o-setorista\/"}],"_links":{"self":[{"href":"https:\/\/newsinfoco.com.br\/inicio\/wp-json\/wp\/v2\/posts\/29429","targetHints":{"allow":["GET"]}}],"collection":[{"href":"https:\/\/newsinfoco.com.br\/inicio\/wp-json\/wp\/v2\/posts"}],"about":[{"href":"https:\/\/newsinfoco.com.br\/inicio\/wp-json\/wp\/v2\/types\/post"}],"author":[{"embeddable":true,"href":"https:\/\/newsinfoco.com.br\/inicio\/wp-json\/wp\/v2\/users\/1"}],"replies":[{"embeddable":true,"href":"https:\/\/newsinfoco.com.br\/inicio\/wp-json\/wp\/v2\/comments?post=29429"}],"version-history":[{"count":1,"href":"https:\/\/newsinfoco.com.br\/inicio\/wp-json\/wp\/v2\/posts\/29429\/revisions"}],"predecessor-version":[{"id":29431,"href":"https:\/\/newsinfoco.com.br\/inicio\/wp-json\/wp\/v2\/posts\/29429\/revisions\/29431"}],"wp:featuredmedia":[{"embeddable":true,"href":"https:\/\/newsinfoco.com.br\/inicio\/wp-json\/wp\/v2\/media\/29430"}],"wp:attachment":[{"href":"https:\/\/newsinfoco.com.br\/inicio\/wp-json\/wp\/v2\/media?parent=29429"}],"wp:term":[{"taxonomy":"category","embeddable":true,"href":"https:\/\/newsinfoco.com.br\/inicio\/wp-json\/wp\/v2\/categories?post=29429"},{"taxonomy":"post_tag","embeddable":true,"href":"https:\/\/newsinfoco.com.br\/inicio\/wp-json\/wp\/v2\/tags?post=29429"}],"curies":[{"name":"wp","href":"https:\/\/api.w.org\/{rel}","templated":true}]}}