{"id":2968,"date":"2018-04-23T21:22:20","date_gmt":"2018-04-24T00:22:20","guid":{"rendered":"http:\/\/newsinfoco.com.br\/?p=2968"},"modified":"2018-04-23T21:22:20","modified_gmt":"2018-04-24T00:22:20","slug":"prevencao-e-combate-a-hipertensao-secretaria-municipal-de-saude-promove-acao-educativa-nas-unidades-basicas-e-intensifica-a-realizacao-de-exames","status":"publish","type":"post","link":"https:\/\/newsinfoco.com.br\/inicio\/prevencao-e-combate-a-hipertensao-secretaria-municipal-de-saude-promove-acao-educativa-nas-unidades-basicas-e-intensifica-a-realizacao-de-exames\/","title":{"rendered":"Preven\u00e7\u00e3o e Combate \u00e0 Hipertens\u00e3o: Secretaria Municipal de Sa\u00fade promove a\u00e7\u00e3o educativa nas unidades b\u00e1sicas e intensifica a realiza\u00e7\u00e3o de exames"},"content":{"rendered":"<p style=\"text-align: justify;\"><span style=\"color: #000000;\">Na semana de preven\u00e7\u00e3o e combate \u00e0 hipertens\u00e3o, marcada pelo dia 26 de abril, a Prefeitura de Alagoinhas, atrav\u00e9s da Secretaria Municipal de Sa\u00fade (SESAU), vai intensificar as a\u00e7\u00f5es realizadas pela equipe para conscientizar a popula\u00e7\u00e3o quanto aos riscos de doen\u00e7as do sistema cardiovascular.<\/span><\/p>\n<p style=\"text-align: justify;\"><span style=\"color: #000000;\">De acordo com representantes da SESAU, nesta quarta-feira (25), uma for\u00e7a-tarefa com profissionais da sa\u00fade deve realizar ecocardiogramas e exames duplex scan de car\u00f3tidas e vertebrais, disponibilizados no Centro de Aten\u00e7\u00e3o Integral ao Diab\u00e9tico e Hipertenso (CAIDH), como parte da a\u00e7\u00e3o desenvolvida pelo poder p\u00fablico municipal.<\/span><\/p><div class=\"newsi-conteudo_19\" id=\"newsi-1622859853\"><a href=\"https:\/\/www.instagram.com\/prefeituraalagoinhas?igsh=YzgzdDJ1bWR3aWI4\" aria-label=\"SAVE_20251006_221555\"><img loading=\"lazy\" decoding=\"async\" src=\"https:\/\/newsinfoco.com.br\/inicio\/wp-content\/uploads\/2025\/10\/SAVE_20251006_221555-rotated.jpg\" alt=\"\"  srcset=\"https:\/\/newsinfoco.com.br\/inicio\/wp-content\/uploads\/2025\/10\/SAVE_20251006_221555-rotated.jpg 1140w, https:\/\/newsinfoco.com.br\/inicio\/wp-content\/uploads\/2025\/10\/SAVE_20251006_221555-300x52.jpg 300w, https:\/\/newsinfoco.com.br\/inicio\/wp-content\/uploads\/2025\/10\/SAVE_20251006_221555-1024x177.jpg 1024w, https:\/\/newsinfoco.com.br\/inicio\/wp-content\/uploads\/2025\/10\/SAVE_20251006_221555-768x133.jpg 768w, https:\/\/newsinfoco.com.br\/inicio\/wp-content\/uploads\/2025\/10\/SAVE_20251006_221555-600x104.jpg 600w, https:\/\/newsinfoco.com.br\/inicio\/wp-content\/uploads\/2025\/10\/SAVE_20251006_221555-696x120.jpg 696w, https:\/\/newsinfoco.com.br\/inicio\/wp-content\/uploads\/2025\/10\/SAVE_20251006_221555-1068x185.jpg 1068w\" sizes=\"(max-width: 1140px) 100vw, 1140px\" width=\"1140\" height=\"197\"   \/><\/a><\/div>\n<p style=\"text-align: justify;\"><span style=\"color: #000000;\">Na quinta-feira (26), Dia Nacional de Combate \u00e0 Hipertens\u00e3o, a SESAU promove atividades educativas de preven\u00e7\u00e3o em todas as unidades de sa\u00fade e prop\u00f5e debates sobre as formas de complica\u00e7\u00e3o da doen\u00e7a que podem alterar significativamente a qualidade de vida do cidad\u00e3o.<\/span><\/p>\n<p style=\"text-align: justify;\"><span style=\"color: #000000;\">Popularmente conhecida como \u201cpress\u00e3o alta\u201d, a hipertens\u00e3o mata 300 mil indiv\u00edduos anualmente, 30 por hora, segundo levantamento da Sociedade Brasileira de Hipertens\u00e3o (SBH), e o Caderno de Aten\u00e7\u00e3o B\u00e1sica do Minist\u00e9rio da Sa\u00fade informa que a doen\u00e7a afeta de 11 a 20% da popula\u00e7\u00e3o adulta com mais de 20 anos.<\/span><\/p>\n<p style=\"text-align: justify;\"><span style=\"color: #000000;\">Segundo profissionais da \u00e1rea, entre os fatores de risco est\u00e3o o tabagismo, h\u00e1bitos alimentares irregulares, obesidade, hereditariedade, diabetes e envelhecimento. A Hipertens\u00e3o Arterial tamb\u00e9m aumenta as chances da ocorr\u00eancia de infarto, acidente vascular cerebral (AVC), insufici\u00eancia card\u00edaca e renal, impot\u00eancia sexual e outras complica\u00e7\u00f5es.<\/span><\/p>\n<p style=\"text-align: justify;\"><span style=\"color: #000000;\">Com as a\u00e7\u00f5es desenvolvidas ao longo dessa semana em Alagoinhas, a Secretaria Municipal de Sa\u00fade pretende alertar a popula\u00e7\u00e3o, mostrar a import\u00e2ncia da aten\u00e7\u00e3o aos cuidados no trato do sistema cardiovascular e tamb\u00e9m atender a uma demanda que, de acordo com a SESAU, estava reprimida no setor.<\/span><\/p>\n<p style=\"text-align: justify;\"><span style=\"color: #000000;\">A Secretaria informou que, para ter acesso ao atendimento no CAIDH, quarta-feira, \u00e9 necess\u00e1rio que o indiv\u00edduo apresente documento de identidade, cart\u00e3o do SUS e a guia de solicita\u00e7\u00e3o do exame com carimbo da regula\u00e7\u00e3o.<\/span><\/p>\n<h6 style=\"text-align: right;\"><span style=\"color: #999999;\">Fonte: SECOM SESAU Prefeitura<\/span><\/h6>\n<div class='share-to-whatsapp-wrapper'><div class='share-on-whsp'>Share on: <\/div><a data-text='Preven\u00e7\u00e3o e Combate \u00e0 Hipertens\u00e3o: Secretaria Municipal de Sa\u00fade promove a\u00e7\u00e3o educativa nas unidades b\u00e1sicas e intensifica a realiza\u00e7\u00e3o de exames' data-link='https:\/\/newsinfoco.com.br\/inicio\/prevencao-e-combate-a-hipertensao-secretaria-municipal-de-saude-promove-acao-educativa-nas-unidades-basicas-e-intensifica-a-realizacao-de-exames\/' class='whatsapp-button whatsapp-share'>WhatsApp<\/a><div class='clear '><\/div><\/div>","protected":false},"excerpt":{"rendered":"<p>Na semana de preven\u00e7\u00e3o e combate \u00e0 hipertens\u00e3o, marcada pelo dia 26 de abril, a Prefeitura de Alagoinhas, atrav\u00e9s da Secretaria Municipal de Sa\u00fade (SESAU), vai intensificar as a\u00e7\u00f5es realizadas pela equipe para conscientizar a popula\u00e7\u00e3o quanto aos riscos de doen\u00e7as do sistema cardiovascular. De acordo com representantes da SESAU, nesta quarta-feira (25), uma for\u00e7a-tarefa [&hellip;]<\/p>\n","protected":false},"author":1,"featured_media":166,"comment_status":"open","ping_status":"open","sticky":false,"template":"","format":"standard","meta":{"om_disable_all_campaigns":false,"_exactmetrics_skip_tracking":false,"_exactmetrics_sitenote_active":false,"_exactmetrics_sitenote_note":"","_exactmetrics_sitenote_category":0,"footnotes":""},"categories":[38,30],"tags":[53,54,58],"class_list":["post-2968","post","type-post","status-publish","format-standard","has-post-thumbnail","hentry","category-alagoinhas-e-regiao","category-destaque","tag-alagoinhas","tag-prefeitura","tag-sesau"],"aioseo_notices":[],"_links":{"self":[{"href":"https:\/\/newsinfoco.com.br\/inicio\/wp-json\/wp\/v2\/posts\/2968","targetHints":{"allow":["GET"]}}],"collection":[{"href":"https:\/\/newsinfoco.com.br\/inicio\/wp-json\/wp\/v2\/posts"}],"about":[{"href":"https:\/\/newsinfoco.com.br\/inicio\/wp-json\/wp\/v2\/types\/post"}],"author":[{"embeddable":true,"href":"https:\/\/newsinfoco.com.br\/inicio\/wp-json\/wp\/v2\/users\/1"}],"replies":[{"embeddable":true,"href":"https:\/\/newsinfoco.com.br\/inicio\/wp-json\/wp\/v2\/comments?post=2968"}],"version-history":[{"count":0,"href":"https:\/\/newsinfoco.com.br\/inicio\/wp-json\/wp\/v2\/posts\/2968\/revisions"}],"wp:featuredmedia":[{"embeddable":true,"href":"https:\/\/newsinfoco.com.br\/inicio\/wp-json\/wp\/v2\/media\/166"}],"wp:attachment":[{"href":"https:\/\/newsinfoco.com.br\/inicio\/wp-json\/wp\/v2\/media?parent=2968"}],"wp:term":[{"taxonomy":"category","embeddable":true,"href":"https:\/\/newsinfoco.com.br\/inicio\/wp-json\/wp\/v2\/categories?post=2968"},{"taxonomy":"post_tag","embeddable":true,"href":"https:\/\/newsinfoco.com.br\/inicio\/wp-json\/wp\/v2\/tags?post=2968"}],"curies":[{"name":"wp","href":"https:\/\/api.w.org\/{rel}","templated":true}]}}