{"id":297,"date":"2018-02-24T12:13:45","date_gmt":"2018-02-24T15:13:45","guid":{"rendered":"http:\/\/newsinfoco.com.br\/?p=297"},"modified":"2018-02-24T12:13:45","modified_gmt":"2018-02-24T15:13:45","slug":"prefeitura-de-alagoinhas-lanca-canal-de-denuncias-sobre-questoes-ambientais-via-whatsapp","status":"publish","type":"post","link":"https:\/\/newsinfoco.com.br\/inicio\/prefeitura-de-alagoinhas-lanca-canal-de-denuncias-sobre-questoes-ambientais-via-whatsapp\/","title":{"rendered":"Prefeitura de Alagoinhas lan\u00e7a canal de den\u00fancias sobre quest\u00f5es ambientais via WhatsApp"},"content":{"rendered":"<p style=\"text-align: justify;\"><span style=\"color: #000000;\">A Prefeitura Municipal, por meio da Secretaria de Desenvolvimento e Meio Ambiente (SEDEA), inaugurou, essa semana, um canal para receber den\u00fancias da popula\u00e7\u00e3o sobre quest\u00f5es que envolvam degrada\u00e7\u00e3o ambiental ou polui\u00e7\u00e3o sonora.<\/span><\/p>\n<p style=\"text-align: justify;\"><span style=\"color: #000000;\">O n\u00famero de WhatsApp divulgado pela Secretaria estar\u00e1 dispon\u00edvel 24h para atender chamadas de cidad\u00e3os alagoinhenses, que podem fazer a queixa e registrar o fato junto ao poder p\u00fablico municipal. A SEDEA informou que, para viabilizar o funcionamento efetivo do canal, uma parceria foi firmada entre a Secretaria, a Pol\u00edcia Militar, o Corpo de Bombeiros e a SMTT, e divulgou que os \u00f3rg\u00e3os estar\u00e3o de prontid\u00e3o para tomar as provid\u00eancias cab\u00edveis em casos de den\u00fancia.<\/span><\/p><div class=\"newsi-conteudo_19\" id=\"newsi-150580004\"><a href=\"https:\/\/www.instagram.com\/prefeituraalagoinhas?igsh=YzgzdDJ1bWR3aWI4\" aria-label=\"SAVE_20251006_221555\"><img loading=\"lazy\" decoding=\"async\" src=\"https:\/\/newsinfoco.com.br\/inicio\/wp-content\/uploads\/2025\/10\/SAVE_20251006_221555-rotated.jpg\" alt=\"\"  srcset=\"https:\/\/newsinfoco.com.br\/inicio\/wp-content\/uploads\/2025\/10\/SAVE_20251006_221555-rotated.jpg 1140w, https:\/\/newsinfoco.com.br\/inicio\/wp-content\/uploads\/2025\/10\/SAVE_20251006_221555-300x52.jpg 300w, https:\/\/newsinfoco.com.br\/inicio\/wp-content\/uploads\/2025\/10\/SAVE_20251006_221555-1024x177.jpg 1024w, https:\/\/newsinfoco.com.br\/inicio\/wp-content\/uploads\/2025\/10\/SAVE_20251006_221555-768x133.jpg 768w, https:\/\/newsinfoco.com.br\/inicio\/wp-content\/uploads\/2025\/10\/SAVE_20251006_221555-600x104.jpg 600w, https:\/\/newsinfoco.com.br\/inicio\/wp-content\/uploads\/2025\/10\/SAVE_20251006_221555-696x120.jpg 696w, https:\/\/newsinfoco.com.br\/inicio\/wp-content\/uploads\/2025\/10\/SAVE_20251006_221555-1068x185.jpg 1068w\" sizes=\"(max-width: 1140px) 100vw, 1140px\" width=\"1140\" height=\"197\"   \/><\/a><\/div>\n<p style=\"text-align: justify;\"><span style=\"color: #000000;\">De acordo com o Secret\u00e1rio de Desenvolvimento e Meio Ambiente, Jos\u00e9 Ed\u00e9sio Cardoso, al\u00e9m de facilitar a comunica\u00e7\u00e3o, \u201co plant\u00e3o vai evitar abusos que venham a agredir a sociedade, tanto no que se refere \u00e0 polui\u00e7\u00e3o ambiental, quanto no que tange \u00e0 polui\u00e7\u00e3o sonora ou a degrada\u00e7\u00f5es\u201d.<\/span><\/p>\n<p style=\"text-align: justify;\"><span style=\"color: #000000;\">Nas den\u00fancias de polui\u00e7\u00e3o sonora, a a\u00e7\u00e3o da Secretaria deve se restringir aos estabelecimentos, \u00e0s atividades comerciais, eventos, ve\u00edculos de propaganda volante e templos religiosos.<\/span><\/p>\n<p style=\"text-align: justify;\"><span style=\"color: #000000;\">Qualquer pessoa pode enviar sua mensagem para o WhatApp do plant\u00e3o que, segundo representantes da Secretaria, poder\u00e1 contribuir para a diminui\u00e7\u00e3o dos impactos ambientais no \u00e2mbito municipal atrav\u00e9s da participa\u00e7\u00e3o efetiva da comunidade.<\/span><\/p>\n<p style=\"text-align: justify;\"><span style=\"color: #000000;\"><strong>Servi\u00e7o<\/strong><\/span><br \/>\n<span style=\"color: #000000;\">O n\u00famero de Whats App para den\u00fancias \u00e9\u00a0<strong>(75) 99707-5723<\/strong>\u00a0e funciona 24h, todos os dias da semana.<\/span><\/p>\n<h6 style=\"text-align: right;\"><span style=\"color: #999999;\">Fonte: SECOM SEDEA Prefeitura<\/span><\/h6>\n<div style=\"text-align: justify;\" align=\"right\"><span style=\"color: #000000;\">\u00a0<\/span><\/div>\n<div class='share-to-whatsapp-wrapper'><div class='share-on-whsp'>Share on: <\/div><a data-text='Prefeitura de Alagoinhas lan\u00e7a canal de den\u00fancias sobre quest\u00f5es ambientais via WhatsApp' data-link='https:\/\/newsinfoco.com.br\/inicio\/prefeitura-de-alagoinhas-lanca-canal-de-denuncias-sobre-questoes-ambientais-via-whatsapp\/' class='whatsapp-button whatsapp-share'>WhatsApp<\/a><div class='clear '><\/div><\/div>","protected":false},"excerpt":{"rendered":"<p>A Prefeitura Municipal, por meio da Secretaria de Desenvolvimento e Meio Ambiente (SEDEA), inaugurou, essa semana, um canal para receber den\u00fancias da popula\u00e7\u00e3o sobre quest\u00f5es que envolvam degrada\u00e7\u00e3o ambiental ou polui\u00e7\u00e3o sonora. O n\u00famero de WhatsApp divulgado pela Secretaria estar\u00e1 dispon\u00edvel 24h para atender chamadas de cidad\u00e3os alagoinhenses, que podem fazer a queixa e registrar [&hellip;]<\/p>\n","protected":false},"author":1,"featured_media":298,"comment_status":"open","ping_status":"open","sticky":false,"template":"","format":"standard","meta":{"om_disable_all_campaigns":false,"_exactmetrics_skip_tracking":false,"_exactmetrics_sitenote_active":false,"_exactmetrics_sitenote_note":"","_exactmetrics_sitenote_category":0,"footnotes":""},"categories":[38],"tags":[],"class_list":["post-297","post","type-post","status-publish","format-standard","has-post-thumbnail","hentry","category-alagoinhas-e-regiao"],"aioseo_notices":[],"_links":{"self":[{"href":"https:\/\/newsinfoco.com.br\/inicio\/wp-json\/wp\/v2\/posts\/297","targetHints":{"allow":["GET"]}}],"collection":[{"href":"https:\/\/newsinfoco.com.br\/inicio\/wp-json\/wp\/v2\/posts"}],"about":[{"href":"https:\/\/newsinfoco.com.br\/inicio\/wp-json\/wp\/v2\/types\/post"}],"author":[{"embeddable":true,"href":"https:\/\/newsinfoco.com.br\/inicio\/wp-json\/wp\/v2\/users\/1"}],"replies":[{"embeddable":true,"href":"https:\/\/newsinfoco.com.br\/inicio\/wp-json\/wp\/v2\/comments?post=297"}],"version-history":[{"count":0,"href":"https:\/\/newsinfoco.com.br\/inicio\/wp-json\/wp\/v2\/posts\/297\/revisions"}],"wp:featuredmedia":[{"embeddable":true,"href":"https:\/\/newsinfoco.com.br\/inicio\/wp-json\/wp\/v2\/media\/298"}],"wp:attachment":[{"href":"https:\/\/newsinfoco.com.br\/inicio\/wp-json\/wp\/v2\/media?parent=297"}],"wp:term":[{"taxonomy":"category","embeddable":true,"href":"https:\/\/newsinfoco.com.br\/inicio\/wp-json\/wp\/v2\/categories?post=297"},{"taxonomy":"post_tag","embeddable":true,"href":"https:\/\/newsinfoco.com.br\/inicio\/wp-json\/wp\/v2\/tags?post=297"}],"curies":[{"name":"wp","href":"https:\/\/api.w.org\/{rel}","templated":true}]}}