{"id":2974,"date":"2018-04-23T21:36:24","date_gmt":"2018-04-24T00:36:24","guid":{"rendered":"http:\/\/newsinfoco.com.br\/?p=2974"},"modified":"2018-04-23T21:36:24","modified_gmt":"2018-04-24T00:36:24","slug":"prefeitura-de-alagoinhas-divulga-cronograma-de-acoes-do-cras-de-nova-brasilia","status":"publish","type":"post","link":"https:\/\/newsinfoco.com.br\/inicio\/prefeitura-de-alagoinhas-divulga-cronograma-de-acoes-do-cras-de-nova-brasilia\/","title":{"rendered":"Prefeitura de Alagoinhas divulga cronograma de a\u00e7\u00f5es do CRAS de Nova Bras\u00edlia"},"content":{"rendered":"<p style=\"text-align: justify;\"><span style=\"color: #000000;\">A Prefeitura Municipal de Alagoinhas, atrav\u00e9s da Secretaria de Assist\u00eancia Social (SEMAS), divulga as atividades programadas de 23 a 27 de abril para o Centro de Refer\u00eancia de Assist\u00eancia Social (CRAS), de Nova Bras\u00edlia.<\/span><\/p>\n<p style=\"text-align: justify;\"><span style=\"color: #000000;\">A grade inclui a\u00e7\u00f5es desenvolvidas junto \u00e0s fam\u00edlias, oficina de dan\u00e7a com mulheres e idosos na Baixa da Candeia, oficina de futebol, oficina de dan\u00e7a, oficina de culin\u00e1ria alternativa, entre outras.<\/span><\/p><div class=\"newsi-conteudo_19\" id=\"newsi-3190080058\"><a href=\"https:\/\/www.instagram.com\/prefeituraalagoinhas?igsh=YzgzdDJ1bWR3aWI4\" aria-label=\"SAVE_20251006_221555\"><img loading=\"lazy\" decoding=\"async\" src=\"https:\/\/newsinfoco.com.br\/inicio\/wp-content\/uploads\/2025\/10\/SAVE_20251006_221555-rotated.jpg\" alt=\"\"  srcset=\"https:\/\/newsinfoco.com.br\/inicio\/wp-content\/uploads\/2025\/10\/SAVE_20251006_221555-rotated.jpg 1140w, https:\/\/newsinfoco.com.br\/inicio\/wp-content\/uploads\/2025\/10\/SAVE_20251006_221555-300x52.jpg 300w, https:\/\/newsinfoco.com.br\/inicio\/wp-content\/uploads\/2025\/10\/SAVE_20251006_221555-1024x177.jpg 1024w, https:\/\/newsinfoco.com.br\/inicio\/wp-content\/uploads\/2025\/10\/SAVE_20251006_221555-768x133.jpg 768w, https:\/\/newsinfoco.com.br\/inicio\/wp-content\/uploads\/2025\/10\/SAVE_20251006_221555-600x104.jpg 600w, https:\/\/newsinfoco.com.br\/inicio\/wp-content\/uploads\/2025\/10\/SAVE_20251006_221555-696x120.jpg 696w, https:\/\/newsinfoco.com.br\/inicio\/wp-content\/uploads\/2025\/10\/SAVE_20251006_221555-1068x185.jpg 1068w\" sizes=\"(max-width: 1140px) 100vw, 1140px\" width=\"1140\" height=\"197\"   \/><\/a><\/div>\n<p style=\"text-align: justify;\">\n<p style=\"text-align: justify;\"><span style=\"color: #000000;\">CONFIRA PROGRAMA\u00c7\u00c3O<\/span><\/p>\n<p style=\"text-align: justify;\"><span style=\"color: #000000;\">23\/05:<\/span><\/p>\n<p style=\"text-align: justify;\"><span style=\"color: #000000;\">Manh\u00e3 e tarde: (SCFV) para adolescente \u2013 Oficina O Hap da Paz e durante o per\u00edodo da tarde ser\u00e1 realizado o encontro de fam\u00edlias\/conversas consentidas \u2013 Di\u00e1logos sobre paz: Da reflex\u00e3o para a\u00e7\u00e3o.<\/span><\/p>\n<p style=\"text-align: justify;\">\n<p style=\"text-align: justify;\"><span style=\"color: #000000;\">24\/05:<\/span><\/p>\n<p style=\"text-align: justify;\"><span style=\"color: #000000;\">Manh\u00e3:<\/span><\/p>\n<p style=\"text-align: justify;\"><span style=\"color: #000000;\">Oficina de Violinos<\/span><\/p>\n<p style=\"text-align: justify;\">\n<p style=\"text-align: justify;\"><span style=\"color: #000000;\">Tarde:<\/span><\/p>\n<p style=\"text-align: justify;\"><span style=\"color: #000000;\">(SCFV) Itinerante com visita ao Lar Franciscano;<\/span><\/p>\n<p style=\"text-align: justify;\"><span style=\"color: #000000;\">Oficina de Violino;<\/span><\/p>\n<p style=\"text-align: justify;\"><span style=\"color: #000000;\">Oficina de Futebol, na Baixa da Candeia.<\/span><\/p>\n<p style=\"text-align: justify;\">\n<p style=\"text-align: justify;\"><span style=\"color: #000000;\">25\/05:<\/span><\/p>\n<p style=\"text-align: justify;\"><span style=\"color: #000000;\">Tarde:<\/span><\/p>\n<p style=\"text-align: justify;\"><span style=\"color: #000000;\">Oficina de dan\u00e7a com grupo de mulheres e idosas.<\/span><\/p>\n<p style=\"text-align: justify;\">\n<p style=\"text-align: justify;\"><span style=\"color: #000000;\">26\/05:<\/span><\/p>\n<p style=\"text-align: justify;\"><span style=\"color: #000000;\">Tarde:<\/span><\/p>\n<p style=\"text-align: justify;\"><span style=\"color: #000000;\">(SCFV) Mulheres: oficina de culin\u00e1ria alternativa;<\/span><\/p>\n<p style=\"text-align: justify;\"><span style=\"color: #000000;\">Acompanhamento Coletivo\/PAIF \u2013 Benefici\u00e1rios do P.B.F.<\/span><\/p>\n<p style=\"text-align: justify;\">\n<p style=\"text-align: justify;\"><span style=\"color: #000000;\">27\/05:<\/span><\/p>\n<p style=\"text-align: justify;\"><span style=\"color: #000000;\">Manh\u00e3:<\/span><\/p>\n<p style=\"text-align: justify;\"><span style=\"color: #000000;\">(SCFV) para crian\u00e7as: bandeira de paz \u2013 da reflex\u00e3o para a\u00e7\u00e3o.<\/span><\/p>\n<p style=\"text-align: justify;\">\n<p style=\"text-align: justify;\"><span style=\"color: #000000;\">Tarde:<\/span><\/p>\n<p style=\"text-align: justify;\"><span style=\"color: #000000;\">(SCFV) para crian\u00e7as: bandeira de paz \u2013 da reflex\u00e3o para a\u00e7\u00e3o;<\/span><\/p>\n<p style=\"text-align: justify;\"><span style=\"color: #000000;\">Oficina de dan\u00e7a com mulheres e idosas na Baixa da Candeia.<\/span><\/p>\n<h6 style=\"text-align: right;\"><span style=\"color: #999999;\">Fonte: SECOM SEMAS Prefeitura<\/span><\/h6>\n<div align=\"right\">\n<p style=\"text-align: justify;\">\n<\/div>\n<div class='share-to-whatsapp-wrapper'><div class='share-on-whsp'>Share on: <\/div><a data-text='Prefeitura de Alagoinhas divulga cronograma de a\u00e7\u00f5es do CRAS de Nova Bras\u00edlia' data-link='https:\/\/newsinfoco.com.br\/inicio\/prefeitura-de-alagoinhas-divulga-cronograma-de-acoes-do-cras-de-nova-brasilia\/' class='whatsapp-button whatsapp-share'>WhatsApp<\/a><div class='clear '><\/div><\/div>","protected":false},"excerpt":{"rendered":"<p>A Prefeitura Municipal de Alagoinhas, atrav\u00e9s da Secretaria de Assist\u00eancia Social (SEMAS), divulga as atividades programadas de 23 a 27 de abril para o Centro de Refer\u00eancia de Assist\u00eancia Social (CRAS), de Nova Bras\u00edlia. A grade inclui a\u00e7\u00f5es desenvolvidas junto \u00e0s fam\u00edlias, oficina de dan\u00e7a com mulheres e idosos na Baixa da Candeia, oficina de [&hellip;]<\/p>\n","protected":false},"author":1,"featured_media":301,"comment_status":"open","ping_status":"open","sticky":false,"template":"","format":"standard","meta":{"om_disable_all_campaigns":false,"_exactmetrics_skip_tracking":false,"_exactmetrics_sitenote_active":false,"_exactmetrics_sitenote_note":"","_exactmetrics_sitenote_category":0,"footnotes":""},"categories":[38,30],"tags":[53,54,59],"class_list":["post-2974","post","type-post","status-publish","format-standard","has-post-thumbnail","hentry","category-alagoinhas-e-regiao","category-destaque","tag-alagoinhas","tag-prefeitura","tag-semas"],"aioseo_notices":[],"_links":{"self":[{"href":"https:\/\/newsinfoco.com.br\/inicio\/wp-json\/wp\/v2\/posts\/2974","targetHints":{"allow":["GET"]}}],"collection":[{"href":"https:\/\/newsinfoco.com.br\/inicio\/wp-json\/wp\/v2\/posts"}],"about":[{"href":"https:\/\/newsinfoco.com.br\/inicio\/wp-json\/wp\/v2\/types\/post"}],"author":[{"embeddable":true,"href":"https:\/\/newsinfoco.com.br\/inicio\/wp-json\/wp\/v2\/users\/1"}],"replies":[{"embeddable":true,"href":"https:\/\/newsinfoco.com.br\/inicio\/wp-json\/wp\/v2\/comments?post=2974"}],"version-history":[{"count":0,"href":"https:\/\/newsinfoco.com.br\/inicio\/wp-json\/wp\/v2\/posts\/2974\/revisions"}],"wp:featuredmedia":[{"embeddable":true,"href":"https:\/\/newsinfoco.com.br\/inicio\/wp-json\/wp\/v2\/media\/301"}],"wp:attachment":[{"href":"https:\/\/newsinfoco.com.br\/inicio\/wp-json\/wp\/v2\/media?parent=2974"}],"wp:term":[{"taxonomy":"category","embeddable":true,"href":"https:\/\/newsinfoco.com.br\/inicio\/wp-json\/wp\/v2\/categories?post=2974"},{"taxonomy":"post_tag","embeddable":true,"href":"https:\/\/newsinfoco.com.br\/inicio\/wp-json\/wp\/v2\/tags?post=2974"}],"curies":[{"name":"wp","href":"https:\/\/api.w.org\/{rel}","templated":true}]}}