{"id":2978,"date":"2018-04-23T22:27:12","date_gmt":"2018-04-24T01:27:12","guid":{"rendered":"http:\/\/newsinfoco.com.br\/?p=2978"},"modified":"2018-04-23T22:42:30","modified_gmt":"2018-04-24T01:42:30","slug":"apos-forte-resistencia-popular-presidente-da-camara-municipal-de-inhambupe-adia-votacao-do-projeto-de-lei-que-promove-cortes-nos-salarios-dos-professores-municipais","status":"publish","type":"post","link":"https:\/\/newsinfoco.com.br\/inicio\/apos-forte-resistencia-popular-presidente-da-camara-municipal-de-inhambupe-adia-votacao-do-projeto-de-lei-que-promove-cortes-nos-salarios-dos-professores-municipais\/","title":{"rendered":"Ap\u00f3s forte resist\u00eancia popular, presidente da C\u00e2mara Municipal de Inhambupe adia vota\u00e7\u00e3o do projeto de lei que promove cortes nos sal\u00e1rios dos professores municipais"},"content":{"rendered":"<p style=\"text-align: justify;\">Ap\u00f3s a mobiliza\u00e7\u00e3o ocorrida no dia de hoje(23) em Inhambupe que reuniu cerca de 2000 pessoas, o presidente da C\u00e2mara Municipal decidiu se pronunciar. Em um v\u00eddeo gravado, com pouco mais de 3 minutos, o vereador Jeovan Vieira anunciou que retirar\u00e1 da pauta desta-ter\u00e7a-feira(24) a discuss\u00e3o do projeto de lei que promove cortes nos sal\u00e1rios dos professores municipais.<\/p>\n<p style=\"text-align: justify;\">O presidente da C\u00e2mara informou que solicitou da prefeitura municipal, ap\u00f3s o recebimento do projeto de lei, os seguintes dados: Impacto na folha do pagamento do munic\u00edpio, perda salaria em m\u00e9dia de cada n\u00edvel, impacto do \u00edndice de pessoal\u00a0 do executivo, folha anal\u00edtica da educa\u00e7\u00e3o e que at\u00e9 o momento n\u00e3o obteve retorno.\u00a0 Pela import\u00e2ncia da mat\u00e9ria, o presidente informou a retirada do projeto at\u00e9 que estas informa\u00e7\u00f5es cheguem at\u00e9 a C\u00e2mara de Vereadores. Veja o v\u00eddeo:<\/p><div class=\"newsi-conteudo_19\" id=\"newsi-1466280988\"><a href=\"https:\/\/www.instagram.com\/prefeituraalagoinhas?igsh=YzgzdDJ1bWR3aWI4\" aria-label=\"SAVE_20251006_221555\"><img loading=\"lazy\" decoding=\"async\" src=\"https:\/\/newsinfoco.com.br\/inicio\/wp-content\/uploads\/2025\/10\/SAVE_20251006_221555-rotated.jpg\" alt=\"\"  srcset=\"https:\/\/newsinfoco.com.br\/inicio\/wp-content\/uploads\/2025\/10\/SAVE_20251006_221555-rotated.jpg 1140w, https:\/\/newsinfoco.com.br\/inicio\/wp-content\/uploads\/2025\/10\/SAVE_20251006_221555-300x52.jpg 300w, https:\/\/newsinfoco.com.br\/inicio\/wp-content\/uploads\/2025\/10\/SAVE_20251006_221555-1024x177.jpg 1024w, https:\/\/newsinfoco.com.br\/inicio\/wp-content\/uploads\/2025\/10\/SAVE_20251006_221555-768x133.jpg 768w, https:\/\/newsinfoco.com.br\/inicio\/wp-content\/uploads\/2025\/10\/SAVE_20251006_221555-600x104.jpg 600w, https:\/\/newsinfoco.com.br\/inicio\/wp-content\/uploads\/2025\/10\/SAVE_20251006_221555-696x120.jpg 696w, https:\/\/newsinfoco.com.br\/inicio\/wp-content\/uploads\/2025\/10\/SAVE_20251006_221555-1068x185.jpg 1068w\" sizes=\"(max-width: 1140px) 100vw, 1140px\" width=\"1140\" height=\"197\"   \/><\/a><\/div>\n<p><iframe loading=\"lazy\" width=\"696\" height=\"522\" src=\"https:\/\/www.youtube.com\/embed\/365RW4_CcKw?feature=oembed\" frameborder=\"0\" allow=\"autoplay; encrypted-media\" allowfullscreen><\/iframe><\/p>\n<p style=\"text-align: justify;\">Nos bastidores o que se comenta \u00e9 que devido \u00e0 press\u00e3o popular e as criticas de parte da imprensa, vereadores da base se negaram a aprovar o projeto. Percebendo que n\u00e3o conseguiria o qu\u00f3rum m\u00ednimo para a aprova\u00e7\u00e3o do projeto, a gest\u00e3o Nena articulou com o presidente da C\u00e2mara o adiamento da vota\u00e7\u00e3o.<\/p>\n<p style=\"text-align: justify;\">A insatisfa\u00e7\u00e3o popular contra a proposta foi t\u00e3o contundente que afetou o relacionamento entre o prefeito e alguns de seus apoiadores. Vereadores da base tem se queixado do desgaste, segundo eles desnecess\u00e1rio, promovido por uma atitude precipitada do gestor municipal.<\/p>\n<p style=\"text-align: justify;\">Pessoas pr\u00f3ximas a vice-prefeita Izabel Silva, em contato com o News Infoco, comentaram o desconforto dela com a proposta defendida pelo prefeito Nena que acaba por promover cortes nos sal\u00e1rios dos professores. Segundo essas pessoas, a vice-prefeita tem dito que Nena tem descumprido promessas de campanha, inclusive a de n\u00e3o promover cortes nos sal\u00e1rios de servidores.<\/p>\n<p style=\"text-align: justify;\">O estremecimento da rela\u00e7\u00e3o entre a vice-prefeita e Nena pode ser o prenuncio de um rompimento.<\/p>\n<p style=\"text-align: justify;\">\u201cA impopularidade do atual gestor \u00e9 uma realidade no munic\u00edpio, acentuada pela incapacidade de dialogar com os diversos segmentos da sociedade inhambupense. Tal desgaste dificulta a defesa da gest\u00e3o por parte de seus apoiadores e acaba por afastar aqueles que hoje fazem parte do governo\u201d, disse uma pessoa pr\u00f3xima a vice-prefeita.<\/p>\n<h6 style=\"text-align: right;\"><span style=\"color: #999999;\">Por Alex Almeida para o News Infoco<\/span><\/h6>\n<p style=\"text-align: justify;\">\n<div class='share-to-whatsapp-wrapper'><div class='share-on-whsp'>Share on: <\/div><a data-text='Ap\u00f3s forte resist\u00eancia popular, presidente da C\u00e2mara Municipal de Inhambupe adia vota\u00e7\u00e3o do projeto de lei que promove cortes nos sal\u00e1rios dos professores municipais' data-link='https:\/\/newsinfoco.com.br\/inicio\/apos-forte-resistencia-popular-presidente-da-camara-municipal-de-inhambupe-adia-votacao-do-projeto-de-lei-que-promove-cortes-nos-salarios-dos-professores-municipais\/' class='whatsapp-button whatsapp-share'>WhatsApp<\/a><div class='clear '><\/div><\/div>","protected":false},"excerpt":{"rendered":"<p>Ap\u00f3s a mobiliza\u00e7\u00e3o ocorrida no dia de hoje(23) em Inhambupe que reuniu cerca de 2000 pessoas, o presidente da C\u00e2mara Municipal decidiu se pronunciar. Em um v\u00eddeo gravado, com pouco mais de 3 minutos, o vereador Jeovan Vieira anunciou que retirar\u00e1 da pauta desta-ter\u00e7a-feira(24) a discuss\u00e3o do projeto de lei que promove cortes nos sal\u00e1rios [&hellip;]<\/p>\n","protected":false},"author":1,"featured_media":2980,"comment_status":"open","ping_status":"open","sticky":false,"template":"","format":"standard","meta":{"om_disable_all_campaigns":false,"_exactmetrics_skip_tracking":false,"_exactmetrics_sitenote_active":false,"_exactmetrics_sitenote_note":"","_exactmetrics_sitenote_category":0,"footnotes":""},"categories":[38,30],"tags":[],"class_list":["post-2978","post","type-post","status-publish","format-standard","has-post-thumbnail","hentry","category-alagoinhas-e-regiao","category-destaque"],"aioseo_notices":[],"_links":{"self":[{"href":"https:\/\/newsinfoco.com.br\/inicio\/wp-json\/wp\/v2\/posts\/2978","targetHints":{"allow":["GET"]}}],"collection":[{"href":"https:\/\/newsinfoco.com.br\/inicio\/wp-json\/wp\/v2\/posts"}],"about":[{"href":"https:\/\/newsinfoco.com.br\/inicio\/wp-json\/wp\/v2\/types\/post"}],"author":[{"embeddable":true,"href":"https:\/\/newsinfoco.com.br\/inicio\/wp-json\/wp\/v2\/users\/1"}],"replies":[{"embeddable":true,"href":"https:\/\/newsinfoco.com.br\/inicio\/wp-json\/wp\/v2\/comments?post=2978"}],"version-history":[{"count":0,"href":"https:\/\/newsinfoco.com.br\/inicio\/wp-json\/wp\/v2\/posts\/2978\/revisions"}],"wp:featuredmedia":[{"embeddable":true,"href":"https:\/\/newsinfoco.com.br\/inicio\/wp-json\/wp\/v2\/media\/2980"}],"wp:attachment":[{"href":"https:\/\/newsinfoco.com.br\/inicio\/wp-json\/wp\/v2\/media?parent=2978"}],"wp:term":[{"taxonomy":"category","embeddable":true,"href":"https:\/\/newsinfoco.com.br\/inicio\/wp-json\/wp\/v2\/categories?post=2978"},{"taxonomy":"post_tag","embeddable":true,"href":"https:\/\/newsinfoco.com.br\/inicio\/wp-json\/wp\/v2\/tags?post=2978"}],"curies":[{"name":"wp","href":"https:\/\/api.w.org\/{rel}","templated":true}]}}