{"id":2987,"date":"2018-04-24T02:13:23","date_gmt":"2018-04-24T05:13:23","guid":{"rendered":"http:\/\/newsinfoco.com.br\/?p=2987"},"modified":"2018-04-24T02:13:23","modified_gmt":"2018-04-24T05:13:23","slug":"deputado-joseildo-busca-melhorias-no-abastecimento-de-agua-para-entre-rios-conceicao-da-feira-terra-nova-e-ibipeba","status":"publish","type":"post","link":"https:\/\/newsinfoco.com.br\/inicio\/deputado-joseildo-busca-melhorias-no-abastecimento-de-agua-para-entre-rios-conceicao-da-feira-terra-nova-e-ibipeba\/","title":{"rendered":"Deputado Joseildo busca melhorias no abastecimento de \u00e1gua para Entre Rios, Concei\u00e7\u00e3o da Feira, Terra Nova e Ibipeba"},"content":{"rendered":"<p style=\"text-align: justify;\"><span style=\"font-size: large; color: #000000;\">Para tentar solucionar problemas com abastecimento de \u00e1gua enfrentados pela popula\u00e7\u00e3o dos munic\u00edpios de Entre Rios, Concei\u00e7\u00e3o da Feira, Terra Nova e Ibipeba, o deputado estadual Joseildo Ramos (PT) esteve, nesta segunda-feira (23), com o presidente da Embasa, Rog\u00e9rio Cedraz. Tamb\u00e9m participaram da reuni\u00e3o, dentre outras lideran\u00e7as, os prefeitos de Entre Rios, El\u00edzio Sim\u00f5es (PDT), e de Ibipeba, Dem\u00f3stenes de Souza (PSL); e o presidente da C\u00e2mara de Vereadores de Concei\u00e7\u00e3o da Feira, Adriano Melo (PT).<br \/>\n<\/span><\/p>\n<p style=\"text-align: justify;\"><span style=\"font-size: large; color: #000000;\">Para Entre Rios, o prefeito El\u00edzio Sim\u00f5es solicitou extens\u00e3o de rede para abastecer a localidade de S\u00edtio Novo. &#8220;Este povoado fica bem pr\u00f3ximo do ponto de capta\u00e7\u00e3o de \u00e1gua do distrito de Suba\u00fama. A ideia \u00e9 que aproveite essa liga\u00e7\u00e3o para levar \u00e1gua at\u00e9 S\u00edtio Novo&#8221;, disse. Cedraz garantiu uma visita t\u00e9cnica de sua equipe na primeira quinzena de maio para avaliar as condi\u00e7\u00f5es do sistema e a viabilidade de opera\u00e7\u00e3o pela Embasa, j\u00e1 que o atual \u00e9 antigo e foi constru\u00eddo pela Cerb.<br \/>\n<\/span><\/p><div class=\"newsi-conteudo_19\" id=\"newsi-546261450\"><a href=\"https:\/\/www.instagram.com\/prefeituraalagoinhas?igsh=YzgzdDJ1bWR3aWI4\" aria-label=\"SAVE_20251006_221555\"><img loading=\"lazy\" decoding=\"async\" src=\"https:\/\/newsinfoco.com.br\/inicio\/wp-content\/uploads\/2025\/10\/SAVE_20251006_221555-rotated.jpg\" alt=\"\"  srcset=\"https:\/\/newsinfoco.com.br\/inicio\/wp-content\/uploads\/2025\/10\/SAVE_20251006_221555-rotated.jpg 1140w, https:\/\/newsinfoco.com.br\/inicio\/wp-content\/uploads\/2025\/10\/SAVE_20251006_221555-300x52.jpg 300w, https:\/\/newsinfoco.com.br\/inicio\/wp-content\/uploads\/2025\/10\/SAVE_20251006_221555-1024x177.jpg 1024w, https:\/\/newsinfoco.com.br\/inicio\/wp-content\/uploads\/2025\/10\/SAVE_20251006_221555-768x133.jpg 768w, https:\/\/newsinfoco.com.br\/inicio\/wp-content\/uploads\/2025\/10\/SAVE_20251006_221555-600x104.jpg 600w, https:\/\/newsinfoco.com.br\/inicio\/wp-content\/uploads\/2025\/10\/SAVE_20251006_221555-696x120.jpg 696w, https:\/\/newsinfoco.com.br\/inicio\/wp-content\/uploads\/2025\/10\/SAVE_20251006_221555-1068x185.jpg 1068w\" sizes=\"(max-width: 1140px) 100vw, 1140px\" width=\"1140\" height=\"197\"   \/><\/a><\/div>\n<p style=\"text-align: justify;\"><span style=\"font-size: large; color: #000000;\">O problema de Terra Nova foi apresentado pelo deputado Joseildo. Diversas localidades do munic\u00edpio hoje sofrem com a falta de abastecimento, j\u00e1 que a quantidade de \u00e1gua que a central de tratamento de Am\u00e9lia Rodrigues processa \u00e9 insuficiente para atender a regi\u00e3o. &#8220;A central tem capacidade de tratar 70 litros de \u00e1gua por segundo, sendo que o ideal para a atender a popula\u00e7\u00e3o seria de 100. Para Terra Nova, por exemplo, seriam necess\u00e1rios 20 litros por segundo e s\u00f3 est\u00e1 recebendo 8 litros&#8221;, explicou. O presidente da Embasa afirmou que j\u00e1 est\u00e1 sendo constru\u00edda uma nova adutora e a previs\u00e3o de conclus\u00e3o \u00e9 para setembro.<br \/>\n<\/span><\/p>\n<p style=\"text-align: justify;\"><span style=\"font-size: large; color: #000000;\">Para o munic\u00edpio de Ibipeba, o prefeito Dem\u00f3stenes de Souza solicitou extens\u00e3o da rede de abastecimento de \u00e1gua para diversas localidades. O presidente da Embasa explicou que, em 2006, foram feitos alguns levantamentos na \u00e1rea e que o valor havia sido muito alto, principalmente por conta da dist\u00e2ncia entre os povoados. &#8220;Trata-se de um munic\u00edpio razoavelmente extenso, mas vamos fazer um novo levantamento e estudar a viabilidade para atender o maior n\u00famero poss\u00edvel de localidades o mais breve poss\u00edvel&#8221;, afirmou.<br \/>\n<\/span><\/p>\n<p style=\"text-align: justify;\"><span style=\"font-size: large; color: #000000;\"><b>Concei\u00e7\u00e3o da Feira<\/b><br \/>\n<\/span><\/p>\n<p style=\"text-align: justify;\"><span style=\"font-size: large; color: #000000;\">Para finalizar as demandas, o vereador Adriano falou sobre a dificuldade de aprovar, na C\u00e2mara de Vereadores, o conv\u00eanio proposto pela Embasa para passar a atender o munic\u00edpio. &#8220;\u00c9 necess\u00e1rio olhar Concei\u00e7\u00e3o da Feira de forma diferenciada porque abriga a esta\u00e7\u00e3o de tratamento que abastece Feira de Santana e uma parte de Salvador. A dificuldade na aprova\u00e7\u00e3o est\u00e1 na falta de um prazo estabelecido no conv\u00eanio e a falta de garantia de investimentos por parte da empresa em nossa regi\u00e3o&#8221;, avaliou.<br \/>\n<\/span><\/p>\n<p style=\"text-align: justify;\"><span style=\"font-size: large; color: #000000;\">Cedraz explicou que os conv\u00eanios, de uma maneira geral, n\u00e3o possuem prazo. &#8220;O documento que especifica o prazo \u00e9 o contrato, que \u00e9 feito ap\u00f3s assinatura do conv\u00eanio e aprova\u00e7\u00e3o de Plano de Saneamento Municipal&#8221;, afirmou. Al\u00e9m disso, ele esclareceu que os investimentos s\u00f3 podem ser feitos ap\u00f3s a parceria ser concretizada. &#8220;Quanto mais demora para fecharmos, mais preju\u00edzos o munic\u00edpio pode ter porque ficamos de m\u00e3os atadas para desenvolver as a\u00e7\u00f5es de melhorias&#8221;, finalizou. Adriano se comprometeu em conversar com os vereadores a fim de esclarecer cada ponto explicado pelo presidente.<\/span><\/p>\n<h6 style=\"text-align: right;\"><span style=\"color: #999999;\">fonte: Ascom dep. Joseildo Ramos<\/span><\/h6>\n<div class='share-to-whatsapp-wrapper'><div class='share-on-whsp'>Share on: <\/div><a data-text='Deputado Joseildo busca melhorias no abastecimento de \u00e1gua para Entre Rios, Concei\u00e7\u00e3o da Feira, Terra Nova e Ibipeba' data-link='https:\/\/newsinfoco.com.br\/inicio\/deputado-joseildo-busca-melhorias-no-abastecimento-de-agua-para-entre-rios-conceicao-da-feira-terra-nova-e-ibipeba\/' class='whatsapp-button whatsapp-share'>WhatsApp<\/a><div class='clear '><\/div><\/div>","protected":false},"excerpt":{"rendered":"<p>Para tentar solucionar problemas com abastecimento de \u00e1gua enfrentados pela popula\u00e7\u00e3o dos munic\u00edpios de Entre Rios, Concei\u00e7\u00e3o da Feira, Terra Nova e Ibipeba, o deputado estadual Joseildo Ramos (PT) esteve, nesta segunda-feira (23), com o presidente da Embasa, Rog\u00e9rio Cedraz. Tamb\u00e9m participaram da reuni\u00e3o, dentre outras lideran\u00e7as, os prefeitos de Entre Rios, El\u00edzio Sim\u00f5es (PDT), [&hellip;]<\/p>\n","protected":false},"author":1,"featured_media":2988,"comment_status":"open","ping_status":"open","sticky":false,"template":"","format":"standard","meta":{"om_disable_all_campaigns":false,"_exactmetrics_skip_tracking":false,"_exactmetrics_sitenote_active":false,"_exactmetrics_sitenote_note":"","_exactmetrics_sitenote_category":0,"footnotes":""},"categories":[38,30],"tags":[],"class_list":["post-2987","post","type-post","status-publish","format-standard","has-post-thumbnail","hentry","category-alagoinhas-e-regiao","category-destaque"],"aioseo_notices":[],"_links":{"self":[{"href":"https:\/\/newsinfoco.com.br\/inicio\/wp-json\/wp\/v2\/posts\/2987","targetHints":{"allow":["GET"]}}],"collection":[{"href":"https:\/\/newsinfoco.com.br\/inicio\/wp-json\/wp\/v2\/posts"}],"about":[{"href":"https:\/\/newsinfoco.com.br\/inicio\/wp-json\/wp\/v2\/types\/post"}],"author":[{"embeddable":true,"href":"https:\/\/newsinfoco.com.br\/inicio\/wp-json\/wp\/v2\/users\/1"}],"replies":[{"embeddable":true,"href":"https:\/\/newsinfoco.com.br\/inicio\/wp-json\/wp\/v2\/comments?post=2987"}],"version-history":[{"count":0,"href":"https:\/\/newsinfoco.com.br\/inicio\/wp-json\/wp\/v2\/posts\/2987\/revisions"}],"wp:featuredmedia":[{"embeddable":true,"href":"https:\/\/newsinfoco.com.br\/inicio\/wp-json\/wp\/v2\/media\/2988"}],"wp:attachment":[{"href":"https:\/\/newsinfoco.com.br\/inicio\/wp-json\/wp\/v2\/media?parent=2987"}],"wp:term":[{"taxonomy":"category","embeddable":true,"href":"https:\/\/newsinfoco.com.br\/inicio\/wp-json\/wp\/v2\/categories?post=2987"},{"taxonomy":"post_tag","embeddable":true,"href":"https:\/\/newsinfoco.com.br\/inicio\/wp-json\/wp\/v2\/tags?post=2987"}],"curies":[{"name":"wp","href":"https:\/\/api.w.org\/{rel}","templated":true}]}}