{"id":2990,"date":"2018-04-24T11:28:10","date_gmt":"2018-04-24T14:28:10","guid":{"rendered":"http:\/\/newsinfoco.com.br\/?p=2990"},"modified":"2018-04-24T11:28:10","modified_gmt":"2018-04-24T14:28:10","slug":"fachin-envia-recurso-de-lula-para-2a-turma-do-supremo-tribunal-federal","status":"publish","type":"post","link":"https:\/\/newsinfoco.com.br\/inicio\/fachin-envia-recurso-de-lula-para-2a-turma-do-supremo-tribunal-federal\/","title":{"rendered":"Fachin envia recurso de Lula para 2\u00aa turma do Supremo Tribunal Federal"},"content":{"rendered":"<p class=\" \" style=\"text-align: justify;\"><span style=\"color: #000000;\"><strong>Edson Fachin<\/strong>\u00a0, ministro do\u00a0<strong>Supremo Tribunal Federal<\/strong>\u00a0, enviou para a 2\u00aa turma do tribunal um recurso da defesa do ex-presidente\u00a0<strong>Luiz In\u00e1cio Lula da Silva<\/strong>\u00a0que pede a liberdade do l\u00edder petista.<\/span><\/p>\n<p style=\"text-align: justify;\"><span style=\"color: #000000;\">O ministro do Supremo decidiu tamb\u00e9m que os votos ser\u00e3o computados no plen\u00e1rio virtual da casa, ou seja, n\u00e3o haver\u00e1 julgamento presencial. Contudo, a data para tanto ainda n\u00e3o foi definida.<\/span><\/p><div class=\"newsi-conteudo_19\" id=\"newsi-2115825903\"><a href=\"https:\/\/www.instagram.com\/prefeituraalagoinhas?igsh=YzgzdDJ1bWR3aWI4\" aria-label=\"SAVE_20251006_221555\"><img loading=\"lazy\" decoding=\"async\" src=\"https:\/\/newsinfoco.com.br\/inicio\/wp-content\/uploads\/2025\/10\/SAVE_20251006_221555-rotated.jpg\" alt=\"\"  srcset=\"https:\/\/newsinfoco.com.br\/inicio\/wp-content\/uploads\/2025\/10\/SAVE_20251006_221555-rotated.jpg 1140w, https:\/\/newsinfoco.com.br\/inicio\/wp-content\/uploads\/2025\/10\/SAVE_20251006_221555-300x52.jpg 300w, https:\/\/newsinfoco.com.br\/inicio\/wp-content\/uploads\/2025\/10\/SAVE_20251006_221555-1024x177.jpg 1024w, https:\/\/newsinfoco.com.br\/inicio\/wp-content\/uploads\/2025\/10\/SAVE_20251006_221555-768x133.jpg 768w, https:\/\/newsinfoco.com.br\/inicio\/wp-content\/uploads\/2025\/10\/SAVE_20251006_221555-600x104.jpg 600w, https:\/\/newsinfoco.com.br\/inicio\/wp-content\/uploads\/2025\/10\/SAVE_20251006_221555-696x120.jpg 696w, https:\/\/newsinfoco.com.br\/inicio\/wp-content\/uploads\/2025\/10\/SAVE_20251006_221555-1068x185.jpg 1068w\" sizes=\"(max-width: 1140px) 100vw, 1140px\" width=\"1140\" height=\"197\"   \/><\/a><\/div>\n<p style=\"text-align: justify;\"><span style=\"color: #000000;\">No pedido de liberdade, os advogados do ex-presidente alegaram que\u00a0a ordem de pris\u00e3o foi ilegal, uma vez que o caso do petista ainda n\u00e3o havia sido encerrado junto ao Tribunal Regional Federal da Quarta Regi\u00e3o (TRF-4).\u00a0Os \u00faltimos embargos a que tinha direito a defesa de Lula s\u00f3 foram julgados 11 dias ap\u00f3s a pris\u00e3o do l\u00edder petista.<\/span><\/p>\n<p style=\"text-align: justify;\"><span style=\"color: #000000;\">Um pedido anterior j\u00e1 havia sido feito \u00e0 Fachin. Ao negar o pedido,\u00a0o ministro\u00a0argumentou que no atual entendimento do STF, esse\u00a0recurso\u00a0n\u00e3o impede o decreto da ordem de pris\u00e3o a partir do julgamento em segunda inst\u00e2ncia.<\/span><\/p>\n<h3 style=\"text-align: justify;\"><span style=\"color: #000000;\">Visitas vetadas<\/span><\/h3>\n<p style=\"text-align: justify;\"><span style=\"color: #000000;\">A ex-presidente Dilma Rousseff\u00a0 e uma comiss\u00e3o de deputados foi proibida de visitar o ex-presidente Luiz In\u00e1cio Lula da Silva, preso desde o \u00faltimo dia 7 de abril na Superintend\u00eancia da Pol\u00edcia na capital paranaense.<\/span><\/p>\n<p style=\"text-align: justify;\"><span style=\"color: #000000;\">Na decis\u00e3o desta segunda-feira (23), a ju\u00edza Carolina Moura Lebbos, da 12\u00aa Vara Federal de Curitiba, tamb\u00e9m negou os pedidos de visita a\u00a0Lula\u00a0feitos pelo pr\u00e9-candidato \u00e0 Presid\u00eancia da Rep\u00fablica Ciro Gomes (PDT), pela presidente do\u00a0<strong>PT<\/strong>\u00a0, a senadora Gleisi Hoffmann (PR), pelo vereador de S\u00e3o Paulo Eduardo Suplicy (PT-SP), entre outros pol\u00edticos e amigos do ex-presidente.<\/span><\/p>\n<p style=\"text-align: justify;\"><span style=\"color: #000000;\">A ju\u00edza Carolina Moura Lebbos j\u00e1 havia negado antes visitas a\u00a0\u00a0<strong>Lula\u00a0<\/strong>\u00a0que tinham sido solicitadas pelo escritor argentino Adolfo P\u00e9rez Esquivel, vencedor do pr\u00eamio Nobel da Paz em 1980, e do te\u00f3logo Leonardo Boff.<\/span><\/p>\n<p style=\"text-align: justify;\"><span style=\"color: #000000;\"><strong>Dilma<\/strong>\u00a0criticou a decis\u00e3o da ju\u00edza. A ex-presidente, que foi presa durante a ditadura militar no Brasil, lembrou que at\u00e9 mesmo nos anos de chumbo os presos tinha direito de receber amigos, familiares e advogados.<\/span><\/p>\n<h6 style=\"text-align: right;\"><span style=\"color: #999999;\"><strong>Fonte:ig<\/strong><\/span><\/h6>\n<div class='share-to-whatsapp-wrapper'><div class='share-on-whsp'>Share on: <\/div><a data-text='Fachin envia recurso de Lula para 2\u00aa turma do Supremo Tribunal Federal' data-link='https:\/\/newsinfoco.com.br\/inicio\/fachin-envia-recurso-de-lula-para-2a-turma-do-supremo-tribunal-federal\/' class='whatsapp-button whatsapp-share'>WhatsApp<\/a><div class='clear '><\/div><\/div>","protected":false},"excerpt":{"rendered":"<p>Edson Fachin\u00a0, ministro do\u00a0Supremo Tribunal Federal\u00a0, enviou para a 2\u00aa turma do tribunal um recurso da defesa do ex-presidente\u00a0Luiz In\u00e1cio Lula da Silva\u00a0que pede a liberdade do l\u00edder petista. O ministro do Supremo decidiu tamb\u00e9m que os votos ser\u00e3o computados no plen\u00e1rio virtual da casa, ou seja, n\u00e3o haver\u00e1 julgamento presencial. Contudo, a data para [&hellip;]<\/p>\n","protected":false},"author":1,"featured_media":2991,"comment_status":"open","ping_status":"open","sticky":false,"template":"","format":"standard","meta":{"om_disable_all_campaigns":false,"_exactmetrics_skip_tracking":false,"_exactmetrics_sitenote_active":false,"_exactmetrics_sitenote_note":"","_exactmetrics_sitenote_category":0,"footnotes":""},"categories":[21],"tags":[],"class_list":["post-2990","post","type-post","status-publish","format-standard","has-post-thumbnail","hentry","category-brasil"],"aioseo_notices":[],"_links":{"self":[{"href":"https:\/\/newsinfoco.com.br\/inicio\/wp-json\/wp\/v2\/posts\/2990","targetHints":{"allow":["GET"]}}],"collection":[{"href":"https:\/\/newsinfoco.com.br\/inicio\/wp-json\/wp\/v2\/posts"}],"about":[{"href":"https:\/\/newsinfoco.com.br\/inicio\/wp-json\/wp\/v2\/types\/post"}],"author":[{"embeddable":true,"href":"https:\/\/newsinfoco.com.br\/inicio\/wp-json\/wp\/v2\/users\/1"}],"replies":[{"embeddable":true,"href":"https:\/\/newsinfoco.com.br\/inicio\/wp-json\/wp\/v2\/comments?post=2990"}],"version-history":[{"count":0,"href":"https:\/\/newsinfoco.com.br\/inicio\/wp-json\/wp\/v2\/posts\/2990\/revisions"}],"wp:featuredmedia":[{"embeddable":true,"href":"https:\/\/newsinfoco.com.br\/inicio\/wp-json\/wp\/v2\/media\/2991"}],"wp:attachment":[{"href":"https:\/\/newsinfoco.com.br\/inicio\/wp-json\/wp\/v2\/media?parent=2990"}],"wp:term":[{"taxonomy":"category","embeddable":true,"href":"https:\/\/newsinfoco.com.br\/inicio\/wp-json\/wp\/v2\/categories?post=2990"},{"taxonomy":"post_tag","embeddable":true,"href":"https:\/\/newsinfoco.com.br\/inicio\/wp-json\/wp\/v2\/tags?post=2990"}],"curies":[{"name":"wp","href":"https:\/\/api.w.org\/{rel}","templated":true}]}}