{"id":2994,"date":"2018-04-24T11:33:52","date_gmt":"2018-04-24T14:33:52","guid":{"rendered":"http:\/\/newsinfoco.com.br\/?p=2994"},"modified":"2018-04-24T11:33:52","modified_gmt":"2018-04-24T14:33:52","slug":"na-ultima-semana-de-prazo-receita-espera-14-milhoes-de-declaracoes-do-ir","status":"publish","type":"post","link":"https:\/\/newsinfoco.com.br\/inicio\/na-ultima-semana-de-prazo-receita-espera-14-milhoes-de-declaracoes-do-ir\/","title":{"rendered":"Na \u00faltima semana de prazo, Receita espera 14 milh\u00f5es de declara\u00e7\u00f5es do IR"},"content":{"rendered":"<p class=\" \" style=\"text-align: justify;\"><span style=\"color: #000000;\">Mesmo h\u00e1 uma semana para o fim do\u00a0<strong>prazo da declara\u00e7\u00e3o do Imposto de Renda<\/strong>\u00a0, a\u00a0<strong>Receita Federal<\/strong>\u00a0ainda espera que 14,8 milh\u00f5es de contribuintes declarem as contas para o le\u00e3o. A expectativa \u00e9 receber at\u00e9 o dia 30 de abril pelo menos 28,8 milh\u00f5es transmiss\u00f5es.<\/span><\/p>\n<p style=\"text-align: justify;\"><span style=\"color: #000000;\">Assim como no ano passado, mais uma vez os brasileiros deixaram para declarar o\u00a0<strong>Imposto de Renda<\/strong>\u00a0na \u00faltima hora. Em 2017, a oito dias do encerramento, por exemplo, ainda restavam 14,6 milh\u00f5es de contribuintes entregarem a declara\u00e7\u00e3o.<\/span><\/p><div class=\"newsi-conteudo_19\" id=\"newsi-2466949856\"><a href=\"https:\/\/www.instagram.com\/prefeituraalagoinhas?igsh=YzgzdDJ1bWR3aWI4\" aria-label=\"SAVE_20251006_221555\"><img loading=\"lazy\" decoding=\"async\" src=\"https:\/\/newsinfoco.com.br\/inicio\/wp-content\/uploads\/2025\/10\/SAVE_20251006_221555-rotated.jpg\" alt=\"\"  srcset=\"https:\/\/newsinfoco.com.br\/inicio\/wp-content\/uploads\/2025\/10\/SAVE_20251006_221555-rotated.jpg 1140w, https:\/\/newsinfoco.com.br\/inicio\/wp-content\/uploads\/2025\/10\/SAVE_20251006_221555-300x52.jpg 300w, https:\/\/newsinfoco.com.br\/inicio\/wp-content\/uploads\/2025\/10\/SAVE_20251006_221555-1024x177.jpg 1024w, https:\/\/newsinfoco.com.br\/inicio\/wp-content\/uploads\/2025\/10\/SAVE_20251006_221555-768x133.jpg 768w, https:\/\/newsinfoco.com.br\/inicio\/wp-content\/uploads\/2025\/10\/SAVE_20251006_221555-600x104.jpg 600w, https:\/\/newsinfoco.com.br\/inicio\/wp-content\/uploads\/2025\/10\/SAVE_20251006_221555-696x120.jpg 696w, https:\/\/newsinfoco.com.br\/inicio\/wp-content\/uploads\/2025\/10\/SAVE_20251006_221555-1068x185.jpg 1068w\" sizes=\"(max-width: 1140px) 100vw, 1140px\" width=\"1140\" height=\"197\"   \/><\/a><\/div>\n<p style=\"text-align: justify;\"><span style=\"color: #000000;\">\u00c9 esperado que mais de tr\u00eas milh\u00f5es de declara\u00e7\u00f5es sejam enviadas no dia 30 de abril \u2013 data limite. E, para \u2018dar conta\u2019 desse fluxo intenso de pessoas na plataforma, a Receita informou que ampliou a sua capacidade t\u00e9cnica para receber os milhares de contribuintes sem prejudica-los.<\/span><\/p>\n<h3 style=\"text-align: justify;\"><span style=\"color: #000000;\">Programa<\/span><\/h3>\n<p style=\"text-align: justify;\"><span style=\"color: #000000;\">O auditor-fiscal Joaquim Adir, supervisor nacional do IR orienta n\u00e3o deixar para fazer a declara\u00e7\u00e3o nos \u00faltimos dias e que, mesmo que a transmiss\u00e3o dos dados n\u00e3o seja feita imediatamente ap\u00f3s o download, recomenda que, pelo menos o contribuinte baixe o programa para se familiarizar ao sistema.<\/span><\/p>\n<p style=\"text-align: justify;\"><span style=\"color: #000000;\">Para quem ainda insiste em fazer a declara\u00e7\u00e3o no fim do prazo, Adir destaca que \u201cas d\u00favidas surgem na hora que se come\u00e7a a preencher a declara\u00e7\u00e3o e, se deixa para a \u00faltima hora, n\u00e3o vai dar tempo de tirar as d\u00favidas e de encontrar os documentos necess\u00e1rios\u201d.<\/span><\/p>\n<h3 style=\"text-align: justify;\"><span style=\"color: #000000;\">Quem deve declarar o Imposto de Renda?<\/span><\/h3>\n<p style=\"text-align: justify;\"><span style=\"color: #000000;\"><a style=\"color: #000000;\" href=\"http:\/\/economia.ig.com.br\/financas\/impostoderenda\/2018-02-26\/declaracao-imposto-renda-2018.html\" target=\"_blank\" rel=\"noopener\">O IR \u00e9 obrigat\u00f3rio para pessoas f\u00edsicas<\/a>\u00a0\u00a0que tiveram, em 2017, rendimentos tribut\u00e1veis superiores a R$ 28.559,70. Tamb\u00e9m devem realizar a declara\u00e7\u00e3o as pessoas que:<\/span><\/p>\n<ul style=\"text-align: justify;\">\n<li><span style=\"color: #000000;\">tiveram receita bruta acima de R$ 142.798,50 a partir da atividade rural;\u00a0\u00a0<\/span><\/li>\n<li><span style=\"color: #000000;\">receberam rendimentos isentos, n\u00e3o tribut\u00e1veis ou tributados exclusivamente na fonte com soma foi superior a R$ 40 mil;\u00a0\u00a0<\/span><\/li>\n<li><span style=\"color: #000000;\">obtiveram, em qualquer m\u00eas, ganho de capital na aliena\u00e7\u00e3o de bens e direitos, sujeito \u00e0 incid\u00eancia do imposto, ou que realizaram opera\u00e7\u00f5es em bolsas de valores;\u00a0\u00a0<\/span><\/li>\n<li><span style=\"color: #000000;\">pretendem compensar preju\u00edzos com a atividade rural de anos-calend\u00e1rio anteriores ou de 2017;\u00a0\u00a0<\/span><\/li>\n<li><span style=\"color: #000000;\">tiveram, em 31 de dezembro de 2017, a posse ou a propriedade de bens e direitos, inclusive terra nua, de valor total superior a R$ 300 mil;\u00a0\u00a0<\/span><\/li>\n<li><span style=\"color: #000000;\">que passaram \u00e0 condi\u00e7\u00e3o de residentes no Brasil em qualquer m\u00eas e assim se encontravam em 31 de dezembro;\u00a0\u00a0<\/span><\/li>\n<li><span style=\"color: #000000;\">que optaram pela isen\u00e7\u00e3o do IR incidente sobre o ganho de capital com a venda de im\u00f3veis residenciais para a compra de outro im\u00f3vel no pa\u00eds, no prazo de 180 dias contados a partir do contrato de venda.<\/span><\/li>\n<\/ul>\n<p style=\"text-align: justify;\"><span style=\"color: #000000;\">Vale destacar ainda que os contribuintes que perderem o prazo da declara\u00e7\u00e3o do\u00a0<strong>Imposto de Renda<\/strong>\u00a0est\u00e3o sujeitos ao pagamento de multa m\u00ednima de R$ 165,74 e m\u00e1xima de 20% do imposto devido.<\/span><\/p>\n<h6 style=\"text-align: right;\"><span style=\"color: #999999;\"><strong>Fonte:ig<\/strong><\/span><\/h6>\n<div class='share-to-whatsapp-wrapper'><div class='share-on-whsp'>Share on: <\/div><a data-text='Na \u00faltima semana de prazo, Receita espera 14 milh\u00f5es de declara\u00e7\u00f5es do IR' data-link='https:\/\/newsinfoco.com.br\/inicio\/na-ultima-semana-de-prazo-receita-espera-14-milhoes-de-declaracoes-do-ir\/' class='whatsapp-button whatsapp-share'>WhatsApp<\/a><div class='clear '><\/div><\/div>","protected":false},"excerpt":{"rendered":"<p>Mesmo h\u00e1 uma semana para o fim do\u00a0prazo da declara\u00e7\u00e3o do Imposto de Renda\u00a0, a\u00a0Receita Federal\u00a0ainda espera que 14,8 milh\u00f5es de contribuintes declarem as contas para o le\u00e3o. A expectativa \u00e9 receber at\u00e9 o dia 30 de abril pelo menos 28,8 milh\u00f5es transmiss\u00f5es. Assim como no ano passado, mais uma vez os brasileiros deixaram para [&hellip;]<\/p>\n","protected":false},"author":1,"featured_media":2995,"comment_status":"open","ping_status":"open","sticky":false,"template":"","format":"standard","meta":{"om_disable_all_campaigns":false,"_exactmetrics_skip_tracking":false,"_exactmetrics_sitenote_active":false,"_exactmetrics_sitenote_note":"","_exactmetrics_sitenote_category":0,"footnotes":""},"categories":[21],"tags":[],"class_list":["post-2994","post","type-post","status-publish","format-standard","has-post-thumbnail","hentry","category-brasil"],"aioseo_notices":[],"_links":{"self":[{"href":"https:\/\/newsinfoco.com.br\/inicio\/wp-json\/wp\/v2\/posts\/2994","targetHints":{"allow":["GET"]}}],"collection":[{"href":"https:\/\/newsinfoco.com.br\/inicio\/wp-json\/wp\/v2\/posts"}],"about":[{"href":"https:\/\/newsinfoco.com.br\/inicio\/wp-json\/wp\/v2\/types\/post"}],"author":[{"embeddable":true,"href":"https:\/\/newsinfoco.com.br\/inicio\/wp-json\/wp\/v2\/users\/1"}],"replies":[{"embeddable":true,"href":"https:\/\/newsinfoco.com.br\/inicio\/wp-json\/wp\/v2\/comments?post=2994"}],"version-history":[{"count":0,"href":"https:\/\/newsinfoco.com.br\/inicio\/wp-json\/wp\/v2\/posts\/2994\/revisions"}],"wp:featuredmedia":[{"embeddable":true,"href":"https:\/\/newsinfoco.com.br\/inicio\/wp-json\/wp\/v2\/media\/2995"}],"wp:attachment":[{"href":"https:\/\/newsinfoco.com.br\/inicio\/wp-json\/wp\/v2\/media?parent=2994"}],"wp:term":[{"taxonomy":"category","embeddable":true,"href":"https:\/\/newsinfoco.com.br\/inicio\/wp-json\/wp\/v2\/categories?post=2994"},{"taxonomy":"post_tag","embeddable":true,"href":"https:\/\/newsinfoco.com.br\/inicio\/wp-json\/wp\/v2\/tags?post=2994"}],"curies":[{"name":"wp","href":"https:\/\/api.w.org\/{rel}","templated":true}]}}