{"id":300,"date":"2018-02-24T12:15:12","date_gmt":"2018-02-24T15:15:12","guid":{"rendered":"http:\/\/newsinfoco.com.br\/?p=300"},"modified":"2018-02-24T12:15:12","modified_gmt":"2018-02-24T15:15:12","slug":"prefeitura-de-alagoinhas-divulga-cronograma-semanal-de-atividades-do-cras-de-boa-uniao","status":"publish","type":"post","link":"https:\/\/newsinfoco.com.br\/inicio\/prefeitura-de-alagoinhas-divulga-cronograma-semanal-de-atividades-do-cras-de-boa-uniao\/","title":{"rendered":"Prefeitura de Alagoinhas divulga cronograma semanal de atividades do CRAS de Boa Uni\u00e3o"},"content":{"rendered":"<p style=\"text-align: justify;\"><span style=\"color: #000000;\">A Prefeitura de Alagoinhas divulga o cronograma semanal de atividades para o Centro de Refer\u00eancia em Assist\u00eancia Social (CRAS) de Boa Uni\u00e3o. As atividades oferecidas pela Secretaria Municipal de Assist\u00eancia social (SEMAS) tiveram in\u00edcio desde a ter\u00e7a-feira (20) com a oficina Ressignificando as Coisas: Confec\u00e7\u00e3o de flores com garrafas pet, voltadas para o grupo de mulheres. J\u00e1 na quarta-feira (21) aconteceu reuni\u00e3o com a dire\u00e7\u00e3o das escolas locais durante a manh\u00e3.<\/span><\/p>\n<p><strong>O cronograma segue at\u00e9 sexta-feira (23), confira:<\/strong><\/p><div class=\"newsi-conteudo_19\" id=\"newsi-2900823746\"><a href=\"https:\/\/www.instagram.com\/prefeituraalagoinhas?igsh=YzgzdDJ1bWR3aWI4\" aria-label=\"SAVE_20251006_221555\"><img loading=\"lazy\" decoding=\"async\" src=\"https:\/\/newsinfoco.com.br\/inicio\/wp-content\/uploads\/2025\/10\/SAVE_20251006_221555-rotated.jpg\" alt=\"\"  srcset=\"https:\/\/newsinfoco.com.br\/inicio\/wp-content\/uploads\/2025\/10\/SAVE_20251006_221555-rotated.jpg 1140w, https:\/\/newsinfoco.com.br\/inicio\/wp-content\/uploads\/2025\/10\/SAVE_20251006_221555-300x52.jpg 300w, https:\/\/newsinfoco.com.br\/inicio\/wp-content\/uploads\/2025\/10\/SAVE_20251006_221555-1024x177.jpg 1024w, https:\/\/newsinfoco.com.br\/inicio\/wp-content\/uploads\/2025\/10\/SAVE_20251006_221555-768x133.jpg 768w, https:\/\/newsinfoco.com.br\/inicio\/wp-content\/uploads\/2025\/10\/SAVE_20251006_221555-600x104.jpg 600w, https:\/\/newsinfoco.com.br\/inicio\/wp-content\/uploads\/2025\/10\/SAVE_20251006_221555-696x120.jpg 696w, https:\/\/newsinfoco.com.br\/inicio\/wp-content\/uploads\/2025\/10\/SAVE_20251006_221555-1068x185.jpg 1068w\" sizes=\"(max-width: 1140px) 100vw, 1140px\" width=\"1140\" height=\"197\"   \/><\/a><\/div>\n<p><strong>22\/02- 13h30 \u2013<\/strong>\u00a0Grupo de Adolescentes \u2013 \u201cEu no mundo\u201d: conversando sobre relacionamentos.<\/p>\n<p><strong>23\/02- 9h e 13h30 \u2013<\/strong>\u00a0Grupo de Crian\u00e7as \u2013 Oficina de pintura: \u201cEu e meus pais\u201d.<\/p>\n<h6 style=\"text-align: right;\"><span style=\"color: #999999;\">Fonte: SECOM CRAS SEMAS<\/span><\/h6>\n<div align=\"right\"><\/div>\n<div class='share-to-whatsapp-wrapper'><div class='share-on-whsp'>Share on: <\/div><a data-text='Prefeitura de Alagoinhas divulga cronograma semanal de atividades do CRAS de Boa Uni\u00e3o' data-link='https:\/\/newsinfoco.com.br\/inicio\/prefeitura-de-alagoinhas-divulga-cronograma-semanal-de-atividades-do-cras-de-boa-uniao\/' class='whatsapp-button whatsapp-share'>WhatsApp<\/a><div class='clear '><\/div><\/div>","protected":false},"excerpt":{"rendered":"<p>A Prefeitura de Alagoinhas divulga o cronograma semanal de atividades para o Centro de Refer\u00eancia em Assist\u00eancia Social (CRAS) de Boa Uni\u00e3o. As atividades oferecidas pela Secretaria Municipal de Assist\u00eancia social (SEMAS) tiveram in\u00edcio desde a ter\u00e7a-feira (20) com a oficina Ressignificando as Coisas: Confec\u00e7\u00e3o de flores com garrafas pet, voltadas para o grupo de [&hellip;]<\/p>\n","protected":false},"author":1,"featured_media":301,"comment_status":"open","ping_status":"open","sticky":false,"template":"","format":"standard","meta":{"om_disable_all_campaigns":false,"_exactmetrics_skip_tracking":false,"_exactmetrics_sitenote_active":false,"_exactmetrics_sitenote_note":"","_exactmetrics_sitenote_category":0,"footnotes":""},"categories":[38],"tags":[],"class_list":["post-300","post","type-post","status-publish","format-standard","has-post-thumbnail","hentry","category-alagoinhas-e-regiao"],"aioseo_notices":[],"_links":{"self":[{"href":"https:\/\/newsinfoco.com.br\/inicio\/wp-json\/wp\/v2\/posts\/300","targetHints":{"allow":["GET"]}}],"collection":[{"href":"https:\/\/newsinfoco.com.br\/inicio\/wp-json\/wp\/v2\/posts"}],"about":[{"href":"https:\/\/newsinfoco.com.br\/inicio\/wp-json\/wp\/v2\/types\/post"}],"author":[{"embeddable":true,"href":"https:\/\/newsinfoco.com.br\/inicio\/wp-json\/wp\/v2\/users\/1"}],"replies":[{"embeddable":true,"href":"https:\/\/newsinfoco.com.br\/inicio\/wp-json\/wp\/v2\/comments?post=300"}],"version-history":[{"count":0,"href":"https:\/\/newsinfoco.com.br\/inicio\/wp-json\/wp\/v2\/posts\/300\/revisions"}],"wp:featuredmedia":[{"embeddable":true,"href":"https:\/\/newsinfoco.com.br\/inicio\/wp-json\/wp\/v2\/media\/301"}],"wp:attachment":[{"href":"https:\/\/newsinfoco.com.br\/inicio\/wp-json\/wp\/v2\/media?parent=300"}],"wp:term":[{"taxonomy":"category","embeddable":true,"href":"https:\/\/newsinfoco.com.br\/inicio\/wp-json\/wp\/v2\/categories?post=300"},{"taxonomy":"post_tag","embeddable":true,"href":"https:\/\/newsinfoco.com.br\/inicio\/wp-json\/wp\/v2\/tags?post=300"}],"curies":[{"name":"wp","href":"https:\/\/api.w.org\/{rel}","templated":true}]}}