{"id":3001,"date":"2018-04-24T11:43:19","date_gmt":"2018-04-24T14:43:19","guid":{"rendered":"http:\/\/newsinfoco.com.br\/?p=3001"},"modified":"2018-04-24T11:43:19","modified_gmt":"2018-04-24T14:43:19","slug":"alisson-e-firmino-se-enfrentam-na-semifinal-da-liga-dos-campeoes","status":"publish","type":"post","link":"https:\/\/newsinfoco.com.br\/inicio\/alisson-e-firmino-se-enfrentam-na-semifinal-da-liga-dos-campeoes\/","title":{"rendered":"Alisson e Firmino se enfrentam na semifinal da Liga dos Campe\u00f5es"},"content":{"rendered":"<p style=\"text-align: justify;\"><span style=\"color: #000000;\">Nos \u00faltimos amistosos da Sele\u00e7\u00e3o Brasileira, o t\u00e9cnico Tite praticamente n\u00e3o fez experi\u00eancias na equipe com jogadores que ainda buscam vaga na R\u00fassia. Geromel, Rodrigo Caio, Taison, Willian Jos\u00e9, Fred e outros foram praticamente coadjuvantes em treinos apenas. A ideia do t\u00e9cnico era tentar tirar conclus\u00f5es de situa\u00e7\u00f5es pontuais do time principal e observou Fernandinho em meio-de-campo mais consistente com Casemiro e Paulinho e uma forma\u00e7\u00e3o mais ofensiva com Coutinho, Willian, Douglas Costa e Gabriel Jesus.<\/span><\/p>\n<p style=\"text-align: justify;\"><span style=\"color: #000000;\">Em entrevistas, o treinador ainda deixa a entender que a disputa por vagas no time titular est\u00e1 aberta e cita Ederson e Firmino como amea\u00e7as \u00e0s vagas de Alisson e Jesus. O goleiro titular e o atacante reserva vivem situa\u00e7\u00f5es opostas e momentos parecidos.<\/span><\/p><div class=\"newsi-conteudo_19\" id=\"newsi-380897231\"><a href=\"https:\/\/www.instagram.com\/prefeituraalagoinhas?igsh=YzgzdDJ1bWR3aWI4\" aria-label=\"SAVE_20251006_221555\"><img loading=\"lazy\" decoding=\"async\" src=\"https:\/\/newsinfoco.com.br\/inicio\/wp-content\/uploads\/2025\/10\/SAVE_20251006_221555-rotated.jpg\" alt=\"\"  srcset=\"https:\/\/newsinfoco.com.br\/inicio\/wp-content\/uploads\/2025\/10\/SAVE_20251006_221555-rotated.jpg 1140w, https:\/\/newsinfoco.com.br\/inicio\/wp-content\/uploads\/2025\/10\/SAVE_20251006_221555-300x52.jpg 300w, https:\/\/newsinfoco.com.br\/inicio\/wp-content\/uploads\/2025\/10\/SAVE_20251006_221555-1024x177.jpg 1024w, https:\/\/newsinfoco.com.br\/inicio\/wp-content\/uploads\/2025\/10\/SAVE_20251006_221555-768x133.jpg 768w, https:\/\/newsinfoco.com.br\/inicio\/wp-content\/uploads\/2025\/10\/SAVE_20251006_221555-600x104.jpg 600w, https:\/\/newsinfoco.com.br\/inicio\/wp-content\/uploads\/2025\/10\/SAVE_20251006_221555-696x120.jpg 696w, https:\/\/newsinfoco.com.br\/inicio\/wp-content\/uploads\/2025\/10\/SAVE_20251006_221555-1068x185.jpg 1068w\" sizes=\"(max-width: 1140px) 100vw, 1140px\" width=\"1140\" height=\"197\"   \/><\/a><\/div>\n<div class=\"related_content\" style=\"text-align: justify;\">\n<p>&nbsp;<\/p>\n<\/div>\n<p style=\"text-align: justify;\"><span style=\"color: #000000;\">A Roma chega \u00e0 semifinal da Liga dos Campe\u00f5es com uma espetacular virada sobre o Barcelona e tamb\u00e9m com os m\u00e9ritos de se classificar em primeiro lugar em um grupo que contava com Chelsea e Atl\u00e9tico de Madrid. No entanto, os italianos est\u00e3o longe de terem os melhores n\u00fameros ou destaques individuais do torneio.<\/span><\/p>\n<p style=\"text-align: justify;\"><span style=\"color: #000000;\">A Roma sofreu 12 gols e tem, ao lado do Real Madrid, a defesa mais vazada entre os semifinalistas. O detalhe \u00e9 que todos os gols foram sofridos fora de casa. S\u00e3o 41 gols em 45 jogos na temporada inteira. Se os n\u00fameros n\u00e3o s\u00e3o os melhores, o status de Alisson \u00e9.<\/span><\/p>\n<p style=\"text-align: justify;\"><span style=\"color: #000000;\">Respons\u00e1vel por salvar o time em v\u00e1rios momentos e garantir pontos importantes na Liga dos Campe\u00f5es ou no Campeonato Italiano, o goleiro fez surgirem especula\u00e7\u00f5es sobre seu destino no Real Madrid e no pr\u00f3prio Liverpool para a pr\u00f3xima temporada. Fala-se que uma transfer\u00eancia envolvendo o brasileiro poderia movimentar 70 milh\u00f5es de euros (R$ 168 milh\u00f5es na cota\u00e7\u00e3o atual), valor que seria o maior pago por um goleiro em toda a hist\u00f3ria.<\/span><\/p>\n<p style=\"text-align: justify;\"><span style=\"color: #000000;\">&#8211; Vou esperar o fim da Copa do Mundo para conversar sobre isso, em respeito \u00e0 Roma e aos meus companheiros &#8211; disse Alisson em entrevista recente ao Esporte Interativo.<\/span><\/p>\n<p style=\"text-align: justify;\"><span style=\"color: #000000;\">Para o presidente romanista, James Palotea, o goleiro seguir\u00e1 no clube por amor.<\/span><\/p>\n<p style=\"text-align: justify;\"><span style=\"color: #000000;\">&#8211; Ele est\u00e1 sob contrato. Eu o amo. Eu nunca quis vend\u00ea-lo.<\/span><\/p>\n<p style=\"text-align: justify;\"><span style=\"color: #000000;\">Vale lembrar que na It\u00e1lia n\u00e3o existe multa rescis\u00f3ria e o clube \u00e9 quem estipula o valor de um atleta. Por isso, a Roma pode dificultar ao m\u00e1ximo uma poss\u00edvel sa\u00edda.<\/span><\/p>\n<p style=\"text-align: justify;\"><span style=\"color: #000000;\"><strong>E Firmino?<\/strong><\/span><\/p>\n<div id=\"inner-ad-container\" class=\"\" style=\"text-align: justify;\"><span style=\"color: #000000;\">\u00a0<\/span><\/div>\n<div class=\"media_box full-dimensions460x305\" style=\"text-align: justify;\">\n<div class=\"edges\"><span style=\"color: #000000;\"><img decoding=\"async\" class=\"croppable\" title=\"Firmino tem um de seus melhores ano na carreira\" src=\"https:\/\/img.r7.com\/images\/roberto-firmino-liverpool-05042018104757606?dimensions=460x305&amp;&amp;amp;&amp;amp;&amp;amp;&amp;amp;&amp;amp;&amp;amp;&amp;amp;&amp;amp;resize=460x305&amp;amp;crop=329x218+16+8&amp;amp;&amp;amp;&amp;amp;&amp;amp;&amp;amp;&amp;amp;&amp;amp;&amp;amp;resize=460x305&amp;amp;crop=329x218+16+8\" alt=\"Firmino tem um de seus melhores ano na carreira\" \/><\/span><\/p>\n<div class=\"gallery_link\"><span style=\"color: #000000;\">\u00a0<\/span><\/div>\n<\/div>\n<div class=\"content_image\">\n<h4 class=\"legend_box  \"><span style=\"color: #000000;\">Firmino tem um de seus melhores ano na carreira<\/span><\/h4>\n<p><span class=\"credit_box \" style=\"color: #000000;\">Shaun Botterill\/Getty Images \u2013 4.4.2018<\/span><\/div>\n<\/div>\n<p style=\"text-align: justify;\"><span style=\"color: #000000;\">Alisson \u00e9 a seguran\u00e7a da Roma e pe\u00e7a intransfer\u00edvel da equipe, al\u00e9m de ser absoluto tamb\u00e9m na Sele\u00e7\u00e3o. Situa\u00e7\u00e3o contr\u00e1ria \u00e0 de Roberto Firmino.<\/span><\/p>\n<p style=\"text-align: justify;\"><span style=\"color: #000000;\">A temporada do camisa 9 do Liverpool tem os seus melhores n\u00fameros da carreira. S\u00e3o 25 gols marcados e 14 assist\u00eancias. No Hoffenheim, em 2013-14, Firmino havia marcado 22 vezes, n\u00famero j\u00e1 superado pela temporada em andamento. O t\u00e9cnico Jurgen Klopp admitiu que o brasileiro de 26 anos vive seu melhor momento.<\/span><\/p>\n<p style=\"text-align: justify;\"><span style=\"color: #000000;\">Na compara\u00e7\u00e3o direta com Gabriel Jesus, titular de Tite, Firmino leva vantagem. O atacante dos Reds jogou 3.657 minutos at\u00e9 aqui na temporada e precisa de 146 minutos em campo para fazer um gol e 261 minutos para conceder uma assist\u00eancia. Em m\u00e9dia, Firmino participa diretamente de um gol a cada 93 minutos pelo Liverpool.<\/span><\/p>\n<p style=\"text-align: justify;\"><span style=\"color: #000000;\">Jesus passou parte da temporada com uma les\u00e3o no joelho esquerdo e divide espa\u00e7o no ataque do Manchester City com Kun Aguero. Jogou 2.220 minutos, com 14 gols marcados e 5 assist\u00eancias. Um gol a cada 158 minutos e uma assist\u00eancia a cada 444. Jesus participa de um gol a cada 116 minutos que est\u00e1 em campo.<\/span><\/p>\n<p style=\"text-align: justify;\"><span style=\"color: #000000;\">A vantagem que Gabriel leva s\u00e3o seus n\u00fameros na pr\u00f3pria Sele\u00e7\u00e3o. com nove gols em 14 partidas, ele \u00e9 o artilheiro da \u201cEra Tite\u201d, enquanto Firmino s\u00f3 marcou uma vez em sete partidas (quatro como titular).<\/span><\/p>\n<p style=\"text-align: justify;\"><span style=\"color: #000000;\">Ap\u00f3s a convoca\u00e7\u00e3o final de Tite, Firmino ter\u00e1 os treinos para mostrar que merece a vaga de Gabriel Jesus. Antes disso, vencer o inquestion\u00e1vel goleiro da Sele\u00e7\u00e3o pode ser o passo \u00e0 frente do 9 dos Reds.<\/span><\/p>\n<p style=\"text-align: justify;\"><span style=\"color: #000000;\">Liverpool e Roma fazem a primeira partida da semifinal da Liga dos Campe\u00f5es nesta ter\u00e7a, \u00e0s 15h45 (hor\u00e1rio de Bras\u00edlia), no Anfield. A volta acontecer\u00e1 na semana seguinte, dia 2, quarta, em Roma, no mesmo hor\u00e1rio.<\/span><\/p>\n<p>&nbsp;<\/p>\n<p style=\"text-align: right;\"><span style=\"color: #999999;\">Fonte:R7<\/span><\/p>\n<div class='share-to-whatsapp-wrapper'><div class='share-on-whsp'>Share on: <\/div><a data-text='Alisson e Firmino se enfrentam na semifinal da Liga dos Campe\u00f5es' data-link='https:\/\/newsinfoco.com.br\/inicio\/alisson-e-firmino-se-enfrentam-na-semifinal-da-liga-dos-campeoes\/' class='whatsapp-button whatsapp-share'>WhatsApp<\/a><div class='clear '><\/div><\/div>","protected":false},"excerpt":{"rendered":"<p>Nos \u00faltimos amistosos da Sele\u00e7\u00e3o Brasileira, o t\u00e9cnico Tite praticamente n\u00e3o fez experi\u00eancias na equipe com jogadores que ainda buscam vaga na R\u00fassia. Geromel, Rodrigo Caio, Taison, Willian Jos\u00e9, Fred e outros foram praticamente coadjuvantes em treinos apenas. A ideia do t\u00e9cnico era tentar tirar conclus\u00f5es de situa\u00e7\u00f5es pontuais do time principal e observou Fernandinho [&hellip;]<\/p>\n","protected":false},"author":1,"featured_media":3002,"comment_status":"open","ping_status":"open","sticky":false,"template":"","format":"standard","meta":{"om_disable_all_campaigns":false,"_exactmetrics_skip_tracking":false,"_exactmetrics_sitenote_active":false,"_exactmetrics_sitenote_note":"","_exactmetrics_sitenote_category":0,"footnotes":""},"categories":[36],"tags":[],"class_list":["post-3001","post","type-post","status-publish","format-standard","has-post-thumbnail","hentry","category-esporte"],"aioseo_notices":[],"_links":{"self":[{"href":"https:\/\/newsinfoco.com.br\/inicio\/wp-json\/wp\/v2\/posts\/3001","targetHints":{"allow":["GET"]}}],"collection":[{"href":"https:\/\/newsinfoco.com.br\/inicio\/wp-json\/wp\/v2\/posts"}],"about":[{"href":"https:\/\/newsinfoco.com.br\/inicio\/wp-json\/wp\/v2\/types\/post"}],"author":[{"embeddable":true,"href":"https:\/\/newsinfoco.com.br\/inicio\/wp-json\/wp\/v2\/users\/1"}],"replies":[{"embeddable":true,"href":"https:\/\/newsinfoco.com.br\/inicio\/wp-json\/wp\/v2\/comments?post=3001"}],"version-history":[{"count":0,"href":"https:\/\/newsinfoco.com.br\/inicio\/wp-json\/wp\/v2\/posts\/3001\/revisions"}],"wp:featuredmedia":[{"embeddable":true,"href":"https:\/\/newsinfoco.com.br\/inicio\/wp-json\/wp\/v2\/media\/3002"}],"wp:attachment":[{"href":"https:\/\/newsinfoco.com.br\/inicio\/wp-json\/wp\/v2\/media?parent=3001"}],"wp:term":[{"taxonomy":"category","embeddable":true,"href":"https:\/\/newsinfoco.com.br\/inicio\/wp-json\/wp\/v2\/categories?post=3001"},{"taxonomy":"post_tag","embeddable":true,"href":"https:\/\/newsinfoco.com.br\/inicio\/wp-json\/wp\/v2\/tags?post=3001"}],"curies":[{"name":"wp","href":"https:\/\/api.w.org\/{rel}","templated":true}]}}