{"id":3004,"date":"2018-04-24T11:46:56","date_gmt":"2018-04-24T14:46:56","guid":{"rendered":"http:\/\/newsinfoco.com.br\/?p=3004"},"modified":"2018-04-24T11:46:56","modified_gmt":"2018-04-24T14:46:56","slug":"campanha-de-vacinacao-contra-a-gripe-e-iniciada-na-bahia","status":"publish","type":"post","link":"https:\/\/newsinfoco.com.br\/inicio\/campanha-de-vacinacao-contra-a-gripe-e-iniciada-na-bahia\/","title":{"rendered":"Campanha de vacina\u00e7\u00e3o contra a gripe \u00e9 iniciada na Bahia"},"content":{"rendered":"<p align=\"justify\"><span style=\"color: #000000;\">A Secretaria da Sa\u00fade do Estado (Sesab) deu in\u00edcio \u00e0 campanha de vacina\u00e7\u00e3o contra a gripe na segunda-feira (23), com o objetivo de reduzir as complica\u00e7\u00f5es, as interna\u00e7\u00f5es e a mortalidade decorrentes das infec\u00e7\u00f5es trazidas pelo v\u00edrus da influenza. A meta \u00e9 vacinar 90% do p\u00fablico-alvo, formado na Bahia por 3,6 milh\u00f5es de pessoas.<\/span><\/p>\n<p align=\"justify\"><span style=\"color: #000000;\">\u201cEssa \u00e9 uma doen\u00e7a sazonal, que tem aumento no n\u00famero de casos nas esta\u00e7\u00f5es mais frias. A preven\u00e7\u00e3o ocorre no m\u00eas de abril justamente para garantir a prote\u00e7\u00e3o no inverno, sobretudo da popula\u00e7\u00e3o de maior risco\u201d, explica o coordenador do Programa Estadual de Imuniza\u00e7\u00e3o, Ramon Saavedra.<\/span><\/p><div class=\"newsi-conteudo_19\" id=\"newsi-3527847569\"><a href=\"https:\/\/www.instagram.com\/prefeituraalagoinhas?igsh=YzgzdDJ1bWR3aWI4\" aria-label=\"SAVE_20251006_221555\"><img loading=\"lazy\" decoding=\"async\" src=\"https:\/\/newsinfoco.com.br\/inicio\/wp-content\/uploads\/2025\/10\/SAVE_20251006_221555-rotated.jpg\" alt=\"\"  srcset=\"https:\/\/newsinfoco.com.br\/inicio\/wp-content\/uploads\/2025\/10\/SAVE_20251006_221555-rotated.jpg 1140w, https:\/\/newsinfoco.com.br\/inicio\/wp-content\/uploads\/2025\/10\/SAVE_20251006_221555-300x52.jpg 300w, https:\/\/newsinfoco.com.br\/inicio\/wp-content\/uploads\/2025\/10\/SAVE_20251006_221555-1024x177.jpg 1024w, https:\/\/newsinfoco.com.br\/inicio\/wp-content\/uploads\/2025\/10\/SAVE_20251006_221555-768x133.jpg 768w, https:\/\/newsinfoco.com.br\/inicio\/wp-content\/uploads\/2025\/10\/SAVE_20251006_221555-600x104.jpg 600w, https:\/\/newsinfoco.com.br\/inicio\/wp-content\/uploads\/2025\/10\/SAVE_20251006_221555-696x120.jpg 696w, https:\/\/newsinfoco.com.br\/inicio\/wp-content\/uploads\/2025\/10\/SAVE_20251006_221555-1068x185.jpg 1068w\" sizes=\"(max-width: 1140px) 100vw, 1140px\" width=\"1140\" height=\"197\"   \/><\/a><\/div>\n<p align=\"justify\"><span style=\"color: #000000;\">Fazem parte dos grupos priorit\u00e1rios os indiv\u00edduos com 60 anos ou mais; crian\u00e7as de seis meses a menores de cinco anos; gestantes e pu\u00e9rperas (at\u00e9 45 anos dias ap\u00f3s o parto); trabalhadores da sa\u00fade; professores; povos ind\u00edgenas; portadores de doen\u00e7as cr\u00f4nicas n\u00e3o transmiss\u00edveis e outras condi\u00e7\u00f5es cl\u00ednicas; adolescentes e jovens de 12 a 21 anos de idade sob medidas socioeducativas; popula\u00e7\u00e3o privada de liberdade e funcion\u00e1rios do sistema prisional.<\/span><\/p>\n<p align=\"justify\"><span style=\"color: #000000;\">A campanha segue at\u00e9 1\u00ba de junho, tendo o dia 12 de maio como o Dia D de mobiliza\u00e7\u00e3o nacional. Em 2017, na Bahia, foram vacinadas 2,6 milh\u00f5es de pessoas, o que representou 84,60% da cobertura vacinal, considerando a estimativa populacional de 3 milh\u00f5es de pessoas. Dos 417 munic\u00edpios, apenas 172 alcan\u00e7aram a meta de vacinar 90%.<\/span><\/p>\n<p align=\"justify\">\n<h6 style=\"text-align: right;\" align=\"justify\"><span style=\"color: #999999;\">Fonte:Sesab<\/span><\/h6>\n<div class='share-to-whatsapp-wrapper'><div class='share-on-whsp'>Share on: <\/div><a data-text='Campanha de vacina\u00e7\u00e3o contra a gripe \u00e9 iniciada na Bahia' data-link='https:\/\/newsinfoco.com.br\/inicio\/campanha-de-vacinacao-contra-a-gripe-e-iniciada-na-bahia\/' class='whatsapp-button whatsapp-share'>WhatsApp<\/a><div class='clear '><\/div><\/div>","protected":false},"excerpt":{"rendered":"<p>A Secretaria da Sa\u00fade do Estado (Sesab) deu in\u00edcio \u00e0 campanha de vacina\u00e7\u00e3o contra a gripe na segunda-feira (23), com o objetivo de reduzir as complica\u00e7\u00f5es, as interna\u00e7\u00f5es e a mortalidade decorrentes das infec\u00e7\u00f5es trazidas pelo v\u00edrus da influenza. A meta \u00e9 vacinar 90% do p\u00fablico-alvo, formado na Bahia por 3,6 milh\u00f5es de pessoas. \u201cEssa [&hellip;]<\/p>\n","protected":false},"author":1,"featured_media":3005,"comment_status":"open","ping_status":"open","sticky":false,"template":"","format":"standard","meta":{"om_disable_all_campaigns":false,"_exactmetrics_skip_tracking":false,"_exactmetrics_sitenote_active":false,"_exactmetrics_sitenote_note":"","_exactmetrics_sitenote_category":0,"footnotes":""},"categories":[19],"tags":[],"class_list":["post-3004","post","type-post","status-publish","format-standard","has-post-thumbnail","hentry","category-bahia"],"aioseo_notices":[],"_links":{"self":[{"href":"https:\/\/newsinfoco.com.br\/inicio\/wp-json\/wp\/v2\/posts\/3004","targetHints":{"allow":["GET"]}}],"collection":[{"href":"https:\/\/newsinfoco.com.br\/inicio\/wp-json\/wp\/v2\/posts"}],"about":[{"href":"https:\/\/newsinfoco.com.br\/inicio\/wp-json\/wp\/v2\/types\/post"}],"author":[{"embeddable":true,"href":"https:\/\/newsinfoco.com.br\/inicio\/wp-json\/wp\/v2\/users\/1"}],"replies":[{"embeddable":true,"href":"https:\/\/newsinfoco.com.br\/inicio\/wp-json\/wp\/v2\/comments?post=3004"}],"version-history":[{"count":0,"href":"https:\/\/newsinfoco.com.br\/inicio\/wp-json\/wp\/v2\/posts\/3004\/revisions"}],"wp:featuredmedia":[{"embeddable":true,"href":"https:\/\/newsinfoco.com.br\/inicio\/wp-json\/wp\/v2\/media\/3005"}],"wp:attachment":[{"href":"https:\/\/newsinfoco.com.br\/inicio\/wp-json\/wp\/v2\/media?parent=3004"}],"wp:term":[{"taxonomy":"category","embeddable":true,"href":"https:\/\/newsinfoco.com.br\/inicio\/wp-json\/wp\/v2\/categories?post=3004"},{"taxonomy":"post_tag","embeddable":true,"href":"https:\/\/newsinfoco.com.br\/inicio\/wp-json\/wp\/v2\/tags?post=3004"}],"curies":[{"name":"wp","href":"https:\/\/api.w.org\/{rel}","templated":true}]}}