{"id":3011,"date":"2018-04-24T11:55:40","date_gmt":"2018-04-24T14:55:40","guid":{"rendered":"http:\/\/newsinfoco.com.br\/?p=3011"},"modified":"2018-04-24T11:55:40","modified_gmt":"2018-04-24T14:55:40","slug":"seminario-reune-centenas-de-agentes-comunitarios-de-saude-em-esplanada","status":"publish","type":"post","link":"https:\/\/newsinfoco.com.br\/inicio\/seminario-reune-centenas-de-agentes-comunitarios-de-saude-em-esplanada\/","title":{"rendered":"Semin\u00e1rio re\u00fane centenas de agentes comunit\u00e1rios de sa\u00fade em Esplanada"},"content":{"rendered":"<p style=\"text-align: justify;\"><span style=\"color: #000000;\">Em meio as elei\u00e7\u00f5es que estavam em andamento no Sindserme de Esplanada, um outro evento movimentava uma categoria de servidores municipais no audit\u00f3rio do col\u00e9gio A.C.M.<\/span><\/p>\n<p style=\"text-align: justify;\"><span style=\"color: #000000;\">O evento aconteceu na \u00faltima sexta-feira (20) e reuniu centenas de agentes comunit\u00e1rios de sa\u00fade que assistiram palestras e receberam informa\u00e7\u00f5es importantes sobre a atividade destes profissionais no Brasil.<\/span><\/p><div class=\"newsi-conteudo_19\" id=\"newsi-3601190696\"><a href=\"https:\/\/www.instagram.com\/prefeituraalagoinhas?igsh=YzgzdDJ1bWR3aWI4\" aria-label=\"SAVE_20251006_221555\"><img loading=\"lazy\" decoding=\"async\" src=\"https:\/\/newsinfoco.com.br\/inicio\/wp-content\/uploads\/2025\/10\/SAVE_20251006_221555-rotated.jpg\" alt=\"\"  srcset=\"https:\/\/newsinfoco.com.br\/inicio\/wp-content\/uploads\/2025\/10\/SAVE_20251006_221555-rotated.jpg 1140w, https:\/\/newsinfoco.com.br\/inicio\/wp-content\/uploads\/2025\/10\/SAVE_20251006_221555-300x52.jpg 300w, https:\/\/newsinfoco.com.br\/inicio\/wp-content\/uploads\/2025\/10\/SAVE_20251006_221555-1024x177.jpg 1024w, https:\/\/newsinfoco.com.br\/inicio\/wp-content\/uploads\/2025\/10\/SAVE_20251006_221555-768x133.jpg 768w, https:\/\/newsinfoco.com.br\/inicio\/wp-content\/uploads\/2025\/10\/SAVE_20251006_221555-600x104.jpg 600w, https:\/\/newsinfoco.com.br\/inicio\/wp-content\/uploads\/2025\/10\/SAVE_20251006_221555-696x120.jpg 696w, https:\/\/newsinfoco.com.br\/inicio\/wp-content\/uploads\/2025\/10\/SAVE_20251006_221555-1068x185.jpg 1068w\" sizes=\"(max-width: 1140px) 100vw, 1140px\" width=\"1140\" height=\"197\"   \/><\/a><\/div>\n<p style=\"text-align: justify;\"><span style=\"color: #000000;\">O 12\u00b0 Semin\u00e1rio regional dos ACS e ACE da 3\u00b0 Dires foi promovido pelos agentes de Esplanada e contou com o apoio da Prefeitura Municipal de Esplanada, Deputado Estadual Alex lima, Z\u00e9 Neto e o Sindserm.<\/span><\/p>\n<p style=\"text-align: justify;\"><span style=\"color: #000000;\">Segundo a organiza\u00e7\u00e3o a reuni\u00e3o contou com mais de 300 participantes, divididos em 32 cidades.\u00a0<\/span><\/p>\n<p style=\"text-align: justify;\"><span style=\"color: #000000;\">A mesa contou com a presen\u00e7a do Secret\u00e1rio de Administra\u00e7\u00e3o e interino de Sa\u00fade Diolando Batista, representando o Prefeito Francisco da Cruz, o ex-prefeito Rodrigo de Castro Lima, representando o Deputado Estadual Alex Lima, Presidente Nacional da CONACS Ilda Angelica, Dra Elaine, assessora jur\u00eddica Maria Camar\u00e3o, Diretora da escola de enfermagem Jorge Novis, representantes das secretarias municipais de sa\u00fade e coordenadoras da aten\u00e7\u00e3o b\u00e1sica.<\/span><\/p>\n<p>&nbsp;<\/p>\n<p style=\"text-align: right;\"><span style=\"color: #999999;\">Fonte:Esplanadanews<\/span><\/p>\n<div class='share-to-whatsapp-wrapper'><div class='share-on-whsp'>Share on: <\/div><a data-text='Semin\u00e1rio re\u00fane centenas de agentes comunit\u00e1rios de sa\u00fade em Esplanada' data-link='https:\/\/newsinfoco.com.br\/inicio\/seminario-reune-centenas-de-agentes-comunitarios-de-saude-em-esplanada\/' class='whatsapp-button whatsapp-share'>WhatsApp<\/a><div class='clear '><\/div><\/div>","protected":false},"excerpt":{"rendered":"<p>Em meio as elei\u00e7\u00f5es que estavam em andamento no Sindserme de Esplanada, um outro evento movimentava uma categoria de servidores municipais no audit\u00f3rio do col\u00e9gio A.C.M. O evento aconteceu na \u00faltima sexta-feira (20) e reuniu centenas de agentes comunit\u00e1rios de sa\u00fade que assistiram palestras e receberam informa\u00e7\u00f5es importantes sobre a atividade destes profissionais no Brasil. [&hellip;]<\/p>\n","protected":false},"author":1,"featured_media":3012,"comment_status":"open","ping_status":"open","sticky":false,"template":"","format":"standard","meta":{"om_disable_all_campaigns":false,"_exactmetrics_skip_tracking":false,"_exactmetrics_sitenote_active":false,"_exactmetrics_sitenote_note":"","_exactmetrics_sitenote_category":0,"footnotes":""},"categories":[38],"tags":[],"class_list":["post-3011","post","type-post","status-publish","format-standard","has-post-thumbnail","hentry","category-alagoinhas-e-regiao"],"aioseo_notices":[],"_links":{"self":[{"href":"https:\/\/newsinfoco.com.br\/inicio\/wp-json\/wp\/v2\/posts\/3011","targetHints":{"allow":["GET"]}}],"collection":[{"href":"https:\/\/newsinfoco.com.br\/inicio\/wp-json\/wp\/v2\/posts"}],"about":[{"href":"https:\/\/newsinfoco.com.br\/inicio\/wp-json\/wp\/v2\/types\/post"}],"author":[{"embeddable":true,"href":"https:\/\/newsinfoco.com.br\/inicio\/wp-json\/wp\/v2\/users\/1"}],"replies":[{"embeddable":true,"href":"https:\/\/newsinfoco.com.br\/inicio\/wp-json\/wp\/v2\/comments?post=3011"}],"version-history":[{"count":0,"href":"https:\/\/newsinfoco.com.br\/inicio\/wp-json\/wp\/v2\/posts\/3011\/revisions"}],"wp:featuredmedia":[{"embeddable":true,"href":"https:\/\/newsinfoco.com.br\/inicio\/wp-json\/wp\/v2\/media\/3012"}],"wp:attachment":[{"href":"https:\/\/newsinfoco.com.br\/inicio\/wp-json\/wp\/v2\/media?parent=3011"}],"wp:term":[{"taxonomy":"category","embeddable":true,"href":"https:\/\/newsinfoco.com.br\/inicio\/wp-json\/wp\/v2\/categories?post=3011"},{"taxonomy":"post_tag","embeddable":true,"href":"https:\/\/newsinfoco.com.br\/inicio\/wp-json\/wp\/v2\/tags?post=3011"}],"curies":[{"name":"wp","href":"https:\/\/api.w.org\/{rel}","templated":true}]}}