{"id":30187,"date":"2022-05-24T10:12:19","date_gmt":"2022-05-24T13:12:19","guid":{"rendered":"https:\/\/newsinfoco.com.br\/inicio\/?p=30187"},"modified":"2022-05-24T10:12:19","modified_gmt":"2022-05-24T13:12:19","slug":"moro-vira-reu-em-acao-do-pt-que-pede-condenacao-por-prejuizos-ao-pais","status":"publish","type":"post","link":"https:\/\/newsinfoco.com.br\/inicio\/moro-vira-reu-em-acao-do-pt-que-pede-condenacao-por-prejuizos-ao-pais\/","title":{"rendered":"Moro vira r\u00e9u em a\u00e7\u00e3o do PT que pede condena\u00e7\u00e3o por preju\u00edzos ao pa\u00eds"},"content":{"rendered":"<p>O ex-juiz Sergio Moro (UB) virou r\u00e9u em uma a\u00e7\u00e3o popular movida por deputados federais do PT. Os parlamentares pedem que ele seja condenado a ressarcir os cofres p\u00fablicos por preju\u00edzos causados \u00e0 Petrobras e \u00e0 economia brasileira por sua atua\u00e7\u00e3o \u00e0 frente da Opera\u00e7\u00e3o Lava Jato.<ins class=\"adsbygoogle\" data-ad-format=\"fluid\" data-ad-layout-key=\"-87+et-w-1e+64\" data-ad-client=\"ca-pub-2345950003494206\" data-ad-slot=\"3650143156\" data-adsbygoogle-status=\"done\" data-ad-status=\"filled\"><ins id=\"aswift_1_expand\" tabindex=\"0\" title=\"Advertisement\" aria-label=\"Advertisement\"><ins id=\"aswift_1_anchor\"><\/ins><\/ins><\/ins><\/p>\n<p>A a\u00e7\u00e3o \u00e9 de autoria dos deputados Rui Falc\u00e3o, Erika Kokay, Natalia Bonavides, Jos\u00e9 Guimar\u00e3es e Paulo Pimenta. Segundo o grupo, Moro teve \u201ccondutas profundamente alheias aos ditames impon\u00edveis \u00e0 atividade judicial\u201d.<\/p>\n<p>Os parlamentares alegam ainda que houve desvios de finalidade, excessos e abusos cometidos pela Lava Jato que \u201cresultaram em perdas e danos muito superiores ao interesse p\u00fablico\u201d, o que teria produzido \u201cum cen\u00e1rio de desarranjo econ\u00f4mico de alt\u00edssimo custo social em nosso pa\u00eds\u201d.<\/p>\n<p>Em nota, Moro afirma que \u201co governo do PT foi manchado pelos maiores esc\u00e2ndalos de corrup\u00e7\u00e3o da hist\u00f3ria\u201d. \u201cA gest\u00e3o desastrosa do PT quase quebrou a Petrobras e o pa\u00eds. O que prejudicou a economia e eliminou empregos foi a corrup\u00e7\u00e3o, e n\u00e3o o combate a ela\u201d, acrescentou.<\/p>\n<p>&nbsp;<\/p>\n<div class='share-to-whatsapp-wrapper'><div class='share-on-whsp'>Share on: <\/div><a data-text='Moro vira r\u00e9u em a\u00e7\u00e3o do PT que pede condena\u00e7\u00e3o por preju\u00edzos ao pa\u00eds' data-link='https:\/\/newsinfoco.com.br\/inicio\/moro-vira-reu-em-acao-do-pt-que-pede-condenacao-por-prejuizos-ao-pais\/' class='whatsapp-button whatsapp-share'>WhatsApp<\/a><div class='clear '><\/div><\/div>","protected":false},"excerpt":{"rendered":"<p>O ex-juiz Sergio Moro (UB) virou r\u00e9u em uma a\u00e7\u00e3o popular movida por deputados federais do PT. Os parlamentares pedem que ele seja condenado a ressarcir os cofres p\u00fablicos por preju\u00edzos causados \u00e0 Petrobras e \u00e0 economia brasileira por sua atua\u00e7\u00e3o \u00e0 frente da Opera\u00e7\u00e3o Lava Jato. A a\u00e7\u00e3o \u00e9 de autoria dos deputados Rui [&hellip;]<\/p>\n","protected":false},"author":1,"featured_media":5282,"comment_status":"closed","ping_status":"closed","sticky":false,"template":"","format":"standard","meta":{"om_disable_all_campaigns":false,"rop_custom_images_group":[],"rop_custom_messages_group":[],"rop_publish_now":"initial","rop_publish_now_accounts":[],"rop_publish_now_history":[],"rop_publish_now_status":"pending","_exactmetrics_skip_tracking":false,"footnotes":""},"categories":[21],"tags":[],"class_list":["post-30187","post","type-post","status-publish","format-standard","has-post-thumbnail","hentry","category-brasil"],"aioseo_notices":[],"aioseo_head":"\n\t\t<!-- All in One SEO 4.9.10 - aioseo.com -->\n\t<meta name=\"description\" content=\"O ex-juiz Sergio Moro (UB) virou r\u00e9u em uma a\u00e7\u00e3o popular movida por deputados federais do PT. Os parlamentares pedem que ele seja condenado a ressarcir os cofres p\u00fablicos por preju\u00edzos causados \u00e0 Petrobras e \u00e0 economia brasileira por sua atua\u00e7\u00e3o \u00e0 frente da Opera\u00e7\u00e3o Lava Jato. A a\u00e7\u00e3o \u00e9 de autoria dos deputados Rui\" \/>\n\t<meta name=\"robots\" content=\"max-image-preview:large\" \/>\n\t<meta name=\"author\" content=\"administrador\"\/>\n\t<link rel=\"canonical\" href=\"https:\/\/newsinfoco.com.br\/inicio\/moro-vira-reu-em-acao-do-pt-que-pede-condenacao-por-prejuizos-ao-pais\/\" \/>\n\t<meta name=\"generator\" content=\"All in One SEO (AIOSEO) 4.9.10\" \/>\n\t\t<meta property=\"og:locale\" content=\"pt_BR\" \/>\n\t\t<meta property=\"og:site_name\" content=\"News In Foco - Editado por Caio Pimenta - O principal site de noticias de Alagoinhas e regi\u00e3o\" \/>\n\t\t<meta property=\"og:type\" content=\"article\" \/>\n\t\t<meta property=\"og:title\" content=\"Moro vira r\u00e9u em a\u00e7\u00e3o do PT que pede condena\u00e7\u00e3o por preju\u00edzos ao pa\u00eds - News In Foco - Editado por Caio Pimenta\" \/>\n\t\t<meta property=\"og:description\" content=\"O ex-juiz Sergio Moro (UB) virou r\u00e9u em uma a\u00e7\u00e3o popular movida por deputados federais do PT. Os parlamentares pedem que ele seja condenado a ressarcir os cofres p\u00fablicos por preju\u00edzos causados \u00e0 Petrobras e \u00e0 economia brasileira por sua atua\u00e7\u00e3o \u00e0 frente da Opera\u00e7\u00e3o Lava Jato. A a\u00e7\u00e3o \u00e9 de autoria dos deputados Rui\" \/>\n\t\t<meta property=\"og:url\" content=\"https:\/\/newsinfoco.com.br\/inicio\/moro-vira-reu-em-acao-do-pt-que-pede-condenacao-por-prejuizos-ao-pais\/\" \/>\n\t\t<meta property=\"article:published_time\" content=\"2022-05-24T13:12:19+00:00\" \/>\n\t\t<meta property=\"article:modified_time\" content=\"2022-05-24T13:12:19+00:00\" \/>\n\t\t<meta name=\"twitter:card\" content=\"summary_large_image\" \/>\n\t\t<meta name=\"twitter:title\" content=\"Moro vira r\u00e9u em a\u00e7\u00e3o do PT que pede condena\u00e7\u00e3o por preju\u00edzos ao pa\u00eds - News In Foco - Editado por Caio Pimenta\" \/>\n\t\t<meta name=\"twitter:description\" content=\"O ex-juiz Sergio Moro (UB) virou r\u00e9u em uma a\u00e7\u00e3o popular movida por deputados federais do PT. Os parlamentares pedem que ele seja condenado a ressarcir os cofres p\u00fablicos por preju\u00edzos causados \u00e0 Petrobras e \u00e0 economia brasileira por sua atua\u00e7\u00e3o \u00e0 frente da Opera\u00e7\u00e3o Lava Jato. A a\u00e7\u00e3o \u00e9 de autoria dos deputados Rui\" \/>\n\t\t<script type=\"application\/ld+json\" class=\"aioseo-schema\">\n\t\t\t{\"@context\":\"https:\\\/\\\/schema.org\",\"@graph\":[{\"@type\":\"BlogPosting\",\"@id\":\"https:\\\/\\\/newsinfoco.com.br\\\/inicio\\\/moro-vira-reu-em-acao-do-pt-que-pede-condenacao-por-prejuizos-ao-pais\\\/#blogposting\",\"name\":\"Moro vira r\\u00e9u em a\\u00e7\\u00e3o do PT que pede condena\\u00e7\\u00e3o por preju\\u00edzos ao pa\\u00eds - News In Foco - Editado por Caio Pimenta\",\"headline\":\"Moro vira r\\u00e9u em a\\u00e7\\u00e3o do PT que pede condena\\u00e7\\u00e3o por preju\\u00edzos ao pa\\u00eds\",\"author\":{\"@id\":\"https:\\\/\\\/newsinfoco.com.br\\\/inicio\\\/author\\\/administrador\\\/#author\"},\"publisher\":{\"@id\":\"https:\\\/\\\/newsinfoco.com.br\\\/inicio\\\/#organization\"},\"image\":{\"@type\":\"ImageObject\",\"url\":\"https:\\\/\\\/newsinfoco.com.br\\\/inicio\\\/wp-content\\\/uploads\\\/2018\\\/06\\\/750_lava-jato-lula-odebrecht-moro-toffoli_201861516161125.jpg\",\"width\":750,\"height\":500},\"datePublished\":\"2022-05-24T10:12:19-03:00\",\"dateModified\":\"2022-05-24T10:12:19-03:00\",\"inLanguage\":\"pt-BR\",\"mainEntityOfPage\":{\"@id\":\"https:\\\/\\\/newsinfoco.com.br\\\/inicio\\\/moro-vira-reu-em-acao-do-pt-que-pede-condenacao-por-prejuizos-ao-pais\\\/#webpage\"},\"isPartOf\":{\"@id\":\"https:\\\/\\\/newsinfoco.com.br\\\/inicio\\\/moro-vira-reu-em-acao-do-pt-que-pede-condenacao-por-prejuizos-ao-pais\\\/#webpage\"},\"articleSection\":\"Brasil\"},{\"@type\":\"BreadcrumbList\",\"@id\":\"https:\\\/\\\/newsinfoco.com.br\\\/inicio\\\/moro-vira-reu-em-acao-do-pt-que-pede-condenacao-por-prejuizos-ao-pais\\\/#breadcrumblist\",\"itemListElement\":[{\"@type\":\"ListItem\",\"@id\":\"https:\\\/\\\/newsinfoco.com.br\\\/inicio#listItem\",\"position\":1,\"name\":\"In\\u00edcio\",\"item\":\"https:\\\/\\\/newsinfoco.com.br\\\/inicio\",\"nextItem\":{\"@type\":\"ListItem\",\"@id\":\"https:\\\/\\\/newsinfoco.com.br\\\/inicio\\\/category\\\/brasil\\\/#listItem\",\"name\":\"Brasil\"}},{\"@type\":\"ListItem\",\"@id\":\"https:\\\/\\\/newsinfoco.com.br\\\/inicio\\\/category\\\/brasil\\\/#listItem\",\"position\":2,\"name\":\"Brasil\",\"item\":\"https:\\\/\\\/newsinfoco.com.br\\\/inicio\\\/category\\\/brasil\\\/\",\"nextItem\":{\"@type\":\"ListItem\",\"@id\":\"https:\\\/\\\/newsinfoco.com.br\\\/inicio\\\/moro-vira-reu-em-acao-do-pt-que-pede-condenacao-por-prejuizos-ao-pais\\\/#listItem\",\"name\":\"Moro vira r\\u00e9u em a\\u00e7\\u00e3o do PT que pede condena\\u00e7\\u00e3o por preju\\u00edzos ao pa\\u00eds\"},\"previousItem\":{\"@type\":\"ListItem\",\"@id\":\"https:\\\/\\\/newsinfoco.com.br\\\/inicio#listItem\",\"name\":\"In\\u00edcio\"}},{\"@type\":\"ListItem\",\"@id\":\"https:\\\/\\\/newsinfoco.com.br\\\/inicio\\\/moro-vira-reu-em-acao-do-pt-que-pede-condenacao-por-prejuizos-ao-pais\\\/#listItem\",\"position\":3,\"name\":\"Moro vira r\\u00e9u em a\\u00e7\\u00e3o do PT que pede condena\\u00e7\\u00e3o por preju\\u00edzos ao pa\\u00eds\",\"previousItem\":{\"@type\":\"ListItem\",\"@id\":\"https:\\\/\\\/newsinfoco.com.br\\\/inicio\\\/category\\\/brasil\\\/#listItem\",\"name\":\"Brasil\"}}]},{\"@type\":\"Organization\",\"@id\":\"https:\\\/\\\/newsinfoco.com.br\\\/inicio\\\/#organization\",\"name\":\"News In Foco - Editado por Caio Pimenta\",\"description\":\"O principal site de noticias de Alagoinhas e regi\\u00e3o\",\"url\":\"https:\\\/\\\/newsinfoco.com.br\\\/inicio\\\/\"},{\"@type\":\"Person\",\"@id\":\"https:\\\/\\\/newsinfoco.com.br\\\/inicio\\\/author\\\/administrador\\\/#author\",\"url\":\"https:\\\/\\\/newsinfoco.com.br\\\/inicio\\\/author\\\/administrador\\\/\",\"name\":\"administrador\",\"image\":{\"@type\":\"ImageObject\",\"@id\":\"https:\\\/\\\/newsinfoco.com.br\\\/inicio\\\/moro-vira-reu-em-acao-do-pt-que-pede-condenacao-por-prejuizos-ao-pais\\\/#authorImage\",\"url\":\"https:\\\/\\\/secure.gravatar.com\\\/avatar\\\/c17a617433de8c1dc9584bb79aab7563b46f5bb7e1728c9b17d9cc3ce6a08e49?s=96&d=mm&r=g\",\"width\":96,\"height\":96,\"caption\":\"administrador\"}},{\"@type\":\"WebPage\",\"@id\":\"https:\\\/\\\/newsinfoco.com.br\\\/inicio\\\/moro-vira-reu-em-acao-do-pt-que-pede-condenacao-por-prejuizos-ao-pais\\\/#webpage\",\"url\":\"https:\\\/\\\/newsinfoco.com.br\\\/inicio\\\/moro-vira-reu-em-acao-do-pt-que-pede-condenacao-por-prejuizos-ao-pais\\\/\",\"name\":\"Moro vira r\\u00e9u em a\\u00e7\\u00e3o do PT que pede condena\\u00e7\\u00e3o por preju\\u00edzos ao pa\\u00eds - News In Foco - Editado por Caio Pimenta\",\"description\":\"O ex-juiz Sergio Moro (UB) virou r\\u00e9u em uma a\\u00e7\\u00e3o popular movida por deputados federais do PT. Os parlamentares pedem que ele seja condenado a ressarcir os cofres p\\u00fablicos por preju\\u00edzos causados \\u00e0 Petrobras e \\u00e0 economia brasileira por sua atua\\u00e7\\u00e3o \\u00e0 frente da Opera\\u00e7\\u00e3o Lava Jato. A a\\u00e7\\u00e3o \\u00e9 de autoria dos deputados Rui\",\"inLanguage\":\"pt-BR\",\"isPartOf\":{\"@id\":\"https:\\\/\\\/newsinfoco.com.br\\\/inicio\\\/#website\"},\"breadcrumb\":{\"@id\":\"https:\\\/\\\/newsinfoco.com.br\\\/inicio\\\/moro-vira-reu-em-acao-do-pt-que-pede-condenacao-por-prejuizos-ao-pais\\\/#breadcrumblist\"},\"author\":{\"@id\":\"https:\\\/\\\/newsinfoco.com.br\\\/inicio\\\/author\\\/administrador\\\/#author\"},\"creator\":{\"@id\":\"https:\\\/\\\/newsinfoco.com.br\\\/inicio\\\/author\\\/administrador\\\/#author\"},\"image\":{\"@type\":\"ImageObject\",\"url\":\"https:\\\/\\\/newsinfoco.com.br\\\/inicio\\\/wp-content\\\/uploads\\\/2018\\\/06\\\/750_lava-jato-lula-odebrecht-moro-toffoli_201861516161125.jpg\",\"@id\":\"https:\\\/\\\/newsinfoco.com.br\\\/inicio\\\/moro-vira-reu-em-acao-do-pt-que-pede-condenacao-por-prejuizos-ao-pais\\\/#mainImage\",\"width\":750,\"height\":500},\"primaryImageOfPage\":{\"@id\":\"https:\\\/\\\/newsinfoco.com.br\\\/inicio\\\/moro-vira-reu-em-acao-do-pt-que-pede-condenacao-por-prejuizos-ao-pais\\\/#mainImage\"},\"datePublished\":\"2022-05-24T10:12:19-03:00\",\"dateModified\":\"2022-05-24T10:12:19-03:00\"},{\"@type\":\"WebSite\",\"@id\":\"https:\\\/\\\/newsinfoco.com.br\\\/inicio\\\/#website\",\"url\":\"https:\\\/\\\/newsinfoco.com.br\\\/inicio\\\/\",\"name\":\"News In Foco - Editado por Caio Pimenta\",\"description\":\"O principal site de noticias de Alagoinhas e regi\\u00e3o\",\"inLanguage\":\"pt-BR\",\"publisher\":{\"@id\":\"https:\\\/\\\/newsinfoco.com.br\\\/inicio\\\/#organization\"}}]}\n\t\t<\/script>\n\t\t<!-- All in One SEO -->\n\n","aioseo_head_json":{"title":"Moro vira r\u00e9u em a\u00e7\u00e3o do PT que pede condena\u00e7\u00e3o por preju\u00edzos ao pa\u00eds - News In Foco - Editado por Caio Pimenta","description":"O ex-juiz Sergio Moro (UB) virou r\u00e9u em uma a\u00e7\u00e3o popular movida por deputados federais do PT. Os parlamentares pedem que ele seja condenado a ressarcir os cofres p\u00fablicos por preju\u00edzos causados \u00e0 Petrobras e \u00e0 economia brasileira por sua atua\u00e7\u00e3o \u00e0 frente da Opera\u00e7\u00e3o Lava Jato. A a\u00e7\u00e3o \u00e9 de autoria dos deputados Rui","canonical_url":"https:\/\/newsinfoco.com.br\/inicio\/moro-vira-reu-em-acao-do-pt-que-pede-condenacao-por-prejuizos-ao-pais\/","robots":"max-image-preview:large","keywords":"","webmasterTools":{"miscellaneous":""},"schema":{"@context":"https:\/\/schema.org","@graph":[{"@type":"BlogPosting","@id":"https:\/\/newsinfoco.com.br\/inicio\/moro-vira-reu-em-acao-do-pt-que-pede-condenacao-por-prejuizos-ao-pais\/#blogposting","name":"Moro vira r\u00e9u em a\u00e7\u00e3o do PT que pede condena\u00e7\u00e3o por preju\u00edzos ao pa\u00eds - News In Foco - Editado por Caio Pimenta","headline":"Moro vira r\u00e9u em a\u00e7\u00e3o do PT que pede condena\u00e7\u00e3o por preju\u00edzos ao pa\u00eds","author":{"@id":"https:\/\/newsinfoco.com.br\/inicio\/author\/administrador\/#author"},"publisher":{"@id":"https:\/\/newsinfoco.com.br\/inicio\/#organization"},"image":{"@type":"ImageObject","url":"https:\/\/newsinfoco.com.br\/inicio\/wp-content\/uploads\/2018\/06\/750_lava-jato-lula-odebrecht-moro-toffoli_201861516161125.jpg","width":750,"height":500},"datePublished":"2022-05-24T10:12:19-03:00","dateModified":"2022-05-24T10:12:19-03:00","inLanguage":"pt-BR","mainEntityOfPage":{"@id":"https:\/\/newsinfoco.com.br\/inicio\/moro-vira-reu-em-acao-do-pt-que-pede-condenacao-por-prejuizos-ao-pais\/#webpage"},"isPartOf":{"@id":"https:\/\/newsinfoco.com.br\/inicio\/moro-vira-reu-em-acao-do-pt-que-pede-condenacao-por-prejuizos-ao-pais\/#webpage"},"articleSection":"Brasil"},{"@type":"BreadcrumbList","@id":"https:\/\/newsinfoco.com.br\/inicio\/moro-vira-reu-em-acao-do-pt-que-pede-condenacao-por-prejuizos-ao-pais\/#breadcrumblist","itemListElement":[{"@type":"ListItem","@id":"https:\/\/newsinfoco.com.br\/inicio#listItem","position":1,"name":"In\u00edcio","item":"https:\/\/newsinfoco.com.br\/inicio","nextItem":{"@type":"ListItem","@id":"https:\/\/newsinfoco.com.br\/inicio\/category\/brasil\/#listItem","name":"Brasil"}},{"@type":"ListItem","@id":"https:\/\/newsinfoco.com.br\/inicio\/category\/brasil\/#listItem","position":2,"name":"Brasil","item":"https:\/\/newsinfoco.com.br\/inicio\/category\/brasil\/","nextItem":{"@type":"ListItem","@id":"https:\/\/newsinfoco.com.br\/inicio\/moro-vira-reu-em-acao-do-pt-que-pede-condenacao-por-prejuizos-ao-pais\/#listItem","name":"Moro vira r\u00e9u em a\u00e7\u00e3o do PT que pede condena\u00e7\u00e3o por preju\u00edzos ao pa\u00eds"},"previousItem":{"@type":"ListItem","@id":"https:\/\/newsinfoco.com.br\/inicio#listItem","name":"In\u00edcio"}},{"@type":"ListItem","@id":"https:\/\/newsinfoco.com.br\/inicio\/moro-vira-reu-em-acao-do-pt-que-pede-condenacao-por-prejuizos-ao-pais\/#listItem","position":3,"name":"Moro vira r\u00e9u em a\u00e7\u00e3o do PT que pede condena\u00e7\u00e3o por preju\u00edzos ao pa\u00eds","previousItem":{"@type":"ListItem","@id":"https:\/\/newsinfoco.com.br\/inicio\/category\/brasil\/#listItem","name":"Brasil"}}]},{"@type":"Organization","@id":"https:\/\/newsinfoco.com.br\/inicio\/#organization","name":"News In Foco - Editado por Caio Pimenta","description":"O principal site de noticias de Alagoinhas e regi\u00e3o","url":"https:\/\/newsinfoco.com.br\/inicio\/"},{"@type":"Person","@id":"https:\/\/newsinfoco.com.br\/inicio\/author\/administrador\/#author","url":"https:\/\/newsinfoco.com.br\/inicio\/author\/administrador\/","name":"administrador","image":{"@type":"ImageObject","@id":"https:\/\/newsinfoco.com.br\/inicio\/moro-vira-reu-em-acao-do-pt-que-pede-condenacao-por-prejuizos-ao-pais\/#authorImage","url":"https:\/\/secure.gravatar.com\/avatar\/c17a617433de8c1dc9584bb79aab7563b46f5bb7e1728c9b17d9cc3ce6a08e49?s=96&d=mm&r=g","width":96,"height":96,"caption":"administrador"}},{"@type":"WebPage","@id":"https:\/\/newsinfoco.com.br\/inicio\/moro-vira-reu-em-acao-do-pt-que-pede-condenacao-por-prejuizos-ao-pais\/#webpage","url":"https:\/\/newsinfoco.com.br\/inicio\/moro-vira-reu-em-acao-do-pt-que-pede-condenacao-por-prejuizos-ao-pais\/","name":"Moro vira r\u00e9u em a\u00e7\u00e3o do PT que pede condena\u00e7\u00e3o por preju\u00edzos ao pa\u00eds - News In Foco - Editado por Caio Pimenta","description":"O ex-juiz Sergio Moro (UB) virou r\u00e9u em uma a\u00e7\u00e3o popular movida por deputados federais do PT. Os parlamentares pedem que ele seja condenado a ressarcir os cofres p\u00fablicos por preju\u00edzos causados \u00e0 Petrobras e \u00e0 economia brasileira por sua atua\u00e7\u00e3o \u00e0 frente da Opera\u00e7\u00e3o Lava Jato. A a\u00e7\u00e3o \u00e9 de autoria dos deputados Rui","inLanguage":"pt-BR","isPartOf":{"@id":"https:\/\/newsinfoco.com.br\/inicio\/#website"},"breadcrumb":{"@id":"https:\/\/newsinfoco.com.br\/inicio\/moro-vira-reu-em-acao-do-pt-que-pede-condenacao-por-prejuizos-ao-pais\/#breadcrumblist"},"author":{"@id":"https:\/\/newsinfoco.com.br\/inicio\/author\/administrador\/#author"},"creator":{"@id":"https:\/\/newsinfoco.com.br\/inicio\/author\/administrador\/#author"},"image":{"@type":"ImageObject","url":"https:\/\/newsinfoco.com.br\/inicio\/wp-content\/uploads\/2018\/06\/750_lava-jato-lula-odebrecht-moro-toffoli_201861516161125.jpg","@id":"https:\/\/newsinfoco.com.br\/inicio\/moro-vira-reu-em-acao-do-pt-que-pede-condenacao-por-prejuizos-ao-pais\/#mainImage","width":750,"height":500},"primaryImageOfPage":{"@id":"https:\/\/newsinfoco.com.br\/inicio\/moro-vira-reu-em-acao-do-pt-que-pede-condenacao-por-prejuizos-ao-pais\/#mainImage"},"datePublished":"2022-05-24T10:12:19-03:00","dateModified":"2022-05-24T10:12:19-03:00"},{"@type":"WebSite","@id":"https:\/\/newsinfoco.com.br\/inicio\/#website","url":"https:\/\/newsinfoco.com.br\/inicio\/","name":"News In Foco - Editado por Caio Pimenta","description":"O principal site de noticias de Alagoinhas e regi\u00e3o","inLanguage":"pt-BR","publisher":{"@id":"https:\/\/newsinfoco.com.br\/inicio\/#organization"}}]},"og:locale":"pt_BR","og:site_name":"News In Foco - Editado por Caio Pimenta - O principal site de noticias de Alagoinhas e regi\u00e3o","og:type":"article","og:title":"Moro vira r\u00e9u em a\u00e7\u00e3o do PT que pede condena\u00e7\u00e3o por preju\u00edzos ao pa\u00eds - News In Foco - Editado por Caio Pimenta","og:description":"O ex-juiz Sergio Moro (UB) virou r\u00e9u em uma a\u00e7\u00e3o popular movida por deputados federais do PT. Os parlamentares pedem que ele seja condenado a ressarcir os cofres p\u00fablicos por preju\u00edzos causados \u00e0 Petrobras e \u00e0 economia brasileira por sua atua\u00e7\u00e3o \u00e0 frente da Opera\u00e7\u00e3o Lava Jato. A a\u00e7\u00e3o \u00e9 de autoria dos deputados Rui","og:url":"https:\/\/newsinfoco.com.br\/inicio\/moro-vira-reu-em-acao-do-pt-que-pede-condenacao-por-prejuizos-ao-pais\/","article:published_time":"2022-05-24T13:12:19+00:00","article:modified_time":"2022-05-24T13:12:19+00:00","twitter:card":"summary_large_image","twitter:title":"Moro vira r\u00e9u em a\u00e7\u00e3o do PT que pede condena\u00e7\u00e3o por preju\u00edzos ao pa\u00eds - News In Foco - Editado por Caio Pimenta","twitter:description":"O ex-juiz Sergio Moro (UB) virou r\u00e9u em uma a\u00e7\u00e3o popular movida por deputados federais do PT. Os parlamentares pedem que ele seja condenado a ressarcir os cofres p\u00fablicos por preju\u00edzos causados \u00e0 Petrobras e \u00e0 economia brasileira por sua atua\u00e7\u00e3o \u00e0 frente da Opera\u00e7\u00e3o Lava Jato. A a\u00e7\u00e3o \u00e9 de autoria dos deputados Rui"},"aioseo_meta_data":{"post_id":"30187","title":null,"description":null,"keywords":null,"keyphrases":null,"primary_term":null,"canonical_url":null,"og_title":null,"og_description":null,"og_object_type":"default","og_image_type":"default","og_image_url":null,"og_image_width":null,"og_image_height":null,"og_image_custom_url":null,"og_image_custom_fields":null,"og_video":null,"og_custom_url":null,"og_article_section":null,"og_article_tags":null,"twitter_use_og":false,"twitter_card":"default","twitter_image_type":"default","twitter_image_url":null,"twitter_image_custom_url":null,"twitter_image_custom_fields":null,"twitter_title":null,"twitter_description":null,"schema":{"blockGraphs":[],"customGraphs":[],"default":{"data":{"Article":[],"Course":[],"Dataset":[],"FAQPage":[],"Movie":[],"Person":[],"Product":[],"ProductReview":[],"Car":[],"Recipe":[],"Service":[],"SoftwareApplication":[],"WebPage":[]},"graphName":"","isEnabled":true},"graphs":[]},"schema_type":"default","schema_type_options":null,"pillar_content":false,"robots_default":true,"robots_noindex":false,"robots_noarchive":false,"robots_nosnippet":false,"robots_nofollow":false,"robots_noimageindex":false,"robots_noodp":false,"robots_notranslate":false,"robots_max_snippet":null,"robots_max_videopreview":null,"robots_max_imagepreview":"large","priority":null,"frequency":null,"local_seo":null,"breadcrumb_settings":null,"limit_modified_date":false,"ai":null,"created":"2023-06-12 21:25:44","updated":"2025-07-11 07:42:45","seo_analyzer_scan_date":null},"aioseo_breadcrumb":"<div class=\"aioseo-breadcrumbs\"><span class=\"aioseo-breadcrumb\">\n\t\t\t<a href=\"https:\/\/newsinfoco.com.br\/inicio\" title=\"In\u00edcio\">In\u00edcio<\/a>\n\t\t<\/span><span class=\"aioseo-breadcrumb-separator\">&raquo;<\/span><span class=\"aioseo-breadcrumb\">\n\t\t\t<a href=\"https:\/\/newsinfoco.com.br\/inicio\/category\/brasil\/\" title=\"Brasil\">Brasil<\/a>\n\t\t<\/span><span class=\"aioseo-breadcrumb-separator\">&raquo;<\/span><span class=\"aioseo-breadcrumb\">\n\t\t\tMoro vira r\u00e9u em a\u00e7\u00e3o do PT que pede condena\u00e7\u00e3o por preju\u00edzos ao pa\u00eds\n\t\t<\/span><\/div>","aioseo_breadcrumb_json":[{"label":"In\u00edcio","link":"https:\/\/newsinfoco.com.br\/inicio"},{"label":"Brasil","link":"https:\/\/newsinfoco.com.br\/inicio\/category\/brasil\/"},{"label":"Moro vira r\u00e9u em a\u00e7\u00e3o do PT que pede condena\u00e7\u00e3o por preju\u00edzos ao pa\u00eds","link":"https:\/\/newsinfoco.com.br\/inicio\/moro-vira-reu-em-acao-do-pt-que-pede-condenacao-por-prejuizos-ao-pais\/"}],"_links":{"self":[{"href":"https:\/\/newsinfoco.com.br\/inicio\/wp-json\/wp\/v2\/posts\/30187","targetHints":{"allow":["GET"]}}],"collection":[{"href":"https:\/\/newsinfoco.com.br\/inicio\/wp-json\/wp\/v2\/posts"}],"about":[{"href":"https:\/\/newsinfoco.com.br\/inicio\/wp-json\/wp\/v2\/types\/post"}],"author":[{"embeddable":true,"href":"https:\/\/newsinfoco.com.br\/inicio\/wp-json\/wp\/v2\/users\/1"}],"replies":[{"embeddable":true,"href":"https:\/\/newsinfoco.com.br\/inicio\/wp-json\/wp\/v2\/comments?post=30187"}],"version-history":[{"count":2,"href":"https:\/\/newsinfoco.com.br\/inicio\/wp-json\/wp\/v2\/posts\/30187\/revisions"}],"predecessor-version":[{"id":30189,"href":"https:\/\/newsinfoco.com.br\/inicio\/wp-json\/wp\/v2\/posts\/30187\/revisions\/30189"}],"wp:featuredmedia":[{"embeddable":true,"href":"https:\/\/newsinfoco.com.br\/inicio\/wp-json\/wp\/v2\/media\/5282"}],"wp:attachment":[{"href":"https:\/\/newsinfoco.com.br\/inicio\/wp-json\/wp\/v2\/media?parent=30187"}],"wp:term":[{"taxonomy":"category","embeddable":true,"href":"https:\/\/newsinfoco.com.br\/inicio\/wp-json\/wp\/v2\/categories?post=30187"},{"taxonomy":"post_tag","embeddable":true,"href":"https:\/\/newsinfoco.com.br\/inicio\/wp-json\/wp\/v2\/tags?post=30187"}],"curies":[{"name":"wp","href":"https:\/\/api.w.org\/{rel}","templated":true}]}}