{"id":30190,"date":"2022-05-24T10:38:35","date_gmt":"2022-05-24T13:38:35","guid":{"rendered":"https:\/\/newsinfoco.com.br\/inicio\/?p=30190"},"modified":"2022-05-24T10:38:35","modified_gmt":"2022-05-24T13:38:35","slug":"prefeitura-de-alagoinhas-faz-mais-uma-convocacao-de-candidatos-aprovados-em-concurso-publico","status":"publish","type":"post","link":"https:\/\/newsinfoco.com.br\/inicio\/prefeitura-de-alagoinhas-faz-mais-uma-convocacao-de-candidatos-aprovados-em-concurso-publico\/","title":{"rendered":"Prefeitura de Alagoinhas faz mais uma convoca\u00e7\u00e3o de candidatos aprovados em concurso p\u00fablico"},"content":{"rendered":"<p>A Prefeitura de Alagoinhas, por meio da Secretaria Municipal de Administra\u00e7\u00e3o (SEMAD), divulgou, na edi\u00e7\u00e3o dessa segunda (23), do Di\u00e1rio Oficial do Munic\u00edpio (DOEM),\u00a0o\u00a0<a href=\"file:\/\/\/C:\/Users\/Eu\/Downloads\/11-Convocacao_dos_aprovados-Diversos-Concurso_Publico_2019%20(1).pdf\">11\u00ba edital de convoca\u00e7\u00e3o dos aprovados no Concurso P\u00fablico 002\/ 2019.<\/a><\/p>\n<p>Foram convocados nove candidatos, que v\u00e3o preencher as vagas existentes no quadro efetivo da Prefeitura para os cargos de , Assistente Administrativo (2), Motorista Categoria D (6) e Engenheiro Sanitarista (1).<\/p>\n<p>O candidato aprovado tem o prazo at\u00e9 sexta \u2013 feira, dia 27 de maio, para comparecer entre 8h e 11h, ao Centro de Atendimento Multidisciplinar Educacional Especializado em Inclus\u00e3o (AMEEI), localizado \u00e0 Rua Marechal Deodoro , n\u00ba 187, Centro, e apresentar os documentos, certid\u00f5es e exames m\u00e9dicos que est\u00e3o relacionados no edital de convoca\u00e7\u00e3o. No dia da entrega da documenta\u00e7\u00e3o, tamb\u00e9m ser\u00e3o feitas as avalia\u00e7\u00f5es cl\u00ednicas e psicol\u00f3gicas dos aprovados.<\/p>\n<div class='share-to-whatsapp-wrapper'><div class='share-on-whsp'>Share on: <\/div><a data-text='Prefeitura de Alagoinhas faz mais uma convoca\u00e7\u00e3o de candidatos aprovados em concurso p\u00fablico' data-link='https:\/\/newsinfoco.com.br\/inicio\/prefeitura-de-alagoinhas-faz-mais-uma-convocacao-de-candidatos-aprovados-em-concurso-publico\/' class='whatsapp-button whatsapp-share'>WhatsApp<\/a><div class='clear '><\/div><\/div>","protected":false},"excerpt":{"rendered":"<p>A Prefeitura de Alagoinhas, por meio da Secretaria Municipal de Administra\u00e7\u00e3o (SEMAD), divulgou, na edi\u00e7\u00e3o dessa segunda (23), do Di\u00e1rio Oficial do Munic\u00edpio (DOEM),\u00a0o\u00a011\u00ba edital de convoca\u00e7\u00e3o dos aprovados no Concurso P\u00fablico 002\/ 2019. Foram convocados nove candidatos, que v\u00e3o preencher as vagas existentes no quadro efetivo da Prefeitura para os cargos de , Assistente [&hellip;]<\/p>\n","protected":false},"author":1,"featured_media":10659,"comment_status":"closed","ping_status":"closed","sticky":false,"template":"","format":"standard","meta":{"om_disable_all_campaigns":false,"rop_custom_images_group":[],"rop_custom_messages_group":[],"rop_publish_now":"initial","rop_publish_now_accounts":[],"rop_publish_now_history":[],"rop_publish_now_status":"pending","_exactmetrics_skip_tracking":false,"footnotes":""},"categories":[38,167],"tags":[],"class_list":["post-30190","post","type-post","status-publish","format-standard","has-post-thumbnail","hentry","category-alagoinhas-e-regiao","category-exclusivas"],"aioseo_notices":[],"aioseo_head":"\n\t\t<!-- All in One SEO 4.9.10 - aioseo.com -->\n\t<meta name=\"description\" content=\"A Prefeitura de Alagoinhas, por meio da Secretaria Municipal de Administra\u00e7\u00e3o (SEMAD), divulgou, na edi\u00e7\u00e3o dessa segunda (23), do Di\u00e1rio Oficial do Munic\u00edpio (DOEM), o 11\u00ba edital de convoca\u00e7\u00e3o dos aprovados no Concurso P\u00fablico 002\/ 2019. Foram convocados nove candidatos, que v\u00e3o preencher as vagas existentes no quadro efetivo da Prefeitura para os cargos de , Assistente\" \/>\n\t<meta name=\"robots\" content=\"max-image-preview:large\" \/>\n\t<meta name=\"author\" content=\"administrador\"\/>\n\t<link rel=\"canonical\" href=\"https:\/\/newsinfoco.com.br\/inicio\/prefeitura-de-alagoinhas-faz-mais-uma-convocacao-de-candidatos-aprovados-em-concurso-publico\/\" \/>\n\t<meta name=\"generator\" content=\"All in One SEO (AIOSEO) 4.9.10\" \/>\n\t\t<meta property=\"og:locale\" content=\"pt_BR\" \/>\n\t\t<meta property=\"og:site_name\" content=\"News In Foco - Editado por Caio Pimenta - O principal site de noticias de Alagoinhas e regi\u00e3o\" \/>\n\t\t<meta property=\"og:type\" content=\"article\" \/>\n\t\t<meta property=\"og:title\" content=\"Prefeitura de Alagoinhas faz mais uma convoca\u00e7\u00e3o de candidatos aprovados em concurso p\u00fablico - News In Foco - Editado por Caio Pimenta\" \/>\n\t\t<meta property=\"og:description\" content=\"A Prefeitura de Alagoinhas, por meio da Secretaria Municipal de Administra\u00e7\u00e3o (SEMAD), divulgou, na edi\u00e7\u00e3o dessa segunda (23), do Di\u00e1rio Oficial do Munic\u00edpio (DOEM), o 11\u00ba edital de convoca\u00e7\u00e3o dos aprovados no Concurso P\u00fablico 002\/ 2019. Foram convocados nove candidatos, que v\u00e3o preencher as vagas existentes no quadro efetivo da Prefeitura para os cargos de , Assistente\" \/>\n\t\t<meta property=\"og:url\" content=\"https:\/\/newsinfoco.com.br\/inicio\/prefeitura-de-alagoinhas-faz-mais-uma-convocacao-de-candidatos-aprovados-em-concurso-publico\/\" \/>\n\t\t<meta property=\"article:published_time\" content=\"2022-05-24T13:38:35+00:00\" \/>\n\t\t<meta property=\"article:modified_time\" content=\"2022-05-24T13:38:35+00:00\" \/>\n\t\t<meta name=\"twitter:card\" content=\"summary_large_image\" \/>\n\t\t<meta name=\"twitter:title\" content=\"Prefeitura de Alagoinhas faz mais uma convoca\u00e7\u00e3o de candidatos aprovados em concurso p\u00fablico - News In Foco - Editado por Caio Pimenta\" \/>\n\t\t<meta name=\"twitter:description\" content=\"A Prefeitura de Alagoinhas, por meio da Secretaria Municipal de Administra\u00e7\u00e3o (SEMAD), divulgou, na edi\u00e7\u00e3o dessa segunda (23), do Di\u00e1rio Oficial do Munic\u00edpio (DOEM), o 11\u00ba edital de convoca\u00e7\u00e3o dos aprovados no Concurso P\u00fablico 002\/ 2019. Foram convocados nove candidatos, que v\u00e3o preencher as vagas existentes no quadro efetivo da Prefeitura para os cargos de , Assistente\" \/>\n\t\t<script type=\"application\/ld+json\" class=\"aioseo-schema\">\n\t\t\t{\"@context\":\"https:\\\/\\\/schema.org\",\"@graph\":[{\"@type\":\"BlogPosting\",\"@id\":\"https:\\\/\\\/newsinfoco.com.br\\\/inicio\\\/prefeitura-de-alagoinhas-faz-mais-uma-convocacao-de-candidatos-aprovados-em-concurso-publico\\\/#blogposting\",\"name\":\"Prefeitura de Alagoinhas faz mais uma convoca\\u00e7\\u00e3o de candidatos aprovados em concurso p\\u00fablico - News In Foco - Editado por Caio Pimenta\",\"headline\":\"Prefeitura de Alagoinhas faz mais uma convoca\\u00e7\\u00e3o de candidatos aprovados em concurso p\\u00fablico\",\"author\":{\"@id\":\"https:\\\/\\\/newsinfoco.com.br\\\/inicio\\\/author\\\/administrador\\\/#author\"},\"publisher\":{\"@id\":\"https:\\\/\\\/newsinfoco.com.br\\\/inicio\\\/#organization\"},\"image\":{\"@type\":\"ImageObject\",\"url\":\"https:\\\/\\\/newsinfoco.com.br\\\/inicio\\\/wp-content\\\/uploads\\\/2018\\\/10\\\/Prefeitura-de-Alagoinhas-Divulga\\u00e7\\u00e3o-web-1132x670-1.jpg\",\"width\":519,\"height\":346},\"datePublished\":\"2022-05-24T10:38:35-03:00\",\"dateModified\":\"2022-05-24T10:38:35-03:00\",\"inLanguage\":\"pt-BR\",\"mainEntityOfPage\":{\"@id\":\"https:\\\/\\\/newsinfoco.com.br\\\/inicio\\\/prefeitura-de-alagoinhas-faz-mais-uma-convocacao-de-candidatos-aprovados-em-concurso-publico\\\/#webpage\"},\"isPartOf\":{\"@id\":\"https:\\\/\\\/newsinfoco.com.br\\\/inicio\\\/prefeitura-de-alagoinhas-faz-mais-uma-convocacao-de-candidatos-aprovados-em-concurso-publico\\\/#webpage\"},\"articleSection\":\"Alagoinhas e Regi\\u00e3o, Manchete\"},{\"@type\":\"BreadcrumbList\",\"@id\":\"https:\\\/\\\/newsinfoco.com.br\\\/inicio\\\/prefeitura-de-alagoinhas-faz-mais-uma-convocacao-de-candidatos-aprovados-em-concurso-publico\\\/#breadcrumblist\",\"itemListElement\":[{\"@type\":\"ListItem\",\"@id\":\"https:\\\/\\\/newsinfoco.com.br\\\/inicio#listItem\",\"position\":1,\"name\":\"In\\u00edcio\",\"item\":\"https:\\\/\\\/newsinfoco.com.br\\\/inicio\",\"nextItem\":{\"@type\":\"ListItem\",\"@id\":\"https:\\\/\\\/newsinfoco.com.br\\\/inicio\\\/category\\\/alagoinhas-e-regiao\\\/#listItem\",\"name\":\"Alagoinhas e Regi\\u00e3o\"}},{\"@type\":\"ListItem\",\"@id\":\"https:\\\/\\\/newsinfoco.com.br\\\/inicio\\\/category\\\/alagoinhas-e-regiao\\\/#listItem\",\"position\":2,\"name\":\"Alagoinhas e Regi\\u00e3o\",\"item\":\"https:\\\/\\\/newsinfoco.com.br\\\/inicio\\\/category\\\/alagoinhas-e-regiao\\\/\",\"nextItem\":{\"@type\":\"ListItem\",\"@id\":\"https:\\\/\\\/newsinfoco.com.br\\\/inicio\\\/prefeitura-de-alagoinhas-faz-mais-uma-convocacao-de-candidatos-aprovados-em-concurso-publico\\\/#listItem\",\"name\":\"Prefeitura de Alagoinhas faz mais uma convoca\\u00e7\\u00e3o de candidatos aprovados em concurso p\\u00fablico\"},\"previousItem\":{\"@type\":\"ListItem\",\"@id\":\"https:\\\/\\\/newsinfoco.com.br\\\/inicio#listItem\",\"name\":\"In\\u00edcio\"}},{\"@type\":\"ListItem\",\"@id\":\"https:\\\/\\\/newsinfoco.com.br\\\/inicio\\\/prefeitura-de-alagoinhas-faz-mais-uma-convocacao-de-candidatos-aprovados-em-concurso-publico\\\/#listItem\",\"position\":3,\"name\":\"Prefeitura de Alagoinhas faz mais uma convoca\\u00e7\\u00e3o de candidatos aprovados em concurso p\\u00fablico\",\"previousItem\":{\"@type\":\"ListItem\",\"@id\":\"https:\\\/\\\/newsinfoco.com.br\\\/inicio\\\/category\\\/alagoinhas-e-regiao\\\/#listItem\",\"name\":\"Alagoinhas e Regi\\u00e3o\"}}]},{\"@type\":\"Organization\",\"@id\":\"https:\\\/\\\/newsinfoco.com.br\\\/inicio\\\/#organization\",\"name\":\"News In Foco - Editado por Caio Pimenta\",\"description\":\"O principal site de noticias de Alagoinhas e regi\\u00e3o\",\"url\":\"https:\\\/\\\/newsinfoco.com.br\\\/inicio\\\/\"},{\"@type\":\"Person\",\"@id\":\"https:\\\/\\\/newsinfoco.com.br\\\/inicio\\\/author\\\/administrador\\\/#author\",\"url\":\"https:\\\/\\\/newsinfoco.com.br\\\/inicio\\\/author\\\/administrador\\\/\",\"name\":\"administrador\",\"image\":{\"@type\":\"ImageObject\",\"@id\":\"https:\\\/\\\/newsinfoco.com.br\\\/inicio\\\/prefeitura-de-alagoinhas-faz-mais-uma-convocacao-de-candidatos-aprovados-em-concurso-publico\\\/#authorImage\",\"url\":\"https:\\\/\\\/secure.gravatar.com\\\/avatar\\\/c17a617433de8c1dc9584bb79aab7563b46f5bb7e1728c9b17d9cc3ce6a08e49?s=96&d=mm&r=g\",\"width\":96,\"height\":96,\"caption\":\"administrador\"}},{\"@type\":\"WebPage\",\"@id\":\"https:\\\/\\\/newsinfoco.com.br\\\/inicio\\\/prefeitura-de-alagoinhas-faz-mais-uma-convocacao-de-candidatos-aprovados-em-concurso-publico\\\/#webpage\",\"url\":\"https:\\\/\\\/newsinfoco.com.br\\\/inicio\\\/prefeitura-de-alagoinhas-faz-mais-uma-convocacao-de-candidatos-aprovados-em-concurso-publico\\\/\",\"name\":\"Prefeitura de Alagoinhas faz mais uma convoca\\u00e7\\u00e3o de candidatos aprovados em concurso p\\u00fablico - News In Foco - Editado por Caio Pimenta\",\"description\":\"A Prefeitura de Alagoinhas, por meio da Secretaria Municipal de Administra\\u00e7\\u00e3o (SEMAD), divulgou, na edi\\u00e7\\u00e3o dessa segunda (23), do Di\\u00e1rio Oficial do Munic\\u00edpio (DOEM), o 11\\u00ba edital de convoca\\u00e7\\u00e3o dos aprovados no Concurso P\\u00fablico 002\\\/ 2019. Foram convocados nove candidatos, que v\\u00e3o preencher as vagas existentes no quadro efetivo da Prefeitura para os cargos de , Assistente\",\"inLanguage\":\"pt-BR\",\"isPartOf\":{\"@id\":\"https:\\\/\\\/newsinfoco.com.br\\\/inicio\\\/#website\"},\"breadcrumb\":{\"@id\":\"https:\\\/\\\/newsinfoco.com.br\\\/inicio\\\/prefeitura-de-alagoinhas-faz-mais-uma-convocacao-de-candidatos-aprovados-em-concurso-publico\\\/#breadcrumblist\"},\"author\":{\"@id\":\"https:\\\/\\\/newsinfoco.com.br\\\/inicio\\\/author\\\/administrador\\\/#author\"},\"creator\":{\"@id\":\"https:\\\/\\\/newsinfoco.com.br\\\/inicio\\\/author\\\/administrador\\\/#author\"},\"image\":{\"@type\":\"ImageObject\",\"url\":\"https:\\\/\\\/newsinfoco.com.br\\\/inicio\\\/wp-content\\\/uploads\\\/2018\\\/10\\\/Prefeitura-de-Alagoinhas-Divulga\\u00e7\\u00e3o-web-1132x670-1.jpg\",\"@id\":\"https:\\\/\\\/newsinfoco.com.br\\\/inicio\\\/prefeitura-de-alagoinhas-faz-mais-uma-convocacao-de-candidatos-aprovados-em-concurso-publico\\\/#mainImage\",\"width\":519,\"height\":346},\"primaryImageOfPage\":{\"@id\":\"https:\\\/\\\/newsinfoco.com.br\\\/inicio\\\/prefeitura-de-alagoinhas-faz-mais-uma-convocacao-de-candidatos-aprovados-em-concurso-publico\\\/#mainImage\"},\"datePublished\":\"2022-05-24T10:38:35-03:00\",\"dateModified\":\"2022-05-24T10:38:35-03:00\"},{\"@type\":\"WebSite\",\"@id\":\"https:\\\/\\\/newsinfoco.com.br\\\/inicio\\\/#website\",\"url\":\"https:\\\/\\\/newsinfoco.com.br\\\/inicio\\\/\",\"name\":\"News In Foco - Editado por Caio Pimenta\",\"description\":\"O principal site de noticias de Alagoinhas e regi\\u00e3o\",\"inLanguage\":\"pt-BR\",\"publisher\":{\"@id\":\"https:\\\/\\\/newsinfoco.com.br\\\/inicio\\\/#organization\"}}]}\n\t\t<\/script>\n\t\t<!-- All in One SEO -->\n\n","aioseo_head_json":{"title":"Prefeitura de Alagoinhas faz mais uma convoca\u00e7\u00e3o de candidatos aprovados em concurso p\u00fablico - News In Foco - Editado por Caio Pimenta","description":"A Prefeitura de Alagoinhas, por meio da Secretaria Municipal de Administra\u00e7\u00e3o (SEMAD), divulgou, na edi\u00e7\u00e3o dessa segunda (23), do Di\u00e1rio Oficial do Munic\u00edpio (DOEM), o 11\u00ba edital de convoca\u00e7\u00e3o dos aprovados no Concurso P\u00fablico 002\/ 2019. Foram convocados nove candidatos, que v\u00e3o preencher as vagas existentes no quadro efetivo da Prefeitura para os cargos de , Assistente","canonical_url":"https:\/\/newsinfoco.com.br\/inicio\/prefeitura-de-alagoinhas-faz-mais-uma-convocacao-de-candidatos-aprovados-em-concurso-publico\/","robots":"max-image-preview:large","keywords":"","webmasterTools":{"miscellaneous":""},"schema":{"@context":"https:\/\/schema.org","@graph":[{"@type":"BlogPosting","@id":"https:\/\/newsinfoco.com.br\/inicio\/prefeitura-de-alagoinhas-faz-mais-uma-convocacao-de-candidatos-aprovados-em-concurso-publico\/#blogposting","name":"Prefeitura de Alagoinhas faz mais uma convoca\u00e7\u00e3o de candidatos aprovados em concurso p\u00fablico - News In Foco - Editado por Caio Pimenta","headline":"Prefeitura de Alagoinhas faz mais uma convoca\u00e7\u00e3o de candidatos aprovados em concurso p\u00fablico","author":{"@id":"https:\/\/newsinfoco.com.br\/inicio\/author\/administrador\/#author"},"publisher":{"@id":"https:\/\/newsinfoco.com.br\/inicio\/#organization"},"image":{"@type":"ImageObject","url":"https:\/\/newsinfoco.com.br\/inicio\/wp-content\/uploads\/2018\/10\/Prefeitura-de-Alagoinhas-Divulga\u00e7\u00e3o-web-1132x670-1.jpg","width":519,"height":346},"datePublished":"2022-05-24T10:38:35-03:00","dateModified":"2022-05-24T10:38:35-03:00","inLanguage":"pt-BR","mainEntityOfPage":{"@id":"https:\/\/newsinfoco.com.br\/inicio\/prefeitura-de-alagoinhas-faz-mais-uma-convocacao-de-candidatos-aprovados-em-concurso-publico\/#webpage"},"isPartOf":{"@id":"https:\/\/newsinfoco.com.br\/inicio\/prefeitura-de-alagoinhas-faz-mais-uma-convocacao-de-candidatos-aprovados-em-concurso-publico\/#webpage"},"articleSection":"Alagoinhas e Regi\u00e3o, Manchete"},{"@type":"BreadcrumbList","@id":"https:\/\/newsinfoco.com.br\/inicio\/prefeitura-de-alagoinhas-faz-mais-uma-convocacao-de-candidatos-aprovados-em-concurso-publico\/#breadcrumblist","itemListElement":[{"@type":"ListItem","@id":"https:\/\/newsinfoco.com.br\/inicio#listItem","position":1,"name":"In\u00edcio","item":"https:\/\/newsinfoco.com.br\/inicio","nextItem":{"@type":"ListItem","@id":"https:\/\/newsinfoco.com.br\/inicio\/category\/alagoinhas-e-regiao\/#listItem","name":"Alagoinhas e Regi\u00e3o"}},{"@type":"ListItem","@id":"https:\/\/newsinfoco.com.br\/inicio\/category\/alagoinhas-e-regiao\/#listItem","position":2,"name":"Alagoinhas e Regi\u00e3o","item":"https:\/\/newsinfoco.com.br\/inicio\/category\/alagoinhas-e-regiao\/","nextItem":{"@type":"ListItem","@id":"https:\/\/newsinfoco.com.br\/inicio\/prefeitura-de-alagoinhas-faz-mais-uma-convocacao-de-candidatos-aprovados-em-concurso-publico\/#listItem","name":"Prefeitura de Alagoinhas faz mais uma convoca\u00e7\u00e3o de candidatos aprovados em concurso p\u00fablico"},"previousItem":{"@type":"ListItem","@id":"https:\/\/newsinfoco.com.br\/inicio#listItem","name":"In\u00edcio"}},{"@type":"ListItem","@id":"https:\/\/newsinfoco.com.br\/inicio\/prefeitura-de-alagoinhas-faz-mais-uma-convocacao-de-candidatos-aprovados-em-concurso-publico\/#listItem","position":3,"name":"Prefeitura de Alagoinhas faz mais uma convoca\u00e7\u00e3o de candidatos aprovados em concurso p\u00fablico","previousItem":{"@type":"ListItem","@id":"https:\/\/newsinfoco.com.br\/inicio\/category\/alagoinhas-e-regiao\/#listItem","name":"Alagoinhas e Regi\u00e3o"}}]},{"@type":"Organization","@id":"https:\/\/newsinfoco.com.br\/inicio\/#organization","name":"News In Foco - Editado por Caio Pimenta","description":"O principal site de noticias de Alagoinhas e regi\u00e3o","url":"https:\/\/newsinfoco.com.br\/inicio\/"},{"@type":"Person","@id":"https:\/\/newsinfoco.com.br\/inicio\/author\/administrador\/#author","url":"https:\/\/newsinfoco.com.br\/inicio\/author\/administrador\/","name":"administrador","image":{"@type":"ImageObject","@id":"https:\/\/newsinfoco.com.br\/inicio\/prefeitura-de-alagoinhas-faz-mais-uma-convocacao-de-candidatos-aprovados-em-concurso-publico\/#authorImage","url":"https:\/\/secure.gravatar.com\/avatar\/c17a617433de8c1dc9584bb79aab7563b46f5bb7e1728c9b17d9cc3ce6a08e49?s=96&d=mm&r=g","width":96,"height":96,"caption":"administrador"}},{"@type":"WebPage","@id":"https:\/\/newsinfoco.com.br\/inicio\/prefeitura-de-alagoinhas-faz-mais-uma-convocacao-de-candidatos-aprovados-em-concurso-publico\/#webpage","url":"https:\/\/newsinfoco.com.br\/inicio\/prefeitura-de-alagoinhas-faz-mais-uma-convocacao-de-candidatos-aprovados-em-concurso-publico\/","name":"Prefeitura de Alagoinhas faz mais uma convoca\u00e7\u00e3o de candidatos aprovados em concurso p\u00fablico - News In Foco - Editado por Caio Pimenta","description":"A Prefeitura de Alagoinhas, por meio da Secretaria Municipal de Administra\u00e7\u00e3o (SEMAD), divulgou, na edi\u00e7\u00e3o dessa segunda (23), do Di\u00e1rio Oficial do Munic\u00edpio (DOEM), o 11\u00ba edital de convoca\u00e7\u00e3o dos aprovados no Concurso P\u00fablico 002\/ 2019. Foram convocados nove candidatos, que v\u00e3o preencher as vagas existentes no quadro efetivo da Prefeitura para os cargos de , Assistente","inLanguage":"pt-BR","isPartOf":{"@id":"https:\/\/newsinfoco.com.br\/inicio\/#website"},"breadcrumb":{"@id":"https:\/\/newsinfoco.com.br\/inicio\/prefeitura-de-alagoinhas-faz-mais-uma-convocacao-de-candidatos-aprovados-em-concurso-publico\/#breadcrumblist"},"author":{"@id":"https:\/\/newsinfoco.com.br\/inicio\/author\/administrador\/#author"},"creator":{"@id":"https:\/\/newsinfoco.com.br\/inicio\/author\/administrador\/#author"},"image":{"@type":"ImageObject","url":"https:\/\/newsinfoco.com.br\/inicio\/wp-content\/uploads\/2018\/10\/Prefeitura-de-Alagoinhas-Divulga\u00e7\u00e3o-web-1132x670-1.jpg","@id":"https:\/\/newsinfoco.com.br\/inicio\/prefeitura-de-alagoinhas-faz-mais-uma-convocacao-de-candidatos-aprovados-em-concurso-publico\/#mainImage","width":519,"height":346},"primaryImageOfPage":{"@id":"https:\/\/newsinfoco.com.br\/inicio\/prefeitura-de-alagoinhas-faz-mais-uma-convocacao-de-candidatos-aprovados-em-concurso-publico\/#mainImage"},"datePublished":"2022-05-24T10:38:35-03:00","dateModified":"2022-05-24T10:38:35-03:00"},{"@type":"WebSite","@id":"https:\/\/newsinfoco.com.br\/inicio\/#website","url":"https:\/\/newsinfoco.com.br\/inicio\/","name":"News In Foco - Editado por Caio Pimenta","description":"O principal site de noticias de Alagoinhas e regi\u00e3o","inLanguage":"pt-BR","publisher":{"@id":"https:\/\/newsinfoco.com.br\/inicio\/#organization"}}]},"og:locale":"pt_BR","og:site_name":"News In Foco - Editado por Caio Pimenta - O principal site de noticias de Alagoinhas e regi\u00e3o","og:type":"article","og:title":"Prefeitura de Alagoinhas faz mais uma convoca\u00e7\u00e3o de candidatos aprovados em concurso p\u00fablico - News In Foco - Editado por Caio Pimenta","og:description":"A Prefeitura de Alagoinhas, por meio da Secretaria Municipal de Administra\u00e7\u00e3o (SEMAD), divulgou, na edi\u00e7\u00e3o dessa segunda (23), do Di\u00e1rio Oficial do Munic\u00edpio (DOEM), o 11\u00ba edital de convoca\u00e7\u00e3o dos aprovados no Concurso P\u00fablico 002\/ 2019. Foram convocados nove candidatos, que v\u00e3o preencher as vagas existentes no quadro efetivo da Prefeitura para os cargos de , Assistente","og:url":"https:\/\/newsinfoco.com.br\/inicio\/prefeitura-de-alagoinhas-faz-mais-uma-convocacao-de-candidatos-aprovados-em-concurso-publico\/","article:published_time":"2022-05-24T13:38:35+00:00","article:modified_time":"2022-05-24T13:38:35+00:00","twitter:card":"summary_large_image","twitter:title":"Prefeitura de Alagoinhas faz mais uma convoca\u00e7\u00e3o de candidatos aprovados em concurso p\u00fablico - News In Foco - Editado por Caio Pimenta","twitter:description":"A Prefeitura de Alagoinhas, por meio da Secretaria Municipal de Administra\u00e7\u00e3o (SEMAD), divulgou, na edi\u00e7\u00e3o dessa segunda (23), do Di\u00e1rio Oficial do Munic\u00edpio (DOEM), o 11\u00ba edital de convoca\u00e7\u00e3o dos aprovados no Concurso P\u00fablico 002\/ 2019. Foram convocados nove candidatos, que v\u00e3o preencher as vagas existentes no quadro efetivo da Prefeitura para os cargos de , Assistente"},"aioseo_meta_data":{"post_id":"30190","title":null,"description":null,"keywords":null,"keyphrases":null,"primary_term":null,"canonical_url":null,"og_title":null,"og_description":null,"og_object_type":"default","og_image_type":"default","og_image_url":null,"og_image_width":null,"og_image_height":null,"og_image_custom_url":null,"og_image_custom_fields":null,"og_video":null,"og_custom_url":null,"og_article_section":null,"og_article_tags":null,"twitter_use_og":false,"twitter_card":"default","twitter_image_type":"default","twitter_image_url":null,"twitter_image_custom_url":null,"twitter_image_custom_fields":null,"twitter_title":null,"twitter_description":null,"schema":{"blockGraphs":[],"customGraphs":[],"default":{"data":{"Article":[],"Course":[],"Dataset":[],"FAQPage":[],"Movie":[],"Person":[],"Product":[],"ProductReview":[],"Car":[],"Recipe":[],"Service":[],"SoftwareApplication":[],"WebPage":[]},"graphName":"","isEnabled":true},"graphs":[]},"schema_type":"default","schema_type_options":null,"pillar_content":false,"robots_default":true,"robots_noindex":false,"robots_noarchive":false,"robots_nosnippet":false,"robots_nofollow":false,"robots_noimageindex":false,"robots_noodp":false,"robots_notranslate":false,"robots_max_snippet":null,"robots_max_videopreview":null,"robots_max_imagepreview":"large","priority":null,"frequency":null,"local_seo":null,"breadcrumb_settings":null,"limit_modified_date":false,"ai":null,"created":"2023-06-12 21:25:44","updated":"2025-07-11 07:42:45","seo_analyzer_scan_date":null},"aioseo_breadcrumb":"<div class=\"aioseo-breadcrumbs\"><span class=\"aioseo-breadcrumb\">\n\t\t\t<a href=\"https:\/\/newsinfoco.com.br\/inicio\" title=\"In\u00edcio\">In\u00edcio<\/a>\n\t\t<\/span><span class=\"aioseo-breadcrumb-separator\">&raquo;<\/span><span class=\"aioseo-breadcrumb\">\n\t\t\t<a href=\"https:\/\/newsinfoco.com.br\/inicio\/category\/alagoinhas-e-regiao\/\" title=\"Alagoinhas e Regi\u00e3o\">Alagoinhas e Regi\u00e3o<\/a>\n\t\t<\/span><span class=\"aioseo-breadcrumb-separator\">&raquo;<\/span><span class=\"aioseo-breadcrumb\">\n\t\t\tPrefeitura de Alagoinhas faz mais uma convoca\u00e7\u00e3o de candidatos aprovados em concurso p\u00fablico\n\t\t<\/span><\/div>","aioseo_breadcrumb_json":[{"label":"In\u00edcio","link":"https:\/\/newsinfoco.com.br\/inicio"},{"label":"Alagoinhas e Regi\u00e3o","link":"https:\/\/newsinfoco.com.br\/inicio\/category\/alagoinhas-e-regiao\/"},{"label":"Prefeitura de Alagoinhas faz mais uma convoca\u00e7\u00e3o de candidatos aprovados em concurso p\u00fablico","link":"https:\/\/newsinfoco.com.br\/inicio\/prefeitura-de-alagoinhas-faz-mais-uma-convocacao-de-candidatos-aprovados-em-concurso-publico\/"}],"_links":{"self":[{"href":"https:\/\/newsinfoco.com.br\/inicio\/wp-json\/wp\/v2\/posts\/30190","targetHints":{"allow":["GET"]}}],"collection":[{"href":"https:\/\/newsinfoco.com.br\/inicio\/wp-json\/wp\/v2\/posts"}],"about":[{"href":"https:\/\/newsinfoco.com.br\/inicio\/wp-json\/wp\/v2\/types\/post"}],"author":[{"embeddable":true,"href":"https:\/\/newsinfoco.com.br\/inicio\/wp-json\/wp\/v2\/users\/1"}],"replies":[{"embeddable":true,"href":"https:\/\/newsinfoco.com.br\/inicio\/wp-json\/wp\/v2\/comments?post=30190"}],"version-history":[{"count":1,"href":"https:\/\/newsinfoco.com.br\/inicio\/wp-json\/wp\/v2\/posts\/30190\/revisions"}],"predecessor-version":[{"id":30191,"href":"https:\/\/newsinfoco.com.br\/inicio\/wp-json\/wp\/v2\/posts\/30190\/revisions\/30191"}],"wp:featuredmedia":[{"embeddable":true,"href":"https:\/\/newsinfoco.com.br\/inicio\/wp-json\/wp\/v2\/media\/10659"}],"wp:attachment":[{"href":"https:\/\/newsinfoco.com.br\/inicio\/wp-json\/wp\/v2\/media?parent=30190"}],"wp:term":[{"taxonomy":"category","embeddable":true,"href":"https:\/\/newsinfoco.com.br\/inicio\/wp-json\/wp\/v2\/categories?post=30190"},{"taxonomy":"post_tag","embeddable":true,"href":"https:\/\/newsinfoco.com.br\/inicio\/wp-json\/wp\/v2\/tags?post=30190"}],"curies":[{"name":"wp","href":"https:\/\/api.w.org\/{rel}","templated":true}]}}