{"id":30192,"date":"2022-05-24T10:58:31","date_gmt":"2022-05-24T13:58:31","guid":{"rendered":"https:\/\/newsinfoco.com.br\/inicio\/?p=30192"},"modified":"2022-05-24T10:58:31","modified_gmt":"2022-05-24T13:58:31","slug":"jaques-wagner-diz-que-acm-neto-nao-tem-coragem-de-declarar-apoio-a-bolsonaro","status":"publish","type":"post","link":"https:\/\/newsinfoco.com.br\/inicio\/jaques-wagner-diz-que-acm-neto-nao-tem-coragem-de-declarar-apoio-a-bolsonaro\/","title":{"rendered":"Jaques Wagner diz que ACM Neto n\u00e3o tem coragem de declarar apoio a Bolsonaro"},"content":{"rendered":"<p>O senador Jaques Wagner (PT) comentou sobre a possibilidade de o presidente\u00a0Jair Bolsonaro deixar de apoiar a candidatura do ex-ministro, Jo\u00e3o Roma (PL),\u00a0ao governo da Bahia para tenta se aproximar do ex-prefeito de Salvador, ACM Neto (UB).<\/p>\n<p>Durante um encontro de campanha de Jer\u00f4nimo Rodrigues, chamado Programa de Governo Participativo (PGP), que ocorreu na \u00faltima segunda-feira (23), Wagner disse que a movimenta\u00e7\u00e3o se trata de uma\u00a0 \u201cplanta\u00e7\u00e3o\u201d.<\/p>\n<p>\u201cEu acho que essas planta\u00e7\u00f5es, nessa \u00e9poca, sempre t\u00eam o objetivo de confundir a cabe\u00e7a do povo. A verdade \u00e9 que por debaixo dos panos ele [Neto] sempre esteve l\u00e1, s\u00f3 n\u00e3o teve coragem de assumir publicamente porque Bolsonaro tem uma baixa ades\u00e3o aqui\u201d, disse Wagner.<\/p>\n<p>\u201cEle n\u00e3o teve coragem de fazer isso porque sabe que isso n\u00e3o ajudaria a ele, ele fica nessa de biruta de aeroporto: \u2018n\u00e3o sei se vou, n\u00e3o sei se fico\u2019. \u2018Pra mim qualquer presidente d\u00e1 no mesmo\u2019, ou seja, pra ele tanto faz, Bolsonaro ou Lula. Na minha opini\u00e3o isso quer dizer que ele \u00e9 Bolsonaro\u201d, acrescentou.<\/p>\n<p>Politicaaovivo<\/p>\n<div class='share-to-whatsapp-wrapper'><div class='share-on-whsp'>Share on: <\/div><a data-text='Jaques Wagner diz que ACM Neto n\u00e3o tem coragem de declarar apoio a Bolsonaro' data-link='https:\/\/newsinfoco.com.br\/inicio\/jaques-wagner-diz-que-acm-neto-nao-tem-coragem-de-declarar-apoio-a-bolsonaro\/' class='whatsapp-button whatsapp-share'>WhatsApp<\/a><div class='clear '><\/div><\/div>","protected":false},"excerpt":{"rendered":"<p>O senador Jaques Wagner (PT) comentou sobre a possibilidade de o presidente\u00a0Jair Bolsonaro deixar de apoiar a candidatura do ex-ministro, Jo\u00e3o Roma (PL),\u00a0ao governo da Bahia para tenta se aproximar do ex-prefeito de Salvador, ACM Neto (UB). Durante um encontro de campanha de Jer\u00f4nimo Rodrigues, chamado Programa de Governo Participativo (PGP), que ocorreu na \u00faltima [&hellip;]<\/p>\n","protected":false},"author":1,"featured_media":30193,"comment_status":"closed","ping_status":"closed","sticky":false,"template":"","format":"standard","meta":{"om_disable_all_campaigns":false,"rop_custom_images_group":[],"rop_custom_messages_group":[],"rop_publish_now":"initial","rop_publish_now_accounts":[],"rop_publish_now_history":[],"rop_publish_now_status":"pending","_exactmetrics_skip_tracking":false,"footnotes":""},"categories":[19],"tags":[],"class_list":["post-30192","post","type-post","status-publish","format-standard","has-post-thumbnail","hentry","category-bahia"],"aioseo_notices":[],"aioseo_head":"\n\t\t<!-- All in One SEO 4.9.10 - aioseo.com -->\n\t<meta name=\"description\" content=\"O senador Jaques Wagner (PT) comentou sobre a possibilidade de o presidente Jair Bolsonaro deixar de apoiar a candidatura do ex-ministro, Jo\u00e3o Roma (PL), ao governo da Bahia para tenta se aproximar do ex-prefeito de Salvador, ACM Neto (UB). Durante um encontro de campanha de Jer\u00f4nimo Rodrigues, chamado Programa de Governo Participativo (PGP), que ocorreu na \u00faltima\" \/>\n\t<meta name=\"robots\" content=\"max-image-preview:large\" \/>\n\t<meta name=\"author\" content=\"administrador\"\/>\n\t<link rel=\"canonical\" href=\"https:\/\/newsinfoco.com.br\/inicio\/jaques-wagner-diz-que-acm-neto-nao-tem-coragem-de-declarar-apoio-a-bolsonaro\/\" \/>\n\t<meta name=\"generator\" content=\"All in One SEO (AIOSEO) 4.9.10\" \/>\n\t\t<meta property=\"og:locale\" content=\"pt_BR\" \/>\n\t\t<meta property=\"og:site_name\" content=\"News In Foco - Editado por Caio Pimenta - O principal site de noticias de Alagoinhas e regi\u00e3o\" \/>\n\t\t<meta property=\"og:type\" content=\"article\" \/>\n\t\t<meta property=\"og:title\" content=\"Jaques Wagner diz que ACM Neto n\u00e3o tem coragem de declarar apoio a Bolsonaro - News In Foco - Editado por Caio Pimenta\" \/>\n\t\t<meta property=\"og:description\" content=\"O senador Jaques Wagner (PT) comentou sobre a possibilidade de o presidente Jair Bolsonaro deixar de apoiar a candidatura do ex-ministro, Jo\u00e3o Roma (PL), ao governo da Bahia para tenta se aproximar do ex-prefeito de Salvador, ACM Neto (UB). Durante um encontro de campanha de Jer\u00f4nimo Rodrigues, chamado Programa de Governo Participativo (PGP), que ocorreu na \u00faltima\" \/>\n\t\t<meta property=\"og:url\" content=\"https:\/\/newsinfoco.com.br\/inicio\/jaques-wagner-diz-que-acm-neto-nao-tem-coragem-de-declarar-apoio-a-bolsonaro\/\" \/>\n\t\t<meta property=\"article:published_time\" content=\"2022-05-24T13:58:31+00:00\" \/>\n\t\t<meta property=\"article:modified_time\" content=\"2022-05-24T13:58:31+00:00\" \/>\n\t\t<meta name=\"twitter:card\" content=\"summary_large_image\" \/>\n\t\t<meta name=\"twitter:title\" content=\"Jaques Wagner diz que ACM Neto n\u00e3o tem coragem de declarar apoio a Bolsonaro - News In Foco - Editado por Caio Pimenta\" \/>\n\t\t<meta name=\"twitter:description\" content=\"O senador Jaques Wagner (PT) comentou sobre a possibilidade de o presidente Jair Bolsonaro deixar de apoiar a candidatura do ex-ministro, Jo\u00e3o Roma (PL), ao governo da Bahia para tenta se aproximar do ex-prefeito de Salvador, ACM Neto (UB). Durante um encontro de campanha de Jer\u00f4nimo Rodrigues, chamado Programa de Governo Participativo (PGP), que ocorreu na \u00faltima\" \/>\n\t\t<script type=\"application\/ld+json\" class=\"aioseo-schema\">\n\t\t\t{\"@context\":\"https:\\\/\\\/schema.org\",\"@graph\":[{\"@type\":\"BlogPosting\",\"@id\":\"https:\\\/\\\/newsinfoco.com.br\\\/inicio\\\/jaques-wagner-diz-que-acm-neto-nao-tem-coragem-de-declarar-apoio-a-bolsonaro\\\/#blogposting\",\"name\":\"Jaques Wagner diz que ACM Neto n\\u00e3o tem coragem de declarar apoio a Bolsonaro - News In Foco - Editado por Caio Pimenta\",\"headline\":\"Jaques Wagner diz que ACM Neto n\\u00e3o tem coragem de declarar apoio a Bolsonaro\",\"author\":{\"@id\":\"https:\\\/\\\/newsinfoco.com.br\\\/inicio\\\/author\\\/administrador\\\/#author\"},\"publisher\":{\"@id\":\"https:\\\/\\\/newsinfoco.com.br\\\/inicio\\\/#organization\"},\"image\":{\"@type\":\"ImageObject\",\"url\":\"https:\\\/\\\/newsinfoco.com.br\\\/inicio\\\/wp-content\\\/uploads\\\/2022\\\/05\\\/wagneracmnetobolsonaro.png\",\"width\":894,\"height\":552},\"datePublished\":\"2022-05-24T10:58:31-03:00\",\"dateModified\":\"2022-05-24T10:58:31-03:00\",\"inLanguage\":\"pt-BR\",\"mainEntityOfPage\":{\"@id\":\"https:\\\/\\\/newsinfoco.com.br\\\/inicio\\\/jaques-wagner-diz-que-acm-neto-nao-tem-coragem-de-declarar-apoio-a-bolsonaro\\\/#webpage\"},\"isPartOf\":{\"@id\":\"https:\\\/\\\/newsinfoco.com.br\\\/inicio\\\/jaques-wagner-diz-que-acm-neto-nao-tem-coragem-de-declarar-apoio-a-bolsonaro\\\/#webpage\"},\"articleSection\":\"Bahia\"},{\"@type\":\"BreadcrumbList\",\"@id\":\"https:\\\/\\\/newsinfoco.com.br\\\/inicio\\\/jaques-wagner-diz-que-acm-neto-nao-tem-coragem-de-declarar-apoio-a-bolsonaro\\\/#breadcrumblist\",\"itemListElement\":[{\"@type\":\"ListItem\",\"@id\":\"https:\\\/\\\/newsinfoco.com.br\\\/inicio#listItem\",\"position\":1,\"name\":\"In\\u00edcio\",\"item\":\"https:\\\/\\\/newsinfoco.com.br\\\/inicio\",\"nextItem\":{\"@type\":\"ListItem\",\"@id\":\"https:\\\/\\\/newsinfoco.com.br\\\/inicio\\\/category\\\/bahia\\\/#listItem\",\"name\":\"Bahia\"}},{\"@type\":\"ListItem\",\"@id\":\"https:\\\/\\\/newsinfoco.com.br\\\/inicio\\\/category\\\/bahia\\\/#listItem\",\"position\":2,\"name\":\"Bahia\",\"item\":\"https:\\\/\\\/newsinfoco.com.br\\\/inicio\\\/category\\\/bahia\\\/\",\"nextItem\":{\"@type\":\"ListItem\",\"@id\":\"https:\\\/\\\/newsinfoco.com.br\\\/inicio\\\/jaques-wagner-diz-que-acm-neto-nao-tem-coragem-de-declarar-apoio-a-bolsonaro\\\/#listItem\",\"name\":\"Jaques Wagner diz que ACM Neto n\\u00e3o tem coragem de declarar apoio a Bolsonaro\"},\"previousItem\":{\"@type\":\"ListItem\",\"@id\":\"https:\\\/\\\/newsinfoco.com.br\\\/inicio#listItem\",\"name\":\"In\\u00edcio\"}},{\"@type\":\"ListItem\",\"@id\":\"https:\\\/\\\/newsinfoco.com.br\\\/inicio\\\/jaques-wagner-diz-que-acm-neto-nao-tem-coragem-de-declarar-apoio-a-bolsonaro\\\/#listItem\",\"position\":3,\"name\":\"Jaques Wagner diz que ACM Neto n\\u00e3o tem coragem de declarar apoio a Bolsonaro\",\"previousItem\":{\"@type\":\"ListItem\",\"@id\":\"https:\\\/\\\/newsinfoco.com.br\\\/inicio\\\/category\\\/bahia\\\/#listItem\",\"name\":\"Bahia\"}}]},{\"@type\":\"Organization\",\"@id\":\"https:\\\/\\\/newsinfoco.com.br\\\/inicio\\\/#organization\",\"name\":\"News In Foco - Editado por Caio Pimenta\",\"description\":\"O principal site de noticias de Alagoinhas e regi\\u00e3o\",\"url\":\"https:\\\/\\\/newsinfoco.com.br\\\/inicio\\\/\"},{\"@type\":\"Person\",\"@id\":\"https:\\\/\\\/newsinfoco.com.br\\\/inicio\\\/author\\\/administrador\\\/#author\",\"url\":\"https:\\\/\\\/newsinfoco.com.br\\\/inicio\\\/author\\\/administrador\\\/\",\"name\":\"administrador\",\"image\":{\"@type\":\"ImageObject\",\"@id\":\"https:\\\/\\\/newsinfoco.com.br\\\/inicio\\\/jaques-wagner-diz-que-acm-neto-nao-tem-coragem-de-declarar-apoio-a-bolsonaro\\\/#authorImage\",\"url\":\"https:\\\/\\\/secure.gravatar.com\\\/avatar\\\/c17a617433de8c1dc9584bb79aab7563b46f5bb7e1728c9b17d9cc3ce6a08e49?s=96&d=mm&r=g\",\"width\":96,\"height\":96,\"caption\":\"administrador\"}},{\"@type\":\"WebPage\",\"@id\":\"https:\\\/\\\/newsinfoco.com.br\\\/inicio\\\/jaques-wagner-diz-que-acm-neto-nao-tem-coragem-de-declarar-apoio-a-bolsonaro\\\/#webpage\",\"url\":\"https:\\\/\\\/newsinfoco.com.br\\\/inicio\\\/jaques-wagner-diz-que-acm-neto-nao-tem-coragem-de-declarar-apoio-a-bolsonaro\\\/\",\"name\":\"Jaques Wagner diz que ACM Neto n\\u00e3o tem coragem de declarar apoio a Bolsonaro - News In Foco - Editado por Caio Pimenta\",\"description\":\"O senador Jaques Wagner (PT) comentou sobre a possibilidade de o presidente Jair Bolsonaro deixar de apoiar a candidatura do ex-ministro, Jo\\u00e3o Roma (PL), ao governo da Bahia para tenta se aproximar do ex-prefeito de Salvador, ACM Neto (UB). Durante um encontro de campanha de Jer\\u00f4nimo Rodrigues, chamado Programa de Governo Participativo (PGP), que ocorreu na \\u00faltima\",\"inLanguage\":\"pt-BR\",\"isPartOf\":{\"@id\":\"https:\\\/\\\/newsinfoco.com.br\\\/inicio\\\/#website\"},\"breadcrumb\":{\"@id\":\"https:\\\/\\\/newsinfoco.com.br\\\/inicio\\\/jaques-wagner-diz-que-acm-neto-nao-tem-coragem-de-declarar-apoio-a-bolsonaro\\\/#breadcrumblist\"},\"author\":{\"@id\":\"https:\\\/\\\/newsinfoco.com.br\\\/inicio\\\/author\\\/administrador\\\/#author\"},\"creator\":{\"@id\":\"https:\\\/\\\/newsinfoco.com.br\\\/inicio\\\/author\\\/administrador\\\/#author\"},\"image\":{\"@type\":\"ImageObject\",\"url\":\"https:\\\/\\\/newsinfoco.com.br\\\/inicio\\\/wp-content\\\/uploads\\\/2022\\\/05\\\/wagneracmnetobolsonaro.png\",\"@id\":\"https:\\\/\\\/newsinfoco.com.br\\\/inicio\\\/jaques-wagner-diz-que-acm-neto-nao-tem-coragem-de-declarar-apoio-a-bolsonaro\\\/#mainImage\",\"width\":894,\"height\":552},\"primaryImageOfPage\":{\"@id\":\"https:\\\/\\\/newsinfoco.com.br\\\/inicio\\\/jaques-wagner-diz-que-acm-neto-nao-tem-coragem-de-declarar-apoio-a-bolsonaro\\\/#mainImage\"},\"datePublished\":\"2022-05-24T10:58:31-03:00\",\"dateModified\":\"2022-05-24T10:58:31-03:00\"},{\"@type\":\"WebSite\",\"@id\":\"https:\\\/\\\/newsinfoco.com.br\\\/inicio\\\/#website\",\"url\":\"https:\\\/\\\/newsinfoco.com.br\\\/inicio\\\/\",\"name\":\"News In Foco - Editado por Caio Pimenta\",\"description\":\"O principal site de noticias de Alagoinhas e regi\\u00e3o\",\"inLanguage\":\"pt-BR\",\"publisher\":{\"@id\":\"https:\\\/\\\/newsinfoco.com.br\\\/inicio\\\/#organization\"}}]}\n\t\t<\/script>\n\t\t<!-- All in One SEO -->\n\n","aioseo_head_json":{"title":"Jaques Wagner diz que ACM Neto n\u00e3o tem coragem de declarar apoio a Bolsonaro - News In Foco - Editado por Caio Pimenta","description":"O senador Jaques Wagner (PT) comentou sobre a possibilidade de o presidente Jair Bolsonaro deixar de apoiar a candidatura do ex-ministro, Jo\u00e3o Roma (PL), ao governo da Bahia para tenta se aproximar do ex-prefeito de Salvador, ACM Neto (UB). Durante um encontro de campanha de Jer\u00f4nimo Rodrigues, chamado Programa de Governo Participativo (PGP), que ocorreu na \u00faltima","canonical_url":"https:\/\/newsinfoco.com.br\/inicio\/jaques-wagner-diz-que-acm-neto-nao-tem-coragem-de-declarar-apoio-a-bolsonaro\/","robots":"max-image-preview:large","keywords":"","webmasterTools":{"miscellaneous":""},"schema":{"@context":"https:\/\/schema.org","@graph":[{"@type":"BlogPosting","@id":"https:\/\/newsinfoco.com.br\/inicio\/jaques-wagner-diz-que-acm-neto-nao-tem-coragem-de-declarar-apoio-a-bolsonaro\/#blogposting","name":"Jaques Wagner diz que ACM Neto n\u00e3o tem coragem de declarar apoio a Bolsonaro - News In Foco - Editado por Caio Pimenta","headline":"Jaques Wagner diz que ACM Neto n\u00e3o tem coragem de declarar apoio a Bolsonaro","author":{"@id":"https:\/\/newsinfoco.com.br\/inicio\/author\/administrador\/#author"},"publisher":{"@id":"https:\/\/newsinfoco.com.br\/inicio\/#organization"},"image":{"@type":"ImageObject","url":"https:\/\/newsinfoco.com.br\/inicio\/wp-content\/uploads\/2022\/05\/wagneracmnetobolsonaro.png","width":894,"height":552},"datePublished":"2022-05-24T10:58:31-03:00","dateModified":"2022-05-24T10:58:31-03:00","inLanguage":"pt-BR","mainEntityOfPage":{"@id":"https:\/\/newsinfoco.com.br\/inicio\/jaques-wagner-diz-que-acm-neto-nao-tem-coragem-de-declarar-apoio-a-bolsonaro\/#webpage"},"isPartOf":{"@id":"https:\/\/newsinfoco.com.br\/inicio\/jaques-wagner-diz-que-acm-neto-nao-tem-coragem-de-declarar-apoio-a-bolsonaro\/#webpage"},"articleSection":"Bahia"},{"@type":"BreadcrumbList","@id":"https:\/\/newsinfoco.com.br\/inicio\/jaques-wagner-diz-que-acm-neto-nao-tem-coragem-de-declarar-apoio-a-bolsonaro\/#breadcrumblist","itemListElement":[{"@type":"ListItem","@id":"https:\/\/newsinfoco.com.br\/inicio#listItem","position":1,"name":"In\u00edcio","item":"https:\/\/newsinfoco.com.br\/inicio","nextItem":{"@type":"ListItem","@id":"https:\/\/newsinfoco.com.br\/inicio\/category\/bahia\/#listItem","name":"Bahia"}},{"@type":"ListItem","@id":"https:\/\/newsinfoco.com.br\/inicio\/category\/bahia\/#listItem","position":2,"name":"Bahia","item":"https:\/\/newsinfoco.com.br\/inicio\/category\/bahia\/","nextItem":{"@type":"ListItem","@id":"https:\/\/newsinfoco.com.br\/inicio\/jaques-wagner-diz-que-acm-neto-nao-tem-coragem-de-declarar-apoio-a-bolsonaro\/#listItem","name":"Jaques Wagner diz que ACM Neto n\u00e3o tem coragem de declarar apoio a Bolsonaro"},"previousItem":{"@type":"ListItem","@id":"https:\/\/newsinfoco.com.br\/inicio#listItem","name":"In\u00edcio"}},{"@type":"ListItem","@id":"https:\/\/newsinfoco.com.br\/inicio\/jaques-wagner-diz-que-acm-neto-nao-tem-coragem-de-declarar-apoio-a-bolsonaro\/#listItem","position":3,"name":"Jaques Wagner diz que ACM Neto n\u00e3o tem coragem de declarar apoio a Bolsonaro","previousItem":{"@type":"ListItem","@id":"https:\/\/newsinfoco.com.br\/inicio\/category\/bahia\/#listItem","name":"Bahia"}}]},{"@type":"Organization","@id":"https:\/\/newsinfoco.com.br\/inicio\/#organization","name":"News In Foco - Editado por Caio Pimenta","description":"O principal site de noticias de Alagoinhas e regi\u00e3o","url":"https:\/\/newsinfoco.com.br\/inicio\/"},{"@type":"Person","@id":"https:\/\/newsinfoco.com.br\/inicio\/author\/administrador\/#author","url":"https:\/\/newsinfoco.com.br\/inicio\/author\/administrador\/","name":"administrador","image":{"@type":"ImageObject","@id":"https:\/\/newsinfoco.com.br\/inicio\/jaques-wagner-diz-que-acm-neto-nao-tem-coragem-de-declarar-apoio-a-bolsonaro\/#authorImage","url":"https:\/\/secure.gravatar.com\/avatar\/c17a617433de8c1dc9584bb79aab7563b46f5bb7e1728c9b17d9cc3ce6a08e49?s=96&d=mm&r=g","width":96,"height":96,"caption":"administrador"}},{"@type":"WebPage","@id":"https:\/\/newsinfoco.com.br\/inicio\/jaques-wagner-diz-que-acm-neto-nao-tem-coragem-de-declarar-apoio-a-bolsonaro\/#webpage","url":"https:\/\/newsinfoco.com.br\/inicio\/jaques-wagner-diz-que-acm-neto-nao-tem-coragem-de-declarar-apoio-a-bolsonaro\/","name":"Jaques Wagner diz que ACM Neto n\u00e3o tem coragem de declarar apoio a Bolsonaro - News In Foco - Editado por Caio Pimenta","description":"O senador Jaques Wagner (PT) comentou sobre a possibilidade de o presidente Jair Bolsonaro deixar de apoiar a candidatura do ex-ministro, Jo\u00e3o Roma (PL), ao governo da Bahia para tenta se aproximar do ex-prefeito de Salvador, ACM Neto (UB). Durante um encontro de campanha de Jer\u00f4nimo Rodrigues, chamado Programa de Governo Participativo (PGP), que ocorreu na \u00faltima","inLanguage":"pt-BR","isPartOf":{"@id":"https:\/\/newsinfoco.com.br\/inicio\/#website"},"breadcrumb":{"@id":"https:\/\/newsinfoco.com.br\/inicio\/jaques-wagner-diz-que-acm-neto-nao-tem-coragem-de-declarar-apoio-a-bolsonaro\/#breadcrumblist"},"author":{"@id":"https:\/\/newsinfoco.com.br\/inicio\/author\/administrador\/#author"},"creator":{"@id":"https:\/\/newsinfoco.com.br\/inicio\/author\/administrador\/#author"},"image":{"@type":"ImageObject","url":"https:\/\/newsinfoco.com.br\/inicio\/wp-content\/uploads\/2022\/05\/wagneracmnetobolsonaro.png","@id":"https:\/\/newsinfoco.com.br\/inicio\/jaques-wagner-diz-que-acm-neto-nao-tem-coragem-de-declarar-apoio-a-bolsonaro\/#mainImage","width":894,"height":552},"primaryImageOfPage":{"@id":"https:\/\/newsinfoco.com.br\/inicio\/jaques-wagner-diz-que-acm-neto-nao-tem-coragem-de-declarar-apoio-a-bolsonaro\/#mainImage"},"datePublished":"2022-05-24T10:58:31-03:00","dateModified":"2022-05-24T10:58:31-03:00"},{"@type":"WebSite","@id":"https:\/\/newsinfoco.com.br\/inicio\/#website","url":"https:\/\/newsinfoco.com.br\/inicio\/","name":"News In Foco - Editado por Caio Pimenta","description":"O principal site de noticias de Alagoinhas e regi\u00e3o","inLanguage":"pt-BR","publisher":{"@id":"https:\/\/newsinfoco.com.br\/inicio\/#organization"}}]},"og:locale":"pt_BR","og:site_name":"News In Foco - Editado por Caio Pimenta - O principal site de noticias de Alagoinhas e regi\u00e3o","og:type":"article","og:title":"Jaques Wagner diz que ACM Neto n\u00e3o tem coragem de declarar apoio a Bolsonaro - News In Foco - Editado por Caio Pimenta","og:description":"O senador Jaques Wagner (PT) comentou sobre a possibilidade de o presidente Jair Bolsonaro deixar de apoiar a candidatura do ex-ministro, Jo\u00e3o Roma (PL), ao governo da Bahia para tenta se aproximar do ex-prefeito de Salvador, ACM Neto (UB). Durante um encontro de campanha de Jer\u00f4nimo Rodrigues, chamado Programa de Governo Participativo (PGP), que ocorreu na \u00faltima","og:url":"https:\/\/newsinfoco.com.br\/inicio\/jaques-wagner-diz-que-acm-neto-nao-tem-coragem-de-declarar-apoio-a-bolsonaro\/","article:published_time":"2022-05-24T13:58:31+00:00","article:modified_time":"2022-05-24T13:58:31+00:00","twitter:card":"summary_large_image","twitter:title":"Jaques Wagner diz que ACM Neto n\u00e3o tem coragem de declarar apoio a Bolsonaro - News In Foco - Editado por Caio Pimenta","twitter:description":"O senador Jaques Wagner (PT) comentou sobre a possibilidade de o presidente Jair Bolsonaro deixar de apoiar a candidatura do ex-ministro, Jo\u00e3o Roma (PL), ao governo da Bahia para tenta se aproximar do ex-prefeito de Salvador, ACM Neto (UB). Durante um encontro de campanha de Jer\u00f4nimo Rodrigues, chamado Programa de Governo Participativo (PGP), que ocorreu na \u00faltima"},"aioseo_meta_data":{"post_id":"30192","title":null,"description":null,"keywords":null,"keyphrases":null,"primary_term":null,"canonical_url":null,"og_title":null,"og_description":null,"og_object_type":"default","og_image_type":"default","og_image_url":null,"og_image_width":null,"og_image_height":null,"og_image_custom_url":null,"og_image_custom_fields":null,"og_video":null,"og_custom_url":null,"og_article_section":null,"og_article_tags":null,"twitter_use_og":false,"twitter_card":"default","twitter_image_type":"default","twitter_image_url":null,"twitter_image_custom_url":null,"twitter_image_custom_fields":null,"twitter_title":null,"twitter_description":null,"schema":{"blockGraphs":[],"customGraphs":[],"default":{"data":{"Article":[],"Course":[],"Dataset":[],"FAQPage":[],"Movie":[],"Person":[],"Product":[],"ProductReview":[],"Car":[],"Recipe":[],"Service":[],"SoftwareApplication":[],"WebPage":[]},"graphName":"","isEnabled":true},"graphs":[]},"schema_type":"default","schema_type_options":null,"pillar_content":false,"robots_default":true,"robots_noindex":false,"robots_noarchive":false,"robots_nosnippet":false,"robots_nofollow":false,"robots_noimageindex":false,"robots_noodp":false,"robots_notranslate":false,"robots_max_snippet":null,"robots_max_videopreview":null,"robots_max_imagepreview":"large","priority":null,"frequency":null,"local_seo":null,"breadcrumb_settings":null,"limit_modified_date":false,"ai":null,"created":"2023-06-12 21:25:44","updated":"2025-07-11 07:42:45","seo_analyzer_scan_date":null},"aioseo_breadcrumb":"<div class=\"aioseo-breadcrumbs\"><span class=\"aioseo-breadcrumb\">\n\t\t\t<a href=\"https:\/\/newsinfoco.com.br\/inicio\" title=\"In\u00edcio\">In\u00edcio<\/a>\n\t\t<\/span><span class=\"aioseo-breadcrumb-separator\">&raquo;<\/span><span class=\"aioseo-breadcrumb\">\n\t\t\t<a href=\"https:\/\/newsinfoco.com.br\/inicio\/category\/bahia\/\" title=\"Bahia\">Bahia<\/a>\n\t\t<\/span><span class=\"aioseo-breadcrumb-separator\">&raquo;<\/span><span class=\"aioseo-breadcrumb\">\n\t\t\tJaques Wagner diz que ACM Neto n\u00e3o tem coragem de declarar apoio a Bolsonaro\n\t\t<\/span><\/div>","aioseo_breadcrumb_json":[{"label":"In\u00edcio","link":"https:\/\/newsinfoco.com.br\/inicio"},{"label":"Bahia","link":"https:\/\/newsinfoco.com.br\/inicio\/category\/bahia\/"},{"label":"Jaques Wagner diz que ACM Neto n\u00e3o tem coragem de declarar apoio a Bolsonaro","link":"https:\/\/newsinfoco.com.br\/inicio\/jaques-wagner-diz-que-acm-neto-nao-tem-coragem-de-declarar-apoio-a-bolsonaro\/"}],"_links":{"self":[{"href":"https:\/\/newsinfoco.com.br\/inicio\/wp-json\/wp\/v2\/posts\/30192","targetHints":{"allow":["GET"]}}],"collection":[{"href":"https:\/\/newsinfoco.com.br\/inicio\/wp-json\/wp\/v2\/posts"}],"about":[{"href":"https:\/\/newsinfoco.com.br\/inicio\/wp-json\/wp\/v2\/types\/post"}],"author":[{"embeddable":true,"href":"https:\/\/newsinfoco.com.br\/inicio\/wp-json\/wp\/v2\/users\/1"}],"replies":[{"embeddable":true,"href":"https:\/\/newsinfoco.com.br\/inicio\/wp-json\/wp\/v2\/comments?post=30192"}],"version-history":[{"count":1,"href":"https:\/\/newsinfoco.com.br\/inicio\/wp-json\/wp\/v2\/posts\/30192\/revisions"}],"predecessor-version":[{"id":30194,"href":"https:\/\/newsinfoco.com.br\/inicio\/wp-json\/wp\/v2\/posts\/30192\/revisions\/30194"}],"wp:featuredmedia":[{"embeddable":true,"href":"https:\/\/newsinfoco.com.br\/inicio\/wp-json\/wp\/v2\/media\/30193"}],"wp:attachment":[{"href":"https:\/\/newsinfoco.com.br\/inicio\/wp-json\/wp\/v2\/media?parent=30192"}],"wp:term":[{"taxonomy":"category","embeddable":true,"href":"https:\/\/newsinfoco.com.br\/inicio\/wp-json\/wp\/v2\/categories?post=30192"},{"taxonomy":"post_tag","embeddable":true,"href":"https:\/\/newsinfoco.com.br\/inicio\/wp-json\/wp\/v2\/tags?post=30192"}],"curies":[{"name":"wp","href":"https:\/\/api.w.org\/{rel}","templated":true}]}}