{"id":30195,"date":"2022-05-24T13:45:10","date_gmt":"2022-05-24T16:45:10","guid":{"rendered":"https:\/\/newsinfoco.com.br\/inicio\/?p=30195"},"modified":"2022-05-24T13:45:10","modified_gmt":"2022-05-24T16:45:10","slug":"if-baiano-abre-vagas-para-curso-de-mei-gratuito-em-salvador-alagoinhas-e-camacari","status":"publish","type":"post","link":"https:\/\/newsinfoco.com.br\/inicio\/if-baiano-abre-vagas-para-curso-de-mei-gratuito-em-salvador-alagoinhas-e-camacari\/","title":{"rendered":"IF Baiano abre vagas para curso de MEI gratuito em Salvador, Alagoinhas e Cama\u00e7ari"},"content":{"rendered":"<p dir=\"ltr\">O IF Baiano abriu novas vagas para o curso gratuito de qualifica\u00e7\u00e3o profissional Microempreendedor Individual (MEI), ofertado por meio do Programa Qualifica Mais Progredir. Neste novo edital, ser\u00e3o selecionadas 1440 pessoas para o curso, que \u00e9 ofertado de forma presencial nos munic\u00edpios de Alagoinhas, Cama\u00e7ari e Salvador. As vagas s\u00e3o para ingresso no segundo semestre de 2022.<\/p>\n<p dir=\"ltr\">Estudantes matriculados em Alagoinhas e Cama\u00e7ari ir\u00e3o receber bolsa no valor total de R$700,00. J\u00e1 os matriculados em Salvador, receber\u00e3o bolsa no valor de R$850,00. O benef\u00edcio \u00e9 pago aos estudantes em duas parcelas, mediante o cumprimento de 80% de frequ\u00eancia ao final de cada m\u00eas de aulas.<\/p>\n<h4 dir=\"ltr\"><strong>Inscri\u00e7\u00f5es<\/strong><\/h4>\n<p dir=\"ltr\">Para concorrer, interessados devem manifestar interesse na vaga, por meio do preenchimento deste<a href=\"https:\/\/docs.google.com\/forms\/d\/e\/1FAIpQLSdsbMoMv0Z-AKyyX-KBpttE7893sBQrj7Ofxkg_w_JPYTPo7g\/viewform\" target=\"_blank\" rel=\"noopener noreferrer\"> formul\u00e1rio de inscri\u00e7\u00e3o<\/a>, no per\u00edodo de 24 de maio a 5 de junho. \u00c9 pr\u00e9-requisito para a participa\u00e7\u00e3o, ter 18 anos, Ensino Fundamental completo e estar inscrito no Aux\u00edlio Brasil ou no Cad\u00danico.<\/p>\n<p dir=\"ltr\">No ato da inscri\u00e7\u00e3o, dever\u00e3o ser enviadas as c\u00f3pias dos seguintes documentos: Cart\u00e3o NIS, RG, CPF, comprovante de resid\u00eancia, comprovante de escolaridade, certificado de vacina\u00e7\u00e3o contra covid-19 e comprovante banc\u00e1rio.<\/p>\n<p dir=\"ltr\">Os candidatos ser\u00e3o selecionados por ordem de inscri\u00e7\u00e3o.<\/p>\n<h4 dir=\"ltr\"><strong>Sobre o curso<\/strong><\/h4>\n<p dir=\"ltr\">O curso Microempreendedor Individual possui carga hor\u00e1ria de 160h, com dura\u00e7\u00e3o de 2 meses, e ser\u00e1 ofertado em modalidade Presencial, com aulas de segunda a sexta. O in\u00edcio das turmas est\u00e1 previsto para o final de junho.<\/p>\n<p dir=\"ltr\">Das 1440 vagas dispon\u00edveis, 300 s\u00e3o para Alagoinhas, 300 para Cama\u00e7ari e 840 para Salvador. A oportunidade \u00e9 aberta a todos os p\u00fablicos, mas especialmente a trabalhadores informais, atuantes na Bahia.<\/p>\n<p dir=\"ltr\">O objetivo do curso \u00e9 formar microempreendedores individuais, despertando potencialidades e conscientizando sobre os benef\u00edcios da regulariza\u00e7\u00e3o das atividades empresariais. Ainda, a iniciativa visa fortalecer e valorizar os sistemas produtivos da Bahia.<\/p>\n<p dir=\"ltr\">Em mar\u00e7o deste ano, foi aberta a primeira turma, que ir\u00e1 concluir o curso nos pr\u00f3ximos dias. &#8220;Esse primeiro ciclo nos serviu de laborat\u00f3rio. Buscamos explorar o contato com os alunos, investigar os arranjos produtivos, criar redes colaborativas de neg\u00f3cio, aproveitando o potencial empreendedor de cada um dos estudantes para transformar as suas realidades&#8221;, comentou o coordenador adjunto do curso em Cama\u00e7ari, Lu\u00eds Henrique Gomes.<\/p>\n<p dir=\"ltr\">Segundo ele, o empreendedorismo pode ser uma porta de entrada para os ciclos produtivos locais. Assim, o curso ajuda a aprimorar a qualidade da atividade empreendedora e o que os alunos podem oferecer ao mercado consumidor, transformando a sua realidade e a vida de sua comunidade.<\/p>\n<p dir=\"ltr\">O curso tem disciplinas de plano de neg\u00f3cios, t\u00e9cnicas de vendas, legisla\u00e7\u00e3o, administra\u00e7\u00e3o, marketing, entre outras. Para a aluna Ana Paula Souza, planejamento e conhecimento sobre empreendedorismo faz toda diferen\u00e7a para o microempreendedor. &#8220;Aprendi sobre MEI para quem quer ser microempreendedor, pois n\u00e3o sabia suas diretrizes, e aprendi tamb\u00e9m como o marketing digital bem elaborado pode alavancar nosso empreendimento&#8221;, contou.<\/p>\n<h4 dir=\"ltr\">Mais informa\u00e7\u00f5es<\/h4>\n<p dir=\"ltr\">Para conhecer todos os detalhes sobre a sele\u00e7\u00e3o, leia o <strong>edital<\/strong> em:<\/p>\n<p dir=\"ltr\"><strong><a href=\"https:\/\/concurso.ifbaiano.edu.br\/portal\/qualifica-mais-maio-2022\/\">https:\/\/concurso.ifbaiano.edu.br\/portal\/qualifica-mais-maio-2022\/<\/a><\/strong><\/p>\n<p dir=\"ltr\">D\u00favidas podem ser encaminhadas para o e-mail: qualificamais.progredir@gmail.com<\/p>\n<div class='share-to-whatsapp-wrapper'><div class='share-on-whsp'>Share on: <\/div><a data-text='IF Baiano abre vagas para curso de MEI gratuito em Salvador, Alagoinhas e Cama\u00e7ari' data-link='https:\/\/newsinfoco.com.br\/inicio\/if-baiano-abre-vagas-para-curso-de-mei-gratuito-em-salvador-alagoinhas-e-camacari\/' class='whatsapp-button whatsapp-share'>WhatsApp<\/a><div class='clear '><\/div><\/div>","protected":false},"excerpt":{"rendered":"<p>O IF Baiano abriu novas vagas para o curso gratuito de qualifica\u00e7\u00e3o profissional Microempreendedor Individual (MEI), ofertado por meio do Programa Qualifica Mais Progredir. Neste novo edital, ser\u00e3o selecionadas 1440 pessoas para o curso, que \u00e9 ofertado de forma presencial nos munic\u00edpios de Alagoinhas, Cama\u00e7ari e Salvador. As vagas s\u00e3o para ingresso no segundo semestre [&hellip;]<\/p>\n","protected":false},"author":1,"featured_media":30196,"comment_status":"closed","ping_status":"closed","sticky":false,"template":"","format":"standard","meta":{"om_disable_all_campaigns":false,"rop_custom_images_group":[],"rop_custom_messages_group":[],"rop_publish_now":"initial","rop_publish_now_accounts":[],"rop_publish_now_history":[],"rop_publish_now_status":"pending","_exactmetrics_skip_tracking":false,"footnotes":""},"categories":[38,167],"tags":[],"class_list":["post-30195","post","type-post","status-publish","format-standard","has-post-thumbnail","hentry","category-alagoinhas-e-regiao","category-exclusivas"],"aioseo_notices":[],"aioseo_head":"\n\t\t<!-- All in One SEO 4.9.10 - aioseo.com -->\n\t<meta name=\"description\" content=\"O IF Baiano abriu novas vagas para o curso gratuito de qualifica\u00e7\u00e3o profissional Microempreendedor Individual (MEI), ofertado por meio do Programa Qualifica Mais Progredir. Neste novo edital, ser\u00e3o selecionadas 1440 pessoas para o curso, que \u00e9 ofertado de forma presencial nos munic\u00edpios de Alagoinhas, Cama\u00e7ari e Salvador. As vagas s\u00e3o para ingresso no segundo semestre\" \/>\n\t<meta name=\"robots\" content=\"max-image-preview:large\" \/>\n\t<meta name=\"author\" content=\"administrador\"\/>\n\t<link rel=\"canonical\" href=\"https:\/\/newsinfoco.com.br\/inicio\/if-baiano-abre-vagas-para-curso-de-mei-gratuito-em-salvador-alagoinhas-e-camacari\/\" \/>\n\t<meta name=\"generator\" content=\"All in One SEO (AIOSEO) 4.9.10\" \/>\n\t\t<meta property=\"og:locale\" content=\"pt_BR\" \/>\n\t\t<meta property=\"og:site_name\" content=\"News In Foco - Editado por Caio Pimenta - O principal site de noticias de Alagoinhas e regi\u00e3o\" \/>\n\t\t<meta property=\"og:type\" content=\"article\" \/>\n\t\t<meta property=\"og:title\" content=\"IF Baiano abre vagas para curso de MEI gratuito em Salvador, Alagoinhas e Cama\u00e7ari - News In Foco - Editado por Caio Pimenta\" \/>\n\t\t<meta property=\"og:description\" content=\"O IF Baiano abriu novas vagas para o curso gratuito de qualifica\u00e7\u00e3o profissional Microempreendedor Individual (MEI), ofertado por meio do Programa Qualifica Mais Progredir. Neste novo edital, ser\u00e3o selecionadas 1440 pessoas para o curso, que \u00e9 ofertado de forma presencial nos munic\u00edpios de Alagoinhas, Cama\u00e7ari e Salvador. As vagas s\u00e3o para ingresso no segundo semestre\" \/>\n\t\t<meta property=\"og:url\" content=\"https:\/\/newsinfoco.com.br\/inicio\/if-baiano-abre-vagas-para-curso-de-mei-gratuito-em-salvador-alagoinhas-e-camacari\/\" \/>\n\t\t<meta property=\"article:published_time\" content=\"2022-05-24T16:45:10+00:00\" \/>\n\t\t<meta property=\"article:modified_time\" content=\"2022-05-24T16:45:10+00:00\" \/>\n\t\t<meta name=\"twitter:card\" content=\"summary_large_image\" \/>\n\t\t<meta name=\"twitter:title\" content=\"IF Baiano abre vagas para curso de MEI gratuito em Salvador, Alagoinhas e Cama\u00e7ari - News In Foco - Editado por Caio Pimenta\" \/>\n\t\t<meta name=\"twitter:description\" content=\"O IF Baiano abriu novas vagas para o curso gratuito de qualifica\u00e7\u00e3o profissional Microempreendedor Individual (MEI), ofertado por meio do Programa Qualifica Mais Progredir. Neste novo edital, ser\u00e3o selecionadas 1440 pessoas para o curso, que \u00e9 ofertado de forma presencial nos munic\u00edpios de Alagoinhas, Cama\u00e7ari e Salvador. As vagas s\u00e3o para ingresso no segundo semestre\" \/>\n\t\t<script type=\"application\/ld+json\" class=\"aioseo-schema\">\n\t\t\t{\"@context\":\"https:\\\/\\\/schema.org\",\"@graph\":[{\"@type\":\"BlogPosting\",\"@id\":\"https:\\\/\\\/newsinfoco.com.br\\\/inicio\\\/if-baiano-abre-vagas-para-curso-de-mei-gratuito-em-salvador-alagoinhas-e-camacari\\\/#blogposting\",\"name\":\"IF Baiano abre vagas para curso de MEI gratuito em Salvador, Alagoinhas e Cama\\u00e7ari - News In Foco - Editado por Caio Pimenta\",\"headline\":\"IF Baiano abre vagas para curso de MEI gratuito em Salvador, Alagoinhas e Cama\\u00e7ari\",\"author\":{\"@id\":\"https:\\\/\\\/newsinfoco.com.br\\\/inicio\\\/author\\\/administrador\\\/#author\"},\"publisher\":{\"@id\":\"https:\\\/\\\/newsinfoco.com.br\\\/inicio\\\/#organization\"},\"image\":{\"@type\":\"ImageObject\",\"url\":\"https:\\\/\\\/newsinfoco.com.br\\\/inicio\\\/wp-content\\\/uploads\\\/2022\\\/05\\\/Curso-Microempreendedor-Individual-Qualifica-Mais-Progredir-IF-Baiano-1.jpeg\",\"width\":1177,\"height\":853},\"datePublished\":\"2022-05-24T13:45:10-03:00\",\"dateModified\":\"2022-05-24T13:45:10-03:00\",\"inLanguage\":\"pt-BR\",\"mainEntityOfPage\":{\"@id\":\"https:\\\/\\\/newsinfoco.com.br\\\/inicio\\\/if-baiano-abre-vagas-para-curso-de-mei-gratuito-em-salvador-alagoinhas-e-camacari\\\/#webpage\"},\"isPartOf\":{\"@id\":\"https:\\\/\\\/newsinfoco.com.br\\\/inicio\\\/if-baiano-abre-vagas-para-curso-de-mei-gratuito-em-salvador-alagoinhas-e-camacari\\\/#webpage\"},\"articleSection\":\"Alagoinhas e Regi\\u00e3o, Manchete\"},{\"@type\":\"BreadcrumbList\",\"@id\":\"https:\\\/\\\/newsinfoco.com.br\\\/inicio\\\/if-baiano-abre-vagas-para-curso-de-mei-gratuito-em-salvador-alagoinhas-e-camacari\\\/#breadcrumblist\",\"itemListElement\":[{\"@type\":\"ListItem\",\"@id\":\"https:\\\/\\\/newsinfoco.com.br\\\/inicio#listItem\",\"position\":1,\"name\":\"In\\u00edcio\",\"item\":\"https:\\\/\\\/newsinfoco.com.br\\\/inicio\",\"nextItem\":{\"@type\":\"ListItem\",\"@id\":\"https:\\\/\\\/newsinfoco.com.br\\\/inicio\\\/category\\\/alagoinhas-e-regiao\\\/#listItem\",\"name\":\"Alagoinhas e Regi\\u00e3o\"}},{\"@type\":\"ListItem\",\"@id\":\"https:\\\/\\\/newsinfoco.com.br\\\/inicio\\\/category\\\/alagoinhas-e-regiao\\\/#listItem\",\"position\":2,\"name\":\"Alagoinhas e Regi\\u00e3o\",\"item\":\"https:\\\/\\\/newsinfoco.com.br\\\/inicio\\\/category\\\/alagoinhas-e-regiao\\\/\",\"nextItem\":{\"@type\":\"ListItem\",\"@id\":\"https:\\\/\\\/newsinfoco.com.br\\\/inicio\\\/if-baiano-abre-vagas-para-curso-de-mei-gratuito-em-salvador-alagoinhas-e-camacari\\\/#listItem\",\"name\":\"IF Baiano abre vagas para curso de MEI gratuito em Salvador, Alagoinhas e Cama\\u00e7ari\"},\"previousItem\":{\"@type\":\"ListItem\",\"@id\":\"https:\\\/\\\/newsinfoco.com.br\\\/inicio#listItem\",\"name\":\"In\\u00edcio\"}},{\"@type\":\"ListItem\",\"@id\":\"https:\\\/\\\/newsinfoco.com.br\\\/inicio\\\/if-baiano-abre-vagas-para-curso-de-mei-gratuito-em-salvador-alagoinhas-e-camacari\\\/#listItem\",\"position\":3,\"name\":\"IF Baiano abre vagas para curso de MEI gratuito em Salvador, Alagoinhas e Cama\\u00e7ari\",\"previousItem\":{\"@type\":\"ListItem\",\"@id\":\"https:\\\/\\\/newsinfoco.com.br\\\/inicio\\\/category\\\/alagoinhas-e-regiao\\\/#listItem\",\"name\":\"Alagoinhas e Regi\\u00e3o\"}}]},{\"@type\":\"Organization\",\"@id\":\"https:\\\/\\\/newsinfoco.com.br\\\/inicio\\\/#organization\",\"name\":\"News In Foco - Editado por Caio Pimenta\",\"description\":\"O principal site de noticias de Alagoinhas e regi\\u00e3o\",\"url\":\"https:\\\/\\\/newsinfoco.com.br\\\/inicio\\\/\"},{\"@type\":\"Person\",\"@id\":\"https:\\\/\\\/newsinfoco.com.br\\\/inicio\\\/author\\\/administrador\\\/#author\",\"url\":\"https:\\\/\\\/newsinfoco.com.br\\\/inicio\\\/author\\\/administrador\\\/\",\"name\":\"administrador\",\"image\":{\"@type\":\"ImageObject\",\"@id\":\"https:\\\/\\\/newsinfoco.com.br\\\/inicio\\\/if-baiano-abre-vagas-para-curso-de-mei-gratuito-em-salvador-alagoinhas-e-camacari\\\/#authorImage\",\"url\":\"https:\\\/\\\/secure.gravatar.com\\\/avatar\\\/c17a617433de8c1dc9584bb79aab7563b46f5bb7e1728c9b17d9cc3ce6a08e49?s=96&d=mm&r=g\",\"width\":96,\"height\":96,\"caption\":\"administrador\"}},{\"@type\":\"WebPage\",\"@id\":\"https:\\\/\\\/newsinfoco.com.br\\\/inicio\\\/if-baiano-abre-vagas-para-curso-de-mei-gratuito-em-salvador-alagoinhas-e-camacari\\\/#webpage\",\"url\":\"https:\\\/\\\/newsinfoco.com.br\\\/inicio\\\/if-baiano-abre-vagas-para-curso-de-mei-gratuito-em-salvador-alagoinhas-e-camacari\\\/\",\"name\":\"IF Baiano abre vagas para curso de MEI gratuito em Salvador, Alagoinhas e Cama\\u00e7ari - News In Foco - Editado por Caio Pimenta\",\"description\":\"O IF Baiano abriu novas vagas para o curso gratuito de qualifica\\u00e7\\u00e3o profissional Microempreendedor Individual (MEI), ofertado por meio do Programa Qualifica Mais Progredir. Neste novo edital, ser\\u00e3o selecionadas 1440 pessoas para o curso, que \\u00e9 ofertado de forma presencial nos munic\\u00edpios de Alagoinhas, Cama\\u00e7ari e Salvador. As vagas s\\u00e3o para ingresso no segundo semestre\",\"inLanguage\":\"pt-BR\",\"isPartOf\":{\"@id\":\"https:\\\/\\\/newsinfoco.com.br\\\/inicio\\\/#website\"},\"breadcrumb\":{\"@id\":\"https:\\\/\\\/newsinfoco.com.br\\\/inicio\\\/if-baiano-abre-vagas-para-curso-de-mei-gratuito-em-salvador-alagoinhas-e-camacari\\\/#breadcrumblist\"},\"author\":{\"@id\":\"https:\\\/\\\/newsinfoco.com.br\\\/inicio\\\/author\\\/administrador\\\/#author\"},\"creator\":{\"@id\":\"https:\\\/\\\/newsinfoco.com.br\\\/inicio\\\/author\\\/administrador\\\/#author\"},\"image\":{\"@type\":\"ImageObject\",\"url\":\"https:\\\/\\\/newsinfoco.com.br\\\/inicio\\\/wp-content\\\/uploads\\\/2022\\\/05\\\/Curso-Microempreendedor-Individual-Qualifica-Mais-Progredir-IF-Baiano-1.jpeg\",\"@id\":\"https:\\\/\\\/newsinfoco.com.br\\\/inicio\\\/if-baiano-abre-vagas-para-curso-de-mei-gratuito-em-salvador-alagoinhas-e-camacari\\\/#mainImage\",\"width\":1177,\"height\":853},\"primaryImageOfPage\":{\"@id\":\"https:\\\/\\\/newsinfoco.com.br\\\/inicio\\\/if-baiano-abre-vagas-para-curso-de-mei-gratuito-em-salvador-alagoinhas-e-camacari\\\/#mainImage\"},\"datePublished\":\"2022-05-24T13:45:10-03:00\",\"dateModified\":\"2022-05-24T13:45:10-03:00\"},{\"@type\":\"WebSite\",\"@id\":\"https:\\\/\\\/newsinfoco.com.br\\\/inicio\\\/#website\",\"url\":\"https:\\\/\\\/newsinfoco.com.br\\\/inicio\\\/\",\"name\":\"News In Foco - Editado por Caio Pimenta\",\"description\":\"O principal site de noticias de Alagoinhas e regi\\u00e3o\",\"inLanguage\":\"pt-BR\",\"publisher\":{\"@id\":\"https:\\\/\\\/newsinfoco.com.br\\\/inicio\\\/#organization\"}}]}\n\t\t<\/script>\n\t\t<!-- All in One SEO -->\n\n","aioseo_head_json":{"title":"IF Baiano abre vagas para curso de MEI gratuito em Salvador, Alagoinhas e Cama\u00e7ari - News In Foco - Editado por Caio Pimenta","description":"O IF Baiano abriu novas vagas para o curso gratuito de qualifica\u00e7\u00e3o profissional Microempreendedor Individual (MEI), ofertado por meio do Programa Qualifica Mais Progredir. Neste novo edital, ser\u00e3o selecionadas 1440 pessoas para o curso, que \u00e9 ofertado de forma presencial nos munic\u00edpios de Alagoinhas, Cama\u00e7ari e Salvador. As vagas s\u00e3o para ingresso no segundo semestre","canonical_url":"https:\/\/newsinfoco.com.br\/inicio\/if-baiano-abre-vagas-para-curso-de-mei-gratuito-em-salvador-alagoinhas-e-camacari\/","robots":"max-image-preview:large","keywords":"","webmasterTools":{"miscellaneous":""},"schema":{"@context":"https:\/\/schema.org","@graph":[{"@type":"BlogPosting","@id":"https:\/\/newsinfoco.com.br\/inicio\/if-baiano-abre-vagas-para-curso-de-mei-gratuito-em-salvador-alagoinhas-e-camacari\/#blogposting","name":"IF Baiano abre vagas para curso de MEI gratuito em Salvador, Alagoinhas e Cama\u00e7ari - News In Foco - Editado por Caio Pimenta","headline":"IF Baiano abre vagas para curso de MEI gratuito em Salvador, Alagoinhas e Cama\u00e7ari","author":{"@id":"https:\/\/newsinfoco.com.br\/inicio\/author\/administrador\/#author"},"publisher":{"@id":"https:\/\/newsinfoco.com.br\/inicio\/#organization"},"image":{"@type":"ImageObject","url":"https:\/\/newsinfoco.com.br\/inicio\/wp-content\/uploads\/2022\/05\/Curso-Microempreendedor-Individual-Qualifica-Mais-Progredir-IF-Baiano-1.jpeg","width":1177,"height":853},"datePublished":"2022-05-24T13:45:10-03:00","dateModified":"2022-05-24T13:45:10-03:00","inLanguage":"pt-BR","mainEntityOfPage":{"@id":"https:\/\/newsinfoco.com.br\/inicio\/if-baiano-abre-vagas-para-curso-de-mei-gratuito-em-salvador-alagoinhas-e-camacari\/#webpage"},"isPartOf":{"@id":"https:\/\/newsinfoco.com.br\/inicio\/if-baiano-abre-vagas-para-curso-de-mei-gratuito-em-salvador-alagoinhas-e-camacari\/#webpage"},"articleSection":"Alagoinhas e Regi\u00e3o, Manchete"},{"@type":"BreadcrumbList","@id":"https:\/\/newsinfoco.com.br\/inicio\/if-baiano-abre-vagas-para-curso-de-mei-gratuito-em-salvador-alagoinhas-e-camacari\/#breadcrumblist","itemListElement":[{"@type":"ListItem","@id":"https:\/\/newsinfoco.com.br\/inicio#listItem","position":1,"name":"In\u00edcio","item":"https:\/\/newsinfoco.com.br\/inicio","nextItem":{"@type":"ListItem","@id":"https:\/\/newsinfoco.com.br\/inicio\/category\/alagoinhas-e-regiao\/#listItem","name":"Alagoinhas e Regi\u00e3o"}},{"@type":"ListItem","@id":"https:\/\/newsinfoco.com.br\/inicio\/category\/alagoinhas-e-regiao\/#listItem","position":2,"name":"Alagoinhas e Regi\u00e3o","item":"https:\/\/newsinfoco.com.br\/inicio\/category\/alagoinhas-e-regiao\/","nextItem":{"@type":"ListItem","@id":"https:\/\/newsinfoco.com.br\/inicio\/if-baiano-abre-vagas-para-curso-de-mei-gratuito-em-salvador-alagoinhas-e-camacari\/#listItem","name":"IF Baiano abre vagas para curso de MEI gratuito em Salvador, Alagoinhas e Cama\u00e7ari"},"previousItem":{"@type":"ListItem","@id":"https:\/\/newsinfoco.com.br\/inicio#listItem","name":"In\u00edcio"}},{"@type":"ListItem","@id":"https:\/\/newsinfoco.com.br\/inicio\/if-baiano-abre-vagas-para-curso-de-mei-gratuito-em-salvador-alagoinhas-e-camacari\/#listItem","position":3,"name":"IF Baiano abre vagas para curso de MEI gratuito em Salvador, Alagoinhas e Cama\u00e7ari","previousItem":{"@type":"ListItem","@id":"https:\/\/newsinfoco.com.br\/inicio\/category\/alagoinhas-e-regiao\/#listItem","name":"Alagoinhas e Regi\u00e3o"}}]},{"@type":"Organization","@id":"https:\/\/newsinfoco.com.br\/inicio\/#organization","name":"News In Foco - Editado por Caio Pimenta","description":"O principal site de noticias de Alagoinhas e regi\u00e3o","url":"https:\/\/newsinfoco.com.br\/inicio\/"},{"@type":"Person","@id":"https:\/\/newsinfoco.com.br\/inicio\/author\/administrador\/#author","url":"https:\/\/newsinfoco.com.br\/inicio\/author\/administrador\/","name":"administrador","image":{"@type":"ImageObject","@id":"https:\/\/newsinfoco.com.br\/inicio\/if-baiano-abre-vagas-para-curso-de-mei-gratuito-em-salvador-alagoinhas-e-camacari\/#authorImage","url":"https:\/\/secure.gravatar.com\/avatar\/c17a617433de8c1dc9584bb79aab7563b46f5bb7e1728c9b17d9cc3ce6a08e49?s=96&d=mm&r=g","width":96,"height":96,"caption":"administrador"}},{"@type":"WebPage","@id":"https:\/\/newsinfoco.com.br\/inicio\/if-baiano-abre-vagas-para-curso-de-mei-gratuito-em-salvador-alagoinhas-e-camacari\/#webpage","url":"https:\/\/newsinfoco.com.br\/inicio\/if-baiano-abre-vagas-para-curso-de-mei-gratuito-em-salvador-alagoinhas-e-camacari\/","name":"IF Baiano abre vagas para curso de MEI gratuito em Salvador, Alagoinhas e Cama\u00e7ari - News In Foco - Editado por Caio Pimenta","description":"O IF Baiano abriu novas vagas para o curso gratuito de qualifica\u00e7\u00e3o profissional Microempreendedor Individual (MEI), ofertado por meio do Programa Qualifica Mais Progredir. Neste novo edital, ser\u00e3o selecionadas 1440 pessoas para o curso, que \u00e9 ofertado de forma presencial nos munic\u00edpios de Alagoinhas, Cama\u00e7ari e Salvador. As vagas s\u00e3o para ingresso no segundo semestre","inLanguage":"pt-BR","isPartOf":{"@id":"https:\/\/newsinfoco.com.br\/inicio\/#website"},"breadcrumb":{"@id":"https:\/\/newsinfoco.com.br\/inicio\/if-baiano-abre-vagas-para-curso-de-mei-gratuito-em-salvador-alagoinhas-e-camacari\/#breadcrumblist"},"author":{"@id":"https:\/\/newsinfoco.com.br\/inicio\/author\/administrador\/#author"},"creator":{"@id":"https:\/\/newsinfoco.com.br\/inicio\/author\/administrador\/#author"},"image":{"@type":"ImageObject","url":"https:\/\/newsinfoco.com.br\/inicio\/wp-content\/uploads\/2022\/05\/Curso-Microempreendedor-Individual-Qualifica-Mais-Progredir-IF-Baiano-1.jpeg","@id":"https:\/\/newsinfoco.com.br\/inicio\/if-baiano-abre-vagas-para-curso-de-mei-gratuito-em-salvador-alagoinhas-e-camacari\/#mainImage","width":1177,"height":853},"primaryImageOfPage":{"@id":"https:\/\/newsinfoco.com.br\/inicio\/if-baiano-abre-vagas-para-curso-de-mei-gratuito-em-salvador-alagoinhas-e-camacari\/#mainImage"},"datePublished":"2022-05-24T13:45:10-03:00","dateModified":"2022-05-24T13:45:10-03:00"},{"@type":"WebSite","@id":"https:\/\/newsinfoco.com.br\/inicio\/#website","url":"https:\/\/newsinfoco.com.br\/inicio\/","name":"News In Foco - Editado por Caio Pimenta","description":"O principal site de noticias de Alagoinhas e regi\u00e3o","inLanguage":"pt-BR","publisher":{"@id":"https:\/\/newsinfoco.com.br\/inicio\/#organization"}}]},"og:locale":"pt_BR","og:site_name":"News In Foco - Editado por Caio Pimenta - O principal site de noticias de Alagoinhas e regi\u00e3o","og:type":"article","og:title":"IF Baiano abre vagas para curso de MEI gratuito em Salvador, Alagoinhas e Cama\u00e7ari - News In Foco - Editado por Caio Pimenta","og:description":"O IF Baiano abriu novas vagas para o curso gratuito de qualifica\u00e7\u00e3o profissional Microempreendedor Individual (MEI), ofertado por meio do Programa Qualifica Mais Progredir. Neste novo edital, ser\u00e3o selecionadas 1440 pessoas para o curso, que \u00e9 ofertado de forma presencial nos munic\u00edpios de Alagoinhas, Cama\u00e7ari e Salvador. As vagas s\u00e3o para ingresso no segundo semestre","og:url":"https:\/\/newsinfoco.com.br\/inicio\/if-baiano-abre-vagas-para-curso-de-mei-gratuito-em-salvador-alagoinhas-e-camacari\/","article:published_time":"2022-05-24T16:45:10+00:00","article:modified_time":"2022-05-24T16:45:10+00:00","twitter:card":"summary_large_image","twitter:title":"IF Baiano abre vagas para curso de MEI gratuito em Salvador, Alagoinhas e Cama\u00e7ari - News In Foco - Editado por Caio Pimenta","twitter:description":"O IF Baiano abriu novas vagas para o curso gratuito de qualifica\u00e7\u00e3o profissional Microempreendedor Individual (MEI), ofertado por meio do Programa Qualifica Mais Progredir. Neste novo edital, ser\u00e3o selecionadas 1440 pessoas para o curso, que \u00e9 ofertado de forma presencial nos munic\u00edpios de Alagoinhas, Cama\u00e7ari e Salvador. As vagas s\u00e3o para ingresso no segundo semestre"},"aioseo_meta_data":{"post_id":"30195","title":null,"description":null,"keywords":null,"keyphrases":null,"primary_term":null,"canonical_url":null,"og_title":null,"og_description":null,"og_object_type":"default","og_image_type":"default","og_image_url":null,"og_image_width":null,"og_image_height":null,"og_image_custom_url":null,"og_image_custom_fields":null,"og_video":null,"og_custom_url":null,"og_article_section":null,"og_article_tags":null,"twitter_use_og":false,"twitter_card":"default","twitter_image_type":"default","twitter_image_url":null,"twitter_image_custom_url":null,"twitter_image_custom_fields":null,"twitter_title":null,"twitter_description":null,"schema":{"blockGraphs":[],"customGraphs":[],"default":{"data":{"Article":[],"Course":[],"Dataset":[],"FAQPage":[],"Movie":[],"Person":[],"Product":[],"ProductReview":[],"Car":[],"Recipe":[],"Service":[],"SoftwareApplication":[],"WebPage":[]},"graphName":"","isEnabled":true},"graphs":[]},"schema_type":"default","schema_type_options":null,"pillar_content":false,"robots_default":true,"robots_noindex":false,"robots_noarchive":false,"robots_nosnippet":false,"robots_nofollow":false,"robots_noimageindex":false,"robots_noodp":false,"robots_notranslate":false,"robots_max_snippet":null,"robots_max_videopreview":null,"robots_max_imagepreview":"large","priority":null,"frequency":null,"local_seo":null,"breadcrumb_settings":null,"limit_modified_date":false,"ai":null,"created":"2023-06-12 21:25:44","updated":"2025-07-11 07:42:45","seo_analyzer_scan_date":null},"aioseo_breadcrumb":"<div class=\"aioseo-breadcrumbs\"><span class=\"aioseo-breadcrumb\">\n\t\t\t<a href=\"https:\/\/newsinfoco.com.br\/inicio\" title=\"In\u00edcio\">In\u00edcio<\/a>\n\t\t<\/span><span class=\"aioseo-breadcrumb-separator\">&raquo;<\/span><span class=\"aioseo-breadcrumb\">\n\t\t\t<a href=\"https:\/\/newsinfoco.com.br\/inicio\/category\/alagoinhas-e-regiao\/\" title=\"Alagoinhas e Regi\u00e3o\">Alagoinhas e Regi\u00e3o<\/a>\n\t\t<\/span><span class=\"aioseo-breadcrumb-separator\">&raquo;<\/span><span class=\"aioseo-breadcrumb\">\n\t\t\tIF Baiano abre vagas para curso de MEI gratuito em Salvador, Alagoinhas e Cama\u00e7ari\n\t\t<\/span><\/div>","aioseo_breadcrumb_json":[{"label":"In\u00edcio","link":"https:\/\/newsinfoco.com.br\/inicio"},{"label":"Alagoinhas e Regi\u00e3o","link":"https:\/\/newsinfoco.com.br\/inicio\/category\/alagoinhas-e-regiao\/"},{"label":"IF Baiano abre vagas para curso de MEI gratuito em Salvador, Alagoinhas e Cama\u00e7ari","link":"https:\/\/newsinfoco.com.br\/inicio\/if-baiano-abre-vagas-para-curso-de-mei-gratuito-em-salvador-alagoinhas-e-camacari\/"}],"_links":{"self":[{"href":"https:\/\/newsinfoco.com.br\/inicio\/wp-json\/wp\/v2\/posts\/30195","targetHints":{"allow":["GET"]}}],"collection":[{"href":"https:\/\/newsinfoco.com.br\/inicio\/wp-json\/wp\/v2\/posts"}],"about":[{"href":"https:\/\/newsinfoco.com.br\/inicio\/wp-json\/wp\/v2\/types\/post"}],"author":[{"embeddable":true,"href":"https:\/\/newsinfoco.com.br\/inicio\/wp-json\/wp\/v2\/users\/1"}],"replies":[{"embeddable":true,"href":"https:\/\/newsinfoco.com.br\/inicio\/wp-json\/wp\/v2\/comments?post=30195"}],"version-history":[{"count":1,"href":"https:\/\/newsinfoco.com.br\/inicio\/wp-json\/wp\/v2\/posts\/30195\/revisions"}],"predecessor-version":[{"id":30197,"href":"https:\/\/newsinfoco.com.br\/inicio\/wp-json\/wp\/v2\/posts\/30195\/revisions\/30197"}],"wp:featuredmedia":[{"embeddable":true,"href":"https:\/\/newsinfoco.com.br\/inicio\/wp-json\/wp\/v2\/media\/30196"}],"wp:attachment":[{"href":"https:\/\/newsinfoco.com.br\/inicio\/wp-json\/wp\/v2\/media?parent=30195"}],"wp:term":[{"taxonomy":"category","embeddable":true,"href":"https:\/\/newsinfoco.com.br\/inicio\/wp-json\/wp\/v2\/categories?post=30195"},{"taxonomy":"post_tag","embeddable":true,"href":"https:\/\/newsinfoco.com.br\/inicio\/wp-json\/wp\/v2\/tags?post=30195"}],"curies":[{"name":"wp","href":"https:\/\/api.w.org\/{rel}","templated":true}]}}