{"id":30198,"date":"2022-05-24T17:34:45","date_gmt":"2022-05-24T20:34:45","guid":{"rendered":"https:\/\/newsinfoco.com.br\/inicio\/?p=30198"},"modified":"2022-05-24T17:36:33","modified_gmt":"2022-05-24T20:36:33","slug":"sem-acordo-com-empresarios-sindicato-dos-rodoviarios-fala-em-greve-no-transporte-publico-metropolitano","status":"publish","type":"post","link":"https:\/\/newsinfoco.com.br\/inicio\/sem-acordo-com-empresarios-sindicato-dos-rodoviarios-fala-em-greve-no-transporte-publico-metropolitano\/","title":{"rendered":"Sem acordo com empres\u00e1rios, sindicato dos rodovi\u00e1rios fala em greve no transporte p\u00fablico metropolitano"},"content":{"rendered":"<p>Sem um aceno por parte de empres\u00e1rios do transporte p\u00fablico metropolitano, o Sindicato dos trabalhadores rodovi\u00e1rios da regi\u00e3o metropolitana de Salvador, Alagoinhas e Paulo Afonso(Sindmetro) amea\u00e7a paralisar todo o sistema. A categoria pleiteia um reajuste salarial de 20%, reajuste no ticket alimenta\u00e7\u00e3o, hora extra de 100%, pagamento do plano de sa\u00fade, fim da dupla fun\u00e7\u00e3o e manuten\u00e7\u00e3o de todos os postos de trabalho, com estabilidade at\u00e9 dezembro de 2022<\/p>\n<p>Enfrentando preju\u00edzos financeiros devido a alta do diesel e o congelamento das tarifas a 2 anos, o sindicato patronal avisou que caso o governo do estado n\u00e3o ofere\u00e7a o subsidio ao sistema, as empresas n\u00e3o ter\u00e3o como arcar com os custos do reajuste \u00e0 categoria.<\/p>\n<p>Diante da situa\u00e7\u00e3o, o Sindmetro amea\u00e7a uma greve por tempo indeterminado que deve paralisar todo o sistema de transporte metropolitano respons\u00e1vel por transportar mais 300 mil usu\u00e1rios entre a capital e as cidades da regi\u00e3o metropolitana de Salvador( Cama\u00e7ari, Candeias, Dias d&#8217;\u00c1vila, Itaparica, Lauro de Freitas, Madre de Deus, Mata de S\u00e3o Jo\u00e3o, Pojuca, S\u00e3o Francisco do Conde, S\u00e3o Sebasti\u00e3o do Pass\u00e9, Sim\u00f5es Filho e Vera Cruz).<\/p>\n<p>A paralisa\u00e7\u00e3o deve afetar por tabela o sistema de transporte da capital baiana, n\u00e3o s\u00f3 o transporte p\u00fablico urbano, como tamb\u00e9m o metr\u00f4. Com menos passageiros pagantes, a renda destes modais devem sofrer tamb\u00e9m quedas significativas de receita.<\/p>\n<p>Amanh\u00e3(25), os rodovi\u00e1rios far\u00e3o uma manifesta\u00e7\u00e3o na esta\u00e7\u00e3o aeroporto, as 15h, alertando as autoridades e \u00e0 popula\u00e7\u00e3o para os riscos da greve e suas implica\u00e7\u00f5es para economia.<\/p>\n<p>Por Caio Pimenta para o News Infoco<\/p>\n<div class='share-to-whatsapp-wrapper'><div class='share-on-whsp'>Share on: <\/div><a data-text='Sem acordo com empres\u00e1rios, sindicato dos rodovi\u00e1rios fala em greve no transporte p\u00fablico metropolitano' data-link='https:\/\/newsinfoco.com.br\/inicio\/sem-acordo-com-empresarios-sindicato-dos-rodoviarios-fala-em-greve-no-transporte-publico-metropolitano\/' class='whatsapp-button whatsapp-share'>WhatsApp<\/a><div class='clear '><\/div><\/div>","protected":false},"excerpt":{"rendered":"<p>Sem um aceno por parte de empres\u00e1rios do transporte p\u00fablico metropolitano, o Sindicato dos trabalhadores rodovi\u00e1rios da regi\u00e3o metropolitana de Salvador, Alagoinhas e Paulo Afonso(Sindmetro) amea\u00e7a paralisar todo o sistema. A categoria pleiteia um reajuste salarial de 20%, reajuste no ticket alimenta\u00e7\u00e3o, hora extra de 100%, pagamento do plano de sa\u00fade, fim da dupla fun\u00e7\u00e3o [&hellip;]<\/p>\n","protected":false},"author":1,"featured_media":30199,"comment_status":"closed","ping_status":"closed","sticky":false,"template":"","format":"standard","meta":{"om_disable_all_campaigns":false,"rop_custom_images_group":[],"rop_custom_messages_group":[],"rop_publish_now":"initial","rop_publish_now_accounts":[],"rop_publish_now_history":[],"rop_publish_now_status":"pending","_exactmetrics_skip_tracking":false,"footnotes":""},"categories":[38,167],"tags":[],"class_list":["post-30198","post","type-post","status-publish","format-standard","has-post-thumbnail","hentry","category-alagoinhas-e-regiao","category-exclusivas"],"aioseo_notices":[],"aioseo_head":"\n\t\t<!-- All in One SEO 4.9.10 - aioseo.com -->\n\t<meta name=\"description\" content=\"Sem um aceno por parte de empres\u00e1rios do transporte p\u00fablico metropolitano, o Sindicato dos trabalhadores rodovi\u00e1rios da regi\u00e3o metropolitana de Salvador, Alagoinhas e Paulo Afonso(Sindmetro) amea\u00e7a paralisar todo o sistema. A categoria pleiteia um reajuste salarial de 20%, reajuste no ticket alimenta\u00e7\u00e3o, hora extra de 100%, pagamento do plano de sa\u00fade, fim da dupla fun\u00e7\u00e3o\" \/>\n\t<meta name=\"robots\" content=\"max-image-preview:large\" \/>\n\t<meta name=\"author\" content=\"administrador\"\/>\n\t<link rel=\"canonical\" href=\"https:\/\/newsinfoco.com.br\/inicio\/sem-acordo-com-empresarios-sindicato-dos-rodoviarios-fala-em-greve-no-transporte-publico-metropolitano\/\" \/>\n\t<meta name=\"generator\" content=\"All in One SEO (AIOSEO) 4.9.10\" \/>\n\t\t<meta property=\"og:locale\" content=\"pt_BR\" \/>\n\t\t<meta property=\"og:site_name\" content=\"News In Foco - Editado por Caio Pimenta - O principal site de noticias de Alagoinhas e regi\u00e3o\" \/>\n\t\t<meta property=\"og:type\" content=\"article\" \/>\n\t\t<meta property=\"og:title\" content=\"Sem acordo com empres\u00e1rios, sindicato dos rodovi\u00e1rios fala em greve no transporte p\u00fablico metropolitano - News In Foco - Editado por Caio Pimenta\" \/>\n\t\t<meta property=\"og:description\" content=\"Sem um aceno por parte de empres\u00e1rios do transporte p\u00fablico metropolitano, o Sindicato dos trabalhadores rodovi\u00e1rios da regi\u00e3o metropolitana de Salvador, Alagoinhas e Paulo Afonso(Sindmetro) amea\u00e7a paralisar todo o sistema. A categoria pleiteia um reajuste salarial de 20%, reajuste no ticket alimenta\u00e7\u00e3o, hora extra de 100%, pagamento do plano de sa\u00fade, fim da dupla fun\u00e7\u00e3o\" \/>\n\t\t<meta property=\"og:url\" content=\"https:\/\/newsinfoco.com.br\/inicio\/sem-acordo-com-empresarios-sindicato-dos-rodoviarios-fala-em-greve-no-transporte-publico-metropolitano\/\" \/>\n\t\t<meta property=\"article:published_time\" content=\"2022-05-24T20:34:45+00:00\" \/>\n\t\t<meta property=\"article:modified_time\" content=\"2022-05-24T20:36:33+00:00\" \/>\n\t\t<meta name=\"twitter:card\" content=\"summary_large_image\" \/>\n\t\t<meta name=\"twitter:title\" content=\"Sem acordo com empres\u00e1rios, sindicato dos rodovi\u00e1rios fala em greve no transporte p\u00fablico metropolitano - News In Foco - Editado por Caio Pimenta\" \/>\n\t\t<meta name=\"twitter:description\" content=\"Sem um aceno por parte de empres\u00e1rios do transporte p\u00fablico metropolitano, o Sindicato dos trabalhadores rodovi\u00e1rios da regi\u00e3o metropolitana de Salvador, Alagoinhas e Paulo Afonso(Sindmetro) amea\u00e7a paralisar todo o sistema. A categoria pleiteia um reajuste salarial de 20%, reajuste no ticket alimenta\u00e7\u00e3o, hora extra de 100%, pagamento do plano de sa\u00fade, fim da dupla fun\u00e7\u00e3o\" \/>\n\t\t<script type=\"application\/ld+json\" class=\"aioseo-schema\">\n\t\t\t{\"@context\":\"https:\\\/\\\/schema.org\",\"@graph\":[{\"@type\":\"BlogPosting\",\"@id\":\"https:\\\/\\\/newsinfoco.com.br\\\/inicio\\\/sem-acordo-com-empresarios-sindicato-dos-rodoviarios-fala-em-greve-no-transporte-publico-metropolitano\\\/#blogposting\",\"name\":\"Sem acordo com empres\\u00e1rios, sindicato dos rodovi\\u00e1rios fala em greve no transporte p\\u00fablico metropolitano - News In Foco - Editado por Caio Pimenta\",\"headline\":\"Sem acordo com empres\\u00e1rios, sindicato dos rodovi\\u00e1rios fala em greve no transporte p\\u00fablico metropolitano\",\"author\":{\"@id\":\"https:\\\/\\\/newsinfoco.com.br\\\/inicio\\\/author\\\/administrador\\\/#author\"},\"publisher\":{\"@id\":\"https:\\\/\\\/newsinfoco.com.br\\\/inicio\\\/#organization\"},\"image\":{\"@type\":\"ImageObject\",\"url\":\"https:\\\/\\\/newsinfoco.com.br\\\/inicio\\\/wp-content\\\/uploads\\\/2022\\\/05\\\/WhatsAppImage2021-11-29at17.59.41-d2497461-1920w.png\",\"width\":767,\"height\":564},\"datePublished\":\"2022-05-24T17:34:45-03:00\",\"dateModified\":\"2022-05-24T17:36:33-03:00\",\"inLanguage\":\"pt-BR\",\"mainEntityOfPage\":{\"@id\":\"https:\\\/\\\/newsinfoco.com.br\\\/inicio\\\/sem-acordo-com-empresarios-sindicato-dos-rodoviarios-fala-em-greve-no-transporte-publico-metropolitano\\\/#webpage\"},\"isPartOf\":{\"@id\":\"https:\\\/\\\/newsinfoco.com.br\\\/inicio\\\/sem-acordo-com-empresarios-sindicato-dos-rodoviarios-fala-em-greve-no-transporte-publico-metropolitano\\\/#webpage\"},\"articleSection\":\"Alagoinhas e Regi\\u00e3o, Manchete\"},{\"@type\":\"BreadcrumbList\",\"@id\":\"https:\\\/\\\/newsinfoco.com.br\\\/inicio\\\/sem-acordo-com-empresarios-sindicato-dos-rodoviarios-fala-em-greve-no-transporte-publico-metropolitano\\\/#breadcrumblist\",\"itemListElement\":[{\"@type\":\"ListItem\",\"@id\":\"https:\\\/\\\/newsinfoco.com.br\\\/inicio#listItem\",\"position\":1,\"name\":\"In\\u00edcio\",\"item\":\"https:\\\/\\\/newsinfoco.com.br\\\/inicio\",\"nextItem\":{\"@type\":\"ListItem\",\"@id\":\"https:\\\/\\\/newsinfoco.com.br\\\/inicio\\\/category\\\/alagoinhas-e-regiao\\\/#listItem\",\"name\":\"Alagoinhas e Regi\\u00e3o\"}},{\"@type\":\"ListItem\",\"@id\":\"https:\\\/\\\/newsinfoco.com.br\\\/inicio\\\/category\\\/alagoinhas-e-regiao\\\/#listItem\",\"position\":2,\"name\":\"Alagoinhas e Regi\\u00e3o\",\"item\":\"https:\\\/\\\/newsinfoco.com.br\\\/inicio\\\/category\\\/alagoinhas-e-regiao\\\/\",\"nextItem\":{\"@type\":\"ListItem\",\"@id\":\"https:\\\/\\\/newsinfoco.com.br\\\/inicio\\\/sem-acordo-com-empresarios-sindicato-dos-rodoviarios-fala-em-greve-no-transporte-publico-metropolitano\\\/#listItem\",\"name\":\"Sem acordo com empres\\u00e1rios, sindicato dos rodovi\\u00e1rios fala em greve no transporte p\\u00fablico metropolitano\"},\"previousItem\":{\"@type\":\"ListItem\",\"@id\":\"https:\\\/\\\/newsinfoco.com.br\\\/inicio#listItem\",\"name\":\"In\\u00edcio\"}},{\"@type\":\"ListItem\",\"@id\":\"https:\\\/\\\/newsinfoco.com.br\\\/inicio\\\/sem-acordo-com-empresarios-sindicato-dos-rodoviarios-fala-em-greve-no-transporte-publico-metropolitano\\\/#listItem\",\"position\":3,\"name\":\"Sem acordo com empres\\u00e1rios, sindicato dos rodovi\\u00e1rios fala em greve no transporte p\\u00fablico metropolitano\",\"previousItem\":{\"@type\":\"ListItem\",\"@id\":\"https:\\\/\\\/newsinfoco.com.br\\\/inicio\\\/category\\\/alagoinhas-e-regiao\\\/#listItem\",\"name\":\"Alagoinhas e Regi\\u00e3o\"}}]},{\"@type\":\"Organization\",\"@id\":\"https:\\\/\\\/newsinfoco.com.br\\\/inicio\\\/#organization\",\"name\":\"News In Foco - Editado por Caio Pimenta\",\"description\":\"O principal site de noticias de Alagoinhas e regi\\u00e3o\",\"url\":\"https:\\\/\\\/newsinfoco.com.br\\\/inicio\\\/\"},{\"@type\":\"Person\",\"@id\":\"https:\\\/\\\/newsinfoco.com.br\\\/inicio\\\/author\\\/administrador\\\/#author\",\"url\":\"https:\\\/\\\/newsinfoco.com.br\\\/inicio\\\/author\\\/administrador\\\/\",\"name\":\"administrador\",\"image\":{\"@type\":\"ImageObject\",\"@id\":\"https:\\\/\\\/newsinfoco.com.br\\\/inicio\\\/sem-acordo-com-empresarios-sindicato-dos-rodoviarios-fala-em-greve-no-transporte-publico-metropolitano\\\/#authorImage\",\"url\":\"https:\\\/\\\/secure.gravatar.com\\\/avatar\\\/c17a617433de8c1dc9584bb79aab7563b46f5bb7e1728c9b17d9cc3ce6a08e49?s=96&d=mm&r=g\",\"width\":96,\"height\":96,\"caption\":\"administrador\"}},{\"@type\":\"WebPage\",\"@id\":\"https:\\\/\\\/newsinfoco.com.br\\\/inicio\\\/sem-acordo-com-empresarios-sindicato-dos-rodoviarios-fala-em-greve-no-transporte-publico-metropolitano\\\/#webpage\",\"url\":\"https:\\\/\\\/newsinfoco.com.br\\\/inicio\\\/sem-acordo-com-empresarios-sindicato-dos-rodoviarios-fala-em-greve-no-transporte-publico-metropolitano\\\/\",\"name\":\"Sem acordo com empres\\u00e1rios, sindicato dos rodovi\\u00e1rios fala em greve no transporte p\\u00fablico metropolitano - News In Foco - Editado por Caio Pimenta\",\"description\":\"Sem um aceno por parte de empres\\u00e1rios do transporte p\\u00fablico metropolitano, o Sindicato dos trabalhadores rodovi\\u00e1rios da regi\\u00e3o metropolitana de Salvador, Alagoinhas e Paulo Afonso(Sindmetro) amea\\u00e7a paralisar todo o sistema. A categoria pleiteia um reajuste salarial de 20%, reajuste no ticket alimenta\\u00e7\\u00e3o, hora extra de 100%, pagamento do plano de sa\\u00fade, fim da dupla fun\\u00e7\\u00e3o\",\"inLanguage\":\"pt-BR\",\"isPartOf\":{\"@id\":\"https:\\\/\\\/newsinfoco.com.br\\\/inicio\\\/#website\"},\"breadcrumb\":{\"@id\":\"https:\\\/\\\/newsinfoco.com.br\\\/inicio\\\/sem-acordo-com-empresarios-sindicato-dos-rodoviarios-fala-em-greve-no-transporte-publico-metropolitano\\\/#breadcrumblist\"},\"author\":{\"@id\":\"https:\\\/\\\/newsinfoco.com.br\\\/inicio\\\/author\\\/administrador\\\/#author\"},\"creator\":{\"@id\":\"https:\\\/\\\/newsinfoco.com.br\\\/inicio\\\/author\\\/administrador\\\/#author\"},\"image\":{\"@type\":\"ImageObject\",\"url\":\"https:\\\/\\\/newsinfoco.com.br\\\/inicio\\\/wp-content\\\/uploads\\\/2022\\\/05\\\/WhatsAppImage2021-11-29at17.59.41-d2497461-1920w.png\",\"@id\":\"https:\\\/\\\/newsinfoco.com.br\\\/inicio\\\/sem-acordo-com-empresarios-sindicato-dos-rodoviarios-fala-em-greve-no-transporte-publico-metropolitano\\\/#mainImage\",\"width\":767,\"height\":564},\"primaryImageOfPage\":{\"@id\":\"https:\\\/\\\/newsinfoco.com.br\\\/inicio\\\/sem-acordo-com-empresarios-sindicato-dos-rodoviarios-fala-em-greve-no-transporte-publico-metropolitano\\\/#mainImage\"},\"datePublished\":\"2022-05-24T17:34:45-03:00\",\"dateModified\":\"2022-05-24T17:36:33-03:00\"},{\"@type\":\"WebSite\",\"@id\":\"https:\\\/\\\/newsinfoco.com.br\\\/inicio\\\/#website\",\"url\":\"https:\\\/\\\/newsinfoco.com.br\\\/inicio\\\/\",\"name\":\"News In Foco - Editado por Caio Pimenta\",\"description\":\"O principal site de noticias de Alagoinhas e regi\\u00e3o\",\"inLanguage\":\"pt-BR\",\"publisher\":{\"@id\":\"https:\\\/\\\/newsinfoco.com.br\\\/inicio\\\/#organization\"}}]}\n\t\t<\/script>\n\t\t<!-- All in One SEO -->\n\n","aioseo_head_json":{"title":"Sem acordo com empres\u00e1rios, sindicato dos rodovi\u00e1rios fala em greve no transporte p\u00fablico metropolitano - News In Foco - Editado por Caio Pimenta","description":"Sem um aceno por parte de empres\u00e1rios do transporte p\u00fablico metropolitano, o Sindicato dos trabalhadores rodovi\u00e1rios da regi\u00e3o metropolitana de Salvador, Alagoinhas e Paulo Afonso(Sindmetro) amea\u00e7a paralisar todo o sistema. A categoria pleiteia um reajuste salarial de 20%, reajuste no ticket alimenta\u00e7\u00e3o, hora extra de 100%, pagamento do plano de sa\u00fade, fim da dupla fun\u00e7\u00e3o","canonical_url":"https:\/\/newsinfoco.com.br\/inicio\/sem-acordo-com-empresarios-sindicato-dos-rodoviarios-fala-em-greve-no-transporte-publico-metropolitano\/","robots":"max-image-preview:large","keywords":"","webmasterTools":{"miscellaneous":""},"schema":{"@context":"https:\/\/schema.org","@graph":[{"@type":"BlogPosting","@id":"https:\/\/newsinfoco.com.br\/inicio\/sem-acordo-com-empresarios-sindicato-dos-rodoviarios-fala-em-greve-no-transporte-publico-metropolitano\/#blogposting","name":"Sem acordo com empres\u00e1rios, sindicato dos rodovi\u00e1rios fala em greve no transporte p\u00fablico metropolitano - News In Foco - Editado por Caio Pimenta","headline":"Sem acordo com empres\u00e1rios, sindicato dos rodovi\u00e1rios fala em greve no transporte p\u00fablico metropolitano","author":{"@id":"https:\/\/newsinfoco.com.br\/inicio\/author\/administrador\/#author"},"publisher":{"@id":"https:\/\/newsinfoco.com.br\/inicio\/#organization"},"image":{"@type":"ImageObject","url":"https:\/\/newsinfoco.com.br\/inicio\/wp-content\/uploads\/2022\/05\/WhatsAppImage2021-11-29at17.59.41-d2497461-1920w.png","width":767,"height":564},"datePublished":"2022-05-24T17:34:45-03:00","dateModified":"2022-05-24T17:36:33-03:00","inLanguage":"pt-BR","mainEntityOfPage":{"@id":"https:\/\/newsinfoco.com.br\/inicio\/sem-acordo-com-empresarios-sindicato-dos-rodoviarios-fala-em-greve-no-transporte-publico-metropolitano\/#webpage"},"isPartOf":{"@id":"https:\/\/newsinfoco.com.br\/inicio\/sem-acordo-com-empresarios-sindicato-dos-rodoviarios-fala-em-greve-no-transporte-publico-metropolitano\/#webpage"},"articleSection":"Alagoinhas e Regi\u00e3o, Manchete"},{"@type":"BreadcrumbList","@id":"https:\/\/newsinfoco.com.br\/inicio\/sem-acordo-com-empresarios-sindicato-dos-rodoviarios-fala-em-greve-no-transporte-publico-metropolitano\/#breadcrumblist","itemListElement":[{"@type":"ListItem","@id":"https:\/\/newsinfoco.com.br\/inicio#listItem","position":1,"name":"In\u00edcio","item":"https:\/\/newsinfoco.com.br\/inicio","nextItem":{"@type":"ListItem","@id":"https:\/\/newsinfoco.com.br\/inicio\/category\/alagoinhas-e-regiao\/#listItem","name":"Alagoinhas e Regi\u00e3o"}},{"@type":"ListItem","@id":"https:\/\/newsinfoco.com.br\/inicio\/category\/alagoinhas-e-regiao\/#listItem","position":2,"name":"Alagoinhas e Regi\u00e3o","item":"https:\/\/newsinfoco.com.br\/inicio\/category\/alagoinhas-e-regiao\/","nextItem":{"@type":"ListItem","@id":"https:\/\/newsinfoco.com.br\/inicio\/sem-acordo-com-empresarios-sindicato-dos-rodoviarios-fala-em-greve-no-transporte-publico-metropolitano\/#listItem","name":"Sem acordo com empres\u00e1rios, sindicato dos rodovi\u00e1rios fala em greve no transporte p\u00fablico metropolitano"},"previousItem":{"@type":"ListItem","@id":"https:\/\/newsinfoco.com.br\/inicio#listItem","name":"In\u00edcio"}},{"@type":"ListItem","@id":"https:\/\/newsinfoco.com.br\/inicio\/sem-acordo-com-empresarios-sindicato-dos-rodoviarios-fala-em-greve-no-transporte-publico-metropolitano\/#listItem","position":3,"name":"Sem acordo com empres\u00e1rios, sindicato dos rodovi\u00e1rios fala em greve no transporte p\u00fablico metropolitano","previousItem":{"@type":"ListItem","@id":"https:\/\/newsinfoco.com.br\/inicio\/category\/alagoinhas-e-regiao\/#listItem","name":"Alagoinhas e Regi\u00e3o"}}]},{"@type":"Organization","@id":"https:\/\/newsinfoco.com.br\/inicio\/#organization","name":"News In Foco - Editado por Caio Pimenta","description":"O principal site de noticias de Alagoinhas e regi\u00e3o","url":"https:\/\/newsinfoco.com.br\/inicio\/"},{"@type":"Person","@id":"https:\/\/newsinfoco.com.br\/inicio\/author\/administrador\/#author","url":"https:\/\/newsinfoco.com.br\/inicio\/author\/administrador\/","name":"administrador","image":{"@type":"ImageObject","@id":"https:\/\/newsinfoco.com.br\/inicio\/sem-acordo-com-empresarios-sindicato-dos-rodoviarios-fala-em-greve-no-transporte-publico-metropolitano\/#authorImage","url":"https:\/\/secure.gravatar.com\/avatar\/c17a617433de8c1dc9584bb79aab7563b46f5bb7e1728c9b17d9cc3ce6a08e49?s=96&d=mm&r=g","width":96,"height":96,"caption":"administrador"}},{"@type":"WebPage","@id":"https:\/\/newsinfoco.com.br\/inicio\/sem-acordo-com-empresarios-sindicato-dos-rodoviarios-fala-em-greve-no-transporte-publico-metropolitano\/#webpage","url":"https:\/\/newsinfoco.com.br\/inicio\/sem-acordo-com-empresarios-sindicato-dos-rodoviarios-fala-em-greve-no-transporte-publico-metropolitano\/","name":"Sem acordo com empres\u00e1rios, sindicato dos rodovi\u00e1rios fala em greve no transporte p\u00fablico metropolitano - News In Foco - Editado por Caio Pimenta","description":"Sem um aceno por parte de empres\u00e1rios do transporte p\u00fablico metropolitano, o Sindicato dos trabalhadores rodovi\u00e1rios da regi\u00e3o metropolitana de Salvador, Alagoinhas e Paulo Afonso(Sindmetro) amea\u00e7a paralisar todo o sistema. A categoria pleiteia um reajuste salarial de 20%, reajuste no ticket alimenta\u00e7\u00e3o, hora extra de 100%, pagamento do plano de sa\u00fade, fim da dupla fun\u00e7\u00e3o","inLanguage":"pt-BR","isPartOf":{"@id":"https:\/\/newsinfoco.com.br\/inicio\/#website"},"breadcrumb":{"@id":"https:\/\/newsinfoco.com.br\/inicio\/sem-acordo-com-empresarios-sindicato-dos-rodoviarios-fala-em-greve-no-transporte-publico-metropolitano\/#breadcrumblist"},"author":{"@id":"https:\/\/newsinfoco.com.br\/inicio\/author\/administrador\/#author"},"creator":{"@id":"https:\/\/newsinfoco.com.br\/inicio\/author\/administrador\/#author"},"image":{"@type":"ImageObject","url":"https:\/\/newsinfoco.com.br\/inicio\/wp-content\/uploads\/2022\/05\/WhatsAppImage2021-11-29at17.59.41-d2497461-1920w.png","@id":"https:\/\/newsinfoco.com.br\/inicio\/sem-acordo-com-empresarios-sindicato-dos-rodoviarios-fala-em-greve-no-transporte-publico-metropolitano\/#mainImage","width":767,"height":564},"primaryImageOfPage":{"@id":"https:\/\/newsinfoco.com.br\/inicio\/sem-acordo-com-empresarios-sindicato-dos-rodoviarios-fala-em-greve-no-transporte-publico-metropolitano\/#mainImage"},"datePublished":"2022-05-24T17:34:45-03:00","dateModified":"2022-05-24T17:36:33-03:00"},{"@type":"WebSite","@id":"https:\/\/newsinfoco.com.br\/inicio\/#website","url":"https:\/\/newsinfoco.com.br\/inicio\/","name":"News In Foco - Editado por Caio Pimenta","description":"O principal site de noticias de Alagoinhas e regi\u00e3o","inLanguage":"pt-BR","publisher":{"@id":"https:\/\/newsinfoco.com.br\/inicio\/#organization"}}]},"og:locale":"pt_BR","og:site_name":"News In Foco - Editado por Caio Pimenta - O principal site de noticias de Alagoinhas e regi\u00e3o","og:type":"article","og:title":"Sem acordo com empres\u00e1rios, sindicato dos rodovi\u00e1rios fala em greve no transporte p\u00fablico metropolitano - News In Foco - Editado por Caio Pimenta","og:description":"Sem um aceno por parte de empres\u00e1rios do transporte p\u00fablico metropolitano, o Sindicato dos trabalhadores rodovi\u00e1rios da regi\u00e3o metropolitana de Salvador, Alagoinhas e Paulo Afonso(Sindmetro) amea\u00e7a paralisar todo o sistema. A categoria pleiteia um reajuste salarial de 20%, reajuste no ticket alimenta\u00e7\u00e3o, hora extra de 100%, pagamento do plano de sa\u00fade, fim da dupla fun\u00e7\u00e3o","og:url":"https:\/\/newsinfoco.com.br\/inicio\/sem-acordo-com-empresarios-sindicato-dos-rodoviarios-fala-em-greve-no-transporte-publico-metropolitano\/","article:published_time":"2022-05-24T20:34:45+00:00","article:modified_time":"2022-05-24T20:36:33+00:00","twitter:card":"summary_large_image","twitter:title":"Sem acordo com empres\u00e1rios, sindicato dos rodovi\u00e1rios fala em greve no transporte p\u00fablico metropolitano - News In Foco - Editado por Caio Pimenta","twitter:description":"Sem um aceno por parte de empres\u00e1rios do transporte p\u00fablico metropolitano, o Sindicato dos trabalhadores rodovi\u00e1rios da regi\u00e3o metropolitana de Salvador, Alagoinhas e Paulo Afonso(Sindmetro) amea\u00e7a paralisar todo o sistema. A categoria pleiteia um reajuste salarial de 20%, reajuste no ticket alimenta\u00e7\u00e3o, hora extra de 100%, pagamento do plano de sa\u00fade, fim da dupla fun\u00e7\u00e3o"},"aioseo_meta_data":{"post_id":"30198","title":null,"description":null,"keywords":null,"keyphrases":null,"primary_term":null,"canonical_url":null,"og_title":null,"og_description":null,"og_object_type":"default","og_image_type":"default","og_image_url":null,"og_image_width":null,"og_image_height":null,"og_image_custom_url":null,"og_image_custom_fields":null,"og_video":null,"og_custom_url":null,"og_article_section":null,"og_article_tags":null,"twitter_use_og":false,"twitter_card":"default","twitter_image_type":"default","twitter_image_url":null,"twitter_image_custom_url":null,"twitter_image_custom_fields":null,"twitter_title":null,"twitter_description":null,"schema":{"blockGraphs":[],"customGraphs":[],"default":{"data":{"Article":[],"Course":[],"Dataset":[],"FAQPage":[],"Movie":[],"Person":[],"Product":[],"ProductReview":[],"Car":[],"Recipe":[],"Service":[],"SoftwareApplication":[],"WebPage":[]},"graphName":"","isEnabled":true},"graphs":[]},"schema_type":"default","schema_type_options":null,"pillar_content":false,"robots_default":true,"robots_noindex":false,"robots_noarchive":false,"robots_nosnippet":false,"robots_nofollow":false,"robots_noimageindex":false,"robots_noodp":false,"robots_notranslate":false,"robots_max_snippet":null,"robots_max_videopreview":null,"robots_max_imagepreview":"large","priority":null,"frequency":null,"local_seo":null,"breadcrumb_settings":null,"limit_modified_date":false,"ai":null,"created":"2023-06-12 21:27:28","updated":"2025-07-11 07:43:46","seo_analyzer_scan_date":null},"aioseo_breadcrumb":"<div class=\"aioseo-breadcrumbs\"><span class=\"aioseo-breadcrumb\">\n\t\t\t<a href=\"https:\/\/newsinfoco.com.br\/inicio\" title=\"In\u00edcio\">In\u00edcio<\/a>\n\t\t<\/span><span class=\"aioseo-breadcrumb-separator\">&raquo;<\/span><span class=\"aioseo-breadcrumb\">\n\t\t\t<a href=\"https:\/\/newsinfoco.com.br\/inicio\/category\/alagoinhas-e-regiao\/\" title=\"Alagoinhas e Regi\u00e3o\">Alagoinhas e Regi\u00e3o<\/a>\n\t\t<\/span><span class=\"aioseo-breadcrumb-separator\">&raquo;<\/span><span class=\"aioseo-breadcrumb\">\n\t\t\tSem acordo com empres\u00e1rios, sindicato dos rodovi\u00e1rios fala em greve no transporte p\u00fablico metropolitano\n\t\t<\/span><\/div>","aioseo_breadcrumb_json":[{"label":"In\u00edcio","link":"https:\/\/newsinfoco.com.br\/inicio"},{"label":"Alagoinhas e Regi\u00e3o","link":"https:\/\/newsinfoco.com.br\/inicio\/category\/alagoinhas-e-regiao\/"},{"label":"Sem acordo com empres\u00e1rios, sindicato dos rodovi\u00e1rios fala em greve no transporte p\u00fablico metropolitano","link":"https:\/\/newsinfoco.com.br\/inicio\/sem-acordo-com-empresarios-sindicato-dos-rodoviarios-fala-em-greve-no-transporte-publico-metropolitano\/"}],"_links":{"self":[{"href":"https:\/\/newsinfoco.com.br\/inicio\/wp-json\/wp\/v2\/posts\/30198","targetHints":{"allow":["GET"]}}],"collection":[{"href":"https:\/\/newsinfoco.com.br\/inicio\/wp-json\/wp\/v2\/posts"}],"about":[{"href":"https:\/\/newsinfoco.com.br\/inicio\/wp-json\/wp\/v2\/types\/post"}],"author":[{"embeddable":true,"href":"https:\/\/newsinfoco.com.br\/inicio\/wp-json\/wp\/v2\/users\/1"}],"replies":[{"embeddable":true,"href":"https:\/\/newsinfoco.com.br\/inicio\/wp-json\/wp\/v2\/comments?post=30198"}],"version-history":[{"count":2,"href":"https:\/\/newsinfoco.com.br\/inicio\/wp-json\/wp\/v2\/posts\/30198\/revisions"}],"predecessor-version":[{"id":30201,"href":"https:\/\/newsinfoco.com.br\/inicio\/wp-json\/wp\/v2\/posts\/30198\/revisions\/30201"}],"wp:featuredmedia":[{"embeddable":true,"href":"https:\/\/newsinfoco.com.br\/inicio\/wp-json\/wp\/v2\/media\/30199"}],"wp:attachment":[{"href":"https:\/\/newsinfoco.com.br\/inicio\/wp-json\/wp\/v2\/media?parent=30198"}],"wp:term":[{"taxonomy":"category","embeddable":true,"href":"https:\/\/newsinfoco.com.br\/inicio\/wp-json\/wp\/v2\/categories?post=30198"},{"taxonomy":"post_tag","embeddable":true,"href":"https:\/\/newsinfoco.com.br\/inicio\/wp-json\/wp\/v2\/tags?post=30198"}],"curies":[{"name":"wp","href":"https:\/\/api.w.org\/{rel}","templated":true}]}}