{"id":30225,"date":"2022-05-25T18:57:26","date_gmt":"2022-05-25T21:57:26","guid":{"rendered":"https:\/\/newsinfoco.com.br\/inicio\/?p=30225"},"modified":"2022-05-25T18:57:26","modified_gmt":"2022-05-25T21:57:26","slug":"apoio-de-pdt-a-acm-neto-ja-esta-muito-bem-pago-com-nomeacao-de-andrea-mendonca-na-secult","status":"publish","type":"post","link":"https:\/\/newsinfoco.com.br\/inicio\/apoio-de-pdt-a-acm-neto-ja-esta-muito-bem-pago-com-nomeacao-de-andrea-mendonca-na-secult\/","title":{"rendered":"Apoio de PDT a ACM Neto j\u00e1 est\u00e1 muito bem pago com nomea\u00e7\u00e3o de Andrea Mendon\u00e7a na Secult"},"content":{"rendered":"<p>O PDT baiano voltou a fazer gest\u00f5es para tentar emplacar o vice na chapa do candidato a governador ACM Neto (UB). Ontem, formalizou a indica\u00e7\u00e3o do nome do empres\u00e1rio Angelo Dourado para a posi\u00e7\u00e3o durante um ato no escrit\u00f3rio pol\u00edtico do pr\u00f3prio Neto.<\/p>\n<p>O ex-prefeito de Salvador n\u00e3o poderia ter deixado de receber o partido e suas lideran\u00e7as para todo o \u2018rap\u00e1p\u00e9\u2019 em torno de Dourado. Mas tanto ele quanto toda a oposi\u00e7\u00e3o e mesmo o governo sabem que o movimento n\u00e3o passa de uma birra de \u2018araque\u2019 do presidente do partido na Bahia.<\/p>\n<p>No passado, o deputado federal F\u00e9lix Mendon\u00e7a Jr. pegou uma briga feia com o colega Marcelo Nilo (Republicanos) e a querela, como terminou envolvendo Andr\u00e9a Mendon\u00e7a, elegante irm\u00e3 do parlamentar pedetista, acabou indo para o campo pessoal.<\/p>\n<p>Ocorre que quando Neto come\u00e7ou as primeiras tratativas para compor sua chapa e F\u00e9lix Jr. e Nilo despontavam como op\u00e7\u00f5es, o dirigente do PDT esqueceu a ciz\u00e2nia e topou fazer parte do mesmo time, aceitando, inclusive, participar de viagens com o j\u00e1 ex-desafeto.<\/p>\n<p>Em nome da perspectiva de poder, as diferen\u00e7as, portanto, pareciam resolvidas.<\/p>\n<p>Nesta \u00e9poca, o PP ainda n\u00e3o havia migrado para a oposi\u00e7\u00e3o nem indicado o candidato a senador de Neto. Antes de o partido fechar a alian\u00e7a, Nilo, que era o principal nome para o Senado junto ao ex-prefeito de Salvador, foi r\u00e1pido e disse a ele que abria m\u00e3o da vaga se o PP se integrasse \u00e0 campanha.<\/p>\n<p>Assim, na sequ\u00eancia, se tornaria tamb\u00e9m o principal nome para a vaga de vice. A partir deste momento, F\u00e9lix Jr. voltou a fazer nova carga contra o deputado federal, que filiou-se ao Republicanos por orienta\u00e7\u00e3o do pr\u00f3prio Neto.<\/p>\n<p>Se ele pr\u00f3prio topara fazer parte da mesma chapa com Nilo por que voltara atr\u00e1s?<\/p>\n<p>Al\u00e9m disso, neste meio tempo, mais precisamente, na semana passada,\u00a0<a href=\"https:\/\/politicalivre.com.br\/2022\/05\/andrea-mendonca-e-a-nova-secretaria-de-cultura-e-turismo-de-salvador\/#gsc.tab=0\">Felix Jr. conseguiu emplacar a mesma irm\u00e3 como secret\u00e1ria de Cultura e Turismo da Prefeitura de Salvador<\/a>\u00a0num acordo com Bruno Reis (UB), amigo pessoal e um dos principais sustent\u00e1culos da campanha do candidato a governador do UB.<\/p>\n<p>\u00c9 claro que as credenciais de Andrea para a posi\u00e7\u00e3o s\u00e3o uma inc\u00f3gnita. Sem qualquer cr\u00edtica de car\u00e1ter pessoal \u00e0 ex-vereadora, s\u00e3o, por exemplo, conhecidas as cr\u00edticas \u00e0 sua passagem pelo comando da Junta Comercial da Bahia.<\/p>\n<p>Dizem que o governador Rui Costa (PT) se arrepende at\u00e9 hoje do arroubo de t\u00ea-la nomeado, na \u00e9poca em que F\u00e9lix Jr. era da base do governo, desconsiderando uma advert\u00eancia do antecessor Jaques Wagner, de quem, tamb\u00e9m indicada pelo irm\u00e3o, Andr\u00e9a foi secret\u00e1ria de Ci\u00eancia e Tecnologia.<\/p>\n<p>Da\u00ed que, depois de F\u00e9lix Jr. ter sacramentado um membro da fam\u00edlia na secretaria de Cultura e Turismo de um munic\u00edpio como Salvador, o apoio do PDT a Neto j\u00e1 est\u00e1 para l\u00e1 de pago. Exigir tamb\u00e9m a vice \u00e9 um exagero!<\/p>\n<p>&nbsp;<\/p>\n<p><span class=\"assinatura_exclusiva\">Pol\u00edtica Livre<\/span><\/p>\n<div class='share-to-whatsapp-wrapper'><div class='share-on-whsp'>Share on: <\/div><a data-text='Apoio de PDT a ACM Neto j\u00e1 est\u00e1 muito bem pago com nomea\u00e7\u00e3o de Andrea Mendon\u00e7a na Secult' data-link='https:\/\/newsinfoco.com.br\/inicio\/apoio-de-pdt-a-acm-neto-ja-esta-muito-bem-pago-com-nomeacao-de-andrea-mendonca-na-secult\/' class='whatsapp-button whatsapp-share'>WhatsApp<\/a><div class='clear '><\/div><\/div>","protected":false},"excerpt":{"rendered":"<p>O PDT baiano voltou a fazer gest\u00f5es para tentar emplacar o vice na chapa do candidato a governador ACM Neto (UB). Ontem, formalizou a indica\u00e7\u00e3o do nome do empres\u00e1rio Angelo Dourado para a posi\u00e7\u00e3o durante um ato no escrit\u00f3rio pol\u00edtico do pr\u00f3prio Neto. O ex-prefeito de Salvador n\u00e3o poderia ter deixado de receber o partido [&hellip;]<\/p>\n","protected":false},"author":1,"featured_media":26989,"comment_status":"closed","ping_status":"closed","sticky":false,"template":"","format":"standard","meta":{"om_disable_all_campaigns":false,"rop_custom_images_group":[],"rop_custom_messages_group":[],"rop_publish_now":"initial","rop_publish_now_accounts":[],"rop_publish_now_history":[],"rop_publish_now_status":"pending","_exactmetrics_skip_tracking":false,"footnotes":""},"categories":[19],"tags":[],"class_list":["post-30225","post","type-post","status-publish","format-standard","has-post-thumbnail","hentry","category-bahia"],"aioseo_notices":[],"aioseo_head":"\n\t\t<!-- All in One SEO 4.9.10 - aioseo.com -->\n\t<meta name=\"description\" content=\"O PDT baiano voltou a fazer gest\u00f5es para tentar emplacar o vice na chapa do candidato a governador ACM Neto (UB). Ontem, formalizou a indica\u00e7\u00e3o do nome do empres\u00e1rio Angelo Dourado para a posi\u00e7\u00e3o durante um ato no escrit\u00f3rio pol\u00edtico do pr\u00f3prio Neto. O ex-prefeito de Salvador n\u00e3o poderia ter deixado de receber o partido\" \/>\n\t<meta name=\"robots\" content=\"max-image-preview:large\" \/>\n\t<meta name=\"author\" content=\"administrador\"\/>\n\t<link rel=\"canonical\" href=\"https:\/\/newsinfoco.com.br\/inicio\/apoio-de-pdt-a-acm-neto-ja-esta-muito-bem-pago-com-nomeacao-de-andrea-mendonca-na-secult\/\" \/>\n\t<meta name=\"generator\" content=\"All in One SEO (AIOSEO) 4.9.10\" \/>\n\t\t<meta property=\"og:locale\" content=\"pt_BR\" \/>\n\t\t<meta property=\"og:site_name\" content=\"News In Foco - Editado por Caio Pimenta - O principal site de noticias de Alagoinhas e regi\u00e3o\" \/>\n\t\t<meta property=\"og:type\" content=\"article\" \/>\n\t\t<meta property=\"og:title\" content=\"Apoio de PDT a ACM Neto j\u00e1 est\u00e1 muito bem pago com nomea\u00e7\u00e3o de Andrea Mendon\u00e7a na Secult - News In Foco - Editado por Caio Pimenta\" \/>\n\t\t<meta property=\"og:description\" content=\"O PDT baiano voltou a fazer gest\u00f5es para tentar emplacar o vice na chapa do candidato a governador ACM Neto (UB). Ontem, formalizou a indica\u00e7\u00e3o do nome do empres\u00e1rio Angelo Dourado para a posi\u00e7\u00e3o durante um ato no escrit\u00f3rio pol\u00edtico do pr\u00f3prio Neto. O ex-prefeito de Salvador n\u00e3o poderia ter deixado de receber o partido\" \/>\n\t\t<meta property=\"og:url\" content=\"https:\/\/newsinfoco.com.br\/inicio\/apoio-de-pdt-a-acm-neto-ja-esta-muito-bem-pago-com-nomeacao-de-andrea-mendonca-na-secult\/\" \/>\n\t\t<meta property=\"article:published_time\" content=\"2022-05-25T21:57:26+00:00\" \/>\n\t\t<meta property=\"article:modified_time\" content=\"2022-05-25T21:57:26+00:00\" \/>\n\t\t<meta name=\"twitter:card\" content=\"summary_large_image\" \/>\n\t\t<meta name=\"twitter:title\" content=\"Apoio de PDT a ACM Neto j\u00e1 est\u00e1 muito bem pago com nomea\u00e7\u00e3o de Andrea Mendon\u00e7a na Secult - News In Foco - Editado por Caio Pimenta\" \/>\n\t\t<meta name=\"twitter:description\" content=\"O PDT baiano voltou a fazer gest\u00f5es para tentar emplacar o vice na chapa do candidato a governador ACM Neto (UB). Ontem, formalizou a indica\u00e7\u00e3o do nome do empres\u00e1rio Angelo Dourado para a posi\u00e7\u00e3o durante um ato no escrit\u00f3rio pol\u00edtico do pr\u00f3prio Neto. O ex-prefeito de Salvador n\u00e3o poderia ter deixado de receber o partido\" \/>\n\t\t<script type=\"application\/ld+json\" class=\"aioseo-schema\">\n\t\t\t{\"@context\":\"https:\\\/\\\/schema.org\",\"@graph\":[{\"@type\":\"BlogPosting\",\"@id\":\"https:\\\/\\\/newsinfoco.com.br\\\/inicio\\\/apoio-de-pdt-a-acm-neto-ja-esta-muito-bem-pago-com-nomeacao-de-andrea-mendonca-na-secult\\\/#blogposting\",\"name\":\"Apoio de PDT a ACM Neto j\\u00e1 est\\u00e1 muito bem pago com nomea\\u00e7\\u00e3o de Andrea Mendon\\u00e7a na Secult - News In Foco - Editado por Caio Pimenta\",\"headline\":\"Apoio de PDT a ACM Neto j\\u00e1 est\\u00e1 muito bem pago com nomea\\u00e7\\u00e3o de Andrea Mendon\\u00e7a na Secult\",\"author\":{\"@id\":\"https:\\\/\\\/newsinfoco.com.br\\\/inicio\\\/author\\\/administrador\\\/#author\"},\"publisher\":{\"@id\":\"https:\\\/\\\/newsinfoco.com.br\\\/inicio\\\/#organization\"},\"image\":{\"@type\":\"ImageObject\",\"url\":\"https:\\\/\\\/newsinfoco.com.br\\\/inicio\\\/wp-content\\\/uploads\\\/2021\\\/10\\\/Felix-Mendonca-Jr-1000x530-1.jpg\",\"width\":1000,\"height\":530},\"datePublished\":\"2022-05-25T18:57:26-03:00\",\"dateModified\":\"2022-05-25T18:57:26-03:00\",\"inLanguage\":\"pt-BR\",\"mainEntityOfPage\":{\"@id\":\"https:\\\/\\\/newsinfoco.com.br\\\/inicio\\\/apoio-de-pdt-a-acm-neto-ja-esta-muito-bem-pago-com-nomeacao-de-andrea-mendonca-na-secult\\\/#webpage\"},\"isPartOf\":{\"@id\":\"https:\\\/\\\/newsinfoco.com.br\\\/inicio\\\/apoio-de-pdt-a-acm-neto-ja-esta-muito-bem-pago-com-nomeacao-de-andrea-mendonca-na-secult\\\/#webpage\"},\"articleSection\":\"Bahia\"},{\"@type\":\"BreadcrumbList\",\"@id\":\"https:\\\/\\\/newsinfoco.com.br\\\/inicio\\\/apoio-de-pdt-a-acm-neto-ja-esta-muito-bem-pago-com-nomeacao-de-andrea-mendonca-na-secult\\\/#breadcrumblist\",\"itemListElement\":[{\"@type\":\"ListItem\",\"@id\":\"https:\\\/\\\/newsinfoco.com.br\\\/inicio#listItem\",\"position\":1,\"name\":\"In\\u00edcio\",\"item\":\"https:\\\/\\\/newsinfoco.com.br\\\/inicio\",\"nextItem\":{\"@type\":\"ListItem\",\"@id\":\"https:\\\/\\\/newsinfoco.com.br\\\/inicio\\\/category\\\/bahia\\\/#listItem\",\"name\":\"Bahia\"}},{\"@type\":\"ListItem\",\"@id\":\"https:\\\/\\\/newsinfoco.com.br\\\/inicio\\\/category\\\/bahia\\\/#listItem\",\"position\":2,\"name\":\"Bahia\",\"item\":\"https:\\\/\\\/newsinfoco.com.br\\\/inicio\\\/category\\\/bahia\\\/\",\"nextItem\":{\"@type\":\"ListItem\",\"@id\":\"https:\\\/\\\/newsinfoco.com.br\\\/inicio\\\/apoio-de-pdt-a-acm-neto-ja-esta-muito-bem-pago-com-nomeacao-de-andrea-mendonca-na-secult\\\/#listItem\",\"name\":\"Apoio de PDT a ACM Neto j\\u00e1 est\\u00e1 muito bem pago com nomea\\u00e7\\u00e3o de Andrea Mendon\\u00e7a na Secult\"},\"previousItem\":{\"@type\":\"ListItem\",\"@id\":\"https:\\\/\\\/newsinfoco.com.br\\\/inicio#listItem\",\"name\":\"In\\u00edcio\"}},{\"@type\":\"ListItem\",\"@id\":\"https:\\\/\\\/newsinfoco.com.br\\\/inicio\\\/apoio-de-pdt-a-acm-neto-ja-esta-muito-bem-pago-com-nomeacao-de-andrea-mendonca-na-secult\\\/#listItem\",\"position\":3,\"name\":\"Apoio de PDT a ACM Neto j\\u00e1 est\\u00e1 muito bem pago com nomea\\u00e7\\u00e3o de Andrea Mendon\\u00e7a na Secult\",\"previousItem\":{\"@type\":\"ListItem\",\"@id\":\"https:\\\/\\\/newsinfoco.com.br\\\/inicio\\\/category\\\/bahia\\\/#listItem\",\"name\":\"Bahia\"}}]},{\"@type\":\"Organization\",\"@id\":\"https:\\\/\\\/newsinfoco.com.br\\\/inicio\\\/#organization\",\"name\":\"News In Foco - Editado por Caio Pimenta\",\"description\":\"O principal site de noticias de Alagoinhas e regi\\u00e3o\",\"url\":\"https:\\\/\\\/newsinfoco.com.br\\\/inicio\\\/\"},{\"@type\":\"Person\",\"@id\":\"https:\\\/\\\/newsinfoco.com.br\\\/inicio\\\/author\\\/administrador\\\/#author\",\"url\":\"https:\\\/\\\/newsinfoco.com.br\\\/inicio\\\/author\\\/administrador\\\/\",\"name\":\"administrador\",\"image\":{\"@type\":\"ImageObject\",\"@id\":\"https:\\\/\\\/newsinfoco.com.br\\\/inicio\\\/apoio-de-pdt-a-acm-neto-ja-esta-muito-bem-pago-com-nomeacao-de-andrea-mendonca-na-secult\\\/#authorImage\",\"url\":\"https:\\\/\\\/secure.gravatar.com\\\/avatar\\\/c17a617433de8c1dc9584bb79aab7563b46f5bb7e1728c9b17d9cc3ce6a08e49?s=96&d=mm&r=g\",\"width\":96,\"height\":96,\"caption\":\"administrador\"}},{\"@type\":\"WebPage\",\"@id\":\"https:\\\/\\\/newsinfoco.com.br\\\/inicio\\\/apoio-de-pdt-a-acm-neto-ja-esta-muito-bem-pago-com-nomeacao-de-andrea-mendonca-na-secult\\\/#webpage\",\"url\":\"https:\\\/\\\/newsinfoco.com.br\\\/inicio\\\/apoio-de-pdt-a-acm-neto-ja-esta-muito-bem-pago-com-nomeacao-de-andrea-mendonca-na-secult\\\/\",\"name\":\"Apoio de PDT a ACM Neto j\\u00e1 est\\u00e1 muito bem pago com nomea\\u00e7\\u00e3o de Andrea Mendon\\u00e7a na Secult - News In Foco - Editado por Caio Pimenta\",\"description\":\"O PDT baiano voltou a fazer gest\\u00f5es para tentar emplacar o vice na chapa do candidato a governador ACM Neto (UB). Ontem, formalizou a indica\\u00e7\\u00e3o do nome do empres\\u00e1rio Angelo Dourado para a posi\\u00e7\\u00e3o durante um ato no escrit\\u00f3rio pol\\u00edtico do pr\\u00f3prio Neto. O ex-prefeito de Salvador n\\u00e3o poderia ter deixado de receber o partido\",\"inLanguage\":\"pt-BR\",\"isPartOf\":{\"@id\":\"https:\\\/\\\/newsinfoco.com.br\\\/inicio\\\/#website\"},\"breadcrumb\":{\"@id\":\"https:\\\/\\\/newsinfoco.com.br\\\/inicio\\\/apoio-de-pdt-a-acm-neto-ja-esta-muito-bem-pago-com-nomeacao-de-andrea-mendonca-na-secult\\\/#breadcrumblist\"},\"author\":{\"@id\":\"https:\\\/\\\/newsinfoco.com.br\\\/inicio\\\/author\\\/administrador\\\/#author\"},\"creator\":{\"@id\":\"https:\\\/\\\/newsinfoco.com.br\\\/inicio\\\/author\\\/administrador\\\/#author\"},\"image\":{\"@type\":\"ImageObject\",\"url\":\"https:\\\/\\\/newsinfoco.com.br\\\/inicio\\\/wp-content\\\/uploads\\\/2021\\\/10\\\/Felix-Mendonca-Jr-1000x530-1.jpg\",\"@id\":\"https:\\\/\\\/newsinfoco.com.br\\\/inicio\\\/apoio-de-pdt-a-acm-neto-ja-esta-muito-bem-pago-com-nomeacao-de-andrea-mendonca-na-secult\\\/#mainImage\",\"width\":1000,\"height\":530},\"primaryImageOfPage\":{\"@id\":\"https:\\\/\\\/newsinfoco.com.br\\\/inicio\\\/apoio-de-pdt-a-acm-neto-ja-esta-muito-bem-pago-com-nomeacao-de-andrea-mendonca-na-secult\\\/#mainImage\"},\"datePublished\":\"2022-05-25T18:57:26-03:00\",\"dateModified\":\"2022-05-25T18:57:26-03:00\"},{\"@type\":\"WebSite\",\"@id\":\"https:\\\/\\\/newsinfoco.com.br\\\/inicio\\\/#website\",\"url\":\"https:\\\/\\\/newsinfoco.com.br\\\/inicio\\\/\",\"name\":\"News In Foco - Editado por Caio Pimenta\",\"description\":\"O principal site de noticias de Alagoinhas e regi\\u00e3o\",\"inLanguage\":\"pt-BR\",\"publisher\":{\"@id\":\"https:\\\/\\\/newsinfoco.com.br\\\/inicio\\\/#organization\"}}]}\n\t\t<\/script>\n\t\t<!-- All in One SEO -->\n\n","aioseo_head_json":{"title":"Apoio de PDT a ACM Neto j\u00e1 est\u00e1 muito bem pago com nomea\u00e7\u00e3o de Andrea Mendon\u00e7a na Secult - News In Foco - Editado por Caio Pimenta","description":"O PDT baiano voltou a fazer gest\u00f5es para tentar emplacar o vice na chapa do candidato a governador ACM Neto (UB). Ontem, formalizou a indica\u00e7\u00e3o do nome do empres\u00e1rio Angelo Dourado para a posi\u00e7\u00e3o durante um ato no escrit\u00f3rio pol\u00edtico do pr\u00f3prio Neto. O ex-prefeito de Salvador n\u00e3o poderia ter deixado de receber o partido","canonical_url":"https:\/\/newsinfoco.com.br\/inicio\/apoio-de-pdt-a-acm-neto-ja-esta-muito-bem-pago-com-nomeacao-de-andrea-mendonca-na-secult\/","robots":"max-image-preview:large","keywords":"","webmasterTools":{"miscellaneous":""},"schema":{"@context":"https:\/\/schema.org","@graph":[{"@type":"BlogPosting","@id":"https:\/\/newsinfoco.com.br\/inicio\/apoio-de-pdt-a-acm-neto-ja-esta-muito-bem-pago-com-nomeacao-de-andrea-mendonca-na-secult\/#blogposting","name":"Apoio de PDT a ACM Neto j\u00e1 est\u00e1 muito bem pago com nomea\u00e7\u00e3o de Andrea Mendon\u00e7a na Secult - News In Foco - Editado por Caio Pimenta","headline":"Apoio de PDT a ACM Neto j\u00e1 est\u00e1 muito bem pago com nomea\u00e7\u00e3o de Andrea Mendon\u00e7a na Secult","author":{"@id":"https:\/\/newsinfoco.com.br\/inicio\/author\/administrador\/#author"},"publisher":{"@id":"https:\/\/newsinfoco.com.br\/inicio\/#organization"},"image":{"@type":"ImageObject","url":"https:\/\/newsinfoco.com.br\/inicio\/wp-content\/uploads\/2021\/10\/Felix-Mendonca-Jr-1000x530-1.jpg","width":1000,"height":530},"datePublished":"2022-05-25T18:57:26-03:00","dateModified":"2022-05-25T18:57:26-03:00","inLanguage":"pt-BR","mainEntityOfPage":{"@id":"https:\/\/newsinfoco.com.br\/inicio\/apoio-de-pdt-a-acm-neto-ja-esta-muito-bem-pago-com-nomeacao-de-andrea-mendonca-na-secult\/#webpage"},"isPartOf":{"@id":"https:\/\/newsinfoco.com.br\/inicio\/apoio-de-pdt-a-acm-neto-ja-esta-muito-bem-pago-com-nomeacao-de-andrea-mendonca-na-secult\/#webpage"},"articleSection":"Bahia"},{"@type":"BreadcrumbList","@id":"https:\/\/newsinfoco.com.br\/inicio\/apoio-de-pdt-a-acm-neto-ja-esta-muito-bem-pago-com-nomeacao-de-andrea-mendonca-na-secult\/#breadcrumblist","itemListElement":[{"@type":"ListItem","@id":"https:\/\/newsinfoco.com.br\/inicio#listItem","position":1,"name":"In\u00edcio","item":"https:\/\/newsinfoco.com.br\/inicio","nextItem":{"@type":"ListItem","@id":"https:\/\/newsinfoco.com.br\/inicio\/category\/bahia\/#listItem","name":"Bahia"}},{"@type":"ListItem","@id":"https:\/\/newsinfoco.com.br\/inicio\/category\/bahia\/#listItem","position":2,"name":"Bahia","item":"https:\/\/newsinfoco.com.br\/inicio\/category\/bahia\/","nextItem":{"@type":"ListItem","@id":"https:\/\/newsinfoco.com.br\/inicio\/apoio-de-pdt-a-acm-neto-ja-esta-muito-bem-pago-com-nomeacao-de-andrea-mendonca-na-secult\/#listItem","name":"Apoio de PDT a ACM Neto j\u00e1 est\u00e1 muito bem pago com nomea\u00e7\u00e3o de Andrea Mendon\u00e7a na Secult"},"previousItem":{"@type":"ListItem","@id":"https:\/\/newsinfoco.com.br\/inicio#listItem","name":"In\u00edcio"}},{"@type":"ListItem","@id":"https:\/\/newsinfoco.com.br\/inicio\/apoio-de-pdt-a-acm-neto-ja-esta-muito-bem-pago-com-nomeacao-de-andrea-mendonca-na-secult\/#listItem","position":3,"name":"Apoio de PDT a ACM Neto j\u00e1 est\u00e1 muito bem pago com nomea\u00e7\u00e3o de Andrea Mendon\u00e7a na Secult","previousItem":{"@type":"ListItem","@id":"https:\/\/newsinfoco.com.br\/inicio\/category\/bahia\/#listItem","name":"Bahia"}}]},{"@type":"Organization","@id":"https:\/\/newsinfoco.com.br\/inicio\/#organization","name":"News In Foco - Editado por Caio Pimenta","description":"O principal site de noticias de Alagoinhas e regi\u00e3o","url":"https:\/\/newsinfoco.com.br\/inicio\/"},{"@type":"Person","@id":"https:\/\/newsinfoco.com.br\/inicio\/author\/administrador\/#author","url":"https:\/\/newsinfoco.com.br\/inicio\/author\/administrador\/","name":"administrador","image":{"@type":"ImageObject","@id":"https:\/\/newsinfoco.com.br\/inicio\/apoio-de-pdt-a-acm-neto-ja-esta-muito-bem-pago-com-nomeacao-de-andrea-mendonca-na-secult\/#authorImage","url":"https:\/\/secure.gravatar.com\/avatar\/c17a617433de8c1dc9584bb79aab7563b46f5bb7e1728c9b17d9cc3ce6a08e49?s=96&d=mm&r=g","width":96,"height":96,"caption":"administrador"}},{"@type":"WebPage","@id":"https:\/\/newsinfoco.com.br\/inicio\/apoio-de-pdt-a-acm-neto-ja-esta-muito-bem-pago-com-nomeacao-de-andrea-mendonca-na-secult\/#webpage","url":"https:\/\/newsinfoco.com.br\/inicio\/apoio-de-pdt-a-acm-neto-ja-esta-muito-bem-pago-com-nomeacao-de-andrea-mendonca-na-secult\/","name":"Apoio de PDT a ACM Neto j\u00e1 est\u00e1 muito bem pago com nomea\u00e7\u00e3o de Andrea Mendon\u00e7a na Secult - News In Foco - Editado por Caio Pimenta","description":"O PDT baiano voltou a fazer gest\u00f5es para tentar emplacar o vice na chapa do candidato a governador ACM Neto (UB). Ontem, formalizou a indica\u00e7\u00e3o do nome do empres\u00e1rio Angelo Dourado para a posi\u00e7\u00e3o durante um ato no escrit\u00f3rio pol\u00edtico do pr\u00f3prio Neto. O ex-prefeito de Salvador n\u00e3o poderia ter deixado de receber o partido","inLanguage":"pt-BR","isPartOf":{"@id":"https:\/\/newsinfoco.com.br\/inicio\/#website"},"breadcrumb":{"@id":"https:\/\/newsinfoco.com.br\/inicio\/apoio-de-pdt-a-acm-neto-ja-esta-muito-bem-pago-com-nomeacao-de-andrea-mendonca-na-secult\/#breadcrumblist"},"author":{"@id":"https:\/\/newsinfoco.com.br\/inicio\/author\/administrador\/#author"},"creator":{"@id":"https:\/\/newsinfoco.com.br\/inicio\/author\/administrador\/#author"},"image":{"@type":"ImageObject","url":"https:\/\/newsinfoco.com.br\/inicio\/wp-content\/uploads\/2021\/10\/Felix-Mendonca-Jr-1000x530-1.jpg","@id":"https:\/\/newsinfoco.com.br\/inicio\/apoio-de-pdt-a-acm-neto-ja-esta-muito-bem-pago-com-nomeacao-de-andrea-mendonca-na-secult\/#mainImage","width":1000,"height":530},"primaryImageOfPage":{"@id":"https:\/\/newsinfoco.com.br\/inicio\/apoio-de-pdt-a-acm-neto-ja-esta-muito-bem-pago-com-nomeacao-de-andrea-mendonca-na-secult\/#mainImage"},"datePublished":"2022-05-25T18:57:26-03:00","dateModified":"2022-05-25T18:57:26-03:00"},{"@type":"WebSite","@id":"https:\/\/newsinfoco.com.br\/inicio\/#website","url":"https:\/\/newsinfoco.com.br\/inicio\/","name":"News In Foco - Editado por Caio Pimenta","description":"O principal site de noticias de Alagoinhas e regi\u00e3o","inLanguage":"pt-BR","publisher":{"@id":"https:\/\/newsinfoco.com.br\/inicio\/#organization"}}]},"og:locale":"pt_BR","og:site_name":"News In Foco - Editado por Caio Pimenta - O principal site de noticias de Alagoinhas e regi\u00e3o","og:type":"article","og:title":"Apoio de PDT a ACM Neto j\u00e1 est\u00e1 muito bem pago com nomea\u00e7\u00e3o de Andrea Mendon\u00e7a na Secult - News In Foco - Editado por Caio Pimenta","og:description":"O PDT baiano voltou a fazer gest\u00f5es para tentar emplacar o vice na chapa do candidato a governador ACM Neto (UB). Ontem, formalizou a indica\u00e7\u00e3o do nome do empres\u00e1rio Angelo Dourado para a posi\u00e7\u00e3o durante um ato no escrit\u00f3rio pol\u00edtico do pr\u00f3prio Neto. O ex-prefeito de Salvador n\u00e3o poderia ter deixado de receber o partido","og:url":"https:\/\/newsinfoco.com.br\/inicio\/apoio-de-pdt-a-acm-neto-ja-esta-muito-bem-pago-com-nomeacao-de-andrea-mendonca-na-secult\/","article:published_time":"2022-05-25T21:57:26+00:00","article:modified_time":"2022-05-25T21:57:26+00:00","twitter:card":"summary_large_image","twitter:title":"Apoio de PDT a ACM Neto j\u00e1 est\u00e1 muito bem pago com nomea\u00e7\u00e3o de Andrea Mendon\u00e7a na Secult - News In Foco - Editado por Caio Pimenta","twitter:description":"O PDT baiano voltou a fazer gest\u00f5es para tentar emplacar o vice na chapa do candidato a governador ACM Neto (UB). Ontem, formalizou a indica\u00e7\u00e3o do nome do empres\u00e1rio Angelo Dourado para a posi\u00e7\u00e3o durante um ato no escrit\u00f3rio pol\u00edtico do pr\u00f3prio Neto. O ex-prefeito de Salvador n\u00e3o poderia ter deixado de receber o partido"},"aioseo_meta_data":{"post_id":"30225","title":null,"description":null,"keywords":null,"keyphrases":null,"primary_term":null,"canonical_url":null,"og_title":null,"og_description":null,"og_object_type":"default","og_image_type":"default","og_image_url":null,"og_image_width":null,"og_image_height":null,"og_image_custom_url":null,"og_image_custom_fields":null,"og_video":null,"og_custom_url":null,"og_article_section":null,"og_article_tags":null,"twitter_use_og":false,"twitter_card":"default","twitter_image_type":"default","twitter_image_url":null,"twitter_image_custom_url":null,"twitter_image_custom_fields":null,"twitter_title":null,"twitter_description":null,"schema":{"blockGraphs":[],"customGraphs":[],"default":{"data":{"Article":[],"Course":[],"Dataset":[],"FAQPage":[],"Movie":[],"Person":[],"Product":[],"ProductReview":[],"Car":[],"Recipe":[],"Service":[],"SoftwareApplication":[],"WebPage":[]},"graphName":"","isEnabled":true},"graphs":[]},"schema_type":"default","schema_type_options":null,"pillar_content":false,"robots_default":true,"robots_noindex":false,"robots_noarchive":false,"robots_nosnippet":false,"robots_nofollow":false,"robots_noimageindex":false,"robots_noodp":false,"robots_notranslate":false,"robots_max_snippet":null,"robots_max_videopreview":null,"robots_max_imagepreview":"large","priority":null,"frequency":null,"local_seo":null,"breadcrumb_settings":null,"limit_modified_date":false,"ai":null,"created":"2023-06-12 21:27:28","updated":"2025-07-11 07:43:46","seo_analyzer_scan_date":null},"aioseo_breadcrumb":"<div class=\"aioseo-breadcrumbs\"><span class=\"aioseo-breadcrumb\">\n\t\t\t<a href=\"https:\/\/newsinfoco.com.br\/inicio\" title=\"In\u00edcio\">In\u00edcio<\/a>\n\t\t<\/span><span class=\"aioseo-breadcrumb-separator\">&raquo;<\/span><span class=\"aioseo-breadcrumb\">\n\t\t\t<a href=\"https:\/\/newsinfoco.com.br\/inicio\/category\/bahia\/\" title=\"Bahia\">Bahia<\/a>\n\t\t<\/span><span class=\"aioseo-breadcrumb-separator\">&raquo;<\/span><span class=\"aioseo-breadcrumb\">\n\t\t\tApoio de PDT a ACM Neto j\u00e1 est\u00e1 muito bem pago com nomea\u00e7\u00e3o de Andrea Mendon\u00e7a na Secult\n\t\t<\/span><\/div>","aioseo_breadcrumb_json":[{"label":"In\u00edcio","link":"https:\/\/newsinfoco.com.br\/inicio"},{"label":"Bahia","link":"https:\/\/newsinfoco.com.br\/inicio\/category\/bahia\/"},{"label":"Apoio de PDT a ACM Neto j\u00e1 est\u00e1 muito bem pago com nomea\u00e7\u00e3o de Andrea Mendon\u00e7a na Secult","link":"https:\/\/newsinfoco.com.br\/inicio\/apoio-de-pdt-a-acm-neto-ja-esta-muito-bem-pago-com-nomeacao-de-andrea-mendonca-na-secult\/"}],"_links":{"self":[{"href":"https:\/\/newsinfoco.com.br\/inicio\/wp-json\/wp\/v2\/posts\/30225","targetHints":{"allow":["GET"]}}],"collection":[{"href":"https:\/\/newsinfoco.com.br\/inicio\/wp-json\/wp\/v2\/posts"}],"about":[{"href":"https:\/\/newsinfoco.com.br\/inicio\/wp-json\/wp\/v2\/types\/post"}],"author":[{"embeddable":true,"href":"https:\/\/newsinfoco.com.br\/inicio\/wp-json\/wp\/v2\/users\/1"}],"replies":[{"embeddable":true,"href":"https:\/\/newsinfoco.com.br\/inicio\/wp-json\/wp\/v2\/comments?post=30225"}],"version-history":[{"count":1,"href":"https:\/\/newsinfoco.com.br\/inicio\/wp-json\/wp\/v2\/posts\/30225\/revisions"}],"predecessor-version":[{"id":30226,"href":"https:\/\/newsinfoco.com.br\/inicio\/wp-json\/wp\/v2\/posts\/30225\/revisions\/30226"}],"wp:featuredmedia":[{"embeddable":true,"href":"https:\/\/newsinfoco.com.br\/inicio\/wp-json\/wp\/v2\/media\/26989"}],"wp:attachment":[{"href":"https:\/\/newsinfoco.com.br\/inicio\/wp-json\/wp\/v2\/media?parent=30225"}],"wp:term":[{"taxonomy":"category","embeddable":true,"href":"https:\/\/newsinfoco.com.br\/inicio\/wp-json\/wp\/v2\/categories?post=30225"},{"taxonomy":"post_tag","embeddable":true,"href":"https:\/\/newsinfoco.com.br\/inicio\/wp-json\/wp\/v2\/tags?post=30225"}],"curies":[{"name":"wp","href":"https:\/\/api.w.org\/{rel}","templated":true}]}}