{"id":30232,"date":"2022-05-26T09:47:38","date_gmt":"2022-05-26T12:47:38","guid":{"rendered":"https:\/\/newsinfoco.com.br\/inicio\/?p=30232"},"modified":"2022-05-26T09:50:08","modified_gmt":"2022-05-26T12:50:08","slug":"com-imagem-desgastada-vereadores-buscam-uniao-para-resgatar-a-credibilidade-da-camara-municipal-de-alagoinhas","status":"publish","type":"post","link":"https:\/\/newsinfoco.com.br\/inicio\/com-imagem-desgastada-vereadores-buscam-uniao-para-resgatar-a-credibilidade-da-camara-municipal-de-alagoinhas\/","title":{"rendered":"Com imagem desgastada, vereadores buscam uni\u00e3o para resgatar a credibilidade da C\u00e2mara Municipal de Alagoinhas"},"content":{"rendered":"<p>Alvo de criticas por grande parte da popula\u00e7\u00e3o, a atual composi\u00e7\u00e3o da C\u00e2mara Municipal de Alagoinhas busca a uni\u00e3o para reverter o quadro de descredito que se abate sob a Casa Legislativa. A inten\u00e7\u00e3o \u00e9 que tanto a base, quanto a oposi\u00e7\u00e3o, comecem a fazer defesas p\u00fablicas das pautas de vota\u00e7\u00f5es e discuss\u00f5es que ocorrem no poder legislativo.<\/p>\n<p>A proposta \u00e9 visitar as emissoras de r\u00e1dio da cidade e demais m\u00eddias, sempre que possivel com representantes da oposi\u00e7\u00e3o e situa\u00e7\u00e3o, acompanhados do presidente, Cleto da Banana, numa demonstra\u00e7\u00e3o de &#8220;todos unidos por Alagoinhas&#8221;.<\/p>\n<p>Apesar da inten\u00e7\u00e3,o a tarefa n\u00e3o ser\u00e1 f\u00e1cil. A postura corporativista da Casa Legislativa, aliada a ataques p\u00fablicos \u00e0 imprensa e a lideres empresariais da cidade deixaram cicatrizes profundas na imagem da institui\u00e7\u00e3o. Alia-se a isso, a incapacidade at\u00e9 aqui observada de se apontar caminhos para problemas que afligem a popula\u00e7\u00e3o como o transporte p\u00fablico, por exemplo, que est\u00e1 em vias de paralisa\u00e7\u00e3o.<\/p>\n<p>A demora para aprova\u00e7\u00e3o de um projeto de apenas duas p\u00e1ginas para concess\u00e3o de terreno \u00e1 empresa Dore Refrigerantes tamb\u00e9m permanece viva na memoria dos alagoinhenses. Sem a press\u00e3o popular e de parte da imprensa, a empresa teria desistido de se instalar em Alagoinhas. N\u00e3o \u00e9 raro ouvir nas ruas a classifica\u00e7\u00e3o de &#8220;pior composi\u00e7\u00e3o da C\u00e2mara da hist\u00f3ria de Alagoinhas&#8217;.<\/p>\n<p>Esta a\u00ed talvez o maior desafio desta legislatura: recuperar a credibilidade da institui\u00e7\u00e3o.<\/p>\n<p>Por Caio Pimenta para o News Infoco<\/p>\n<p>&nbsp;<\/p>\n<p>&nbsp;<\/p>\n<div class='share-to-whatsapp-wrapper'><div class='share-on-whsp'>Share on: <\/div><a data-text='Com imagem desgastada, vereadores buscam uni\u00e3o para resgatar a credibilidade da C\u00e2mara Municipal de Alagoinhas' data-link='https:\/\/newsinfoco.com.br\/inicio\/com-imagem-desgastada-vereadores-buscam-uniao-para-resgatar-a-credibilidade-da-camara-municipal-de-alagoinhas\/' class='whatsapp-button whatsapp-share'>WhatsApp<\/a><div class='clear '><\/div><\/div>","protected":false},"excerpt":{"rendered":"<p>Alvo de criticas por grande parte da popula\u00e7\u00e3o, a atual composi\u00e7\u00e3o da C\u00e2mara Municipal de Alagoinhas busca a uni\u00e3o para reverter o quadro de descredito que se abate sob a Casa Legislativa. A inten\u00e7\u00e3o \u00e9 que tanto a base, quanto a oposi\u00e7\u00e3o, comecem a fazer defesas p\u00fablicas das pautas de vota\u00e7\u00f5es e discuss\u00f5es que ocorrem [&hellip;]<\/p>\n","protected":false},"author":1,"featured_media":1068,"comment_status":"closed","ping_status":"closed","sticky":false,"template":"","format":"standard","meta":{"om_disable_all_campaigns":false,"rop_custom_images_group":[],"rop_custom_messages_group":[],"rop_publish_now":"initial","rop_publish_now_accounts":[],"rop_publish_now_history":[],"rop_publish_now_status":"pending","_exactmetrics_skip_tracking":false,"footnotes":""},"categories":[38,167],"tags":[],"class_list":["post-30232","post","type-post","status-publish","format-standard","has-post-thumbnail","hentry","category-alagoinhas-e-regiao","category-exclusivas"],"aioseo_notices":[],"aioseo_head":"\n\t\t<!-- All in One SEO 4.9.10 - aioseo.com -->\n\t<meta name=\"description\" content=\"Alvo de criticas por grande parte da popula\u00e7\u00e3o, a atual composi\u00e7\u00e3o da C\u00e2mara Municipal de Alagoinhas busca a uni\u00e3o para reverter o quadro de descredito que se abate sob a Casa Legislativa. A inten\u00e7\u00e3o \u00e9 que tanto a base, quanto a oposi\u00e7\u00e3o, comecem a fazer defesas p\u00fablicas das pautas de vota\u00e7\u00f5es e discuss\u00f5es que ocorrem\" \/>\n\t<meta name=\"robots\" content=\"max-image-preview:large\" \/>\n\t<meta name=\"author\" content=\"administrador\"\/>\n\t<link rel=\"canonical\" href=\"https:\/\/newsinfoco.com.br\/inicio\/com-imagem-desgastada-vereadores-buscam-uniao-para-resgatar-a-credibilidade-da-camara-municipal-de-alagoinhas\/\" \/>\n\t<meta name=\"generator\" content=\"All in One SEO (AIOSEO) 4.9.10\" \/>\n\t\t<meta property=\"og:locale\" content=\"pt_BR\" \/>\n\t\t<meta property=\"og:site_name\" content=\"News In Foco - Editado por Caio Pimenta - O principal site de noticias de Alagoinhas e regi\u00e3o\" \/>\n\t\t<meta property=\"og:type\" content=\"article\" \/>\n\t\t<meta property=\"og:title\" content=\"Com imagem desgastada, vereadores buscam uni\u00e3o para resgatar a credibilidade da C\u00e2mara Municipal de Alagoinhas - News In Foco - Editado por Caio Pimenta\" \/>\n\t\t<meta property=\"og:description\" content=\"Alvo de criticas por grande parte da popula\u00e7\u00e3o, a atual composi\u00e7\u00e3o da C\u00e2mara Municipal de Alagoinhas busca a uni\u00e3o para reverter o quadro de descredito que se abate sob a Casa Legislativa. A inten\u00e7\u00e3o \u00e9 que tanto a base, quanto a oposi\u00e7\u00e3o, comecem a fazer defesas p\u00fablicas das pautas de vota\u00e7\u00f5es e discuss\u00f5es que ocorrem\" \/>\n\t\t<meta property=\"og:url\" content=\"https:\/\/newsinfoco.com.br\/inicio\/com-imagem-desgastada-vereadores-buscam-uniao-para-resgatar-a-credibilidade-da-camara-municipal-de-alagoinhas\/\" \/>\n\t\t<meta property=\"article:published_time\" content=\"2022-05-26T12:47:38+00:00\" \/>\n\t\t<meta property=\"article:modified_time\" content=\"2022-05-26T12:50:08+00:00\" \/>\n\t\t<meta name=\"twitter:card\" content=\"summary_large_image\" \/>\n\t\t<meta name=\"twitter:title\" content=\"Com imagem desgastada, vereadores buscam uni\u00e3o para resgatar a credibilidade da C\u00e2mara Municipal de Alagoinhas - News In Foco - Editado por Caio Pimenta\" \/>\n\t\t<meta name=\"twitter:description\" content=\"Alvo de criticas por grande parte da popula\u00e7\u00e3o, a atual composi\u00e7\u00e3o da C\u00e2mara Municipal de Alagoinhas busca a uni\u00e3o para reverter o quadro de descredito que se abate sob a Casa Legislativa. A inten\u00e7\u00e3o \u00e9 que tanto a base, quanto a oposi\u00e7\u00e3o, comecem a fazer defesas p\u00fablicas das pautas de vota\u00e7\u00f5es e discuss\u00f5es que ocorrem\" \/>\n\t\t<script type=\"application\/ld+json\" class=\"aioseo-schema\">\n\t\t\t{\"@context\":\"https:\\\/\\\/schema.org\",\"@graph\":[{\"@type\":\"BlogPosting\",\"@id\":\"https:\\\/\\\/newsinfoco.com.br\\\/inicio\\\/com-imagem-desgastada-vereadores-buscam-uniao-para-resgatar-a-credibilidade-da-camara-municipal-de-alagoinhas\\\/#blogposting\",\"name\":\"Com imagem desgastada, vereadores buscam uni\\u00e3o para resgatar a credibilidade da C\\u00e2mara Municipal de Alagoinhas - News In Foco - Editado por Caio Pimenta\",\"headline\":\"Com imagem desgastada, vereadores buscam uni\\u00e3o para resgatar a credibilidade da C\\u00e2mara Municipal de Alagoinhas\",\"author\":{\"@id\":\"https:\\\/\\\/newsinfoco.com.br\\\/inicio\\\/author\\\/administrador\\\/#author\"},\"publisher\":{\"@id\":\"https:\\\/\\\/newsinfoco.com.br\\\/inicio\\\/#organization\"},\"image\":{\"@type\":\"ImageObject\",\"url\":\"https:\\\/\\\/newsinfoco.com.br\\\/inicio\\\/wp-content\\\/uploads\\\/2018\\\/03\\\/C\\u00c2MARA-VEREADORES-DE-ALAGOINHAS-800x422.jpeg\",\"width\":800,\"height\":422},\"datePublished\":\"2022-05-26T09:47:38-03:00\",\"dateModified\":\"2022-05-26T09:50:08-03:00\",\"inLanguage\":\"pt-BR\",\"mainEntityOfPage\":{\"@id\":\"https:\\\/\\\/newsinfoco.com.br\\\/inicio\\\/com-imagem-desgastada-vereadores-buscam-uniao-para-resgatar-a-credibilidade-da-camara-municipal-de-alagoinhas\\\/#webpage\"},\"isPartOf\":{\"@id\":\"https:\\\/\\\/newsinfoco.com.br\\\/inicio\\\/com-imagem-desgastada-vereadores-buscam-uniao-para-resgatar-a-credibilidade-da-camara-municipal-de-alagoinhas\\\/#webpage\"},\"articleSection\":\"Alagoinhas e Regi\\u00e3o, Manchete\"},{\"@type\":\"BreadcrumbList\",\"@id\":\"https:\\\/\\\/newsinfoco.com.br\\\/inicio\\\/com-imagem-desgastada-vereadores-buscam-uniao-para-resgatar-a-credibilidade-da-camara-municipal-de-alagoinhas\\\/#breadcrumblist\",\"itemListElement\":[{\"@type\":\"ListItem\",\"@id\":\"https:\\\/\\\/newsinfoco.com.br\\\/inicio#listItem\",\"position\":1,\"name\":\"In\\u00edcio\",\"item\":\"https:\\\/\\\/newsinfoco.com.br\\\/inicio\",\"nextItem\":{\"@type\":\"ListItem\",\"@id\":\"https:\\\/\\\/newsinfoco.com.br\\\/inicio\\\/category\\\/alagoinhas-e-regiao\\\/#listItem\",\"name\":\"Alagoinhas e Regi\\u00e3o\"}},{\"@type\":\"ListItem\",\"@id\":\"https:\\\/\\\/newsinfoco.com.br\\\/inicio\\\/category\\\/alagoinhas-e-regiao\\\/#listItem\",\"position\":2,\"name\":\"Alagoinhas e Regi\\u00e3o\",\"item\":\"https:\\\/\\\/newsinfoco.com.br\\\/inicio\\\/category\\\/alagoinhas-e-regiao\\\/\",\"nextItem\":{\"@type\":\"ListItem\",\"@id\":\"https:\\\/\\\/newsinfoco.com.br\\\/inicio\\\/com-imagem-desgastada-vereadores-buscam-uniao-para-resgatar-a-credibilidade-da-camara-municipal-de-alagoinhas\\\/#listItem\",\"name\":\"Com imagem desgastada, vereadores buscam uni\\u00e3o para resgatar a credibilidade da C\\u00e2mara Municipal de Alagoinhas\"},\"previousItem\":{\"@type\":\"ListItem\",\"@id\":\"https:\\\/\\\/newsinfoco.com.br\\\/inicio#listItem\",\"name\":\"In\\u00edcio\"}},{\"@type\":\"ListItem\",\"@id\":\"https:\\\/\\\/newsinfoco.com.br\\\/inicio\\\/com-imagem-desgastada-vereadores-buscam-uniao-para-resgatar-a-credibilidade-da-camara-municipal-de-alagoinhas\\\/#listItem\",\"position\":3,\"name\":\"Com imagem desgastada, vereadores buscam uni\\u00e3o para resgatar a credibilidade da C\\u00e2mara Municipal de Alagoinhas\",\"previousItem\":{\"@type\":\"ListItem\",\"@id\":\"https:\\\/\\\/newsinfoco.com.br\\\/inicio\\\/category\\\/alagoinhas-e-regiao\\\/#listItem\",\"name\":\"Alagoinhas e Regi\\u00e3o\"}}]},{\"@type\":\"Organization\",\"@id\":\"https:\\\/\\\/newsinfoco.com.br\\\/inicio\\\/#organization\",\"name\":\"News In Foco - Editado por Caio Pimenta\",\"description\":\"O principal site de noticias de Alagoinhas e regi\\u00e3o\",\"url\":\"https:\\\/\\\/newsinfoco.com.br\\\/inicio\\\/\"},{\"@type\":\"Person\",\"@id\":\"https:\\\/\\\/newsinfoco.com.br\\\/inicio\\\/author\\\/administrador\\\/#author\",\"url\":\"https:\\\/\\\/newsinfoco.com.br\\\/inicio\\\/author\\\/administrador\\\/\",\"name\":\"administrador\",\"image\":{\"@type\":\"ImageObject\",\"@id\":\"https:\\\/\\\/newsinfoco.com.br\\\/inicio\\\/com-imagem-desgastada-vereadores-buscam-uniao-para-resgatar-a-credibilidade-da-camara-municipal-de-alagoinhas\\\/#authorImage\",\"url\":\"https:\\\/\\\/secure.gravatar.com\\\/avatar\\\/c17a617433de8c1dc9584bb79aab7563b46f5bb7e1728c9b17d9cc3ce6a08e49?s=96&d=mm&r=g\",\"width\":96,\"height\":96,\"caption\":\"administrador\"}},{\"@type\":\"WebPage\",\"@id\":\"https:\\\/\\\/newsinfoco.com.br\\\/inicio\\\/com-imagem-desgastada-vereadores-buscam-uniao-para-resgatar-a-credibilidade-da-camara-municipal-de-alagoinhas\\\/#webpage\",\"url\":\"https:\\\/\\\/newsinfoco.com.br\\\/inicio\\\/com-imagem-desgastada-vereadores-buscam-uniao-para-resgatar-a-credibilidade-da-camara-municipal-de-alagoinhas\\\/\",\"name\":\"Com imagem desgastada, vereadores buscam uni\\u00e3o para resgatar a credibilidade da C\\u00e2mara Municipal de Alagoinhas - News In Foco - Editado por Caio Pimenta\",\"description\":\"Alvo de criticas por grande parte da popula\\u00e7\\u00e3o, a atual composi\\u00e7\\u00e3o da C\\u00e2mara Municipal de Alagoinhas busca a uni\\u00e3o para reverter o quadro de descredito que se abate sob a Casa Legislativa. A inten\\u00e7\\u00e3o \\u00e9 que tanto a base, quanto a oposi\\u00e7\\u00e3o, comecem a fazer defesas p\\u00fablicas das pautas de vota\\u00e7\\u00f5es e discuss\\u00f5es que ocorrem\",\"inLanguage\":\"pt-BR\",\"isPartOf\":{\"@id\":\"https:\\\/\\\/newsinfoco.com.br\\\/inicio\\\/#website\"},\"breadcrumb\":{\"@id\":\"https:\\\/\\\/newsinfoco.com.br\\\/inicio\\\/com-imagem-desgastada-vereadores-buscam-uniao-para-resgatar-a-credibilidade-da-camara-municipal-de-alagoinhas\\\/#breadcrumblist\"},\"author\":{\"@id\":\"https:\\\/\\\/newsinfoco.com.br\\\/inicio\\\/author\\\/administrador\\\/#author\"},\"creator\":{\"@id\":\"https:\\\/\\\/newsinfoco.com.br\\\/inicio\\\/author\\\/administrador\\\/#author\"},\"image\":{\"@type\":\"ImageObject\",\"url\":\"https:\\\/\\\/newsinfoco.com.br\\\/inicio\\\/wp-content\\\/uploads\\\/2018\\\/03\\\/C\\u00c2MARA-VEREADORES-DE-ALAGOINHAS-800x422.jpeg\",\"@id\":\"https:\\\/\\\/newsinfoco.com.br\\\/inicio\\\/com-imagem-desgastada-vereadores-buscam-uniao-para-resgatar-a-credibilidade-da-camara-municipal-de-alagoinhas\\\/#mainImage\",\"width\":800,\"height\":422},\"primaryImageOfPage\":{\"@id\":\"https:\\\/\\\/newsinfoco.com.br\\\/inicio\\\/com-imagem-desgastada-vereadores-buscam-uniao-para-resgatar-a-credibilidade-da-camara-municipal-de-alagoinhas\\\/#mainImage\"},\"datePublished\":\"2022-05-26T09:47:38-03:00\",\"dateModified\":\"2022-05-26T09:50:08-03:00\"},{\"@type\":\"WebSite\",\"@id\":\"https:\\\/\\\/newsinfoco.com.br\\\/inicio\\\/#website\",\"url\":\"https:\\\/\\\/newsinfoco.com.br\\\/inicio\\\/\",\"name\":\"News In Foco - Editado por Caio Pimenta\",\"description\":\"O principal site de noticias de Alagoinhas e regi\\u00e3o\",\"inLanguage\":\"pt-BR\",\"publisher\":{\"@id\":\"https:\\\/\\\/newsinfoco.com.br\\\/inicio\\\/#organization\"}}]}\n\t\t<\/script>\n\t\t<!-- All in One SEO -->\n\n","aioseo_head_json":{"title":"Com imagem desgastada, vereadores buscam uni\u00e3o para resgatar a credibilidade da C\u00e2mara Municipal de Alagoinhas - News In Foco - Editado por Caio Pimenta","description":"Alvo de criticas por grande parte da popula\u00e7\u00e3o, a atual composi\u00e7\u00e3o da C\u00e2mara Municipal de Alagoinhas busca a uni\u00e3o para reverter o quadro de descredito que se abate sob a Casa Legislativa. A inten\u00e7\u00e3o \u00e9 que tanto a base, quanto a oposi\u00e7\u00e3o, comecem a fazer defesas p\u00fablicas das pautas de vota\u00e7\u00f5es e discuss\u00f5es que ocorrem","canonical_url":"https:\/\/newsinfoco.com.br\/inicio\/com-imagem-desgastada-vereadores-buscam-uniao-para-resgatar-a-credibilidade-da-camara-municipal-de-alagoinhas\/","robots":"max-image-preview:large","keywords":"","webmasterTools":{"miscellaneous":""},"schema":{"@context":"https:\/\/schema.org","@graph":[{"@type":"BlogPosting","@id":"https:\/\/newsinfoco.com.br\/inicio\/com-imagem-desgastada-vereadores-buscam-uniao-para-resgatar-a-credibilidade-da-camara-municipal-de-alagoinhas\/#blogposting","name":"Com imagem desgastada, vereadores buscam uni\u00e3o para resgatar a credibilidade da C\u00e2mara Municipal de Alagoinhas - News In Foco - Editado por Caio Pimenta","headline":"Com imagem desgastada, vereadores buscam uni\u00e3o para resgatar a credibilidade da C\u00e2mara Municipal de Alagoinhas","author":{"@id":"https:\/\/newsinfoco.com.br\/inicio\/author\/administrador\/#author"},"publisher":{"@id":"https:\/\/newsinfoco.com.br\/inicio\/#organization"},"image":{"@type":"ImageObject","url":"https:\/\/newsinfoco.com.br\/inicio\/wp-content\/uploads\/2018\/03\/C\u00c2MARA-VEREADORES-DE-ALAGOINHAS-800x422.jpeg","width":800,"height":422},"datePublished":"2022-05-26T09:47:38-03:00","dateModified":"2022-05-26T09:50:08-03:00","inLanguage":"pt-BR","mainEntityOfPage":{"@id":"https:\/\/newsinfoco.com.br\/inicio\/com-imagem-desgastada-vereadores-buscam-uniao-para-resgatar-a-credibilidade-da-camara-municipal-de-alagoinhas\/#webpage"},"isPartOf":{"@id":"https:\/\/newsinfoco.com.br\/inicio\/com-imagem-desgastada-vereadores-buscam-uniao-para-resgatar-a-credibilidade-da-camara-municipal-de-alagoinhas\/#webpage"},"articleSection":"Alagoinhas e Regi\u00e3o, Manchete"},{"@type":"BreadcrumbList","@id":"https:\/\/newsinfoco.com.br\/inicio\/com-imagem-desgastada-vereadores-buscam-uniao-para-resgatar-a-credibilidade-da-camara-municipal-de-alagoinhas\/#breadcrumblist","itemListElement":[{"@type":"ListItem","@id":"https:\/\/newsinfoco.com.br\/inicio#listItem","position":1,"name":"In\u00edcio","item":"https:\/\/newsinfoco.com.br\/inicio","nextItem":{"@type":"ListItem","@id":"https:\/\/newsinfoco.com.br\/inicio\/category\/alagoinhas-e-regiao\/#listItem","name":"Alagoinhas e Regi\u00e3o"}},{"@type":"ListItem","@id":"https:\/\/newsinfoco.com.br\/inicio\/category\/alagoinhas-e-regiao\/#listItem","position":2,"name":"Alagoinhas e Regi\u00e3o","item":"https:\/\/newsinfoco.com.br\/inicio\/category\/alagoinhas-e-regiao\/","nextItem":{"@type":"ListItem","@id":"https:\/\/newsinfoco.com.br\/inicio\/com-imagem-desgastada-vereadores-buscam-uniao-para-resgatar-a-credibilidade-da-camara-municipal-de-alagoinhas\/#listItem","name":"Com imagem desgastada, vereadores buscam uni\u00e3o para resgatar a credibilidade da C\u00e2mara Municipal de Alagoinhas"},"previousItem":{"@type":"ListItem","@id":"https:\/\/newsinfoco.com.br\/inicio#listItem","name":"In\u00edcio"}},{"@type":"ListItem","@id":"https:\/\/newsinfoco.com.br\/inicio\/com-imagem-desgastada-vereadores-buscam-uniao-para-resgatar-a-credibilidade-da-camara-municipal-de-alagoinhas\/#listItem","position":3,"name":"Com imagem desgastada, vereadores buscam uni\u00e3o para resgatar a credibilidade da C\u00e2mara Municipal de Alagoinhas","previousItem":{"@type":"ListItem","@id":"https:\/\/newsinfoco.com.br\/inicio\/category\/alagoinhas-e-regiao\/#listItem","name":"Alagoinhas e Regi\u00e3o"}}]},{"@type":"Organization","@id":"https:\/\/newsinfoco.com.br\/inicio\/#organization","name":"News In Foco - Editado por Caio Pimenta","description":"O principal site de noticias de Alagoinhas e regi\u00e3o","url":"https:\/\/newsinfoco.com.br\/inicio\/"},{"@type":"Person","@id":"https:\/\/newsinfoco.com.br\/inicio\/author\/administrador\/#author","url":"https:\/\/newsinfoco.com.br\/inicio\/author\/administrador\/","name":"administrador","image":{"@type":"ImageObject","@id":"https:\/\/newsinfoco.com.br\/inicio\/com-imagem-desgastada-vereadores-buscam-uniao-para-resgatar-a-credibilidade-da-camara-municipal-de-alagoinhas\/#authorImage","url":"https:\/\/secure.gravatar.com\/avatar\/c17a617433de8c1dc9584bb79aab7563b46f5bb7e1728c9b17d9cc3ce6a08e49?s=96&d=mm&r=g","width":96,"height":96,"caption":"administrador"}},{"@type":"WebPage","@id":"https:\/\/newsinfoco.com.br\/inicio\/com-imagem-desgastada-vereadores-buscam-uniao-para-resgatar-a-credibilidade-da-camara-municipal-de-alagoinhas\/#webpage","url":"https:\/\/newsinfoco.com.br\/inicio\/com-imagem-desgastada-vereadores-buscam-uniao-para-resgatar-a-credibilidade-da-camara-municipal-de-alagoinhas\/","name":"Com imagem desgastada, vereadores buscam uni\u00e3o para resgatar a credibilidade da C\u00e2mara Municipal de Alagoinhas - News In Foco - Editado por Caio Pimenta","description":"Alvo de criticas por grande parte da popula\u00e7\u00e3o, a atual composi\u00e7\u00e3o da C\u00e2mara Municipal de Alagoinhas busca a uni\u00e3o para reverter o quadro de descredito que se abate sob a Casa Legislativa. A inten\u00e7\u00e3o \u00e9 que tanto a base, quanto a oposi\u00e7\u00e3o, comecem a fazer defesas p\u00fablicas das pautas de vota\u00e7\u00f5es e discuss\u00f5es que ocorrem","inLanguage":"pt-BR","isPartOf":{"@id":"https:\/\/newsinfoco.com.br\/inicio\/#website"},"breadcrumb":{"@id":"https:\/\/newsinfoco.com.br\/inicio\/com-imagem-desgastada-vereadores-buscam-uniao-para-resgatar-a-credibilidade-da-camara-municipal-de-alagoinhas\/#breadcrumblist"},"author":{"@id":"https:\/\/newsinfoco.com.br\/inicio\/author\/administrador\/#author"},"creator":{"@id":"https:\/\/newsinfoco.com.br\/inicio\/author\/administrador\/#author"},"image":{"@type":"ImageObject","url":"https:\/\/newsinfoco.com.br\/inicio\/wp-content\/uploads\/2018\/03\/C\u00c2MARA-VEREADORES-DE-ALAGOINHAS-800x422.jpeg","@id":"https:\/\/newsinfoco.com.br\/inicio\/com-imagem-desgastada-vereadores-buscam-uniao-para-resgatar-a-credibilidade-da-camara-municipal-de-alagoinhas\/#mainImage","width":800,"height":422},"primaryImageOfPage":{"@id":"https:\/\/newsinfoco.com.br\/inicio\/com-imagem-desgastada-vereadores-buscam-uniao-para-resgatar-a-credibilidade-da-camara-municipal-de-alagoinhas\/#mainImage"},"datePublished":"2022-05-26T09:47:38-03:00","dateModified":"2022-05-26T09:50:08-03:00"},{"@type":"WebSite","@id":"https:\/\/newsinfoco.com.br\/inicio\/#website","url":"https:\/\/newsinfoco.com.br\/inicio\/","name":"News In Foco - Editado por Caio Pimenta","description":"O principal site de noticias de Alagoinhas e regi\u00e3o","inLanguage":"pt-BR","publisher":{"@id":"https:\/\/newsinfoco.com.br\/inicio\/#organization"}}]},"og:locale":"pt_BR","og:site_name":"News In Foco - Editado por Caio Pimenta - O principal site de noticias de Alagoinhas e regi\u00e3o","og:type":"article","og:title":"Com imagem desgastada, vereadores buscam uni\u00e3o para resgatar a credibilidade da C\u00e2mara Municipal de Alagoinhas - News In Foco - Editado por Caio Pimenta","og:description":"Alvo de criticas por grande parte da popula\u00e7\u00e3o, a atual composi\u00e7\u00e3o da C\u00e2mara Municipal de Alagoinhas busca a uni\u00e3o para reverter o quadro de descredito que se abate sob a Casa Legislativa. A inten\u00e7\u00e3o \u00e9 que tanto a base, quanto a oposi\u00e7\u00e3o, comecem a fazer defesas p\u00fablicas das pautas de vota\u00e7\u00f5es e discuss\u00f5es que ocorrem","og:url":"https:\/\/newsinfoco.com.br\/inicio\/com-imagem-desgastada-vereadores-buscam-uniao-para-resgatar-a-credibilidade-da-camara-municipal-de-alagoinhas\/","article:published_time":"2022-05-26T12:47:38+00:00","article:modified_time":"2022-05-26T12:50:08+00:00","twitter:card":"summary_large_image","twitter:title":"Com imagem desgastada, vereadores buscam uni\u00e3o para resgatar a credibilidade da C\u00e2mara Municipal de Alagoinhas - News In Foco - Editado por Caio Pimenta","twitter:description":"Alvo de criticas por grande parte da popula\u00e7\u00e3o, a atual composi\u00e7\u00e3o da C\u00e2mara Municipal de Alagoinhas busca a uni\u00e3o para reverter o quadro de descredito que se abate sob a Casa Legislativa. A inten\u00e7\u00e3o \u00e9 que tanto a base, quanto a oposi\u00e7\u00e3o, comecem a fazer defesas p\u00fablicas das pautas de vota\u00e7\u00f5es e discuss\u00f5es que ocorrem"},"aioseo_meta_data":{"post_id":"30232","title":null,"description":null,"keywords":null,"keyphrases":null,"primary_term":null,"canonical_url":null,"og_title":null,"og_description":null,"og_object_type":"default","og_image_type":"default","og_image_url":null,"og_image_width":null,"og_image_height":null,"og_image_custom_url":null,"og_image_custom_fields":null,"og_video":null,"og_custom_url":null,"og_article_section":null,"og_article_tags":null,"twitter_use_og":false,"twitter_card":"default","twitter_image_type":"default","twitter_image_url":null,"twitter_image_custom_url":null,"twitter_image_custom_fields":null,"twitter_title":null,"twitter_description":null,"schema":{"blockGraphs":[],"customGraphs":[],"default":{"data":{"Article":[],"Course":[],"Dataset":[],"FAQPage":[],"Movie":[],"Person":[],"Product":[],"ProductReview":[],"Car":[],"Recipe":[],"Service":[],"SoftwareApplication":[],"WebPage":[]},"graphName":"","isEnabled":true},"graphs":[]},"schema_type":"default","schema_type_options":null,"pillar_content":false,"robots_default":true,"robots_noindex":false,"robots_noarchive":false,"robots_nosnippet":false,"robots_nofollow":false,"robots_noimageindex":false,"robots_noodp":false,"robots_notranslate":false,"robots_max_snippet":null,"robots_max_videopreview":null,"robots_max_imagepreview":"large","priority":null,"frequency":null,"local_seo":null,"breadcrumb_settings":null,"limit_modified_date":false,"ai":null,"created":"2023-06-12 21:28:59","updated":"2025-07-11 07:44:52","seo_analyzer_scan_date":null},"aioseo_breadcrumb":"<div class=\"aioseo-breadcrumbs\"><span class=\"aioseo-breadcrumb\">\n\t\t\t<a href=\"https:\/\/newsinfoco.com.br\/inicio\" title=\"In\u00edcio\">In\u00edcio<\/a>\n\t\t<\/span><span class=\"aioseo-breadcrumb-separator\">&raquo;<\/span><span class=\"aioseo-breadcrumb\">\n\t\t\t<a href=\"https:\/\/newsinfoco.com.br\/inicio\/category\/alagoinhas-e-regiao\/\" title=\"Alagoinhas e Regi\u00e3o\">Alagoinhas e Regi\u00e3o<\/a>\n\t\t<\/span><span class=\"aioseo-breadcrumb-separator\">&raquo;<\/span><span class=\"aioseo-breadcrumb\">\n\t\t\tCom imagem desgastada, vereadores buscam uni\u00e3o para resgatar a credibilidade da C\u00e2mara Municipal de Alagoinhas\n\t\t<\/span><\/div>","aioseo_breadcrumb_json":[{"label":"In\u00edcio","link":"https:\/\/newsinfoco.com.br\/inicio"},{"label":"Alagoinhas e Regi\u00e3o","link":"https:\/\/newsinfoco.com.br\/inicio\/category\/alagoinhas-e-regiao\/"},{"label":"Com imagem desgastada, vereadores buscam uni\u00e3o para resgatar a credibilidade da C\u00e2mara Municipal de Alagoinhas","link":"https:\/\/newsinfoco.com.br\/inicio\/com-imagem-desgastada-vereadores-buscam-uniao-para-resgatar-a-credibilidade-da-camara-municipal-de-alagoinhas\/"}],"_links":{"self":[{"href":"https:\/\/newsinfoco.com.br\/inicio\/wp-json\/wp\/v2\/posts\/30232","targetHints":{"allow":["GET"]}}],"collection":[{"href":"https:\/\/newsinfoco.com.br\/inicio\/wp-json\/wp\/v2\/posts"}],"about":[{"href":"https:\/\/newsinfoco.com.br\/inicio\/wp-json\/wp\/v2\/types\/post"}],"author":[{"embeddable":true,"href":"https:\/\/newsinfoco.com.br\/inicio\/wp-json\/wp\/v2\/users\/1"}],"replies":[{"embeddable":true,"href":"https:\/\/newsinfoco.com.br\/inicio\/wp-json\/wp\/v2\/comments?post=30232"}],"version-history":[{"count":2,"href":"https:\/\/newsinfoco.com.br\/inicio\/wp-json\/wp\/v2\/posts\/30232\/revisions"}],"predecessor-version":[{"id":30234,"href":"https:\/\/newsinfoco.com.br\/inicio\/wp-json\/wp\/v2\/posts\/30232\/revisions\/30234"}],"wp:featuredmedia":[{"embeddable":true,"href":"https:\/\/newsinfoco.com.br\/inicio\/wp-json\/wp\/v2\/media\/1068"}],"wp:attachment":[{"href":"https:\/\/newsinfoco.com.br\/inicio\/wp-json\/wp\/v2\/media?parent=30232"}],"wp:term":[{"taxonomy":"category","embeddable":true,"href":"https:\/\/newsinfoco.com.br\/inicio\/wp-json\/wp\/v2\/categories?post=30232"},{"taxonomy":"post_tag","embeddable":true,"href":"https:\/\/newsinfoco.com.br\/inicio\/wp-json\/wp\/v2\/tags?post=30232"}],"curies":[{"name":"wp","href":"https:\/\/api.w.org\/{rel}","templated":true}]}}