{"id":30239,"date":"2022-05-26T16:30:21","date_gmt":"2022-05-26T19:30:21","guid":{"rendered":"https:\/\/newsinfoco.com.br\/inicio\/?p=30239"},"modified":"2022-05-26T16:30:21","modified_gmt":"2022-05-26T19:30:21","slug":"greve-no-transporte-publico-de-alagoinhas-rodoviarios-anunciam-paralisacao-das-atividades-a-partir-da-proxima-quarta-feira01","status":"publish","type":"post","link":"https:\/\/newsinfoco.com.br\/inicio\/greve-no-transporte-publico-de-alagoinhas-rodoviarios-anunciam-paralisacao-das-atividades-a-partir-da-proxima-quarta-feira01\/","title":{"rendered":"Greve no transporte p\u00fablico de Alagoinhas: Rodovi\u00e1rios anunciam paralisa\u00e7\u00e3o das atividades a partir da pr\u00f3xima quarta-feira(01)"},"content":{"rendered":"<p>Ap\u00f3s assembleia realizada na tarde desta quinta(26), os rodovi\u00e1rios de Alagoinhas decidiram pela deflagra\u00e7\u00e3o de uma greve a partir da pr\u00f3xima quarta-feira(01). Sem acordo de reajuste salarial firmado com a ATP, a categoria decidiu pelo movimento paredista.<\/p>\n<p>Os rodovi\u00e1rios, ap\u00f3s 3 anos sem reajuste salarial, pedem um aumento de 22,47%, vale refei\u00e7\u00e3o de R$ 18,00, contrata\u00e7\u00e3o de 80% dos ex-funcion\u00e1rios da Via\u00e7\u00e3o Cidade das \u00c1guas e da Xavier e manuten\u00e7\u00e3o do plano de sa\u00fade. A empresa ATP, alegando o aumento do pre\u00e7o do diesel e dos custos do servi\u00e7o do transporte, apresentou uma proposta de reajuste de 3%.<\/p>\n<p>Diante do desequil\u00edbrio entre receitas e despesas, a empresa tem alertado para a necessidade de subsidio p\u00fablico ou aumento tarif\u00e1rio para manter o servi\u00e7o. Estudos T\u00e9cnicos encomendados pela Superintend\u00eancia Municipal de Transporte e Tr\u00e2nsito de Alagoinhas(SMTT) atestaram o subfinanciamento do sistema de transporte p\u00fablico municipal e recomendaram a utiliza\u00e7\u00e3o do reajuste tarif\u00e1rio ou o subsidio p\u00fablico. O pr\u00f3prio sindicato dos rodovi\u00e1rios tem defendido a utiliza\u00e7\u00e3o de subsidio municipal para que os custos n\u00e3o recaiam sobre o usu\u00e1rio e o sistema possa conceder as solicita\u00e7\u00f5es pleiteadas.<\/p>\n<p>Apesar de declara\u00e7\u00f5es p\u00fablicas do prefeito Joaquim Neto e do superintendente municipal de transporte e tr\u00e2nsito de Alagoinhas, Andr\u00e9 Barros, concordando sobre a necessidade de concess\u00e3o de subsidio ao sistema, at\u00e9 o momento n\u00e3o apresentaram medidas concretas. Ao mesmo tempo que os vereadores da cidade tem sido cobrados a discutirem medidas como revis\u00e3o de parte das gratuidades e substitui\u00e7\u00e3o do valor em dinheiro do auxilio transporte concedido ao funcionalismo p\u00fablico para vale-transporte(como era no governo Joseildo Ramos) como forma de abastecer o sistema, entre outros.<\/p>\n<p>Por Caio Pimenta para o News Infoco<\/p>\n<div class='share-to-whatsapp-wrapper'><div class='share-on-whsp'>Share on: <\/div><a data-text='Greve no transporte p\u00fablico de Alagoinhas: Rodovi\u00e1rios anunciam paralisa\u00e7\u00e3o das atividades a partir da pr\u00f3xima quarta-feira(01)' data-link='https:\/\/newsinfoco.com.br\/inicio\/greve-no-transporte-publico-de-alagoinhas-rodoviarios-anunciam-paralisacao-das-atividades-a-partir-da-proxima-quarta-feira01\/' class='whatsapp-button whatsapp-share'>WhatsApp<\/a><div class='clear '><\/div><\/div>","protected":false},"excerpt":{"rendered":"<p>Ap\u00f3s assembleia realizada na tarde desta quinta(26), os rodovi\u00e1rios de Alagoinhas decidiram pela deflagra\u00e7\u00e3o de uma greve a partir da pr\u00f3xima quarta-feira(01). Sem acordo de reajuste salarial firmado com a ATP, a categoria decidiu pelo movimento paredista. Os rodovi\u00e1rios, ap\u00f3s 3 anos sem reajuste salarial, pedem um aumento de 22,47%, vale refei\u00e7\u00e3o de R$ 18,00, [&hellip;]<\/p>\n","protected":false},"author":1,"featured_media":30240,"comment_status":"closed","ping_status":"closed","sticky":false,"template":"","format":"standard","meta":{"om_disable_all_campaigns":false,"rop_custom_images_group":[],"rop_custom_messages_group":[],"rop_publish_now":"initial","rop_publish_now_accounts":[],"rop_publish_now_history":[],"rop_publish_now_status":"pending","_exactmetrics_skip_tracking":false,"footnotes":""},"categories":[38,167],"tags":[],"class_list":["post-30239","post","type-post","status-publish","format-standard","has-post-thumbnail","hentry","category-alagoinhas-e-regiao","category-exclusivas"],"aioseo_notices":[],"aioseo_head":"\n\t\t<!-- All in One SEO 4.9.10 - aioseo.com -->\n\t<meta name=\"description\" content=\"Ap\u00f3s assembleia realizada na tarde desta quinta(26), os rodovi\u00e1rios de Alagoinhas decidiram pela deflagra\u00e7\u00e3o de uma greve a partir da pr\u00f3xima quarta-feira(01). Sem acordo de reajuste salarial firmado com a ATP, a categoria decidiu pelo movimento paredista. Os rodovi\u00e1rios, ap\u00f3s 3 anos sem reajuste salarial, pedem um aumento de 22,47%, vale refei\u00e7\u00e3o de R$ 18,00,\" \/>\n\t<meta name=\"robots\" content=\"max-image-preview:large\" \/>\n\t<meta name=\"author\" content=\"administrador\"\/>\n\t<link rel=\"canonical\" href=\"https:\/\/newsinfoco.com.br\/inicio\/greve-no-transporte-publico-de-alagoinhas-rodoviarios-anunciam-paralisacao-das-atividades-a-partir-da-proxima-quarta-feira01\/\" \/>\n\t<meta name=\"generator\" content=\"All in One SEO (AIOSEO) 4.9.10\" \/>\n\t\t<meta property=\"og:locale\" content=\"pt_BR\" \/>\n\t\t<meta property=\"og:site_name\" content=\"News In Foco - Editado por Caio Pimenta - O principal site de noticias de Alagoinhas e regi\u00e3o\" \/>\n\t\t<meta property=\"og:type\" content=\"article\" \/>\n\t\t<meta property=\"og:title\" content=\"Greve no transporte p\u00fablico de Alagoinhas: Rodovi\u00e1rios anunciam paralisa\u00e7\u00e3o das atividades a partir da pr\u00f3xima quarta-feira(01) - News In Foco - Editado por Caio Pimenta\" \/>\n\t\t<meta property=\"og:description\" content=\"Ap\u00f3s assembleia realizada na tarde desta quinta(26), os rodovi\u00e1rios de Alagoinhas decidiram pela deflagra\u00e7\u00e3o de uma greve a partir da pr\u00f3xima quarta-feira(01). Sem acordo de reajuste salarial firmado com a ATP, a categoria decidiu pelo movimento paredista. Os rodovi\u00e1rios, ap\u00f3s 3 anos sem reajuste salarial, pedem um aumento de 22,47%, vale refei\u00e7\u00e3o de R$ 18,00,\" \/>\n\t\t<meta property=\"og:url\" content=\"https:\/\/newsinfoco.com.br\/inicio\/greve-no-transporte-publico-de-alagoinhas-rodoviarios-anunciam-paralisacao-das-atividades-a-partir-da-proxima-quarta-feira01\/\" \/>\n\t\t<meta property=\"article:published_time\" content=\"2022-05-26T19:30:21+00:00\" \/>\n\t\t<meta property=\"article:modified_time\" content=\"2022-05-26T19:30:21+00:00\" \/>\n\t\t<meta name=\"twitter:card\" content=\"summary_large_image\" \/>\n\t\t<meta name=\"twitter:title\" content=\"Greve no transporte p\u00fablico de Alagoinhas: Rodovi\u00e1rios anunciam paralisa\u00e7\u00e3o das atividades a partir da pr\u00f3xima quarta-feira(01) - News In Foco - Editado por Caio Pimenta\" \/>\n\t\t<meta name=\"twitter:description\" content=\"Ap\u00f3s assembleia realizada na tarde desta quinta(26), os rodovi\u00e1rios de Alagoinhas decidiram pela deflagra\u00e7\u00e3o de uma greve a partir da pr\u00f3xima quarta-feira(01). Sem acordo de reajuste salarial firmado com a ATP, a categoria decidiu pelo movimento paredista. Os rodovi\u00e1rios, ap\u00f3s 3 anos sem reajuste salarial, pedem um aumento de 22,47%, vale refei\u00e7\u00e3o de R$ 18,00,\" \/>\n\t\t<script type=\"application\/ld+json\" class=\"aioseo-schema\">\n\t\t\t{\"@context\":\"https:\\\/\\\/schema.org\",\"@graph\":[{\"@type\":\"BlogPosting\",\"@id\":\"https:\\\/\\\/newsinfoco.com.br\\\/inicio\\\/greve-no-transporte-publico-de-alagoinhas-rodoviarios-anunciam-paralisacao-das-atividades-a-partir-da-proxima-quarta-feira01\\\/#blogposting\",\"name\":\"Greve no transporte p\\u00fablico de Alagoinhas: Rodovi\\u00e1rios anunciam paralisa\\u00e7\\u00e3o das atividades a partir da pr\\u00f3xima quarta-feira(01) - News In Foco - Editado por Caio Pimenta\",\"headline\":\"Greve no transporte p\\u00fablico de Alagoinhas: Rodovi\\u00e1rios anunciam paralisa\\u00e7\\u00e3o das atividades a partir da pr\\u00f3xima quarta-feira(01)\",\"author\":{\"@id\":\"https:\\\/\\\/newsinfoco.com.br\\\/inicio\\\/author\\\/administrador\\\/#author\"},\"publisher\":{\"@id\":\"https:\\\/\\\/newsinfoco.com.br\\\/inicio\\\/#organization\"},\"image\":{\"@type\":\"ImageObject\",\"url\":\"https:\\\/\\\/newsinfoco.com.br\\\/inicio\\\/wp-content\\\/uploads\\\/2022\\\/05\\\/9178530_640x360.jpg\",\"width\":640,\"height\":293},\"datePublished\":\"2022-05-26T16:30:21-03:00\",\"dateModified\":\"2022-05-26T16:30:21-03:00\",\"inLanguage\":\"pt-BR\",\"mainEntityOfPage\":{\"@id\":\"https:\\\/\\\/newsinfoco.com.br\\\/inicio\\\/greve-no-transporte-publico-de-alagoinhas-rodoviarios-anunciam-paralisacao-das-atividades-a-partir-da-proxima-quarta-feira01\\\/#webpage\"},\"isPartOf\":{\"@id\":\"https:\\\/\\\/newsinfoco.com.br\\\/inicio\\\/greve-no-transporte-publico-de-alagoinhas-rodoviarios-anunciam-paralisacao-das-atividades-a-partir-da-proxima-quarta-feira01\\\/#webpage\"},\"articleSection\":\"Alagoinhas e Regi\\u00e3o, Manchete\"},{\"@type\":\"BreadcrumbList\",\"@id\":\"https:\\\/\\\/newsinfoco.com.br\\\/inicio\\\/greve-no-transporte-publico-de-alagoinhas-rodoviarios-anunciam-paralisacao-das-atividades-a-partir-da-proxima-quarta-feira01\\\/#breadcrumblist\",\"itemListElement\":[{\"@type\":\"ListItem\",\"@id\":\"https:\\\/\\\/newsinfoco.com.br\\\/inicio#listItem\",\"position\":1,\"name\":\"In\\u00edcio\",\"item\":\"https:\\\/\\\/newsinfoco.com.br\\\/inicio\",\"nextItem\":{\"@type\":\"ListItem\",\"@id\":\"https:\\\/\\\/newsinfoco.com.br\\\/inicio\\\/category\\\/alagoinhas-e-regiao\\\/#listItem\",\"name\":\"Alagoinhas e Regi\\u00e3o\"}},{\"@type\":\"ListItem\",\"@id\":\"https:\\\/\\\/newsinfoco.com.br\\\/inicio\\\/category\\\/alagoinhas-e-regiao\\\/#listItem\",\"position\":2,\"name\":\"Alagoinhas e Regi\\u00e3o\",\"item\":\"https:\\\/\\\/newsinfoco.com.br\\\/inicio\\\/category\\\/alagoinhas-e-regiao\\\/\",\"nextItem\":{\"@type\":\"ListItem\",\"@id\":\"https:\\\/\\\/newsinfoco.com.br\\\/inicio\\\/greve-no-transporte-publico-de-alagoinhas-rodoviarios-anunciam-paralisacao-das-atividades-a-partir-da-proxima-quarta-feira01\\\/#listItem\",\"name\":\"Greve no transporte p\\u00fablico de Alagoinhas: Rodovi\\u00e1rios anunciam paralisa\\u00e7\\u00e3o das atividades a partir da pr\\u00f3xima quarta-feira(01)\"},\"previousItem\":{\"@type\":\"ListItem\",\"@id\":\"https:\\\/\\\/newsinfoco.com.br\\\/inicio#listItem\",\"name\":\"In\\u00edcio\"}},{\"@type\":\"ListItem\",\"@id\":\"https:\\\/\\\/newsinfoco.com.br\\\/inicio\\\/greve-no-transporte-publico-de-alagoinhas-rodoviarios-anunciam-paralisacao-das-atividades-a-partir-da-proxima-quarta-feira01\\\/#listItem\",\"position\":3,\"name\":\"Greve no transporte p\\u00fablico de Alagoinhas: Rodovi\\u00e1rios anunciam paralisa\\u00e7\\u00e3o das atividades a partir da pr\\u00f3xima quarta-feira(01)\",\"previousItem\":{\"@type\":\"ListItem\",\"@id\":\"https:\\\/\\\/newsinfoco.com.br\\\/inicio\\\/category\\\/alagoinhas-e-regiao\\\/#listItem\",\"name\":\"Alagoinhas e Regi\\u00e3o\"}}]},{\"@type\":\"Organization\",\"@id\":\"https:\\\/\\\/newsinfoco.com.br\\\/inicio\\\/#organization\",\"name\":\"News In Foco - Editado por Caio Pimenta\",\"description\":\"O principal site de noticias de Alagoinhas e regi\\u00e3o\",\"url\":\"https:\\\/\\\/newsinfoco.com.br\\\/inicio\\\/\"},{\"@type\":\"Person\",\"@id\":\"https:\\\/\\\/newsinfoco.com.br\\\/inicio\\\/author\\\/administrador\\\/#author\",\"url\":\"https:\\\/\\\/newsinfoco.com.br\\\/inicio\\\/author\\\/administrador\\\/\",\"name\":\"administrador\",\"image\":{\"@type\":\"ImageObject\",\"@id\":\"https:\\\/\\\/newsinfoco.com.br\\\/inicio\\\/greve-no-transporte-publico-de-alagoinhas-rodoviarios-anunciam-paralisacao-das-atividades-a-partir-da-proxima-quarta-feira01\\\/#authorImage\",\"url\":\"https:\\\/\\\/secure.gravatar.com\\\/avatar\\\/c17a617433de8c1dc9584bb79aab7563b46f5bb7e1728c9b17d9cc3ce6a08e49?s=96&d=mm&r=g\",\"width\":96,\"height\":96,\"caption\":\"administrador\"}},{\"@type\":\"WebPage\",\"@id\":\"https:\\\/\\\/newsinfoco.com.br\\\/inicio\\\/greve-no-transporte-publico-de-alagoinhas-rodoviarios-anunciam-paralisacao-das-atividades-a-partir-da-proxima-quarta-feira01\\\/#webpage\",\"url\":\"https:\\\/\\\/newsinfoco.com.br\\\/inicio\\\/greve-no-transporte-publico-de-alagoinhas-rodoviarios-anunciam-paralisacao-das-atividades-a-partir-da-proxima-quarta-feira01\\\/\",\"name\":\"Greve no transporte p\\u00fablico de Alagoinhas: Rodovi\\u00e1rios anunciam paralisa\\u00e7\\u00e3o das atividades a partir da pr\\u00f3xima quarta-feira(01) - News In Foco - Editado por Caio Pimenta\",\"description\":\"Ap\\u00f3s assembleia realizada na tarde desta quinta(26), os rodovi\\u00e1rios de Alagoinhas decidiram pela deflagra\\u00e7\\u00e3o de uma greve a partir da pr\\u00f3xima quarta-feira(01). Sem acordo de reajuste salarial firmado com a ATP, a categoria decidiu pelo movimento paredista. Os rodovi\\u00e1rios, ap\\u00f3s 3 anos sem reajuste salarial, pedem um aumento de 22,47%, vale refei\\u00e7\\u00e3o de R$ 18,00,\",\"inLanguage\":\"pt-BR\",\"isPartOf\":{\"@id\":\"https:\\\/\\\/newsinfoco.com.br\\\/inicio\\\/#website\"},\"breadcrumb\":{\"@id\":\"https:\\\/\\\/newsinfoco.com.br\\\/inicio\\\/greve-no-transporte-publico-de-alagoinhas-rodoviarios-anunciam-paralisacao-das-atividades-a-partir-da-proxima-quarta-feira01\\\/#breadcrumblist\"},\"author\":{\"@id\":\"https:\\\/\\\/newsinfoco.com.br\\\/inicio\\\/author\\\/administrador\\\/#author\"},\"creator\":{\"@id\":\"https:\\\/\\\/newsinfoco.com.br\\\/inicio\\\/author\\\/administrador\\\/#author\"},\"image\":{\"@type\":\"ImageObject\",\"url\":\"https:\\\/\\\/newsinfoco.com.br\\\/inicio\\\/wp-content\\\/uploads\\\/2022\\\/05\\\/9178530_640x360.jpg\",\"@id\":\"https:\\\/\\\/newsinfoco.com.br\\\/inicio\\\/greve-no-transporte-publico-de-alagoinhas-rodoviarios-anunciam-paralisacao-das-atividades-a-partir-da-proxima-quarta-feira01\\\/#mainImage\",\"width\":640,\"height\":293},\"primaryImageOfPage\":{\"@id\":\"https:\\\/\\\/newsinfoco.com.br\\\/inicio\\\/greve-no-transporte-publico-de-alagoinhas-rodoviarios-anunciam-paralisacao-das-atividades-a-partir-da-proxima-quarta-feira01\\\/#mainImage\"},\"datePublished\":\"2022-05-26T16:30:21-03:00\",\"dateModified\":\"2022-05-26T16:30:21-03:00\"},{\"@type\":\"WebSite\",\"@id\":\"https:\\\/\\\/newsinfoco.com.br\\\/inicio\\\/#website\",\"url\":\"https:\\\/\\\/newsinfoco.com.br\\\/inicio\\\/\",\"name\":\"News In Foco - Editado por Caio Pimenta\",\"description\":\"O principal site de noticias de Alagoinhas e regi\\u00e3o\",\"inLanguage\":\"pt-BR\",\"publisher\":{\"@id\":\"https:\\\/\\\/newsinfoco.com.br\\\/inicio\\\/#organization\"}}]}\n\t\t<\/script>\n\t\t<!-- All in One SEO -->\n\n","aioseo_head_json":{"title":"Greve no transporte p\u00fablico de Alagoinhas: Rodovi\u00e1rios anunciam paralisa\u00e7\u00e3o das atividades a partir da pr\u00f3xima quarta-feira(01) - News In Foco - Editado por Caio Pimenta","description":"Ap\u00f3s assembleia realizada na tarde desta quinta(26), os rodovi\u00e1rios de Alagoinhas decidiram pela deflagra\u00e7\u00e3o de uma greve a partir da pr\u00f3xima quarta-feira(01). Sem acordo de reajuste salarial firmado com a ATP, a categoria decidiu pelo movimento paredista. Os rodovi\u00e1rios, ap\u00f3s 3 anos sem reajuste salarial, pedem um aumento de 22,47%, vale refei\u00e7\u00e3o de R$ 18,00,","canonical_url":"https:\/\/newsinfoco.com.br\/inicio\/greve-no-transporte-publico-de-alagoinhas-rodoviarios-anunciam-paralisacao-das-atividades-a-partir-da-proxima-quarta-feira01\/","robots":"max-image-preview:large","keywords":"","webmasterTools":{"miscellaneous":""},"schema":{"@context":"https:\/\/schema.org","@graph":[{"@type":"BlogPosting","@id":"https:\/\/newsinfoco.com.br\/inicio\/greve-no-transporte-publico-de-alagoinhas-rodoviarios-anunciam-paralisacao-das-atividades-a-partir-da-proxima-quarta-feira01\/#blogposting","name":"Greve no transporte p\u00fablico de Alagoinhas: Rodovi\u00e1rios anunciam paralisa\u00e7\u00e3o das atividades a partir da pr\u00f3xima quarta-feira(01) - News In Foco - Editado por Caio Pimenta","headline":"Greve no transporte p\u00fablico de Alagoinhas: Rodovi\u00e1rios anunciam paralisa\u00e7\u00e3o das atividades a partir da pr\u00f3xima quarta-feira(01)","author":{"@id":"https:\/\/newsinfoco.com.br\/inicio\/author\/administrador\/#author"},"publisher":{"@id":"https:\/\/newsinfoco.com.br\/inicio\/#organization"},"image":{"@type":"ImageObject","url":"https:\/\/newsinfoco.com.br\/inicio\/wp-content\/uploads\/2022\/05\/9178530_640x360.jpg","width":640,"height":293},"datePublished":"2022-05-26T16:30:21-03:00","dateModified":"2022-05-26T16:30:21-03:00","inLanguage":"pt-BR","mainEntityOfPage":{"@id":"https:\/\/newsinfoco.com.br\/inicio\/greve-no-transporte-publico-de-alagoinhas-rodoviarios-anunciam-paralisacao-das-atividades-a-partir-da-proxima-quarta-feira01\/#webpage"},"isPartOf":{"@id":"https:\/\/newsinfoco.com.br\/inicio\/greve-no-transporte-publico-de-alagoinhas-rodoviarios-anunciam-paralisacao-das-atividades-a-partir-da-proxima-quarta-feira01\/#webpage"},"articleSection":"Alagoinhas e Regi\u00e3o, Manchete"},{"@type":"BreadcrumbList","@id":"https:\/\/newsinfoco.com.br\/inicio\/greve-no-transporte-publico-de-alagoinhas-rodoviarios-anunciam-paralisacao-das-atividades-a-partir-da-proxima-quarta-feira01\/#breadcrumblist","itemListElement":[{"@type":"ListItem","@id":"https:\/\/newsinfoco.com.br\/inicio#listItem","position":1,"name":"In\u00edcio","item":"https:\/\/newsinfoco.com.br\/inicio","nextItem":{"@type":"ListItem","@id":"https:\/\/newsinfoco.com.br\/inicio\/category\/alagoinhas-e-regiao\/#listItem","name":"Alagoinhas e Regi\u00e3o"}},{"@type":"ListItem","@id":"https:\/\/newsinfoco.com.br\/inicio\/category\/alagoinhas-e-regiao\/#listItem","position":2,"name":"Alagoinhas e Regi\u00e3o","item":"https:\/\/newsinfoco.com.br\/inicio\/category\/alagoinhas-e-regiao\/","nextItem":{"@type":"ListItem","@id":"https:\/\/newsinfoco.com.br\/inicio\/greve-no-transporte-publico-de-alagoinhas-rodoviarios-anunciam-paralisacao-das-atividades-a-partir-da-proxima-quarta-feira01\/#listItem","name":"Greve no transporte p\u00fablico de Alagoinhas: Rodovi\u00e1rios anunciam paralisa\u00e7\u00e3o das atividades a partir da pr\u00f3xima quarta-feira(01)"},"previousItem":{"@type":"ListItem","@id":"https:\/\/newsinfoco.com.br\/inicio#listItem","name":"In\u00edcio"}},{"@type":"ListItem","@id":"https:\/\/newsinfoco.com.br\/inicio\/greve-no-transporte-publico-de-alagoinhas-rodoviarios-anunciam-paralisacao-das-atividades-a-partir-da-proxima-quarta-feira01\/#listItem","position":3,"name":"Greve no transporte p\u00fablico de Alagoinhas: Rodovi\u00e1rios anunciam paralisa\u00e7\u00e3o das atividades a partir da pr\u00f3xima quarta-feira(01)","previousItem":{"@type":"ListItem","@id":"https:\/\/newsinfoco.com.br\/inicio\/category\/alagoinhas-e-regiao\/#listItem","name":"Alagoinhas e Regi\u00e3o"}}]},{"@type":"Organization","@id":"https:\/\/newsinfoco.com.br\/inicio\/#organization","name":"News In Foco - Editado por Caio Pimenta","description":"O principal site de noticias de Alagoinhas e regi\u00e3o","url":"https:\/\/newsinfoco.com.br\/inicio\/"},{"@type":"Person","@id":"https:\/\/newsinfoco.com.br\/inicio\/author\/administrador\/#author","url":"https:\/\/newsinfoco.com.br\/inicio\/author\/administrador\/","name":"administrador","image":{"@type":"ImageObject","@id":"https:\/\/newsinfoco.com.br\/inicio\/greve-no-transporte-publico-de-alagoinhas-rodoviarios-anunciam-paralisacao-das-atividades-a-partir-da-proxima-quarta-feira01\/#authorImage","url":"https:\/\/secure.gravatar.com\/avatar\/c17a617433de8c1dc9584bb79aab7563b46f5bb7e1728c9b17d9cc3ce6a08e49?s=96&d=mm&r=g","width":96,"height":96,"caption":"administrador"}},{"@type":"WebPage","@id":"https:\/\/newsinfoco.com.br\/inicio\/greve-no-transporte-publico-de-alagoinhas-rodoviarios-anunciam-paralisacao-das-atividades-a-partir-da-proxima-quarta-feira01\/#webpage","url":"https:\/\/newsinfoco.com.br\/inicio\/greve-no-transporte-publico-de-alagoinhas-rodoviarios-anunciam-paralisacao-das-atividades-a-partir-da-proxima-quarta-feira01\/","name":"Greve no transporte p\u00fablico de Alagoinhas: Rodovi\u00e1rios anunciam paralisa\u00e7\u00e3o das atividades a partir da pr\u00f3xima quarta-feira(01) - News In Foco - Editado por Caio Pimenta","description":"Ap\u00f3s assembleia realizada na tarde desta quinta(26), os rodovi\u00e1rios de Alagoinhas decidiram pela deflagra\u00e7\u00e3o de uma greve a partir da pr\u00f3xima quarta-feira(01). Sem acordo de reajuste salarial firmado com a ATP, a categoria decidiu pelo movimento paredista. Os rodovi\u00e1rios, ap\u00f3s 3 anos sem reajuste salarial, pedem um aumento de 22,47%, vale refei\u00e7\u00e3o de R$ 18,00,","inLanguage":"pt-BR","isPartOf":{"@id":"https:\/\/newsinfoco.com.br\/inicio\/#website"},"breadcrumb":{"@id":"https:\/\/newsinfoco.com.br\/inicio\/greve-no-transporte-publico-de-alagoinhas-rodoviarios-anunciam-paralisacao-das-atividades-a-partir-da-proxima-quarta-feira01\/#breadcrumblist"},"author":{"@id":"https:\/\/newsinfoco.com.br\/inicio\/author\/administrador\/#author"},"creator":{"@id":"https:\/\/newsinfoco.com.br\/inicio\/author\/administrador\/#author"},"image":{"@type":"ImageObject","url":"https:\/\/newsinfoco.com.br\/inicio\/wp-content\/uploads\/2022\/05\/9178530_640x360.jpg","@id":"https:\/\/newsinfoco.com.br\/inicio\/greve-no-transporte-publico-de-alagoinhas-rodoviarios-anunciam-paralisacao-das-atividades-a-partir-da-proxima-quarta-feira01\/#mainImage","width":640,"height":293},"primaryImageOfPage":{"@id":"https:\/\/newsinfoco.com.br\/inicio\/greve-no-transporte-publico-de-alagoinhas-rodoviarios-anunciam-paralisacao-das-atividades-a-partir-da-proxima-quarta-feira01\/#mainImage"},"datePublished":"2022-05-26T16:30:21-03:00","dateModified":"2022-05-26T16:30:21-03:00"},{"@type":"WebSite","@id":"https:\/\/newsinfoco.com.br\/inicio\/#website","url":"https:\/\/newsinfoco.com.br\/inicio\/","name":"News In Foco - Editado por Caio Pimenta","description":"O principal site de noticias de Alagoinhas e regi\u00e3o","inLanguage":"pt-BR","publisher":{"@id":"https:\/\/newsinfoco.com.br\/inicio\/#organization"}}]},"og:locale":"pt_BR","og:site_name":"News In Foco - Editado por Caio Pimenta - O principal site de noticias de Alagoinhas e regi\u00e3o","og:type":"article","og:title":"Greve no transporte p\u00fablico de Alagoinhas: Rodovi\u00e1rios anunciam paralisa\u00e7\u00e3o das atividades a partir da pr\u00f3xima quarta-feira(01) - News In Foco - Editado por Caio Pimenta","og:description":"Ap\u00f3s assembleia realizada na tarde desta quinta(26), os rodovi\u00e1rios de Alagoinhas decidiram pela deflagra\u00e7\u00e3o de uma greve a partir da pr\u00f3xima quarta-feira(01). Sem acordo de reajuste salarial firmado com a ATP, a categoria decidiu pelo movimento paredista. Os rodovi\u00e1rios, ap\u00f3s 3 anos sem reajuste salarial, pedem um aumento de 22,47%, vale refei\u00e7\u00e3o de R$ 18,00,","og:url":"https:\/\/newsinfoco.com.br\/inicio\/greve-no-transporte-publico-de-alagoinhas-rodoviarios-anunciam-paralisacao-das-atividades-a-partir-da-proxima-quarta-feira01\/","article:published_time":"2022-05-26T19:30:21+00:00","article:modified_time":"2022-05-26T19:30:21+00:00","twitter:card":"summary_large_image","twitter:title":"Greve no transporte p\u00fablico de Alagoinhas: Rodovi\u00e1rios anunciam paralisa\u00e7\u00e3o das atividades a partir da pr\u00f3xima quarta-feira(01) - News In Foco - Editado por Caio Pimenta","twitter:description":"Ap\u00f3s assembleia realizada na tarde desta quinta(26), os rodovi\u00e1rios de Alagoinhas decidiram pela deflagra\u00e7\u00e3o de uma greve a partir da pr\u00f3xima quarta-feira(01). Sem acordo de reajuste salarial firmado com a ATP, a categoria decidiu pelo movimento paredista. Os rodovi\u00e1rios, ap\u00f3s 3 anos sem reajuste salarial, pedem um aumento de 22,47%, vale refei\u00e7\u00e3o de R$ 18,00,"},"aioseo_meta_data":{"post_id":"30239","title":null,"description":null,"keywords":null,"keyphrases":null,"primary_term":null,"canonical_url":null,"og_title":null,"og_description":null,"og_object_type":"default","og_image_type":"default","og_image_url":null,"og_image_width":null,"og_image_height":null,"og_image_custom_url":null,"og_image_custom_fields":null,"og_video":null,"og_custom_url":null,"og_article_section":null,"og_article_tags":null,"twitter_use_og":false,"twitter_card":"default","twitter_image_type":"default","twitter_image_url":null,"twitter_image_custom_url":null,"twitter_image_custom_fields":null,"twitter_title":null,"twitter_description":null,"schema":{"blockGraphs":[],"customGraphs":[],"default":{"data":{"Article":[],"Course":[],"Dataset":[],"FAQPage":[],"Movie":[],"Person":[],"Product":[],"ProductReview":[],"Car":[],"Recipe":[],"Service":[],"SoftwareApplication":[],"WebPage":[]},"graphName":"","isEnabled":true},"graphs":[]},"schema_type":"default","schema_type_options":null,"pillar_content":false,"robots_default":true,"robots_noindex":false,"robots_noarchive":false,"robots_nosnippet":false,"robots_nofollow":false,"robots_noimageindex":false,"robots_noodp":false,"robots_notranslate":false,"robots_max_snippet":null,"robots_max_videopreview":null,"robots_max_imagepreview":"large","priority":null,"frequency":null,"local_seo":null,"breadcrumb_settings":null,"limit_modified_date":false,"ai":null,"created":"2023-06-12 21:28:59","updated":"2025-07-11 07:44:52","seo_analyzer_scan_date":null},"aioseo_breadcrumb":"<div class=\"aioseo-breadcrumbs\"><span class=\"aioseo-breadcrumb\">\n\t\t\t<a href=\"https:\/\/newsinfoco.com.br\/inicio\" title=\"In\u00edcio\">In\u00edcio<\/a>\n\t\t<\/span><span class=\"aioseo-breadcrumb-separator\">&raquo;<\/span><span class=\"aioseo-breadcrumb\">\n\t\t\t<a href=\"https:\/\/newsinfoco.com.br\/inicio\/category\/alagoinhas-e-regiao\/\" title=\"Alagoinhas e Regi\u00e3o\">Alagoinhas e Regi\u00e3o<\/a>\n\t\t<\/span><span class=\"aioseo-breadcrumb-separator\">&raquo;<\/span><span class=\"aioseo-breadcrumb\">\n\t\t\tGreve no transporte p\u00fablico de Alagoinhas: Rodovi\u00e1rios anunciam paralisa\u00e7\u00e3o das atividades a partir da pr\u00f3xima quarta-feira(01)\n\t\t<\/span><\/div>","aioseo_breadcrumb_json":[{"label":"In\u00edcio","link":"https:\/\/newsinfoco.com.br\/inicio"},{"label":"Alagoinhas e Regi\u00e3o","link":"https:\/\/newsinfoco.com.br\/inicio\/category\/alagoinhas-e-regiao\/"},{"label":"Greve no transporte p\u00fablico de Alagoinhas: Rodovi\u00e1rios anunciam paralisa\u00e7\u00e3o das atividades a partir da pr\u00f3xima quarta-feira(01)","link":"https:\/\/newsinfoco.com.br\/inicio\/greve-no-transporte-publico-de-alagoinhas-rodoviarios-anunciam-paralisacao-das-atividades-a-partir-da-proxima-quarta-feira01\/"}],"_links":{"self":[{"href":"https:\/\/newsinfoco.com.br\/inicio\/wp-json\/wp\/v2\/posts\/30239","targetHints":{"allow":["GET"]}}],"collection":[{"href":"https:\/\/newsinfoco.com.br\/inicio\/wp-json\/wp\/v2\/posts"}],"about":[{"href":"https:\/\/newsinfoco.com.br\/inicio\/wp-json\/wp\/v2\/types\/post"}],"author":[{"embeddable":true,"href":"https:\/\/newsinfoco.com.br\/inicio\/wp-json\/wp\/v2\/users\/1"}],"replies":[{"embeddable":true,"href":"https:\/\/newsinfoco.com.br\/inicio\/wp-json\/wp\/v2\/comments?post=30239"}],"version-history":[{"count":1,"href":"https:\/\/newsinfoco.com.br\/inicio\/wp-json\/wp\/v2\/posts\/30239\/revisions"}],"predecessor-version":[{"id":30241,"href":"https:\/\/newsinfoco.com.br\/inicio\/wp-json\/wp\/v2\/posts\/30239\/revisions\/30241"}],"wp:featuredmedia":[{"embeddable":true,"href":"https:\/\/newsinfoco.com.br\/inicio\/wp-json\/wp\/v2\/media\/30240"}],"wp:attachment":[{"href":"https:\/\/newsinfoco.com.br\/inicio\/wp-json\/wp\/v2\/media?parent=30239"}],"wp:term":[{"taxonomy":"category","embeddable":true,"href":"https:\/\/newsinfoco.com.br\/inicio\/wp-json\/wp\/v2\/categories?post=30239"},{"taxonomy":"post_tag","embeddable":true,"href":"https:\/\/newsinfoco.com.br\/inicio\/wp-json\/wp\/v2\/tags?post=30239"}],"curies":[{"name":"wp","href":"https:\/\/api.w.org\/{rel}","templated":true}]}}