{"id":3024,"date":"2018-04-24T21:30:59","date_gmt":"2018-04-25T00:30:59","guid":{"rendered":"http:\/\/newsinfoco.com.br\/?p=3024"},"modified":"2018-04-24T21:30:59","modified_gmt":"2018-04-25T00:30:59","slug":"prefeitura-de-alagoinhas-convoca-beneficiarios-remanescentes-para-assinatura-de-contrato-nesta-quarta-feira-25","status":"publish","type":"post","link":"https:\/\/newsinfoco.com.br\/inicio\/prefeitura-de-alagoinhas-convoca-beneficiarios-remanescentes-para-assinatura-de-contrato-nesta-quarta-feira-25\/","title":{"rendered":"Prefeitura de Alagoinhas convoca benefici\u00e1rios remanescentes para assinatura de contrato nesta quarta-feira (25)"},"content":{"rendered":"<p style=\"text-align: justify;\"><span style=\"color: #000000;\">A prefeitura de Alagoinhas, por interm\u00e9dio da Secretaria Municipal de Assist\u00eancia Social (SEMAS), realiza nesta quarta-feira (25), das 8h \u00e0s 16h as assinaturas dos 80 contratos restantes para formaliza\u00e7\u00e3o dos contemplados para o Empreendimento Linha Verde \u2013 Calu, do Programa Minha Casa, Minha Vida. Logo, na sexta-feira (27), as chaves ser\u00e3o entregues a partir das 8h na sede da associa\u00e7\u00e3o do empreendimento.<\/span><\/p>\n<p style=\"text-align: justify;\">\n<p style=\"text-align: justify;\"><span style=\"color: #000000;\"><strong>CONFIRA A LISTA:<\/strong><\/span><\/p>\n<p style=\"text-align: justify;\"><span style=\"color: #000000;\"><a class=\"group1 cboxElement\" style=\"color: #000000;\" href=\"https:\/\/www.alagoinhas.ba.gov.br\/wp-content\/uploads\/2018\/04\/WhatsApp-Image-2018-04-13-at-11.16.18.jpeg\"><img loading=\"lazy\" decoding=\"async\" class=\"aligncenter size-large wp-image-18521\" src=\"https:\/\/www.alagoinhas.ba.gov.br\/wp-content\/uploads\/2018\/04\/WhatsApp-Image-2018-04-13-at-11.16.18-1024x523.jpeg\" sizes=\"auto, (max-width: 800px) 100vw, 800px\" srcset=\"https:\/\/www.alagoinhas.ba.gov.br\/wp-content\/uploads\/2018\/04\/WhatsApp-Image-2018-04-13-at-11.16.18-1024x523.jpeg 1024w, https:\/\/www.alagoinhas.ba.gov.br\/wp-content\/uploads\/2018\/04\/WhatsApp-Image-2018-04-13-at-11.16.18-300x153.jpeg 300w, https:\/\/www.alagoinhas.ba.gov.br\/wp-content\/uploads\/2018\/04\/WhatsApp-Image-2018-04-13-at-11.16.18-768x392.jpeg 768w, https:\/\/www.alagoinhas.ba.gov.br\/wp-content\/uploads\/2018\/04\/WhatsApp-Image-2018-04-13-at-11.16.18.jpeg 1227w\" alt=\"\" width=\"800\" height=\"409\" \/><\/a><a class=\"group1 cboxElement\" style=\"color: #000000;\" href=\"https:\/\/www.alagoinhas.ba.gov.br\/wp-content\/uploads\/2018\/04\/WhatsApp-Image-2018-04-13-at-11.16.17.jpeg\"><img loading=\"lazy\" decoding=\"async\" class=\"aligncenter size-large wp-image-18520\" src=\"https:\/\/www.alagoinhas.ba.gov.br\/wp-content\/uploads\/2018\/04\/WhatsApp-Image-2018-04-13-at-11.16.17-1024x530.jpeg\" sizes=\"auto, (max-width: 800px) 100vw, 800px\" srcset=\"https:\/\/www.alagoinhas.ba.gov.br\/wp-content\/uploads\/2018\/04\/WhatsApp-Image-2018-04-13-at-11.16.17-1024x530.jpeg 1024w, https:\/\/www.alagoinhas.ba.gov.br\/wp-content\/uploads\/2018\/04\/WhatsApp-Image-2018-04-13-at-11.16.17-300x155.jpeg 300w, https:\/\/www.alagoinhas.ba.gov.br\/wp-content\/uploads\/2018\/04\/WhatsApp-Image-2018-04-13-at-11.16.17-768x397.jpeg 768w, https:\/\/www.alagoinhas.ba.gov.br\/wp-content\/uploads\/2018\/04\/WhatsApp-Image-2018-04-13-at-11.16.17.jpeg 1224w\" alt=\"\" width=\"800\" height=\"414\" \/><\/a><\/span><\/p><div class=\"newsi-conteudo_19\" id=\"newsi-536373276\"><a href=\"https:\/\/www.instagram.com\/prefeituraalagoinhas?igsh=YzgzdDJ1bWR3aWI4\" aria-label=\"SAVE_20251006_221555\"><img loading=\"lazy\" decoding=\"async\" src=\"https:\/\/newsinfoco.com.br\/inicio\/wp-content\/uploads\/2025\/10\/SAVE_20251006_221555-rotated.jpg\" alt=\"\"  srcset=\"https:\/\/newsinfoco.com.br\/inicio\/wp-content\/uploads\/2025\/10\/SAVE_20251006_221555-rotated.jpg 1140w, https:\/\/newsinfoco.com.br\/inicio\/wp-content\/uploads\/2025\/10\/SAVE_20251006_221555-300x52.jpg 300w, https:\/\/newsinfoco.com.br\/inicio\/wp-content\/uploads\/2025\/10\/SAVE_20251006_221555-1024x177.jpg 1024w, https:\/\/newsinfoco.com.br\/inicio\/wp-content\/uploads\/2025\/10\/SAVE_20251006_221555-768x133.jpg 768w, https:\/\/newsinfoco.com.br\/inicio\/wp-content\/uploads\/2025\/10\/SAVE_20251006_221555-600x104.jpg 600w, https:\/\/newsinfoco.com.br\/inicio\/wp-content\/uploads\/2025\/10\/SAVE_20251006_221555-696x120.jpg 696w, https:\/\/newsinfoco.com.br\/inicio\/wp-content\/uploads\/2025\/10\/SAVE_20251006_221555-1068x185.jpg 1068w\" sizes=\"(max-width: 1140px) 100vw, 1140px\" width=\"1140\" height=\"197\"   \/><\/a><\/div>\n<h6 style=\"text-align: right;\"><span style=\"color: #999999;\">fonte:SECOM,SEMAS,Prefeitura\u00a0<\/span><\/h6>\n<div class='share-to-whatsapp-wrapper'><div class='share-on-whsp'>Share on: <\/div><a data-text='Prefeitura de Alagoinhas convoca benefici\u00e1rios remanescentes para assinatura de contrato nesta quarta-feira (25)' data-link='https:\/\/newsinfoco.com.br\/inicio\/prefeitura-de-alagoinhas-convoca-beneficiarios-remanescentes-para-assinatura-de-contrato-nesta-quarta-feira-25\/' class='whatsapp-button whatsapp-share'>WhatsApp<\/a><div class='clear '><\/div><\/div>","protected":false},"excerpt":{"rendered":"<p>A prefeitura de Alagoinhas, por interm\u00e9dio da Secretaria Municipal de Assist\u00eancia Social (SEMAS), realiza nesta quarta-feira (25), das 8h \u00e0s 16h as assinaturas dos 80 contratos restantes para formaliza\u00e7\u00e3o dos contemplados para o Empreendimento Linha Verde \u2013 Calu, do Programa Minha Casa, Minha Vida. Logo, na sexta-feira (27), as chaves ser\u00e3o entregues a partir das [&hellip;]<\/p>\n","protected":false},"author":1,"featured_media":1222,"comment_status":"open","ping_status":"open","sticky":false,"template":"","format":"standard","meta":{"om_disable_all_campaigns":false,"_exactmetrics_skip_tracking":false,"_exactmetrics_sitenote_active":false,"_exactmetrics_sitenote_note":"","_exactmetrics_sitenote_category":0,"footnotes":""},"categories":[38,30],"tags":[53,54,59],"class_list":["post-3024","post","type-post","status-publish","format-standard","has-post-thumbnail","hentry","category-alagoinhas-e-regiao","category-destaque","tag-alagoinhas","tag-prefeitura","tag-semas"],"aioseo_notices":[],"_links":{"self":[{"href":"https:\/\/newsinfoco.com.br\/inicio\/wp-json\/wp\/v2\/posts\/3024","targetHints":{"allow":["GET"]}}],"collection":[{"href":"https:\/\/newsinfoco.com.br\/inicio\/wp-json\/wp\/v2\/posts"}],"about":[{"href":"https:\/\/newsinfoco.com.br\/inicio\/wp-json\/wp\/v2\/types\/post"}],"author":[{"embeddable":true,"href":"https:\/\/newsinfoco.com.br\/inicio\/wp-json\/wp\/v2\/users\/1"}],"replies":[{"embeddable":true,"href":"https:\/\/newsinfoco.com.br\/inicio\/wp-json\/wp\/v2\/comments?post=3024"}],"version-history":[{"count":0,"href":"https:\/\/newsinfoco.com.br\/inicio\/wp-json\/wp\/v2\/posts\/3024\/revisions"}],"wp:featuredmedia":[{"embeddable":true,"href":"https:\/\/newsinfoco.com.br\/inicio\/wp-json\/wp\/v2\/media\/1222"}],"wp:attachment":[{"href":"https:\/\/newsinfoco.com.br\/inicio\/wp-json\/wp\/v2\/media?parent=3024"}],"wp:term":[{"taxonomy":"category","embeddable":true,"href":"https:\/\/newsinfoco.com.br\/inicio\/wp-json\/wp\/v2\/categories?post=3024"},{"taxonomy":"post_tag","embeddable":true,"href":"https:\/\/newsinfoco.com.br\/inicio\/wp-json\/wp\/v2\/tags?post=3024"}],"curies":[{"name":"wp","href":"https:\/\/api.w.org\/{rel}","templated":true}]}}