{"id":30259,"date":"2022-05-28T13:36:05","date_gmt":"2022-05-28T16:36:05","guid":{"rendered":"https:\/\/newsinfoco.com.br\/inicio\/?p=30259"},"modified":"2022-05-28T13:38:24","modified_gmt":"2022-05-28T16:38:24","slug":"mutirao-de-triagem-para-cirurgias-eletivas-comeca-nesta-segunda30-em-alagoinhas","status":"publish","type":"post","link":"https:\/\/newsinfoco.com.br\/inicio\/mutirao-de-triagem-para-cirurgias-eletivas-comeca-nesta-segunda30-em-alagoinhas\/","title":{"rendered":"Mutir\u00e3o de triagem para cirurgias eletivas come\u00e7a nesta segunda(30) em Alagoinhas"},"content":{"rendered":"<p>Inicia nesta segunda-feira (30) o Mutir\u00e3o de triagem para cirurgias eletivas em Alagoinhas. Os procedimentos, que vinham sendo realizados nos munic\u00edpios vizinhos, ser\u00e3o oferecidos na rede p\u00fablica da cidade. A a\u00e7\u00e3o acontece no Est\u00e1dio Carneir\u00e3o e segue nos dias 31 de maio e 01 de junho.<\/p>\n<p>O mutir\u00e3o de triagem \u00e9 a primeira etapa para zerar a fila e resolver a demanda reprimida da cidade. As especialidades m\u00e9dicas ofertadas para essa primeira etapa ser\u00e3o: cirurgias gerais de ves\u00edcula e h\u00e9rnia, onde o paciente dever\u00e1 procurar seus postos de sa\u00fade para serem avaliados. Na \u00e1rea de ginecologia com as cirurgias de laqueadura tub\u00e1ria ou ligadura das trompas para mulheres que tem 25 anos de idade ou mais e que tiverem mais de um filho, e a cirurgia de colpoperineoplastia ou pl\u00e1stica vaginal, cirurgia de histerectomia por mioma. Tamb\u00e9m ser\u00e1 ofertada a cirurgia de vasectomia.<\/p>\n<p>Na segunda fase do projeto tamb\u00e9m ser\u00e1 ofertado o servi\u00e7o de retirada de n\u00f3dulos de tire\u00f3ide (para aqueles que tem indica\u00e7\u00e3o m\u00e9dica e precisam fazer uma pun\u00e7\u00e3o para saber se tem indica\u00e7\u00e3o de retirar a gl\u00e2ndula tireoide), e tamb\u00e9m cirurgias de hemorr\u00f3ida. Est\u00e3o previstos cerca de 1.500 cirurgias, al\u00e9m de atendimentos, exames, consultas, entre outros.<\/p>\n<div class='share-to-whatsapp-wrapper'><div class='share-on-whsp'>Share on: <\/div><a data-text='Mutir\u00e3o de triagem para cirurgias eletivas come\u00e7a nesta segunda(30) em Alagoinhas' data-link='https:\/\/newsinfoco.com.br\/inicio\/mutirao-de-triagem-para-cirurgias-eletivas-comeca-nesta-segunda30-em-alagoinhas\/' class='whatsapp-button whatsapp-share'>WhatsApp<\/a><div class='clear '><\/div><\/div>","protected":false},"excerpt":{"rendered":"<p>Inicia nesta segunda-feira (30) o Mutir\u00e3o de triagem para cirurgias eletivas em Alagoinhas. Os procedimentos, que vinham sendo realizados nos munic\u00edpios vizinhos, ser\u00e3o oferecidos na rede p\u00fablica da cidade. A a\u00e7\u00e3o acontece no Est\u00e1dio Carneir\u00e3o e segue nos dias 31 de maio e 01 de junho. O mutir\u00e3o de triagem \u00e9 a primeira etapa para [&hellip;]<\/p>\n","protected":false},"author":1,"featured_media":30260,"comment_status":"closed","ping_status":"closed","sticky":false,"template":"","format":"standard","meta":{"om_disable_all_campaigns":false,"rop_custom_images_group":[],"rop_custom_messages_group":[],"rop_publish_now":"initial","rop_publish_now_accounts":[],"rop_publish_now_history":[],"rop_publish_now_status":"pending","_exactmetrics_skip_tracking":false,"footnotes":""},"categories":[38,167],"tags":[],"class_list":["post-30259","post","type-post","status-publish","format-standard","has-post-thumbnail","hentry","category-alagoinhas-e-regiao","category-exclusivas"],"aioseo_notices":[],"aioseo_head":"\n\t\t<!-- All in One SEO 4.9.10 - aioseo.com -->\n\t<meta name=\"description\" content=\"Inicia nesta segunda-feira (30) o Mutir\u00e3o de triagem para cirurgias eletivas em Alagoinhas. Os procedimentos, que vinham sendo realizados nos munic\u00edpios vizinhos, ser\u00e3o oferecidos na rede p\u00fablica da cidade. A a\u00e7\u00e3o acontece no Est\u00e1dio Carneir\u00e3o e segue nos dias 31 de maio e 01 de junho. O mutir\u00e3o de triagem \u00e9 a primeira etapa para\" \/>\n\t<meta name=\"robots\" content=\"max-image-preview:large\" \/>\n\t<meta name=\"author\" content=\"administrador\"\/>\n\t<link rel=\"canonical\" href=\"https:\/\/newsinfoco.com.br\/inicio\/mutirao-de-triagem-para-cirurgias-eletivas-comeca-nesta-segunda30-em-alagoinhas\/\" \/>\n\t<meta name=\"generator\" content=\"All in One SEO (AIOSEO) 4.9.10\" \/>\n\t\t<meta property=\"og:locale\" content=\"pt_BR\" \/>\n\t\t<meta property=\"og:site_name\" content=\"News In Foco - Editado por Caio Pimenta - O principal site de noticias de Alagoinhas e regi\u00e3o\" \/>\n\t\t<meta property=\"og:type\" content=\"article\" \/>\n\t\t<meta property=\"og:title\" content=\"Mutir\u00e3o de triagem para cirurgias eletivas come\u00e7a nesta segunda(30) em Alagoinhas - News In Foco - Editado por Caio Pimenta\" \/>\n\t\t<meta property=\"og:description\" content=\"Inicia nesta segunda-feira (30) o Mutir\u00e3o de triagem para cirurgias eletivas em Alagoinhas. Os procedimentos, que vinham sendo realizados nos munic\u00edpios vizinhos, ser\u00e3o oferecidos na rede p\u00fablica da cidade. A a\u00e7\u00e3o acontece no Est\u00e1dio Carneir\u00e3o e segue nos dias 31 de maio e 01 de junho. O mutir\u00e3o de triagem \u00e9 a primeira etapa para\" \/>\n\t\t<meta property=\"og:url\" content=\"https:\/\/newsinfoco.com.br\/inicio\/mutirao-de-triagem-para-cirurgias-eletivas-comeca-nesta-segunda30-em-alagoinhas\/\" \/>\n\t\t<meta property=\"article:published_time\" content=\"2022-05-28T16:36:05+00:00\" \/>\n\t\t<meta property=\"article:modified_time\" content=\"2022-05-28T16:38:24+00:00\" \/>\n\t\t<meta name=\"twitter:card\" content=\"summary_large_image\" \/>\n\t\t<meta name=\"twitter:title\" content=\"Mutir\u00e3o de triagem para cirurgias eletivas come\u00e7a nesta segunda(30) em Alagoinhas - News In Foco - Editado por Caio Pimenta\" \/>\n\t\t<meta name=\"twitter:description\" content=\"Inicia nesta segunda-feira (30) o Mutir\u00e3o de triagem para cirurgias eletivas em Alagoinhas. Os procedimentos, que vinham sendo realizados nos munic\u00edpios vizinhos, ser\u00e3o oferecidos na rede p\u00fablica da cidade. A a\u00e7\u00e3o acontece no Est\u00e1dio Carneir\u00e3o e segue nos dias 31 de maio e 01 de junho. O mutir\u00e3o de triagem \u00e9 a primeira etapa para\" \/>\n\t\t<script type=\"application\/ld+json\" class=\"aioseo-schema\">\n\t\t\t{\"@context\":\"https:\\\/\\\/schema.org\",\"@graph\":[{\"@type\":\"BlogPosting\",\"@id\":\"https:\\\/\\\/newsinfoco.com.br\\\/inicio\\\/mutirao-de-triagem-para-cirurgias-eletivas-comeca-nesta-segunda30-em-alagoinhas\\\/#blogposting\",\"name\":\"Mutir\\u00e3o de triagem para cirurgias eletivas come\\u00e7a nesta segunda(30) em Alagoinhas - News In Foco - Editado por Caio Pimenta\",\"headline\":\"Mutir\\u00e3o de triagem para cirurgias eletivas come\\u00e7a nesta segunda(30) em Alagoinhas\",\"author\":{\"@id\":\"https:\\\/\\\/newsinfoco.com.br\\\/inicio\\\/author\\\/administrador\\\/#author\"},\"publisher\":{\"@id\":\"https:\\\/\\\/newsinfoco.com.br\\\/inicio\\\/#organization\"},\"image\":{\"@type\":\"ImageObject\",\"url\":\"https:\\\/\\\/newsinfoco.com.br\\\/inicio\\\/wp-content\\\/uploads\\\/2022\\\/05\\\/FCDFC002-7F97-4FE6-B1D6-C5AB89540362-1024x1024-1.jpeg\",\"width\":1024,\"height\":1024},\"datePublished\":\"2022-05-28T13:36:05-03:00\",\"dateModified\":\"2022-05-28T13:38:24-03:00\",\"inLanguage\":\"pt-BR\",\"mainEntityOfPage\":{\"@id\":\"https:\\\/\\\/newsinfoco.com.br\\\/inicio\\\/mutirao-de-triagem-para-cirurgias-eletivas-comeca-nesta-segunda30-em-alagoinhas\\\/#webpage\"},\"isPartOf\":{\"@id\":\"https:\\\/\\\/newsinfoco.com.br\\\/inicio\\\/mutirao-de-triagem-para-cirurgias-eletivas-comeca-nesta-segunda30-em-alagoinhas\\\/#webpage\"},\"articleSection\":\"Alagoinhas e Regi\\u00e3o, Manchete\"},{\"@type\":\"BreadcrumbList\",\"@id\":\"https:\\\/\\\/newsinfoco.com.br\\\/inicio\\\/mutirao-de-triagem-para-cirurgias-eletivas-comeca-nesta-segunda30-em-alagoinhas\\\/#breadcrumblist\",\"itemListElement\":[{\"@type\":\"ListItem\",\"@id\":\"https:\\\/\\\/newsinfoco.com.br\\\/inicio#listItem\",\"position\":1,\"name\":\"In\\u00edcio\",\"item\":\"https:\\\/\\\/newsinfoco.com.br\\\/inicio\",\"nextItem\":{\"@type\":\"ListItem\",\"@id\":\"https:\\\/\\\/newsinfoco.com.br\\\/inicio\\\/category\\\/alagoinhas-e-regiao\\\/#listItem\",\"name\":\"Alagoinhas e Regi\\u00e3o\"}},{\"@type\":\"ListItem\",\"@id\":\"https:\\\/\\\/newsinfoco.com.br\\\/inicio\\\/category\\\/alagoinhas-e-regiao\\\/#listItem\",\"position\":2,\"name\":\"Alagoinhas e Regi\\u00e3o\",\"item\":\"https:\\\/\\\/newsinfoco.com.br\\\/inicio\\\/category\\\/alagoinhas-e-regiao\\\/\",\"nextItem\":{\"@type\":\"ListItem\",\"@id\":\"https:\\\/\\\/newsinfoco.com.br\\\/inicio\\\/mutirao-de-triagem-para-cirurgias-eletivas-comeca-nesta-segunda30-em-alagoinhas\\\/#listItem\",\"name\":\"Mutir\\u00e3o de triagem para cirurgias eletivas come\\u00e7a nesta segunda(30) em Alagoinhas\"},\"previousItem\":{\"@type\":\"ListItem\",\"@id\":\"https:\\\/\\\/newsinfoco.com.br\\\/inicio#listItem\",\"name\":\"In\\u00edcio\"}},{\"@type\":\"ListItem\",\"@id\":\"https:\\\/\\\/newsinfoco.com.br\\\/inicio\\\/mutirao-de-triagem-para-cirurgias-eletivas-comeca-nesta-segunda30-em-alagoinhas\\\/#listItem\",\"position\":3,\"name\":\"Mutir\\u00e3o de triagem para cirurgias eletivas come\\u00e7a nesta segunda(30) em Alagoinhas\",\"previousItem\":{\"@type\":\"ListItem\",\"@id\":\"https:\\\/\\\/newsinfoco.com.br\\\/inicio\\\/category\\\/alagoinhas-e-regiao\\\/#listItem\",\"name\":\"Alagoinhas e Regi\\u00e3o\"}}]},{\"@type\":\"Organization\",\"@id\":\"https:\\\/\\\/newsinfoco.com.br\\\/inicio\\\/#organization\",\"name\":\"News In Foco - Editado por Caio Pimenta\",\"description\":\"O principal site de noticias de Alagoinhas e regi\\u00e3o\",\"url\":\"https:\\\/\\\/newsinfoco.com.br\\\/inicio\\\/\"},{\"@type\":\"Person\",\"@id\":\"https:\\\/\\\/newsinfoco.com.br\\\/inicio\\\/author\\\/administrador\\\/#author\",\"url\":\"https:\\\/\\\/newsinfoco.com.br\\\/inicio\\\/author\\\/administrador\\\/\",\"name\":\"administrador\",\"image\":{\"@type\":\"ImageObject\",\"@id\":\"https:\\\/\\\/newsinfoco.com.br\\\/inicio\\\/mutirao-de-triagem-para-cirurgias-eletivas-comeca-nesta-segunda30-em-alagoinhas\\\/#authorImage\",\"url\":\"https:\\\/\\\/secure.gravatar.com\\\/avatar\\\/c17a617433de8c1dc9584bb79aab7563b46f5bb7e1728c9b17d9cc3ce6a08e49?s=96&d=mm&r=g\",\"width\":96,\"height\":96,\"caption\":\"administrador\"}},{\"@type\":\"WebPage\",\"@id\":\"https:\\\/\\\/newsinfoco.com.br\\\/inicio\\\/mutirao-de-triagem-para-cirurgias-eletivas-comeca-nesta-segunda30-em-alagoinhas\\\/#webpage\",\"url\":\"https:\\\/\\\/newsinfoco.com.br\\\/inicio\\\/mutirao-de-triagem-para-cirurgias-eletivas-comeca-nesta-segunda30-em-alagoinhas\\\/\",\"name\":\"Mutir\\u00e3o de triagem para cirurgias eletivas come\\u00e7a nesta segunda(30) em Alagoinhas - News In Foco - Editado por Caio Pimenta\",\"description\":\"Inicia nesta segunda-feira (30) o Mutir\\u00e3o de triagem para cirurgias eletivas em Alagoinhas. Os procedimentos, que vinham sendo realizados nos munic\\u00edpios vizinhos, ser\\u00e3o oferecidos na rede p\\u00fablica da cidade. A a\\u00e7\\u00e3o acontece no Est\\u00e1dio Carneir\\u00e3o e segue nos dias 31 de maio e 01 de junho. O mutir\\u00e3o de triagem \\u00e9 a primeira etapa para\",\"inLanguage\":\"pt-BR\",\"isPartOf\":{\"@id\":\"https:\\\/\\\/newsinfoco.com.br\\\/inicio\\\/#website\"},\"breadcrumb\":{\"@id\":\"https:\\\/\\\/newsinfoco.com.br\\\/inicio\\\/mutirao-de-triagem-para-cirurgias-eletivas-comeca-nesta-segunda30-em-alagoinhas\\\/#breadcrumblist\"},\"author\":{\"@id\":\"https:\\\/\\\/newsinfoco.com.br\\\/inicio\\\/author\\\/administrador\\\/#author\"},\"creator\":{\"@id\":\"https:\\\/\\\/newsinfoco.com.br\\\/inicio\\\/author\\\/administrador\\\/#author\"},\"image\":{\"@type\":\"ImageObject\",\"url\":\"https:\\\/\\\/newsinfoco.com.br\\\/inicio\\\/wp-content\\\/uploads\\\/2022\\\/05\\\/FCDFC002-7F97-4FE6-B1D6-C5AB89540362-1024x1024-1.jpeg\",\"@id\":\"https:\\\/\\\/newsinfoco.com.br\\\/inicio\\\/mutirao-de-triagem-para-cirurgias-eletivas-comeca-nesta-segunda30-em-alagoinhas\\\/#mainImage\",\"width\":1024,\"height\":1024},\"primaryImageOfPage\":{\"@id\":\"https:\\\/\\\/newsinfoco.com.br\\\/inicio\\\/mutirao-de-triagem-para-cirurgias-eletivas-comeca-nesta-segunda30-em-alagoinhas\\\/#mainImage\"},\"datePublished\":\"2022-05-28T13:36:05-03:00\",\"dateModified\":\"2022-05-28T13:38:24-03:00\"},{\"@type\":\"WebSite\",\"@id\":\"https:\\\/\\\/newsinfoco.com.br\\\/inicio\\\/#website\",\"url\":\"https:\\\/\\\/newsinfoco.com.br\\\/inicio\\\/\",\"name\":\"News In Foco - Editado por Caio Pimenta\",\"description\":\"O principal site de noticias de Alagoinhas e regi\\u00e3o\",\"inLanguage\":\"pt-BR\",\"publisher\":{\"@id\":\"https:\\\/\\\/newsinfoco.com.br\\\/inicio\\\/#organization\"}}]}\n\t\t<\/script>\n\t\t<!-- All in One SEO -->\n\n","aioseo_head_json":{"title":"Mutir\u00e3o de triagem para cirurgias eletivas come\u00e7a nesta segunda(30) em Alagoinhas - News In Foco - Editado por Caio Pimenta","description":"Inicia nesta segunda-feira (30) o Mutir\u00e3o de triagem para cirurgias eletivas em Alagoinhas. Os procedimentos, que vinham sendo realizados nos munic\u00edpios vizinhos, ser\u00e3o oferecidos na rede p\u00fablica da cidade. A a\u00e7\u00e3o acontece no Est\u00e1dio Carneir\u00e3o e segue nos dias 31 de maio e 01 de junho. O mutir\u00e3o de triagem \u00e9 a primeira etapa para","canonical_url":"https:\/\/newsinfoco.com.br\/inicio\/mutirao-de-triagem-para-cirurgias-eletivas-comeca-nesta-segunda30-em-alagoinhas\/","robots":"max-image-preview:large","keywords":"","webmasterTools":{"miscellaneous":""},"schema":{"@context":"https:\/\/schema.org","@graph":[{"@type":"BlogPosting","@id":"https:\/\/newsinfoco.com.br\/inicio\/mutirao-de-triagem-para-cirurgias-eletivas-comeca-nesta-segunda30-em-alagoinhas\/#blogposting","name":"Mutir\u00e3o de triagem para cirurgias eletivas come\u00e7a nesta segunda(30) em Alagoinhas - News In Foco - Editado por Caio Pimenta","headline":"Mutir\u00e3o de triagem para cirurgias eletivas come\u00e7a nesta segunda(30) em Alagoinhas","author":{"@id":"https:\/\/newsinfoco.com.br\/inicio\/author\/administrador\/#author"},"publisher":{"@id":"https:\/\/newsinfoco.com.br\/inicio\/#organization"},"image":{"@type":"ImageObject","url":"https:\/\/newsinfoco.com.br\/inicio\/wp-content\/uploads\/2022\/05\/FCDFC002-7F97-4FE6-B1D6-C5AB89540362-1024x1024-1.jpeg","width":1024,"height":1024},"datePublished":"2022-05-28T13:36:05-03:00","dateModified":"2022-05-28T13:38:24-03:00","inLanguage":"pt-BR","mainEntityOfPage":{"@id":"https:\/\/newsinfoco.com.br\/inicio\/mutirao-de-triagem-para-cirurgias-eletivas-comeca-nesta-segunda30-em-alagoinhas\/#webpage"},"isPartOf":{"@id":"https:\/\/newsinfoco.com.br\/inicio\/mutirao-de-triagem-para-cirurgias-eletivas-comeca-nesta-segunda30-em-alagoinhas\/#webpage"},"articleSection":"Alagoinhas e Regi\u00e3o, Manchete"},{"@type":"BreadcrumbList","@id":"https:\/\/newsinfoco.com.br\/inicio\/mutirao-de-triagem-para-cirurgias-eletivas-comeca-nesta-segunda30-em-alagoinhas\/#breadcrumblist","itemListElement":[{"@type":"ListItem","@id":"https:\/\/newsinfoco.com.br\/inicio#listItem","position":1,"name":"In\u00edcio","item":"https:\/\/newsinfoco.com.br\/inicio","nextItem":{"@type":"ListItem","@id":"https:\/\/newsinfoco.com.br\/inicio\/category\/alagoinhas-e-regiao\/#listItem","name":"Alagoinhas e Regi\u00e3o"}},{"@type":"ListItem","@id":"https:\/\/newsinfoco.com.br\/inicio\/category\/alagoinhas-e-regiao\/#listItem","position":2,"name":"Alagoinhas e Regi\u00e3o","item":"https:\/\/newsinfoco.com.br\/inicio\/category\/alagoinhas-e-regiao\/","nextItem":{"@type":"ListItem","@id":"https:\/\/newsinfoco.com.br\/inicio\/mutirao-de-triagem-para-cirurgias-eletivas-comeca-nesta-segunda30-em-alagoinhas\/#listItem","name":"Mutir\u00e3o de triagem para cirurgias eletivas come\u00e7a nesta segunda(30) em Alagoinhas"},"previousItem":{"@type":"ListItem","@id":"https:\/\/newsinfoco.com.br\/inicio#listItem","name":"In\u00edcio"}},{"@type":"ListItem","@id":"https:\/\/newsinfoco.com.br\/inicio\/mutirao-de-triagem-para-cirurgias-eletivas-comeca-nesta-segunda30-em-alagoinhas\/#listItem","position":3,"name":"Mutir\u00e3o de triagem para cirurgias eletivas come\u00e7a nesta segunda(30) em Alagoinhas","previousItem":{"@type":"ListItem","@id":"https:\/\/newsinfoco.com.br\/inicio\/category\/alagoinhas-e-regiao\/#listItem","name":"Alagoinhas e Regi\u00e3o"}}]},{"@type":"Organization","@id":"https:\/\/newsinfoco.com.br\/inicio\/#organization","name":"News In Foco - Editado por Caio Pimenta","description":"O principal site de noticias de Alagoinhas e regi\u00e3o","url":"https:\/\/newsinfoco.com.br\/inicio\/"},{"@type":"Person","@id":"https:\/\/newsinfoco.com.br\/inicio\/author\/administrador\/#author","url":"https:\/\/newsinfoco.com.br\/inicio\/author\/administrador\/","name":"administrador","image":{"@type":"ImageObject","@id":"https:\/\/newsinfoco.com.br\/inicio\/mutirao-de-triagem-para-cirurgias-eletivas-comeca-nesta-segunda30-em-alagoinhas\/#authorImage","url":"https:\/\/secure.gravatar.com\/avatar\/c17a617433de8c1dc9584bb79aab7563b46f5bb7e1728c9b17d9cc3ce6a08e49?s=96&d=mm&r=g","width":96,"height":96,"caption":"administrador"}},{"@type":"WebPage","@id":"https:\/\/newsinfoco.com.br\/inicio\/mutirao-de-triagem-para-cirurgias-eletivas-comeca-nesta-segunda30-em-alagoinhas\/#webpage","url":"https:\/\/newsinfoco.com.br\/inicio\/mutirao-de-triagem-para-cirurgias-eletivas-comeca-nesta-segunda30-em-alagoinhas\/","name":"Mutir\u00e3o de triagem para cirurgias eletivas come\u00e7a nesta segunda(30) em Alagoinhas - News In Foco - Editado por Caio Pimenta","description":"Inicia nesta segunda-feira (30) o Mutir\u00e3o de triagem para cirurgias eletivas em Alagoinhas. Os procedimentos, que vinham sendo realizados nos munic\u00edpios vizinhos, ser\u00e3o oferecidos na rede p\u00fablica da cidade. A a\u00e7\u00e3o acontece no Est\u00e1dio Carneir\u00e3o e segue nos dias 31 de maio e 01 de junho. O mutir\u00e3o de triagem \u00e9 a primeira etapa para","inLanguage":"pt-BR","isPartOf":{"@id":"https:\/\/newsinfoco.com.br\/inicio\/#website"},"breadcrumb":{"@id":"https:\/\/newsinfoco.com.br\/inicio\/mutirao-de-triagem-para-cirurgias-eletivas-comeca-nesta-segunda30-em-alagoinhas\/#breadcrumblist"},"author":{"@id":"https:\/\/newsinfoco.com.br\/inicio\/author\/administrador\/#author"},"creator":{"@id":"https:\/\/newsinfoco.com.br\/inicio\/author\/administrador\/#author"},"image":{"@type":"ImageObject","url":"https:\/\/newsinfoco.com.br\/inicio\/wp-content\/uploads\/2022\/05\/FCDFC002-7F97-4FE6-B1D6-C5AB89540362-1024x1024-1.jpeg","@id":"https:\/\/newsinfoco.com.br\/inicio\/mutirao-de-triagem-para-cirurgias-eletivas-comeca-nesta-segunda30-em-alagoinhas\/#mainImage","width":1024,"height":1024},"primaryImageOfPage":{"@id":"https:\/\/newsinfoco.com.br\/inicio\/mutirao-de-triagem-para-cirurgias-eletivas-comeca-nesta-segunda30-em-alagoinhas\/#mainImage"},"datePublished":"2022-05-28T13:36:05-03:00","dateModified":"2022-05-28T13:38:24-03:00"},{"@type":"WebSite","@id":"https:\/\/newsinfoco.com.br\/inicio\/#website","url":"https:\/\/newsinfoco.com.br\/inicio\/","name":"News In Foco - Editado por Caio Pimenta","description":"O principal site de noticias de Alagoinhas e regi\u00e3o","inLanguage":"pt-BR","publisher":{"@id":"https:\/\/newsinfoco.com.br\/inicio\/#organization"}}]},"og:locale":"pt_BR","og:site_name":"News In Foco - Editado por Caio Pimenta - O principal site de noticias de Alagoinhas e regi\u00e3o","og:type":"article","og:title":"Mutir\u00e3o de triagem para cirurgias eletivas come\u00e7a nesta segunda(30) em Alagoinhas - News In Foco - Editado por Caio Pimenta","og:description":"Inicia nesta segunda-feira (30) o Mutir\u00e3o de triagem para cirurgias eletivas em Alagoinhas. Os procedimentos, que vinham sendo realizados nos munic\u00edpios vizinhos, ser\u00e3o oferecidos na rede p\u00fablica da cidade. A a\u00e7\u00e3o acontece no Est\u00e1dio Carneir\u00e3o e segue nos dias 31 de maio e 01 de junho. O mutir\u00e3o de triagem \u00e9 a primeira etapa para","og:url":"https:\/\/newsinfoco.com.br\/inicio\/mutirao-de-triagem-para-cirurgias-eletivas-comeca-nesta-segunda30-em-alagoinhas\/","article:published_time":"2022-05-28T16:36:05+00:00","article:modified_time":"2022-05-28T16:38:24+00:00","twitter:card":"summary_large_image","twitter:title":"Mutir\u00e3o de triagem para cirurgias eletivas come\u00e7a nesta segunda(30) em Alagoinhas - News In Foco - Editado por Caio Pimenta","twitter:description":"Inicia nesta segunda-feira (30) o Mutir\u00e3o de triagem para cirurgias eletivas em Alagoinhas. Os procedimentos, que vinham sendo realizados nos munic\u00edpios vizinhos, ser\u00e3o oferecidos na rede p\u00fablica da cidade. A a\u00e7\u00e3o acontece no Est\u00e1dio Carneir\u00e3o e segue nos dias 31 de maio e 01 de junho. O mutir\u00e3o de triagem \u00e9 a primeira etapa para"},"aioseo_meta_data":{"post_id":"30259","title":null,"description":null,"keywords":null,"keyphrases":null,"primary_term":null,"canonical_url":null,"og_title":null,"og_description":null,"og_object_type":"default","og_image_type":"default","og_image_url":null,"og_image_width":null,"og_image_height":null,"og_image_custom_url":null,"og_image_custom_fields":null,"og_video":null,"og_custom_url":null,"og_article_section":null,"og_article_tags":null,"twitter_use_og":false,"twitter_card":"default","twitter_image_type":"default","twitter_image_url":null,"twitter_image_custom_url":null,"twitter_image_custom_fields":null,"twitter_title":null,"twitter_description":null,"schema":{"blockGraphs":[],"customGraphs":[],"default":{"data":{"Article":[],"Course":[],"Dataset":[],"FAQPage":[],"Movie":[],"Person":[],"Product":[],"ProductReview":[],"Car":[],"Recipe":[],"Service":[],"SoftwareApplication":[],"WebPage":[]},"graphName":"","isEnabled":true},"graphs":[]},"schema_type":"default","schema_type_options":null,"pillar_content":false,"robots_default":true,"robots_noindex":false,"robots_noarchive":false,"robots_nosnippet":false,"robots_nofollow":false,"robots_noimageindex":false,"robots_noodp":false,"robots_notranslate":false,"robots_max_snippet":null,"robots_max_videopreview":null,"robots_max_imagepreview":"large","priority":null,"frequency":null,"local_seo":null,"breadcrumb_settings":null,"limit_modified_date":false,"ai":null,"created":"2023-06-12 21:29:46","updated":"2025-07-11 07:45:46","seo_analyzer_scan_date":null},"aioseo_breadcrumb":"<div class=\"aioseo-breadcrumbs\"><span class=\"aioseo-breadcrumb\">\n\t\t\t<a href=\"https:\/\/newsinfoco.com.br\/inicio\" title=\"In\u00edcio\">In\u00edcio<\/a>\n\t\t<\/span><span class=\"aioseo-breadcrumb-separator\">&raquo;<\/span><span class=\"aioseo-breadcrumb\">\n\t\t\t<a href=\"https:\/\/newsinfoco.com.br\/inicio\/category\/alagoinhas-e-regiao\/\" title=\"Alagoinhas e Regi\u00e3o\">Alagoinhas e Regi\u00e3o<\/a>\n\t\t<\/span><span class=\"aioseo-breadcrumb-separator\">&raquo;<\/span><span class=\"aioseo-breadcrumb\">\n\t\t\tMutir\u00e3o de triagem para cirurgias eletivas come\u00e7a nesta segunda(30) em Alagoinhas\n\t\t<\/span><\/div>","aioseo_breadcrumb_json":[{"label":"In\u00edcio","link":"https:\/\/newsinfoco.com.br\/inicio"},{"label":"Alagoinhas e Regi\u00e3o","link":"https:\/\/newsinfoco.com.br\/inicio\/category\/alagoinhas-e-regiao\/"},{"label":"Mutir\u00e3o de triagem para cirurgias eletivas come\u00e7a nesta segunda(30) em Alagoinhas","link":"https:\/\/newsinfoco.com.br\/inicio\/mutirao-de-triagem-para-cirurgias-eletivas-comeca-nesta-segunda30-em-alagoinhas\/"}],"_links":{"self":[{"href":"https:\/\/newsinfoco.com.br\/inicio\/wp-json\/wp\/v2\/posts\/30259","targetHints":{"allow":["GET"]}}],"collection":[{"href":"https:\/\/newsinfoco.com.br\/inicio\/wp-json\/wp\/v2\/posts"}],"about":[{"href":"https:\/\/newsinfoco.com.br\/inicio\/wp-json\/wp\/v2\/types\/post"}],"author":[{"embeddable":true,"href":"https:\/\/newsinfoco.com.br\/inicio\/wp-json\/wp\/v2\/users\/1"}],"replies":[{"embeddable":true,"href":"https:\/\/newsinfoco.com.br\/inicio\/wp-json\/wp\/v2\/comments?post=30259"}],"version-history":[{"count":1,"href":"https:\/\/newsinfoco.com.br\/inicio\/wp-json\/wp\/v2\/posts\/30259\/revisions"}],"predecessor-version":[{"id":30261,"href":"https:\/\/newsinfoco.com.br\/inicio\/wp-json\/wp\/v2\/posts\/30259\/revisions\/30261"}],"wp:featuredmedia":[{"embeddable":true,"href":"https:\/\/newsinfoco.com.br\/inicio\/wp-json\/wp\/v2\/media\/30260"}],"wp:attachment":[{"href":"https:\/\/newsinfoco.com.br\/inicio\/wp-json\/wp\/v2\/media?parent=30259"}],"wp:term":[{"taxonomy":"category","embeddable":true,"href":"https:\/\/newsinfoco.com.br\/inicio\/wp-json\/wp\/v2\/categories?post=30259"},{"taxonomy":"post_tag","embeddable":true,"href":"https:\/\/newsinfoco.com.br\/inicio\/wp-json\/wp\/v2\/tags?post=30259"}],"curies":[{"name":"wp","href":"https:\/\/api.w.org\/{rel}","templated":true}]}}