{"id":3026,"date":"2018-04-24T22:00:20","date_gmt":"2018-04-25T01:00:20","guid":{"rendered":"http:\/\/newsinfoco.com.br\/?p=3026"},"modified":"2018-04-24T22:11:17","modified_gmt":"2018-04-25T01:11:17","slug":"prefeito-de-alagoinhas-assina-ordem-de-servico-e-da-inicio-as-obras-de-requalificacao-na-rua-recanto-da-lagoa","status":"publish","type":"post","link":"https:\/\/newsinfoco.com.br\/inicio\/prefeito-de-alagoinhas-assina-ordem-de-servico-e-da-inicio-as-obras-de-requalificacao-na-rua-recanto-da-lagoa\/","title":{"rendered":"Prefeito de Alagoinhas assina ordem de servi\u00e7o e d\u00e1 in\u00edcio \u00e0s obras de requalifica\u00e7\u00e3o na Rua Recanto da Lagoa"},"content":{"rendered":"<p style=\"text-align: justify;\"><span style=\"color: #000000;\">O prefeito Joaquim Neto se reuniu, nesta segunda-feira (23), com moradores da Rua Recanto da Lagoa, pr\u00f3xima \u00e0 ladeira da Escola Jo\u00e3o Paulo, no Inocoop I, onde ouviu as necessidades da comunidade local e autorizou a ordem de servi\u00e7o para a requalifica\u00e7\u00e3o completa da via.<\/span><\/p>\n<p style=\"text-align: justify;\"><span style=\"color: #000000;\">O secret\u00e1rio municipal de infraestrutura, Andr\u00e9 Lu\u00eds de Carvalho, afirmou que a diretoria de obras da prefeitura inicia, a partir desta ter\u00e7a (24), uma visita t\u00e9cnica com a equipe do Servi\u00e7o Aut\u00f4nomo de \u00c1gua e Esgoto (SAAE) para identificar pontos cr\u00edticos e iniciar as obras. De acordo com prefeito, as m\u00e1quinas chegam ainda esta semana para iniciar a interven\u00e7\u00e3o no local.<\/span><\/p><div class=\"newsi-conteudo_19\" id=\"newsi-1619122827\"><a href=\"https:\/\/www.instagram.com\/prefeituraalagoinhas?igsh=YzgzdDJ1bWR3aWI4\" aria-label=\"SAVE_20251006_221555\"><img loading=\"lazy\" decoding=\"async\" src=\"https:\/\/newsinfoco.com.br\/inicio\/wp-content\/uploads\/2025\/10\/SAVE_20251006_221555-rotated.jpg\" alt=\"\"  srcset=\"https:\/\/newsinfoco.com.br\/inicio\/wp-content\/uploads\/2025\/10\/SAVE_20251006_221555-rotated.jpg 1140w, https:\/\/newsinfoco.com.br\/inicio\/wp-content\/uploads\/2025\/10\/SAVE_20251006_221555-300x52.jpg 300w, https:\/\/newsinfoco.com.br\/inicio\/wp-content\/uploads\/2025\/10\/SAVE_20251006_221555-1024x177.jpg 1024w, https:\/\/newsinfoco.com.br\/inicio\/wp-content\/uploads\/2025\/10\/SAVE_20251006_221555-768x133.jpg 768w, https:\/\/newsinfoco.com.br\/inicio\/wp-content\/uploads\/2025\/10\/SAVE_20251006_221555-600x104.jpg 600w, https:\/\/newsinfoco.com.br\/inicio\/wp-content\/uploads\/2025\/10\/SAVE_20251006_221555-696x120.jpg 696w, https:\/\/newsinfoco.com.br\/inicio\/wp-content\/uploads\/2025\/10\/SAVE_20251006_221555-1068x185.jpg 1068w\" sizes=\"(max-width: 1140px) 100vw, 1140px\" width=\"1140\" height=\"197\"   \/><\/a><\/div>\n<p style=\"text-align: justify;\"><span style=\"color: #000000;\">A Secretaria de Infraestrutura (SECIN) comunicou ainda que uma Comiss\u00e3o democraticamente escolhida entre os pr\u00f3prios moradores deve acompanhar todo o processo de requalifica\u00e7\u00e3o. \u201cVoc\u00eas tenham certeza de que a obra vir\u00e1 com padr\u00e3o de excel\u00eancia\u201d, garantiu Joaquim Neto, que levou para a reuni\u00e3o tamb\u00e9m o engenheiro da Campbel, a empresa respons\u00e1vel pela obra.<\/span><\/p>\n<p style=\"text-align: justify;\"><span style=\"color: #000000;\">De acordo com a empresa que vai executar o servi\u00e7o, a drenagem no local dever\u00e1 contar com a implanta\u00e7\u00e3o de 43 tubos PEAD (polietileno de alta intensidade), que possuem resist\u00eancia mec\u00e2nica, facilidade de instala\u00e7\u00e3o e est\u00e3o entre o que existe hoje de mais moderno no mercado.<\/span><\/p>\n<p style=\"text-align: justify;\"><span style=\"color: #000000;\">A SECIN informou que vai realizar obras de saneamento, esgotamento sanit\u00e1rio e drenagem em toda a extens\u00e3o da rua para, em seguida, dar in\u00edcio \u00e0 pavimenta\u00e7\u00e3o, com passeios, acessibilidade e piso podot\u00e1til.<\/span><\/p>\n<p style=\"text-align: justify;\"><span style=\"color: #000000;\">\u201cDentro de, no m\u00e1ximo, 45 dias, estaremos inaugurando essa rua t\u00e3o importante para a mobilidade urbana de Alagoinhas, porque ela liga a parte alta de Alagoinhas Velha, esses conjuntos Inocoop I, Inocoop II, Parque Hava\u00ed, \u00e0 Avenida Dantas Bi\u00e3o, ent\u00e3o \u00e9 um importante elo. Voc\u00ea viu aqui moradores que est\u00e3o aqui h\u00e1 mais de 30 anos com esgoto a c\u00e9u aberto, sem pavimenta\u00e7\u00e3o, barro, lama, poeira. Ouvi aqui relatos de moradores que j\u00e1 estavam desenganados, n\u00e3o acreditavam mais no poder p\u00fablico municipal, porque foram muitas promessas. Al\u00e9m da requalifica\u00e7\u00e3o da rua e do esgotamento sanit\u00e1rio, tamb\u00e9m vamos fazer, nesta gest\u00e3o, a macrodrenagem da regi\u00e3o toda da Cavada. E voc\u00ea sabe que, quando a gente investe em saneamento, diminui a despesa em sa\u00fade, porque saneamento \u00e9 sa\u00fade. Estamos aqui com muita alegria para anunciar a requalifica\u00e7\u00e3o\u201d, afirmou o prefeito Joaquim Neto.<\/span><\/p>\n<p style=\"text-align: justify;\"><span style=\"color: #000000;\">Popularmente conhecida como \u201crua de barro\u201d, a Recanto da Lagoa ser\u00e1 completamente transformada pelo poder p\u00fablico. A SECIN enfatizou que o trabalho ser\u00e1 cont\u00ednuo e que as obras v\u00e3o chegar tamb\u00e9m a outros pontos do munic\u00edpio. Segundo o secret\u00e1rio da pasta, al\u00e9m das a\u00e7\u00f5es de drenagem e pavimenta\u00e7\u00e3o, \u00e9 uma solicita\u00e7\u00e3o do prefeito executar 3 grandes macrodrenagens nesta gest\u00e3o: na \u00e1rea da Lagoa da Cavada, no canal das <a href=\"http:\/\/newsinfoco.com.br\/wp-content\/uploads\/2018\/04\/40947790734_5dbe1bcdc7_c.jpg\"><img loading=\"lazy\" decoding=\"async\" class=\" wp-image-3029 aligncenter\" src=\"http:\/\/newsinfoco.com.br\/wp-content\/uploads\/2018\/04\/40947790734_5dbe1bcdc7_c-300x199.jpg\" alt=\"\" width=\"621\" height=\"412\" srcset=\"https:\/\/newsinfoco.com.br\/inicio\/wp-content\/uploads\/2018\/04\/40947790734_5dbe1bcdc7_c-300x199.jpg 300w, https:\/\/newsinfoco.com.br\/inicio\/wp-content\/uploads\/2018\/04\/40947790734_5dbe1bcdc7_c-768x509.jpg 768w, https:\/\/newsinfoco.com.br\/inicio\/wp-content\/uploads\/2018\/04\/40947790734_5dbe1bcdc7_c-600x398.jpg 600w, https:\/\/newsinfoco.com.br\/inicio\/wp-content\/uploads\/2018\/04\/40947790734_5dbe1bcdc7_c-696x461.jpg 696w, https:\/\/newsinfoco.com.br\/inicio\/wp-content\/uploads\/2018\/04\/40947790734_5dbe1bcdc7_c-634x420.jpg 634w, https:\/\/newsinfoco.com.br\/inicio\/wp-content\/uploads\/2018\/04\/40947790734_5dbe1bcdc7_c.jpg 800w\" sizes=\"auto, (max-width: 621px) 100vw, 621px\" \/><\/a><a href=\"http:\/\/newsinfoco.com.br\/wp-content\/uploads\/2018\/04\/41618456372_4a298d20cc_c.jpg\"><img loading=\"lazy\" decoding=\"async\" class=\" wp-image-3030 aligncenter\" src=\"http:\/\/newsinfoco.com.br\/wp-content\/uploads\/2018\/04\/41618456372_4a298d20cc_c-300x199.jpg\" alt=\"\" width=\"634\" height=\"420\" srcset=\"https:\/\/newsinfoco.com.br\/inicio\/wp-content\/uploads\/2018\/04\/41618456372_4a298d20cc_c-300x199.jpg 300w, https:\/\/newsinfoco.com.br\/inicio\/wp-content\/uploads\/2018\/04\/41618456372_4a298d20cc_c-768x509.jpg 768w, https:\/\/newsinfoco.com.br\/inicio\/wp-content\/uploads\/2018\/04\/41618456372_4a298d20cc_c-600x398.jpg 600w, https:\/\/newsinfoco.com.br\/inicio\/wp-content\/uploads\/2018\/04\/41618456372_4a298d20cc_c-696x461.jpg 696w, https:\/\/newsinfoco.com.br\/inicio\/wp-content\/uploads\/2018\/04\/41618456372_4a298d20cc_c-634x420.jpg 634w, https:\/\/newsinfoco.com.br\/inicio\/wp-content\/uploads\/2018\/04\/41618456372_4a298d20cc_c.jpg 800w\" sizes=\"auto, (max-width: 634px) 100vw, 634px\" \/><\/a><\/span><\/p>\n<h6 style=\"text-align: right;\"><span style=\"color: #999999;\">fonte:SECOM,SAAE,SECIN,Prefeitura<\/span><\/h6>\n<div class='share-to-whatsapp-wrapper'><div class='share-on-whsp'>Share on: <\/div><a data-text='Prefeito de Alagoinhas assina ordem de servi\u00e7o e d\u00e1 in\u00edcio \u00e0s obras de requalifica\u00e7\u00e3o na Rua Recanto da Lagoa' data-link='https:\/\/newsinfoco.com.br\/inicio\/prefeito-de-alagoinhas-assina-ordem-de-servico-e-da-inicio-as-obras-de-requalificacao-na-rua-recanto-da-lagoa\/' class='whatsapp-button whatsapp-share'>WhatsApp<\/a><div class='clear '><\/div><\/div>","protected":false},"excerpt":{"rendered":"<p>O prefeito Joaquim Neto se reuniu, nesta segunda-feira (23), com moradores da Rua Recanto da Lagoa, pr\u00f3xima \u00e0 ladeira da Escola Jo\u00e3o Paulo, no Inocoop I, onde ouviu as necessidades da comunidade local e autorizou a ordem de servi\u00e7o para a requalifica\u00e7\u00e3o completa da via. O secret\u00e1rio municipal de infraestrutura, Andr\u00e9 Lu\u00eds de Carvalho, afirmou [&hellip;]<\/p>\n","protected":false},"author":1,"featured_media":3029,"comment_status":"open","ping_status":"open","sticky":false,"template":"","format":"standard","meta":{"om_disable_all_campaigns":false,"_exactmetrics_skip_tracking":false,"_exactmetrics_sitenote_active":false,"_exactmetrics_sitenote_note":"","_exactmetrics_sitenote_category":0,"footnotes":""},"categories":[38,30],"tags":[53,54,55,61],"class_list":["post-3026","post","type-post","status-publish","format-standard","has-post-thumbnail","hentry","category-alagoinhas-e-regiao","category-destaque","tag-alagoinhas","tag-prefeitura","tag-saae","tag-secin"],"aioseo_notices":[],"_links":{"self":[{"href":"https:\/\/newsinfoco.com.br\/inicio\/wp-json\/wp\/v2\/posts\/3026","targetHints":{"allow":["GET"]}}],"collection":[{"href":"https:\/\/newsinfoco.com.br\/inicio\/wp-json\/wp\/v2\/posts"}],"about":[{"href":"https:\/\/newsinfoco.com.br\/inicio\/wp-json\/wp\/v2\/types\/post"}],"author":[{"embeddable":true,"href":"https:\/\/newsinfoco.com.br\/inicio\/wp-json\/wp\/v2\/users\/1"}],"replies":[{"embeddable":true,"href":"https:\/\/newsinfoco.com.br\/inicio\/wp-json\/wp\/v2\/comments?post=3026"}],"version-history":[{"count":0,"href":"https:\/\/newsinfoco.com.br\/inicio\/wp-json\/wp\/v2\/posts\/3026\/revisions"}],"wp:featuredmedia":[{"embeddable":true,"href":"https:\/\/newsinfoco.com.br\/inicio\/wp-json\/wp\/v2\/media\/3029"}],"wp:attachment":[{"href":"https:\/\/newsinfoco.com.br\/inicio\/wp-json\/wp\/v2\/media?parent=3026"}],"wp:term":[{"taxonomy":"category","embeddable":true,"href":"https:\/\/newsinfoco.com.br\/inicio\/wp-json\/wp\/v2\/categories?post=3026"},{"taxonomy":"post_tag","embeddable":true,"href":"https:\/\/newsinfoco.com.br\/inicio\/wp-json\/wp\/v2\/tags?post=3026"}],"curies":[{"name":"wp","href":"https:\/\/api.w.org\/{rel}","templated":true}]}}