{"id":303,"date":"2018-02-24T12:18:26","date_gmt":"2018-02-24T15:18:26","guid":{"rendered":"http:\/\/newsinfoco.com.br\/?p=303"},"modified":"2018-02-24T12:18:26","modified_gmt":"2018-02-24T15:18:26","slug":"conselho-municipal-de-saude-de-alagoinhas-aprova-o-plano-anual-de-saude-2018","status":"publish","type":"post","link":"https:\/\/newsinfoco.com.br\/inicio\/conselho-municipal-de-saude-de-alagoinhas-aprova-o-plano-anual-de-saude-2018\/","title":{"rendered":"Conselho Municipal de Sa\u00fade de Alagoinhas aprova o Plano Anual de Sa\u00fade 2018"},"content":{"rendered":"<p style=\"text-align: justify;\"><span style=\"color: #000000;\">Na manh\u00e3 de ter\u00e7a-feira (20) foi apresentado durante reuni\u00e3o do Conselho Municipal de Sa\u00fade, o Plano Municipal de Sa\u00fade e o Plano Anual de Sa\u00fade (PAS) \u2013 2018.\u00a0 A PAS \u2013 2018 \u00e9 o documento norteador das a\u00e7\u00f5es em Sa\u00fade a serem desenvolvidas durante o ano de 2018, foi elaborado seguindo as diretrizes do Minist\u00e9rio da Sa\u00fade e a Confer\u00eancia Municipal realizada em 2017, na reuni\u00e3o o plano foi aprovado pelo Conselho.<\/span><\/p>\n<div align=\"right\"><\/div>\n<h6 style=\"text-align: right;\"><span style=\"color: #999999;\">Fonte: SECOM Prefeitura<\/span><\/h6>\n<div class='share-to-whatsapp-wrapper'><div class='share-on-whsp'>Share on: <\/div><a data-text='Conselho Municipal de Sa\u00fade de Alagoinhas aprova o Plano Anual de Sa\u00fade 2018' data-link='https:\/\/newsinfoco.com.br\/inicio\/conselho-municipal-de-saude-de-alagoinhas-aprova-o-plano-anual-de-saude-2018\/' class='whatsapp-button whatsapp-share'>WhatsApp<\/a><div class='clear '><\/div><\/div>","protected":false},"excerpt":{"rendered":"<p>Na manh\u00e3 de ter\u00e7a-feira (20) foi apresentado durante reuni\u00e3o do Conselho Municipal de Sa\u00fade, o Plano Municipal de Sa\u00fade e o Plano Anual de Sa\u00fade (PAS) \u2013 2018.\u00a0 A PAS \u2013 2018 \u00e9 o documento norteador das a\u00e7\u00f5es em Sa\u00fade a serem desenvolvidas durante o ano de 2018, foi elaborado seguindo as diretrizes do Minist\u00e9rio [&hellip;]<\/p>\n","protected":false},"author":1,"featured_media":294,"comment_status":"open","ping_status":"open","sticky":false,"template":"","format":"standard","meta":{"om_disable_all_campaigns":false,"_exactmetrics_skip_tracking":false,"_exactmetrics_sitenote_active":false,"_exactmetrics_sitenote_note":"","_exactmetrics_sitenote_category":0,"footnotes":""},"categories":[38],"tags":[],"class_list":["post-303","post","type-post","status-publish","format-standard","has-post-thumbnail","hentry","category-alagoinhas-e-regiao"],"aioseo_notices":[],"_links":{"self":[{"href":"https:\/\/newsinfoco.com.br\/inicio\/wp-json\/wp\/v2\/posts\/303","targetHints":{"allow":["GET"]}}],"collection":[{"href":"https:\/\/newsinfoco.com.br\/inicio\/wp-json\/wp\/v2\/posts"}],"about":[{"href":"https:\/\/newsinfoco.com.br\/inicio\/wp-json\/wp\/v2\/types\/post"}],"author":[{"embeddable":true,"href":"https:\/\/newsinfoco.com.br\/inicio\/wp-json\/wp\/v2\/users\/1"}],"replies":[{"embeddable":true,"href":"https:\/\/newsinfoco.com.br\/inicio\/wp-json\/wp\/v2\/comments?post=303"}],"version-history":[{"count":0,"href":"https:\/\/newsinfoco.com.br\/inicio\/wp-json\/wp\/v2\/posts\/303\/revisions"}],"wp:featuredmedia":[{"embeddable":true,"href":"https:\/\/newsinfoco.com.br\/inicio\/wp-json\/wp\/v2\/media\/294"}],"wp:attachment":[{"href":"https:\/\/newsinfoco.com.br\/inicio\/wp-json\/wp\/v2\/media?parent=303"}],"wp:term":[{"taxonomy":"category","embeddable":true,"href":"https:\/\/newsinfoco.com.br\/inicio\/wp-json\/wp\/v2\/categories?post=303"},{"taxonomy":"post_tag","embeddable":true,"href":"https:\/\/newsinfoco.com.br\/inicio\/wp-json\/wp\/v2\/tags?post=303"}],"curies":[{"name":"wp","href":"https:\/\/api.w.org\/{rel}","templated":true}]}}