{"id":3032,"date":"2018-04-24T22:16:54","date_gmt":"2018-04-25T01:16:54","guid":{"rendered":"http:\/\/newsinfoco.com.br\/?p=3032"},"modified":"2018-04-24T22:16:54","modified_gmt":"2018-04-25T01:16:54","slug":"prefeito-de-alagoinhas-assina-ordem-de-servico-para-a-construcao-de-2-polos-de-academia-da-saude-em-alagoinhas","status":"publish","type":"post","link":"https:\/\/newsinfoco.com.br\/inicio\/prefeito-de-alagoinhas-assina-ordem-de-servico-para-a-construcao-de-2-polos-de-academia-da-saude-em-alagoinhas\/","title":{"rendered":"Prefeito de Alagoinhas assina ordem de servi\u00e7o para a constru\u00e7\u00e3o de 2 polos de academia da sa\u00fade em Alagoinhas"},"content":{"rendered":"<p style=\"text-align: justify;\"><span style=\"color: #000000;\">O prefeito Joaquim Neto assinou ontem (23) mais uma ordem de servi\u00e7o que deve beneficiar as comunidades de Santa Terezinha e do Jardim Petrolar. \u00c9 que o documento sinaliza a execu\u00e7\u00e3o de mais duas obras que, nesta administra\u00e7\u00e3o, v\u00e3o sair do papel: a constru\u00e7\u00e3o de 2 polos de academia da sa\u00fade, um na Rua Ipiranga e outro na 1\u00aa Travessa da Santa Terezinha.<\/span><\/p>\n<p style=\"text-align: justify;\"><span style=\"color: #000000;\">De acordo com a Secretaria Municipal de Sa\u00fade (SESAU), o programa \u201cAcademia da Sa\u00fade\u201d visa \u00e0 preven\u00e7\u00e3o e aten\u00e7\u00e3o \u00e0s doen\u00e7as cr\u00f4nicas n\u00e3o transmiss\u00edveis, complementando o cuidado integral e potencializando a\u00e7\u00f5es da Estrat\u00e9gia da Sa\u00fade da Fam\u00edlia, dos N\u00facleos de Apoio \u00e0 Sa\u00fade da Fam\u00edlia (NASF) e da Vigil\u00e2ncia em Sa\u00fade.<\/span><\/p><div class=\"newsi-conteudo_19\" id=\"newsi-3150675318\"><a href=\"https:\/\/www.instagram.com\/prefeituraalagoinhas?igsh=YzgzdDJ1bWR3aWI4\" aria-label=\"SAVE_20251006_221555\"><img loading=\"lazy\" decoding=\"async\" src=\"https:\/\/newsinfoco.com.br\/inicio\/wp-content\/uploads\/2025\/10\/SAVE_20251006_221555-rotated.jpg\" alt=\"\"  srcset=\"https:\/\/newsinfoco.com.br\/inicio\/wp-content\/uploads\/2025\/10\/SAVE_20251006_221555-rotated.jpg 1140w, https:\/\/newsinfoco.com.br\/inicio\/wp-content\/uploads\/2025\/10\/SAVE_20251006_221555-300x52.jpg 300w, https:\/\/newsinfoco.com.br\/inicio\/wp-content\/uploads\/2025\/10\/SAVE_20251006_221555-1024x177.jpg 1024w, https:\/\/newsinfoco.com.br\/inicio\/wp-content\/uploads\/2025\/10\/SAVE_20251006_221555-768x133.jpg 768w, https:\/\/newsinfoco.com.br\/inicio\/wp-content\/uploads\/2025\/10\/SAVE_20251006_221555-600x104.jpg 600w, https:\/\/newsinfoco.com.br\/inicio\/wp-content\/uploads\/2025\/10\/SAVE_20251006_221555-696x120.jpg 696w, https:\/\/newsinfoco.com.br\/inicio\/wp-content\/uploads\/2025\/10\/SAVE_20251006_221555-1068x185.jpg 1068w\" sizes=\"(max-width: 1140px) 100vw, 1140px\" width=\"1140\" height=\"197\"   \/><\/a><\/div>\n<p style=\"text-align: justify;\"><span style=\"color: #000000;\">Segundo o secret\u00e1rio da pasta, Moacir Lira, \u201ca gest\u00e3o n\u00e3o mediu esfor\u00e7os para a retomada das obras por entender que este servi\u00e7o ir\u00e1 fortalecer as a\u00e7\u00f5es de promo\u00e7\u00e3o \u00e0 sa\u00fade e de constru\u00e7\u00e3o coletiva de modos de vida saud\u00e1veis para a popula\u00e7\u00e3o de Alagoinhas\u201d.<\/span><\/p>\n<p style=\"text-align: justify;\"><span style=\"color: #000000;\">O prefeito Joaquim Neto destacou que a inaugura\u00e7\u00e3o das obras prontas deve acontecer j\u00e1 no segundo semestre deste ano.<\/span><\/p>\n<p style=\"text-align: justify;\"><span style=\"color: #000000;\"><a class=\"group1 cboxElement\" style=\"color: #000000;\" href=\"https:\/\/www.alagoinhas.ba.gov.br\/wp-content\/uploads\/2018\/04\/sesau01_.jpg\"><img loading=\"lazy\" decoding=\"async\" class=\"aligncenter size-full wp-image-18739\" src=\"https:\/\/www.alagoinhas.ba.gov.br\/wp-content\/uploads\/2018\/04\/sesau01_.jpg\" sizes=\"auto, (max-width: 888px) 100vw, 888px\" srcset=\"https:\/\/www.alagoinhas.ba.gov.br\/wp-content\/uploads\/2018\/04\/sesau01_.jpg 888w, https:\/\/www.alagoinhas.ba.gov.br\/wp-content\/uploads\/2018\/04\/sesau01_-300x286.jpg 300w, https:\/\/www.alagoinhas.ba.gov.br\/wp-content\/uploads\/2018\/04\/sesau01_-768x733.jpg 768w\" alt=\"\" width=\"888\" height=\"848\" \/><\/a><\/span><\/p>\n<p style=\"text-align: justify;\"><span style=\"color: #000000;\"><a class=\"group1 cboxElement\" style=\"color: #000000;\" href=\"https:\/\/www.alagoinhas.ba.gov.br\/wp-content\/uploads\/2018\/04\/sesau00_.jpg\"><img loading=\"lazy\" decoding=\"async\" class=\"aligncenter size-full wp-image-18738\" src=\"https:\/\/www.alagoinhas.ba.gov.br\/wp-content\/uploads\/2018\/04\/sesau00_.jpg\" sizes=\"auto, (max-width: 964px) 100vw, 964px\" srcset=\"https:\/\/www.alagoinhas.ba.gov.br\/wp-content\/uploads\/2018\/04\/sesau00_.jpg 964w, https:\/\/www.alagoinhas.ba.gov.br\/wp-content\/uploads\/2018\/04\/sesau00_-300x235.jpg 300w, https:\/\/www.alagoinhas.ba.gov.br\/wp-content\/uploads\/2018\/04\/sesau00_-768x602.jpg 768w\" alt=\"\" width=\"964\" height=\"756\" \/><\/a><\/span><\/p>\n<h6 style=\"text-align: right;\"><span style=\"color: #999999;\">fonte:SECOM,SESAU,NASF,Prefeitura\u00a0<\/span><\/h6>\n<div class='share-to-whatsapp-wrapper'><div class='share-on-whsp'>Share on: <\/div><a data-text='Prefeito de Alagoinhas assina ordem de servi\u00e7o para a constru\u00e7\u00e3o de 2 polos de academia da sa\u00fade em Alagoinhas' data-link='https:\/\/newsinfoco.com.br\/inicio\/prefeito-de-alagoinhas-assina-ordem-de-servico-para-a-construcao-de-2-polos-de-academia-da-saude-em-alagoinhas\/' class='whatsapp-button whatsapp-share'>WhatsApp<\/a><div class='clear '><\/div><\/div>","protected":false},"excerpt":{"rendered":"<p>O prefeito Joaquim Neto assinou ontem (23) mais uma ordem de servi\u00e7o que deve beneficiar as comunidades de Santa Terezinha e do Jardim Petrolar. \u00c9 que o documento sinaliza a execu\u00e7\u00e3o de mais duas obras que, nesta administra\u00e7\u00e3o, v\u00e3o sair do papel: a constru\u00e7\u00e3o de 2 polos de academia da sa\u00fade, um na Rua Ipiranga [&hellip;]<\/p>\n","protected":false},"author":1,"featured_media":3033,"comment_status":"open","ping_status":"open","sticky":false,"template":"","format":"standard","meta":{"om_disable_all_campaigns":false,"_exactmetrics_skip_tracking":false,"_exactmetrics_sitenote_active":false,"_exactmetrics_sitenote_note":"","_exactmetrics_sitenote_category":0,"footnotes":""},"categories":[38],"tags":[53,88,54,58],"class_list":["post-3032","post","type-post","status-publish","format-standard","has-post-thumbnail","hentry","category-alagoinhas-e-regiao","tag-alagoinhas","tag-nasf","tag-prefeitura","tag-sesau"],"aioseo_notices":[],"_links":{"self":[{"href":"https:\/\/newsinfoco.com.br\/inicio\/wp-json\/wp\/v2\/posts\/3032","targetHints":{"allow":["GET"]}}],"collection":[{"href":"https:\/\/newsinfoco.com.br\/inicio\/wp-json\/wp\/v2\/posts"}],"about":[{"href":"https:\/\/newsinfoco.com.br\/inicio\/wp-json\/wp\/v2\/types\/post"}],"author":[{"embeddable":true,"href":"https:\/\/newsinfoco.com.br\/inicio\/wp-json\/wp\/v2\/users\/1"}],"replies":[{"embeddable":true,"href":"https:\/\/newsinfoco.com.br\/inicio\/wp-json\/wp\/v2\/comments?post=3032"}],"version-history":[{"count":0,"href":"https:\/\/newsinfoco.com.br\/inicio\/wp-json\/wp\/v2\/posts\/3032\/revisions"}],"wp:featuredmedia":[{"embeddable":true,"href":"https:\/\/newsinfoco.com.br\/inicio\/wp-json\/wp\/v2\/media\/3033"}],"wp:attachment":[{"href":"https:\/\/newsinfoco.com.br\/inicio\/wp-json\/wp\/v2\/media?parent=3032"}],"wp:term":[{"taxonomy":"category","embeddable":true,"href":"https:\/\/newsinfoco.com.br\/inicio\/wp-json\/wp\/v2\/categories?post=3032"},{"taxonomy":"post_tag","embeddable":true,"href":"https:\/\/newsinfoco.com.br\/inicio\/wp-json\/wp\/v2\/tags?post=3032"}],"curies":[{"name":"wp","href":"https:\/\/api.w.org\/{rel}","templated":true}]}}