{"id":3036,"date":"2018-04-24T22:25:31","date_gmt":"2018-04-25T01:25:31","guid":{"rendered":"http:\/\/newsinfoco.com.br\/?p=3036"},"modified":"2018-04-24T22:25:31","modified_gmt":"2018-04-25T01:25:31","slug":"alagoinhas-participa-do-3o-congresso-catarinense-de-cidades-digitais-e-projeta-novos-rumos-para-o-desenvolvimento-tecnologico-no-municipio","status":"publish","type":"post","link":"https:\/\/newsinfoco.com.br\/inicio\/alagoinhas-participa-do-3o-congresso-catarinense-de-cidades-digitais-e-projeta-novos-rumos-para-o-desenvolvimento-tecnologico-no-municipio\/","title":{"rendered":"Alagoinhas participa do 3\u00ba Congresso Catarinense de Cidades Digitais e projeta novos rumos para o desenvolvimento tecnol\u00f3gico no munic\u00edpio"},"content":{"rendered":"<p style=\"text-align: justify;\"><span style=\"color: #000000;\">A Rede Cidade Digital (RCD) reuniu, nos dias 19 e 20 de abril, no \u00d3rion Parque, em Lages (SC), regi\u00e3o serrana do estado, prefeitos e gestores p\u00fablicos de aproximadamente 100 munic\u00edpios interessados na implanta\u00e7\u00e3o de ferramentas e tecnologias que garantam maior efici\u00eancia no processo de gest\u00e3o.<\/span><\/p>\n<p style=\"text-align: justify;\"><span style=\"color: #000000;\">Alagoinhas marcou presen\u00e7a na ocasi\u00e3o e, segundo o diretor de Tecnologia e Inova\u00e7\u00e3o, Jorge F\u00e9lix, diversas iniciativas inovadoras foram implantadas no munic\u00edpio do interior baiano, garantindo maior efici\u00eancia da administra\u00e7\u00e3o municipal.<\/span><\/p><div class=\"newsi-conteudo_19\" id=\"newsi-1837301716\"><a href=\"https:\/\/www.instagram.com\/prefeituraalagoinhas?igsh=YzgzdDJ1bWR3aWI4\" aria-label=\"SAVE_20251006_221555\"><img loading=\"lazy\" decoding=\"async\" src=\"https:\/\/newsinfoco.com.br\/inicio\/wp-content\/uploads\/2025\/10\/SAVE_20251006_221555-rotated.jpg\" alt=\"\"  srcset=\"https:\/\/newsinfoco.com.br\/inicio\/wp-content\/uploads\/2025\/10\/SAVE_20251006_221555-rotated.jpg 1140w, https:\/\/newsinfoco.com.br\/inicio\/wp-content\/uploads\/2025\/10\/SAVE_20251006_221555-300x52.jpg 300w, https:\/\/newsinfoco.com.br\/inicio\/wp-content\/uploads\/2025\/10\/SAVE_20251006_221555-1024x177.jpg 1024w, https:\/\/newsinfoco.com.br\/inicio\/wp-content\/uploads\/2025\/10\/SAVE_20251006_221555-768x133.jpg 768w, https:\/\/newsinfoco.com.br\/inicio\/wp-content\/uploads\/2025\/10\/SAVE_20251006_221555-600x104.jpg 600w, https:\/\/newsinfoco.com.br\/inicio\/wp-content\/uploads\/2025\/10\/SAVE_20251006_221555-696x120.jpg 696w, https:\/\/newsinfoco.com.br\/inicio\/wp-content\/uploads\/2025\/10\/SAVE_20251006_221555-1068x185.jpg 1068w\" sizes=\"(max-width: 1140px) 100vw, 1140px\" width=\"1140\" height=\"197\"   \/><\/a><\/div>\n<p style=\"text-align: justify;\"><span style=\"color: #000000;\">De acordo com ele, as inova\u00e7\u00f5es resultaram em reconhecimento ao prefeito Joaquim Neto, que recebeu o pr\u00eamio de \u201cPrefeito Inovador 2018\u201d, entregue durante o f\u00f3rum de cidades digitais de Feira de Santana e Regi\u00e3o, tamb\u00e9m promovido pela RCD.<\/span><\/p>\n<p style=\"text-align: justify;\"><span style=\"color: #000000;\">Durante o 3\u00ba Congresso Catarinense de Cidades Digitais, Jorge F\u00e9lix apresentou as iniciativas referentes ao projeto Alagoinhas Cidade Digital e ressaltou que o munic\u00edpio se encontrava em uma situa\u00e7\u00e3o de defasagem tecnol\u00f3gica, com funcionamento apenas do portal municipal, que n\u00e3o oferecia servi\u00e7o online dispon\u00edvel para o atendimento ao cidad\u00e3o. \u201cNo in\u00edcio da gest\u00e3o, a equipe de tecnologia deu prioridade para a cria\u00e7\u00e3o de alguns portais, como o Portal da Transpar\u00eancia, atendendo \u00e0 Lei Federal n\u00ba 12.527, de Acesso \u00e0 Informa\u00e7\u00e3o, j\u00e1 que Alagoinhas se encontrava no 335\u00ba lugar do Ranking de Transpar\u00eancia do Minist\u00e9rio P\u00fablico Federal, entre 417 munic\u00edpios baianos avaliados em 2016. Criamos tamb\u00e9m os Portais do SAAE (Servi\u00e7o Aut\u00f4nomo de Rede e Esgoto de Alagoinhas), da SMTT (Superintend\u00eancia Municipal de Transporte e Tr\u00e2nsito), o Portal do Sistema de Acesso \u00e0 Informa\u00e7\u00e3o ao Cidad\u00e3o (e-SIC) e o Prontu\u00e1rio Eletr\u00f4nico (Sa\u00fade), mas j\u00e1 est\u00e1 em andamento tamb\u00e9m a cria\u00e7\u00e3o do Portal de Obras para acompanhamento de obras do munic\u00edpio\u201d, afirmou Jorge F\u00e9lix.<\/span><\/p>\n<p style=\"text-align: justify;\"><span style=\"color: #000000;\">O diretor de tecnologia tamb\u00e9m enfatizou que, visando \u00e0 inclus\u00e3o s\u00f3cio-digital, em Alagoinhas, o setor ir\u00e1 disponibilizar ainda acesso livre e gratuito \u00e0 internet via Wi-Fi nas 92 escolas do munic\u00edpio, em 24 unidades de sa\u00fade, bibliotecas e nas 20 pra\u00e7as p\u00fablicas.<\/span><\/p>\n<p style=\"text-align: justify;\"><span style=\"color: #000000;\">Jorge F\u00e9lix salientou que, j\u00e1 no S\u00e3o Jo\u00e3o de 2017, o poder p\u00fablico ofereceu Wi-Fi gratuito, que, posteriormente, foi disponibilizado no Terminal Coletivo Urbano. Segundo ele, com intuito de garantir a participa\u00e7\u00e3o popular no Planejamento Estrat\u00e9gico Municipal, foi criado o Portal Participativo (Planejar Alagoinhas), que obteve mais de 6 mil acessos, recebendo mais de 650 sugest\u00f5es dos cidad\u00e3os. Foi a partir dessa iniciativa \u2013 citou Jorge F\u00e9lix \u2013 que surgiu a ideia de criar um livro de 120 p\u00e1ginas, mostrando o caminho que Alagoinhas deve seguir at\u00e9 2020. Alguns exemplares foram distribu\u00eddos a prefeitos que participaram do Congresso.<\/span><\/p>\n<p style=\"text-align: justify;\"><span style=\"color: #000000;\">A diretoria de tecnologia e inova\u00e7\u00e3o informou que continua desenvolvendo projetos para fomentar o desenvolvimento tecnol\u00f3gico da cidade e informou que, em parceria com a Secretaria de Seguran\u00e7a P\u00fablica (SSP\/BA), tem realizado tamb\u00e9m a instala\u00e7\u00e3o de c\u00e2meras de v\u00eddeo para monitoramento em pontos estrat\u00e9gicos.<\/span><\/p>\n<p style=\"text-align: justify;\"><span style=\"color: #000000;\">No que tange \u00e0 melhoria da qualidade de acesso \u00e0 internet no munic\u00edpio, Jorge F\u00e9lix explicou que o setor j\u00e1 deu in\u00edcio \u00e0 implementa\u00e7\u00e3o do enlace de fibra \u00f3ptica para integrar a Rede COMEP Litoral Norte e fazer parte da alta velocidade da Rede Nacional de Pesquisa (RNP), quando o munic\u00edpio poder\u00e1 receber at\u00e9 1GB de acesso \u00e0 internet.<\/span><\/p>\n<p style=\"text-align: justify;\"><span style=\"color: #000000;\">O plano para as a\u00e7\u00f5es futuras, segundo o diretor de tecnologia, envolve a implanta\u00e7\u00e3o de um Centro de Inova\u00e7\u00e3o Tecnol\u00f3gica aberto \u00e0 participa\u00e7\u00e3o e ao surgimento e ideias e prot\u00f3tipos que possam ser utilizados em benef\u00edcio aos cidad\u00e3os. Tamb\u00e9m est\u00e3o entre as metas do setor a cria\u00e7\u00e3o de um projeto de bicicleta compartilhada com libera\u00e7\u00e3o por Smatphone chamado \u201cBicicleta na Pra\u00e7a\u201d e a automatiza\u00e7\u00e3o de parques e pra\u00e7as p\u00fablicas com o uso de ilumina\u00e7\u00e3o de LED.<\/span><\/p>\n<p style=\"text-align: justify;\"><span style=\"color: #000000;\"><a class=\"group1 cboxElement\" style=\"color: #000000;\" href=\"https:\/\/www.alagoinhas.ba.gov.br\/wp-content\/uploads\/2018\/04\/tecnologia04.jpeg\"><img loading=\"lazy\" decoding=\"async\" class=\"aligncenter size-large wp-image-18742\" src=\"https:\/\/www.alagoinhas.ba.gov.br\/wp-content\/uploads\/2018\/04\/tecnologia04-1024x576.jpeg\" sizes=\"auto, (max-width: 800px) 100vw, 800px\" srcset=\"https:\/\/www.alagoinhas.ba.gov.br\/wp-content\/uploads\/2018\/04\/tecnologia04-1024x576.jpeg 1024w, https:\/\/www.alagoinhas.ba.gov.br\/wp-content\/uploads\/2018\/04\/tecnologia04-300x169.jpeg 300w, https:\/\/www.alagoinhas.ba.gov.br\/wp-content\/uploads\/2018\/04\/tecnologia04-768x432.jpeg 768w, https:\/\/www.alagoinhas.ba.gov.br\/wp-content\/uploads\/2018\/04\/tecnologia04.jpeg 1032w\" alt=\"\" width=\"800\" height=\"450\" \/><\/a><\/span><\/p>\n<p style=\"text-align: justify;\"><span style=\"color: #000000;\"><a class=\"group1 cboxElement\" style=\"color: #000000;\" href=\"https:\/\/www.alagoinhas.ba.gov.br\/wp-content\/uploads\/2018\/04\/tecnologia05.jpeg\"><img loading=\"lazy\" decoding=\"async\" class=\"aligncenter size-large wp-image-18743\" src=\"https:\/\/www.alagoinhas.ba.gov.br\/wp-content\/uploads\/2018\/04\/tecnologia05-1024x576.jpeg\" sizes=\"auto, (max-width: 800px) 100vw, 800px\" srcset=\"https:\/\/www.alagoinhas.ba.gov.br\/wp-content\/uploads\/2018\/04\/tecnologia05-1024x576.jpeg 1024w, https:\/\/www.alagoinhas.ba.gov.br\/wp-content\/uploads\/2018\/04\/tecnologia05-300x169.jpeg 300w, https:\/\/www.alagoinhas.ba.gov.br\/wp-content\/uploads\/2018\/04\/tecnologia05-768x432.jpeg 768w, https:\/\/www.alagoinhas.ba.gov.br\/wp-content\/uploads\/2018\/04\/tecnologia05.jpeg 1280w\" alt=\"\" width=\"800\" height=\"450\" \/><\/a><\/span><\/p>\n<p style=\"text-align: justify;\"><span style=\"color: #000000;\"><a class=\"group1 cboxElement\" style=\"color: #000000;\" href=\"https:\/\/www.alagoinhas.ba.gov.br\/wp-content\/uploads\/2018\/04\/tecnologia01.jpeg\"><img loading=\"lazy\" decoding=\"async\" class=\"aligncenter size-large wp-image-18744\" src=\"https:\/\/www.alagoinhas.ba.gov.br\/wp-content\/uploads\/2018\/04\/tecnologia01-1024x576.jpeg\" sizes=\"auto, (max-width: 800px) 100vw, 800px\" srcset=\"https:\/\/www.alagoinhas.ba.gov.br\/wp-content\/uploads\/2018\/04\/tecnologia01-1024x576.jpeg 1024w, https:\/\/www.alagoinhas.ba.gov.br\/wp-content\/uploads\/2018\/04\/tecnologia01-300x169.jpeg 300w, https:\/\/www.alagoinhas.ba.gov.br\/wp-content\/uploads\/2018\/04\/tecnologia01-768x432.jpeg 768w, https:\/\/www.alagoinhas.ba.gov.br\/wp-content\/uploads\/2018\/04\/tecnologia01.jpeg 1280w\" alt=\"\" width=\"800\" height=\"450\" \/><\/a><\/span><\/p>\n<p style=\"text-align: justify;\"><span style=\"color: #000000;\"><a class=\"group1 cboxElement\" style=\"color: #000000;\" href=\"https:\/\/www.alagoinhas.ba.gov.br\/wp-content\/uploads\/2018\/04\/tecnologia02.jpeg\"><img loading=\"lazy\" decoding=\"async\" class=\"aligncenter size-large wp-image-18745\" src=\"https:\/\/www.alagoinhas.ba.gov.br\/wp-content\/uploads\/2018\/04\/tecnologia02-576x1024.jpeg\" sizes=\"auto, (max-width: 576px) 100vw, 576px\" srcset=\"https:\/\/www.alagoinhas.ba.gov.br\/wp-content\/uploads\/2018\/04\/tecnologia02-576x1024.jpeg 576w, https:\/\/www.alagoinhas.ba.gov.br\/wp-content\/uploads\/2018\/04\/tecnologia02-169x300.jpeg 169w, https:\/\/www.alagoinhas.ba.gov.br\/wp-content\/uploads\/2018\/04\/tecnologia02.jpeg 720w\" alt=\"\" width=\"576\" height=\"1024\" \/><\/a><\/span><\/p>\n<h6 style=\"text-align: right;\"><span style=\"color: #999999;\">fonte:SECOM,RNP,Prefeitura<\/span><\/h6>\n<div class='share-to-whatsapp-wrapper'><div class='share-on-whsp'>Share on: <\/div><a data-text='Alagoinhas participa do 3\u00ba Congresso Catarinense de Cidades Digitais e projeta novos rumos para o desenvolvimento tecnol\u00f3gico no munic\u00edpio' data-link='https:\/\/newsinfoco.com.br\/inicio\/alagoinhas-participa-do-3o-congresso-catarinense-de-cidades-digitais-e-projeta-novos-rumos-para-o-desenvolvimento-tecnologico-no-municipio\/' class='whatsapp-button whatsapp-share'>WhatsApp<\/a><div class='clear '><\/div><\/div>","protected":false},"excerpt":{"rendered":"<p>A Rede Cidade Digital (RCD) reuniu, nos dias 19 e 20 de abril, no \u00d3rion Parque, em Lages (SC), regi\u00e3o serrana do estado, prefeitos e gestores p\u00fablicos de aproximadamente 100 munic\u00edpios interessados na implanta\u00e7\u00e3o de ferramentas e tecnologias que garantam maior efici\u00eancia no processo de gest\u00e3o. Alagoinhas marcou presen\u00e7a na ocasi\u00e3o e, segundo o diretor [&hellip;]<\/p>\n","protected":false},"author":1,"featured_media":3037,"comment_status":"open","ping_status":"open","sticky":false,"template":"","format":"standard","meta":{"om_disable_all_campaigns":false,"_exactmetrics_skip_tracking":false,"_exactmetrics_sitenote_active":false,"_exactmetrics_sitenote_note":"","_exactmetrics_sitenote_category":0,"footnotes":""},"categories":[38,30],"tags":[53,54,90,89,57],"class_list":["post-3036","post","type-post","status-publish","format-standard","has-post-thumbnail","hentry","category-alagoinhas-e-regiao","category-destaque","tag-alagoinhas","tag-prefeitura","tag-rcd","tag-rnp","tag-smtt"],"aioseo_notices":[],"_links":{"self":[{"href":"https:\/\/newsinfoco.com.br\/inicio\/wp-json\/wp\/v2\/posts\/3036","targetHints":{"allow":["GET"]}}],"collection":[{"href":"https:\/\/newsinfoco.com.br\/inicio\/wp-json\/wp\/v2\/posts"}],"about":[{"href":"https:\/\/newsinfoco.com.br\/inicio\/wp-json\/wp\/v2\/types\/post"}],"author":[{"embeddable":true,"href":"https:\/\/newsinfoco.com.br\/inicio\/wp-json\/wp\/v2\/users\/1"}],"replies":[{"embeddable":true,"href":"https:\/\/newsinfoco.com.br\/inicio\/wp-json\/wp\/v2\/comments?post=3036"}],"version-history":[{"count":0,"href":"https:\/\/newsinfoco.com.br\/inicio\/wp-json\/wp\/v2\/posts\/3036\/revisions"}],"wp:featuredmedia":[{"embeddable":true,"href":"https:\/\/newsinfoco.com.br\/inicio\/wp-json\/wp\/v2\/media\/3037"}],"wp:attachment":[{"href":"https:\/\/newsinfoco.com.br\/inicio\/wp-json\/wp\/v2\/media?parent=3036"}],"wp:term":[{"taxonomy":"category","embeddable":true,"href":"https:\/\/newsinfoco.com.br\/inicio\/wp-json\/wp\/v2\/categories?post=3036"},{"taxonomy":"post_tag","embeddable":true,"href":"https:\/\/newsinfoco.com.br\/inicio\/wp-json\/wp\/v2\/tags?post=3036"}],"curies":[{"name":"wp","href":"https:\/\/api.w.org\/{rel}","templated":true}]}}