{"id":3040,"date":"2018-04-25T10:36:24","date_gmt":"2018-04-25T13:36:24","guid":{"rendered":"http:\/\/newsinfoco.com.br\/?p=3040"},"modified":"2018-04-25T10:38:58","modified_gmt":"2018-04-25T13:38:58","slug":"vereador-roberto-torres-e-reeleito-presidente-da-camara-municipal-de-alagoinhas-o-mandato-vai-ate-2020","status":"publish","type":"post","link":"https:\/\/newsinfoco.com.br\/inicio\/vereador-roberto-torres-e-reeleito-presidente-da-camara-municipal-de-alagoinhas-o-mandato-vai-ate-2020\/","title":{"rendered":"Vereador Roberto Torres \u00e9 reeleito presidente da C\u00e2mara Municipal de Alagoinhas; o mandato vai at\u00e9 2020"},"content":{"rendered":"<p style=\"text-align: justify;\">A C\u00e2mara Municipal de Alagoinhas, em sess\u00e3o solene realizada na \u00faltima ter\u00e7a-feira(24), definiu a composi\u00e7\u00e3o da Mesa Diretora para o bi\u00eanio de 2019\/2020. Mais uma vez, por unanimidade, o vereador Roberto Torres foi eleito para seguir como presidente na condu\u00e7\u00e3o do legislativo.<\/p>\n<figure id=\"attachment_3042\" aria-describedby=\"caption-attachment-3042\" style=\"width: 1089px\" class=\"wp-caption aligncenter\"><a href=\"http:\/\/newsinfoco.com.br\/wp-content\/uploads\/2018\/04\/Mesa-Diretora-19.20.jpg\"><img loading=\"lazy\" decoding=\"async\" class=\"size-full wp-image-3042\" src=\"http:\/\/newsinfoco.com.br\/wp-content\/uploads\/2018\/04\/Mesa-Diretora-19.20.jpg\" alt=\"\" width=\"1089\" height=\"714\" srcset=\"https:\/\/newsinfoco.com.br\/inicio\/wp-content\/uploads\/2018\/04\/Mesa-Diretora-19.20.jpg 1089w, https:\/\/newsinfoco.com.br\/inicio\/wp-content\/uploads\/2018\/04\/Mesa-Diretora-19.20-300x197.jpg 300w, https:\/\/newsinfoco.com.br\/inicio\/wp-content\/uploads\/2018\/04\/Mesa-Diretora-19.20-768x504.jpg 768w, https:\/\/newsinfoco.com.br\/inicio\/wp-content\/uploads\/2018\/04\/Mesa-Diretora-19.20-1024x671.jpg 1024w, https:\/\/newsinfoco.com.br\/inicio\/wp-content\/uploads\/2018\/04\/Mesa-Diretora-19.20-600x393.jpg 600w, https:\/\/newsinfoco.com.br\/inicio\/wp-content\/uploads\/2018\/04\/Mesa-Diretora-19.20-696x456.jpg 696w, https:\/\/newsinfoco.com.br\/inicio\/wp-content\/uploads\/2018\/04\/Mesa-Diretora-19.20-741x486.jpg 741w, https:\/\/newsinfoco.com.br\/inicio\/wp-content\/uploads\/2018\/04\/Mesa-Diretora-19.20-1068x700.jpg 1068w, https:\/\/newsinfoco.com.br\/inicio\/wp-content\/uploads\/2018\/04\/Mesa-Diretora-19.20-641x420.jpg 641w\" sizes=\"auto, (max-width: 1089px) 100vw, 1089px\" \/><\/a><figcaption id=\"caption-attachment-3042\" class=\"wp-caption-text\">Na foto da esquerda para a direita: vereadora Raimunda Florencio, vereador Roberto Torres, vereador Pastor Lins e vereador Darlan Lucena<\/figcaption><\/figure>\n<p style=\"text-align: justify;\">Apresentada atrav\u00e9s de chapa \u00fanica, foram eleitos tamb\u00e9m para compor a Mesa Diretora no pr\u00f3ximo bi\u00eanio os vereadores: Raimunda Flor\u00eancio (vice-presidente), Pastor Lins (1\u00b0 secret\u00e1rio) e Darlan Lucena (2\u00b0 secret\u00e1rio).<\/p><div class=\"newsi-conteudo_19\" id=\"newsi-3885700077\"><a href=\"https:\/\/www.instagram.com\/prefeituraalagoinhas?igsh=YzgzdDJ1bWR3aWI4\" aria-label=\"SAVE_20251006_221555\"><img loading=\"lazy\" decoding=\"async\" src=\"https:\/\/newsinfoco.com.br\/inicio\/wp-content\/uploads\/2025\/10\/SAVE_20251006_221555-rotated.jpg\" alt=\"\"  srcset=\"https:\/\/newsinfoco.com.br\/inicio\/wp-content\/uploads\/2025\/10\/SAVE_20251006_221555-rotated.jpg 1140w, https:\/\/newsinfoco.com.br\/inicio\/wp-content\/uploads\/2025\/10\/SAVE_20251006_221555-300x52.jpg 300w, https:\/\/newsinfoco.com.br\/inicio\/wp-content\/uploads\/2025\/10\/SAVE_20251006_221555-1024x177.jpg 1024w, https:\/\/newsinfoco.com.br\/inicio\/wp-content\/uploads\/2025\/10\/SAVE_20251006_221555-768x133.jpg 768w, https:\/\/newsinfoco.com.br\/inicio\/wp-content\/uploads\/2025\/10\/SAVE_20251006_221555-600x104.jpg 600w, https:\/\/newsinfoco.com.br\/inicio\/wp-content\/uploads\/2025\/10\/SAVE_20251006_221555-696x120.jpg 696w, https:\/\/newsinfoco.com.br\/inicio\/wp-content\/uploads\/2025\/10\/SAVE_20251006_221555-1068x185.jpg 1068w\" sizes=\"(max-width: 1140px) 100vw, 1140px\" width=\"1140\" height=\"197\"   \/><\/a><\/div>\n<p style=\"text-align: right;\"><span style=\"color: #999999;\">Por Alex Almeida com informa\u00e7\u00f5es da Ascom Camara para o News Infoco<\/span><\/p>\n<div class='share-to-whatsapp-wrapper'><div class='share-on-whsp'>Share on: <\/div><a data-text='Vereador Roberto Torres \u00e9 reeleito presidente da C\u00e2mara Municipal de Alagoinhas; o mandato vai at\u00e9 2020' data-link='https:\/\/newsinfoco.com.br\/inicio\/vereador-roberto-torres-e-reeleito-presidente-da-camara-municipal-de-alagoinhas-o-mandato-vai-ate-2020\/' class='whatsapp-button whatsapp-share'>WhatsApp<\/a><div class='clear '><\/div><\/div>","protected":false},"excerpt":{"rendered":"<p>A C\u00e2mara Municipal de Alagoinhas, em sess\u00e3o solene realizada na \u00faltima ter\u00e7a-feira(24), definiu a composi\u00e7\u00e3o da Mesa Diretora para o bi\u00eanio de 2019\/2020. Mais uma vez, por unanimidade, o vereador Roberto Torres foi eleito para seguir como presidente na condu\u00e7\u00e3o do legislativo. Apresentada atrav\u00e9s de chapa \u00fanica, foram eleitos tamb\u00e9m para compor a Mesa Diretora [&hellip;]<\/p>\n","protected":false},"author":1,"featured_media":3041,"comment_status":"open","ping_status":"open","sticky":false,"template":"","format":"standard","meta":{"om_disable_all_campaigns":false,"_exactmetrics_skip_tracking":false,"_exactmetrics_sitenote_active":false,"_exactmetrics_sitenote_note":"","_exactmetrics_sitenote_category":0,"footnotes":""},"categories":[38,30],"tags":[],"class_list":["post-3040","post","type-post","status-publish","format-standard","has-post-thumbnail","hentry","category-alagoinhas-e-regiao","category-destaque"],"aioseo_notices":[],"_links":{"self":[{"href":"https:\/\/newsinfoco.com.br\/inicio\/wp-json\/wp\/v2\/posts\/3040","targetHints":{"allow":["GET"]}}],"collection":[{"href":"https:\/\/newsinfoco.com.br\/inicio\/wp-json\/wp\/v2\/posts"}],"about":[{"href":"https:\/\/newsinfoco.com.br\/inicio\/wp-json\/wp\/v2\/types\/post"}],"author":[{"embeddable":true,"href":"https:\/\/newsinfoco.com.br\/inicio\/wp-json\/wp\/v2\/users\/1"}],"replies":[{"embeddable":true,"href":"https:\/\/newsinfoco.com.br\/inicio\/wp-json\/wp\/v2\/comments?post=3040"}],"version-history":[{"count":0,"href":"https:\/\/newsinfoco.com.br\/inicio\/wp-json\/wp\/v2\/posts\/3040\/revisions"}],"wp:featuredmedia":[{"embeddable":true,"href":"https:\/\/newsinfoco.com.br\/inicio\/wp-json\/wp\/v2\/media\/3041"}],"wp:attachment":[{"href":"https:\/\/newsinfoco.com.br\/inicio\/wp-json\/wp\/v2\/media?parent=3040"}],"wp:term":[{"taxonomy":"category","embeddable":true,"href":"https:\/\/newsinfoco.com.br\/inicio\/wp-json\/wp\/v2\/categories?post=3040"},{"taxonomy":"post_tag","embeddable":true,"href":"https:\/\/newsinfoco.com.br\/inicio\/wp-json\/wp\/v2\/tags?post=3040"}],"curies":[{"name":"wp","href":"https:\/\/api.w.org\/{rel}","templated":true}]}}