{"id":3049,"date":"2018-04-25T14:05:35","date_gmt":"2018-04-25T17:05:35","guid":{"rendered":"http:\/\/newsinfoco.com.br\/?p=3049"},"modified":"2018-04-25T14:05:35","modified_gmt":"2018-04-25T17:05:35","slug":"tribunal-de-justica-da-bahia-julga-inconstitucional-mudanca-no-planserv-pelo-governo-do-estado","status":"publish","type":"post","link":"https:\/\/newsinfoco.com.br\/inicio\/tribunal-de-justica-da-bahia-julga-inconstitucional-mudanca-no-planserv-pelo-governo-do-estado\/","title":{"rendered":"Tribunal de Justi\u00e7a da Bahia julga inconstitucional mudan\u00e7a no Planserv pelo governo do estado"},"content":{"rendered":"<p class=\"bodytext\" style=\"text-align: justify;\">O Pleno do Tribunal de Justi\u00e7a do Estado da Bahia (TJ-BA) julgou, nesta quarta-feira (25), inconstitucional a mudan\u00e7a feita no plano de Assist\u00eancia \u00e0 Sa\u00fade dos Servidores P\u00fablicos do Estado (Planserv) pelo governo do estado, entre elas o aumento do servi\u00e7o.<\/p>\n<p class=\"bodytext\" style=\"text-align: justify;\">A A\u00e7\u00e3o Direta de Inconstitucionalidade (Adin) contra a Lei n\u00b0 13.450\/2015, que provocou as altera\u00e7\u00f5es, foi movida pelo deputado estadual Soldado Prisco (PSC), coordenador-geral da Associa\u00e7\u00e3o de Policiais e Bombeiros e de seus Familiares do Estado da Bahia (Aspra-BA).<\/p><div class=\"newsi-conteudo_19\" id=\"newsi-1225469339\"><a href=\"https:\/\/www.instagram.com\/prefeituraalagoinhas?igsh=YzgzdDJ1bWR3aWI4\" aria-label=\"SAVE_20251006_221555\"><img loading=\"lazy\" decoding=\"async\" src=\"https:\/\/newsinfoco.com.br\/inicio\/wp-content\/uploads\/2025\/10\/SAVE_20251006_221555-rotated.jpg\" alt=\"\"  srcset=\"https:\/\/newsinfoco.com.br\/inicio\/wp-content\/uploads\/2025\/10\/SAVE_20251006_221555-rotated.jpg 1140w, https:\/\/newsinfoco.com.br\/inicio\/wp-content\/uploads\/2025\/10\/SAVE_20251006_221555-300x52.jpg 300w, https:\/\/newsinfoco.com.br\/inicio\/wp-content\/uploads\/2025\/10\/SAVE_20251006_221555-1024x177.jpg 1024w, https:\/\/newsinfoco.com.br\/inicio\/wp-content\/uploads\/2025\/10\/SAVE_20251006_221555-768x133.jpg 768w, https:\/\/newsinfoco.com.br\/inicio\/wp-content\/uploads\/2025\/10\/SAVE_20251006_221555-600x104.jpg 600w, https:\/\/newsinfoco.com.br\/inicio\/wp-content\/uploads\/2025\/10\/SAVE_20251006_221555-696x120.jpg 696w, https:\/\/newsinfoco.com.br\/inicio\/wp-content\/uploads\/2025\/10\/SAVE_20251006_221555-1068x185.jpg 1068w\" sizes=\"(max-width: 1140px) 100vw, 1140px\" width=\"1140\" height=\"197\"   \/><\/a><\/div>\n<p class=\"bodytext\" style=\"text-align: justify;\">Entre as modifica\u00e7\u00f5es da lei estava a participa\u00e7\u00e3o do estado no plano, que caiu de 5% para 4%. Com a decis\u00e3o, todas as mudan\u00e7as foram derrubadas e o Planserv retorna \u00e0s regras anteriores. Al\u00e9m disso, o estado ter\u00e1 que ressarcir os usu\u00e1rios do plano pelos valores pagos acima com as novas regras propostas pela legisla\u00e7\u00e3o.<\/p>\n<p class=\"bodytext\" style=\"text-align: justify;\">Entre as mudan\u00e7as propostas pelo governo, dependentes com idades entre 24 e 35 anos passaram a contribuir com valores equivalentes aos titulares. Al\u00e9m disso, com a redu\u00e7\u00e3o para 4% da participa\u00e7\u00e3o do governo, os poderes Legislativo e Judici\u00e1rio, Minist\u00e9rio P\u00fablico Estadual e a Defensoria P\u00fablica Estadual passaram a contribuir diretamente com a manuten\u00e7\u00e3o do Planserv.<\/p>\n<h6 style=\"text-align: right;\"><span style=\"color: #999999;\">Por Luan Santos para a Coluna Sat\u00e9lite do Correio da Bahia<\/span><\/h6>\n<div class='share-to-whatsapp-wrapper'><div class='share-on-whsp'>Share on: <\/div><a data-text='Tribunal de Justi\u00e7a da Bahia julga inconstitucional mudan\u00e7a no Planserv pelo governo do estado' data-link='https:\/\/newsinfoco.com.br\/inicio\/tribunal-de-justica-da-bahia-julga-inconstitucional-mudanca-no-planserv-pelo-governo-do-estado\/' class='whatsapp-button whatsapp-share'>WhatsApp<\/a><div class='clear '><\/div><\/div>","protected":false},"excerpt":{"rendered":"<p>O Pleno do Tribunal de Justi\u00e7a do Estado da Bahia (TJ-BA) julgou, nesta quarta-feira (25), inconstitucional a mudan\u00e7a feita no plano de Assist\u00eancia \u00e0 Sa\u00fade dos Servidores P\u00fablicos do Estado (Planserv) pelo governo do estado, entre elas o aumento do servi\u00e7o. A A\u00e7\u00e3o Direta de Inconstitucionalidade (Adin) contra a Lei n\u00b0 13.450\/2015, que provocou as [&hellip;]<\/p>\n","protected":false},"author":1,"featured_media":3050,"comment_status":"open","ping_status":"open","sticky":false,"template":"","format":"standard","meta":{"om_disable_all_campaigns":false,"_exactmetrics_skip_tracking":false,"_exactmetrics_sitenote_active":false,"_exactmetrics_sitenote_note":"","_exactmetrics_sitenote_category":0,"footnotes":""},"categories":[19,30],"tags":[],"class_list":["post-3049","post","type-post","status-publish","format-standard","has-post-thumbnail","hentry","category-bahia","category-destaque"],"aioseo_notices":[],"_links":{"self":[{"href":"https:\/\/newsinfoco.com.br\/inicio\/wp-json\/wp\/v2\/posts\/3049","targetHints":{"allow":["GET"]}}],"collection":[{"href":"https:\/\/newsinfoco.com.br\/inicio\/wp-json\/wp\/v2\/posts"}],"about":[{"href":"https:\/\/newsinfoco.com.br\/inicio\/wp-json\/wp\/v2\/types\/post"}],"author":[{"embeddable":true,"href":"https:\/\/newsinfoco.com.br\/inicio\/wp-json\/wp\/v2\/users\/1"}],"replies":[{"embeddable":true,"href":"https:\/\/newsinfoco.com.br\/inicio\/wp-json\/wp\/v2\/comments?post=3049"}],"version-history":[{"count":0,"href":"https:\/\/newsinfoco.com.br\/inicio\/wp-json\/wp\/v2\/posts\/3049\/revisions"}],"wp:featuredmedia":[{"embeddable":true,"href":"https:\/\/newsinfoco.com.br\/inicio\/wp-json\/wp\/v2\/media\/3050"}],"wp:attachment":[{"href":"https:\/\/newsinfoco.com.br\/inicio\/wp-json\/wp\/v2\/media?parent=3049"}],"wp:term":[{"taxonomy":"category","embeddable":true,"href":"https:\/\/newsinfoco.com.br\/inicio\/wp-json\/wp\/v2\/categories?post=3049"},{"taxonomy":"post_tag","embeddable":true,"href":"https:\/\/newsinfoco.com.br\/inicio\/wp-json\/wp\/v2\/tags?post=3049"}],"curies":[{"name":"wp","href":"https:\/\/api.w.org\/{rel}","templated":true}]}}