{"id":3055,"date":"2018-04-25T17:27:34","date_gmt":"2018-04-25T20:27:34","guid":{"rendered":"http:\/\/newsinfoco.com.br\/?p=3055"},"modified":"2018-04-25T17:27:34","modified_gmt":"2018-04-25T20:27:34","slug":"prefeitura-de-alagoinhas-faz-ultima-chamada-para-regularizacao-de-pendencias-do-empreendimento-linha-verde","status":"publish","type":"post","link":"https:\/\/newsinfoco.com.br\/inicio\/prefeitura-de-alagoinhas-faz-ultima-chamada-para-regularizacao-de-pendencias-do-empreendimento-linha-verde\/","title":{"rendered":"Prefeitura de Alagoinhas faz \u00faltima chamada para regulariza\u00e7\u00e3o de pend\u00eancias do Empreendimento Linha Verde"},"content":{"rendered":"<p style=\"text-align: justify;\"><span style=\"color: #000000;\">As \u00faltimas unidades do Empreendimento Linha Verde, do Programa Minha Casa, Minha Vida ser\u00e3o entregues nesta sexta-feira (27), por\u00e9m ainda existem pend\u00eancias que devem ser sanadas para a conclus\u00e3o do programa. Deste modo a Prefeitura de Alagoinhas, por interm\u00e9dio da Secretaria Municipal de Assist\u00eancia Social (SEMAS), convoca os benefici\u00e1rios com pend\u00eancias de vistoria nos im\u00f3veis e de regulariza\u00e7\u00e3o de contratos para, que enfim, estejam habilitados para receber as chaves dos im\u00f3veis. A SEMAS atender\u00e1 estas demandas at\u00e9 esta quarta-feira (25), \u00e0s 16h.<\/span><\/p>\n<p style=\"text-align: justify;\"><span style=\"color: #000000;\"><strong>CONFIRA LISTA DE PENDENTES:<\/strong><\/span><\/p><div class=\"newsi-conteudo_19\" id=\"newsi-22890856\"><a href=\"https:\/\/www.instagram.com\/prefeituraalagoinhas?igsh=YzgzdDJ1bWR3aWI4\" aria-label=\"SAVE_20251006_221555\"><img loading=\"lazy\" decoding=\"async\" src=\"https:\/\/newsinfoco.com.br\/inicio\/wp-content\/uploads\/2025\/10\/SAVE_20251006_221555-rotated.jpg\" alt=\"\"  srcset=\"https:\/\/newsinfoco.com.br\/inicio\/wp-content\/uploads\/2025\/10\/SAVE_20251006_221555-rotated.jpg 1140w, https:\/\/newsinfoco.com.br\/inicio\/wp-content\/uploads\/2025\/10\/SAVE_20251006_221555-300x52.jpg 300w, https:\/\/newsinfoco.com.br\/inicio\/wp-content\/uploads\/2025\/10\/SAVE_20251006_221555-1024x177.jpg 1024w, https:\/\/newsinfoco.com.br\/inicio\/wp-content\/uploads\/2025\/10\/SAVE_20251006_221555-768x133.jpg 768w, https:\/\/newsinfoco.com.br\/inicio\/wp-content\/uploads\/2025\/10\/SAVE_20251006_221555-600x104.jpg 600w, https:\/\/newsinfoco.com.br\/inicio\/wp-content\/uploads\/2025\/10\/SAVE_20251006_221555-696x120.jpg 696w, https:\/\/newsinfoco.com.br\/inicio\/wp-content\/uploads\/2025\/10\/SAVE_20251006_221555-1068x185.jpg 1068w\" sizes=\"(max-width: 1140px) 100vw, 1140px\" width=\"1140\" height=\"197\"   \/><\/a><\/div>\n<p><img decoding=\"async\" src=\"https:\/\/www.alagoinhas.ba.gov.br\/wp-content\/uploads\/2018\/04\/WhatsApp-Image-2018-04-24-at-17.24.11.jpeg\" \/><\/p>\n<p><img decoding=\"async\" src=\"https:\/\/www.alagoinhas.ba.gov.br\/wp-content\/uploads\/2018\/04\/WhatsApp-Image-2018-04-24-at-17.27.49.jpeg\" \/><\/p>\n<h6 style=\"text-align: right;\"><span style=\"color: #999999;\">Fonte: SECOM SEMAS Prefeitura<\/span><\/h6>\n<div class='share-to-whatsapp-wrapper'><div class='share-on-whsp'>Share on: <\/div><a data-text='Prefeitura de Alagoinhas faz \u00faltima chamada para regulariza\u00e7\u00e3o de pend\u00eancias do Empreendimento Linha Verde' data-link='https:\/\/newsinfoco.com.br\/inicio\/prefeitura-de-alagoinhas-faz-ultima-chamada-para-regularizacao-de-pendencias-do-empreendimento-linha-verde\/' class='whatsapp-button whatsapp-share'>WhatsApp<\/a><div class='clear '><\/div><\/div>","protected":false},"excerpt":{"rendered":"<p>As \u00faltimas unidades do Empreendimento Linha Verde, do Programa Minha Casa, Minha Vida ser\u00e3o entregues nesta sexta-feira (27), por\u00e9m ainda existem pend\u00eancias que devem ser sanadas para a conclus\u00e3o do programa. Deste modo a Prefeitura de Alagoinhas, por interm\u00e9dio da Secretaria Municipal de Assist\u00eancia Social (SEMAS), convoca os benefici\u00e1rios com pend\u00eancias de vistoria nos im\u00f3veis [&hellip;]<\/p>\n","protected":false},"author":1,"featured_media":172,"comment_status":"open","ping_status":"open","sticky":false,"template":"","format":"standard","meta":{"om_disable_all_campaigns":false,"_exactmetrics_skip_tracking":false,"_exactmetrics_sitenote_active":false,"_exactmetrics_sitenote_note":"","_exactmetrics_sitenote_category":0,"footnotes":""},"categories":[38,30],"tags":[53,54,59],"class_list":["post-3055","post","type-post","status-publish","format-standard","has-post-thumbnail","hentry","category-alagoinhas-e-regiao","category-destaque","tag-alagoinhas","tag-prefeitura","tag-semas"],"aioseo_notices":[],"_links":{"self":[{"href":"https:\/\/newsinfoco.com.br\/inicio\/wp-json\/wp\/v2\/posts\/3055","targetHints":{"allow":["GET"]}}],"collection":[{"href":"https:\/\/newsinfoco.com.br\/inicio\/wp-json\/wp\/v2\/posts"}],"about":[{"href":"https:\/\/newsinfoco.com.br\/inicio\/wp-json\/wp\/v2\/types\/post"}],"author":[{"embeddable":true,"href":"https:\/\/newsinfoco.com.br\/inicio\/wp-json\/wp\/v2\/users\/1"}],"replies":[{"embeddable":true,"href":"https:\/\/newsinfoco.com.br\/inicio\/wp-json\/wp\/v2\/comments?post=3055"}],"version-history":[{"count":0,"href":"https:\/\/newsinfoco.com.br\/inicio\/wp-json\/wp\/v2\/posts\/3055\/revisions"}],"wp:featuredmedia":[{"embeddable":true,"href":"https:\/\/newsinfoco.com.br\/inicio\/wp-json\/wp\/v2\/media\/172"}],"wp:attachment":[{"href":"https:\/\/newsinfoco.com.br\/inicio\/wp-json\/wp\/v2\/media?parent=3055"}],"wp:term":[{"taxonomy":"category","embeddable":true,"href":"https:\/\/newsinfoco.com.br\/inicio\/wp-json\/wp\/v2\/categories?post=3055"},{"taxonomy":"post_tag","embeddable":true,"href":"https:\/\/newsinfoco.com.br\/inicio\/wp-json\/wp\/v2\/tags?post=3055"}],"curies":[{"name":"wp","href":"https:\/\/api.w.org\/{rel}","templated":true}]}}