{"id":3061,"date":"2018-04-25T17:43:50","date_gmt":"2018-04-25T20:43:50","guid":{"rendered":"http:\/\/newsinfoco.com.br\/?p=3061"},"modified":"2018-04-25T17:43:50","modified_gmt":"2018-04-25T20:43:50","slug":"gabinete-itinerante-da-sesau-equipe-de-saude-visita-comunidade-de-oiteiro","status":"publish","type":"post","link":"https:\/\/newsinfoco.com.br\/inicio\/gabinete-itinerante-da-sesau-equipe-de-saude-visita-comunidade-de-oiteiro\/","title":{"rendered":"Gabinete itinerante da SESAU: equipe de sa\u00fade visita comunidade de Oiteiro"},"content":{"rendered":"<p style=\"text-align: justify;\"><span style=\"color: #000000;\">A Prefeitura de Alagoinhas, atrav\u00e9s a Secretaria de Sa\u00fade (SESAU), realizou, na \u00faltima ter\u00e7a-feira (24), mais uma a\u00e7\u00e3o do programa \u201cGabinete Itinerante\u201d, que tem como objetivo levar equipes de sa\u00fade a campo, com visitas a associa\u00e7\u00f5es, fortalecendo a aten\u00e7\u00e3o b\u00e1sica \u00e0s comunidades.<\/span><\/p>\n<p style=\"text-align: justify;\"><span style=\"color: #000000;\">Desta vez, a reuni\u00e3o foi promovida junto \u00e0 comunidade de Oiteiro, que apresentou as principais necessidades de atendimento na localidade. De acordo com o secret\u00e1rio de sa\u00fade, Moacir Lira, os encaminhamentos j\u00e1 est\u00e3o sendo executados pela equipe. \u201cEles queriam discutir tamb\u00e9m dia de marca\u00e7\u00e3o de consulta, considerando o dia em que as pessoas est\u00e3o na feira e \u00e9 uma realidade daquela localidade, ent\u00e3o s\u00e3o coisas que a gente vai modificando do processo de trabalho a partir da sinaliza\u00e7\u00e3o\u201d, destacou.<\/span><\/p><div class=\"newsi-conteudo_19\" id=\"newsi-3287037824\"><a href=\"https:\/\/www.instagram.com\/prefeituraalagoinhas?igsh=YzgzdDJ1bWR3aWI4\" aria-label=\"SAVE_20251006_221555\"><img loading=\"lazy\" decoding=\"async\" src=\"https:\/\/newsinfoco.com.br\/inicio\/wp-content\/uploads\/2025\/10\/SAVE_20251006_221555-rotated.jpg\" alt=\"\"  srcset=\"https:\/\/newsinfoco.com.br\/inicio\/wp-content\/uploads\/2025\/10\/SAVE_20251006_221555-rotated.jpg 1140w, https:\/\/newsinfoco.com.br\/inicio\/wp-content\/uploads\/2025\/10\/SAVE_20251006_221555-300x52.jpg 300w, https:\/\/newsinfoco.com.br\/inicio\/wp-content\/uploads\/2025\/10\/SAVE_20251006_221555-1024x177.jpg 1024w, https:\/\/newsinfoco.com.br\/inicio\/wp-content\/uploads\/2025\/10\/SAVE_20251006_221555-768x133.jpg 768w, https:\/\/newsinfoco.com.br\/inicio\/wp-content\/uploads\/2025\/10\/SAVE_20251006_221555-600x104.jpg 600w, https:\/\/newsinfoco.com.br\/inicio\/wp-content\/uploads\/2025\/10\/SAVE_20251006_221555-696x120.jpg 696w, https:\/\/newsinfoco.com.br\/inicio\/wp-content\/uploads\/2025\/10\/SAVE_20251006_221555-1068x185.jpg 1068w\" sizes=\"(max-width: 1140px) 100vw, 1140px\" width=\"1140\" height=\"197\"   \/><\/a><\/div>\n<p style=\"text-align: justify;\"><span style=\"color: #000000;\">O programa \u201cGabinete Itinerante da SESAU\u201d \u00e9 uma iniciativa implantada pelo secret\u00e1rio municipal de sa\u00fade, Moacir Lira, e, segundo ele, o intuito da a\u00e7\u00e3o \u00e9 justamente possibilitar uma gest\u00e3o mais humanizada, que se aproxime das reais necessidades do cidad\u00e3o. \u201cO gabinete itinerante \u00e9 a menina dos meus olhos, o momento em que a gente vai \u00e0s unidades de sa\u00fade, \u00e0s comunidades, \u00e0s associa\u00e7\u00f5es, para dialogar, porque quem mais sabe sobre os problemas de sa\u00fade s\u00e3o as pessoas que sofrem. Ent\u00e3o n\u00f3s temos feito isso na agenda do gabinete\u201d, afirmou Moacir Lira.<\/span><\/p>\n<p style=\"text-align: justify;\"><span style=\"color: #000000;\">A SESAU informou que, entre os benef\u00edcios do programa est\u00e3o a quebra de barreiras burocr\u00e1ticas, a escuta, na integra, dos problemas das pessoas e o planejamento mais \u201cp\u00e9 no ch\u00e3o\u201d focado nas necessidades da popula\u00e7\u00e3o. \u201c\u00c9 o momento em que o gabinete sai do espa\u00e7o f\u00edsico, das quatro paredes, e vai at\u00e9 as necessidades de sa\u00fade da popula\u00e7\u00e3o. Precisamos estreitar esses la\u00e7os\u201d, ressaltou o representante da pasta.<\/span><\/p>\n<p style=\"text-align: justify;\"><span style=\"color: #000000;\">A equipe de sa\u00fade comunicou que novas visitas a outras localidades j\u00e1 est\u00e3o agendadas e devem ser divulgadas pela secretaria.<\/span><\/p>\n<h6 style=\"text-align: right;\"><span style=\"color: #999999;\">Fonte: SECOM SESAU Prefeitura<\/span><\/h6>\n<div style=\"text-align: justify;\" align=\"right\"><span style=\"color: #000000;\">\u00a0<\/span><\/div>\n<div class='share-to-whatsapp-wrapper'><div class='share-on-whsp'>Share on: <\/div><a data-text='Gabinete itinerante da SESAU: equipe de sa\u00fade visita comunidade de Oiteiro' data-link='https:\/\/newsinfoco.com.br\/inicio\/gabinete-itinerante-da-sesau-equipe-de-saude-visita-comunidade-de-oiteiro\/' class='whatsapp-button whatsapp-share'>WhatsApp<\/a><div class='clear '><\/div><\/div>","protected":false},"excerpt":{"rendered":"<p>A Prefeitura de Alagoinhas, atrav\u00e9s a Secretaria de Sa\u00fade (SESAU), realizou, na \u00faltima ter\u00e7a-feira (24), mais uma a\u00e7\u00e3o do programa \u201cGabinete Itinerante\u201d, que tem como objetivo levar equipes de sa\u00fade a campo, com visitas a associa\u00e7\u00f5es, fortalecendo a aten\u00e7\u00e3o b\u00e1sica \u00e0s comunidades. Desta vez, a reuni\u00e3o foi promovida junto \u00e0 comunidade de Oiteiro, que apresentou [&hellip;]<\/p>\n","protected":false},"author":1,"featured_media":1527,"comment_status":"open","ping_status":"open","sticky":false,"template":"","format":"standard","meta":{"om_disable_all_campaigns":false,"_exactmetrics_skip_tracking":false,"_exactmetrics_sitenote_active":false,"_exactmetrics_sitenote_note":"","_exactmetrics_sitenote_category":0,"footnotes":""},"categories":[38,30],"tags":[53,54,58],"class_list":["post-3061","post","type-post","status-publish","format-standard","has-post-thumbnail","hentry","category-alagoinhas-e-regiao","category-destaque","tag-alagoinhas","tag-prefeitura","tag-sesau"],"aioseo_notices":[],"_links":{"self":[{"href":"https:\/\/newsinfoco.com.br\/inicio\/wp-json\/wp\/v2\/posts\/3061","targetHints":{"allow":["GET"]}}],"collection":[{"href":"https:\/\/newsinfoco.com.br\/inicio\/wp-json\/wp\/v2\/posts"}],"about":[{"href":"https:\/\/newsinfoco.com.br\/inicio\/wp-json\/wp\/v2\/types\/post"}],"author":[{"embeddable":true,"href":"https:\/\/newsinfoco.com.br\/inicio\/wp-json\/wp\/v2\/users\/1"}],"replies":[{"embeddable":true,"href":"https:\/\/newsinfoco.com.br\/inicio\/wp-json\/wp\/v2\/comments?post=3061"}],"version-history":[{"count":0,"href":"https:\/\/newsinfoco.com.br\/inicio\/wp-json\/wp\/v2\/posts\/3061\/revisions"}],"wp:featuredmedia":[{"embeddable":true,"href":"https:\/\/newsinfoco.com.br\/inicio\/wp-json\/wp\/v2\/media\/1527"}],"wp:attachment":[{"href":"https:\/\/newsinfoco.com.br\/inicio\/wp-json\/wp\/v2\/media?parent=3061"}],"wp:term":[{"taxonomy":"category","embeddable":true,"href":"https:\/\/newsinfoco.com.br\/inicio\/wp-json\/wp\/v2\/categories?post=3061"},{"taxonomy":"post_tag","embeddable":true,"href":"https:\/\/newsinfoco.com.br\/inicio\/wp-json\/wp\/v2\/tags?post=3061"}],"curies":[{"name":"wp","href":"https:\/\/api.w.org\/{rel}","templated":true}]}}