{"id":3065,"date":"2018-04-25T19:03:04","date_gmt":"2018-04-25T22:03:04","guid":{"rendered":"http:\/\/newsinfoco.com.br\/?p=3065"},"modified":"2018-04-25T19:03:04","modified_gmt":"2018-04-25T22:03:04","slug":"fachin-marca-julgamento-de-recurso-que-pode-soltar-ex-presidente-lula","status":"publish","type":"post","link":"https:\/\/newsinfoco.com.br\/inicio\/fachin-marca-julgamento-de-recurso-que-pode-soltar-ex-presidente-lula\/","title":{"rendered":"Fachin marca julgamento de recurso que pode soltar ex-presidente Lula"},"content":{"rendered":"<p class=\" \" style=\"text-align: justify;\"><span style=\"color: #000000;\">O ministro do Supremo Tribunal Federal (\u00a0<strong>STF<\/strong>\u00a0) Edson\u00a0<strong>Fachin<\/strong>\u00a0determinou, nesta quarta-feira (25), que o julgamento do recurso apresentado pela defesa do ex-presidente\u00a0<strong>Lula<\/strong>\u00a0(PT) acontecer\u00e1 entre os dias 4 e 10 de maio.<\/span><\/p>\n<p class=\" \" style=\"text-align: justify;\"><span style=\"color: #000000;\">Os advogados do l\u00edder petista pedem a liberdade de seu cliente, afirmando que a decis\u00e3o do TRF-4 que antecipou o cumprimento da pena foi ilegal. O recurso ser\u00e1 julgado pela 2\u00aa turma do\u00a0<strong>STF<\/strong>\u00a0, composta por Gilmar Mendes, Dias Toffoli, Ricardo Lewandowski, Celso de Mello e pelo pr\u00f3prio Fachin.<\/span><\/p><div class=\"newsi-conteudo_19\" id=\"newsi-3090313731\"><a href=\"https:\/\/www.instagram.com\/prefeituraalagoinhas?igsh=YzgzdDJ1bWR3aWI4\" aria-label=\"SAVE_20251006_221555\"><img loading=\"lazy\" decoding=\"async\" src=\"https:\/\/newsinfoco.com.br\/inicio\/wp-content\/uploads\/2025\/10\/SAVE_20251006_221555-rotated.jpg\" alt=\"\"  srcset=\"https:\/\/newsinfoco.com.br\/inicio\/wp-content\/uploads\/2025\/10\/SAVE_20251006_221555-rotated.jpg 1140w, https:\/\/newsinfoco.com.br\/inicio\/wp-content\/uploads\/2025\/10\/SAVE_20251006_221555-300x52.jpg 300w, https:\/\/newsinfoco.com.br\/inicio\/wp-content\/uploads\/2025\/10\/SAVE_20251006_221555-1024x177.jpg 1024w, https:\/\/newsinfoco.com.br\/inicio\/wp-content\/uploads\/2025\/10\/SAVE_20251006_221555-768x133.jpg 768w, https:\/\/newsinfoco.com.br\/inicio\/wp-content\/uploads\/2025\/10\/SAVE_20251006_221555-600x104.jpg 600w, https:\/\/newsinfoco.com.br\/inicio\/wp-content\/uploads\/2025\/10\/SAVE_20251006_221555-696x120.jpg 696w, https:\/\/newsinfoco.com.br\/inicio\/wp-content\/uploads\/2025\/10\/SAVE_20251006_221555-1068x185.jpg 1068w\" sizes=\"(max-width: 1140px) 100vw, 1140px\" width=\"1140\" height=\"197\"   \/><\/a><\/div>\n<p style=\"text-align: justify;\"><span style=\"color: #000000;\">A vota\u00e7\u00e3o dever\u00e1 acontecer no plen\u00e1rio virtual do STF, onde os ministros s\u00e3o chamados a apresentar seus votos online.<\/span><\/p>\n<p style=\"text-align: justify;\"><span style=\"color: #000000;\">Em outro pedido semelhante feito ao plen\u00e1rio do Supremo, quando votaram os 11 ministros, quatro dos integrantes da 2\u00aa turma decidiram por conceder a liberdade a\u00a0<strong>Lula<\/strong>\u00a0\u2013 a exce\u00e7\u00e3o foi Fachin. Embora na ocasi\u00e3o a maioria dos 11 tenha negado o habeas corpus ao ex-presidente, caso os quatro ministros da 2\u00aa turma n\u00e3o mudem seus votos, Lula poder\u00e1 ser solto.<\/span><\/p>\n<h3 style=\"text-align: justify;\"><span style=\"color: #000000;\">Esperan\u00e7a para a defesa<\/span><\/h3>\n<p style=\"text-align: justify;\"><span style=\"color: #000000;\">Dois ministros do Supremo Tribunal Federal, Gilmar Mendes e Luiz Fux \u2013 este tamb\u00e9m presidente do Tribunal Superior Eleitoral -, comentaram em um evento em S\u00e3o Paulo os pr\u00f3ximos passos dos recursos da defesa do ex-presidente\u00a0\u00a0<strong>Lula (PT)<\/strong>\u00a0\u00a0na Corte.<\/span><\/p>\n<p style=\"text-align: justify;\"><span style=\"color: #000000;\">Gilmar Mendes come\u00e7ou criticando a antecipa\u00e7\u00e3o da pena do l\u00edder petista. Para o ministro, ao menos o fim dos recursos no TRF-4, a segunda inst\u00e2ncia da Lava Jato em Porto Alegre, deveria ter sido aguardado por Moro antes da expedi\u00e7\u00e3o da ordem de pris\u00e3o.<\/span><\/p>\n<p style=\"text-align: justify;\"><span style=\"color: #000000;\">Isso posto, o ministro admitiu que h\u00e1 a possibilidade de um recurso do ex-presidente que tramita na segunda turma do\u00a0STF\u00a0ser aceito, resultando na liberdade de Lula.<\/span><\/p>\n<p style=\"text-align: justify;\"><span style=\"color: #000000;\">J\u00e1 o ministro Luiz Fux tocou em um tema que pode ser decisivo para as elei\u00e7\u00f5es presidenciais deste ano. Para ele, que \u00e9 presidente do Tribunal Superior Eleitoral, h\u00e1 a possibilidade de a candidatura de\u00a0<strong>Lula<\/strong>\u00a0ser registrada e de ele ser novamente candidato ao Planalto.<\/span><\/p>\n<p style=\"text-align: justify;\"><span style=\"color: #000000;\">\u201cA lei prev\u00ea que o acesso ao judici\u00e1rio \u00e9 cl\u00e1usula p\u00e9trea. Evidente que se o Supremo Tribunal Federal deferir uma liminar [favor\u00e1vel ao registro da candidatura], e o TSE vem abaixo dele, manda quem pode e obedece quem tem ju\u00edzo\u201d. Ou seja, disse, \u201cse o\u00a0<strong>STF<\/strong>\u00a0emitir uma ordem eu terei que, necessariamente, cumprir\u201d, resumiu.<\/span><\/p>\n<h6 style=\"text-align: right;\"><span style=\"color: #999999;\"><strong>Fonte:ig<\/strong><\/span><\/h6>\n<div class='share-to-whatsapp-wrapper'><div class='share-on-whsp'>Share on: <\/div><a data-text='Fachin marca julgamento de recurso que pode soltar ex-presidente Lula' data-link='https:\/\/newsinfoco.com.br\/inicio\/fachin-marca-julgamento-de-recurso-que-pode-soltar-ex-presidente-lula\/' class='whatsapp-button whatsapp-share'>WhatsApp<\/a><div class='clear '><\/div><\/div>","protected":false},"excerpt":{"rendered":"<p>O ministro do Supremo Tribunal Federal (\u00a0STF\u00a0) Edson\u00a0Fachin\u00a0determinou, nesta quarta-feira (25), que o julgamento do recurso apresentado pela defesa do ex-presidente\u00a0Lula\u00a0(PT) acontecer\u00e1 entre os dias 4 e 10 de maio. Os advogados do l\u00edder petista pedem a liberdade de seu cliente, afirmando que a decis\u00e3o do TRF-4 que antecipou o cumprimento da pena foi ilegal. [&hellip;]<\/p>\n","protected":false},"author":1,"featured_media":3066,"comment_status":"open","ping_status":"open","sticky":false,"template":"","format":"standard","meta":{"om_disable_all_campaigns":false,"_exactmetrics_skip_tracking":false,"_exactmetrics_sitenote_active":false,"_exactmetrics_sitenote_note":"","_exactmetrics_sitenote_category":0,"footnotes":""},"categories":[21],"tags":[],"class_list":["post-3065","post","type-post","status-publish","format-standard","has-post-thumbnail","hentry","category-brasil"],"aioseo_notices":[],"_links":{"self":[{"href":"https:\/\/newsinfoco.com.br\/inicio\/wp-json\/wp\/v2\/posts\/3065","targetHints":{"allow":["GET"]}}],"collection":[{"href":"https:\/\/newsinfoco.com.br\/inicio\/wp-json\/wp\/v2\/posts"}],"about":[{"href":"https:\/\/newsinfoco.com.br\/inicio\/wp-json\/wp\/v2\/types\/post"}],"author":[{"embeddable":true,"href":"https:\/\/newsinfoco.com.br\/inicio\/wp-json\/wp\/v2\/users\/1"}],"replies":[{"embeddable":true,"href":"https:\/\/newsinfoco.com.br\/inicio\/wp-json\/wp\/v2\/comments?post=3065"}],"version-history":[{"count":0,"href":"https:\/\/newsinfoco.com.br\/inicio\/wp-json\/wp\/v2\/posts\/3065\/revisions"}],"wp:featuredmedia":[{"embeddable":true,"href":"https:\/\/newsinfoco.com.br\/inicio\/wp-json\/wp\/v2\/media\/3066"}],"wp:attachment":[{"href":"https:\/\/newsinfoco.com.br\/inicio\/wp-json\/wp\/v2\/media?parent=3065"}],"wp:term":[{"taxonomy":"category","embeddable":true,"href":"https:\/\/newsinfoco.com.br\/inicio\/wp-json\/wp\/v2\/categories?post=3065"},{"taxonomy":"post_tag","embeddable":true,"href":"https:\/\/newsinfoco.com.br\/inicio\/wp-json\/wp\/v2\/tags?post=3065"}],"curies":[{"name":"wp","href":"https:\/\/api.w.org\/{rel}","templated":true}]}}