{"id":3070,"date":"2018-04-25T19:09:45","date_gmt":"2018-04-25T22:09:45","guid":{"rendered":"http:\/\/newsinfoco.com.br\/?p=3070"},"modified":"2018-04-25T19:09:45","modified_gmt":"2018-04-25T22:09:45","slug":"justica-revoga-prisao-preventiva-de-137-presos-em-acao-contra-milicia","status":"publish","type":"post","link":"https:\/\/newsinfoco.com.br\/inicio\/justica-revoga-prisao-preventiva-de-137-presos-em-acao-contra-milicia\/","title":{"rendered":"Justi\u00e7a revoga pris\u00e3o preventiva de 137 presos em a\u00e7\u00e3o contra mil\u00edcia"},"content":{"rendered":"<p style=\"text-align: justify;\"><span style=\"color: #000000;\">O juiz da 2\u00aa Vara Criminal de Santa Cruz, Eduardo Marques Hablitschek, revogou, nesta quarta-feira (25), a pris\u00e3o preventiva de 137 dos 159 presos em uma opera\u00e7\u00e3o policial de combate \u00e0 mil\u00edcia na zona oeste do Rio. O grupo foi preso no dia 7 de abril durante um show de pagode que, segundo a Pol\u00edcia Civil, foi organizado pela mil\u00edcia que atua em Santa Cruz.\u00a0\u00a0<\/span><\/p>\n<p style=\"text-align: justify;\"><span style=\"color: #000000;\">O magistrado determinou ainda que os fuzis e as muni\u00e7\u00f5es apreendidos na opera\u00e7\u00e3o sejam entregues imediatamente \u00e0 Pol\u00edcia Civil. Na decis\u00e3o, o juiz ressaltou que &#8220;se a sociedade ainda tem que conviver com o uso de fuzis dentro das cidades, que o seja por parte de quem defende seus cidad\u00e3os&#8221;.<\/span><\/p><div class=\"newsi-conteudo_19\" id=\"newsi-3725549564\"><a href=\"https:\/\/www.instagram.com\/prefeituraalagoinhas?igsh=YzgzdDJ1bWR3aWI4\" aria-label=\"SAVE_20251006_221555\"><img loading=\"lazy\" decoding=\"async\" src=\"https:\/\/newsinfoco.com.br\/inicio\/wp-content\/uploads\/2025\/10\/SAVE_20251006_221555-rotated.jpg\" alt=\"\"  srcset=\"https:\/\/newsinfoco.com.br\/inicio\/wp-content\/uploads\/2025\/10\/SAVE_20251006_221555-rotated.jpg 1140w, https:\/\/newsinfoco.com.br\/inicio\/wp-content\/uploads\/2025\/10\/SAVE_20251006_221555-300x52.jpg 300w, https:\/\/newsinfoco.com.br\/inicio\/wp-content\/uploads\/2025\/10\/SAVE_20251006_221555-1024x177.jpg 1024w, https:\/\/newsinfoco.com.br\/inicio\/wp-content\/uploads\/2025\/10\/SAVE_20251006_221555-768x133.jpg 768w, https:\/\/newsinfoco.com.br\/inicio\/wp-content\/uploads\/2025\/10\/SAVE_20251006_221555-600x104.jpg 600w, https:\/\/newsinfoco.com.br\/inicio\/wp-content\/uploads\/2025\/10\/SAVE_20251006_221555-696x120.jpg 696w, https:\/\/newsinfoco.com.br\/inicio\/wp-content\/uploads\/2025\/10\/SAVE_20251006_221555-1068x185.jpg 1068w\" sizes=\"(max-width: 1140px) 100vw, 1140px\" width=\"1140\" height=\"197\"   \/><\/a><\/div>\n<div class=\"teads-inread\" style=\"text-align: justify;\">\n<div id=\"teads0\" class=\"teads-player\"><\/div>\n<\/div>\n<p style=\"text-align: justify;\"><span style=\"color: #000000;\"><strong>Artista de circo deixa pris\u00e3o<\/strong><\/span><\/p>\n<div id=\"inner-ad-container\" class=\"\" style=\"text-align: justify;\"><span style=\"color: #000000;\">\u00a0<\/span><\/div>\n<p style=\"text-align: justify;\"><span style=\"color: #000000;\">Na quinta-feira passada, o mesmo juiz j\u00e1 havia determinado a soltura do artista circense Pablo Dias Bessa Martins, de 23 anos. O jovem deixou, no \u00faltimo s\u00e1bado (21), o Complexo de Gericin\u00f3, em Bangu.<\/span><\/p>\n<p style=\"text-align: justify;\"><span style=\"color: #000000;\">De acordo com a decis\u00e3o, as motiva\u00e7\u00f5es para revogar a pris\u00e3o de Pablo s\u00e3o que ele \u201c\u00e9 prim\u00e1rio, n\u00e3o possui antecedentes criminais, tem resid\u00eancia fixa e \u00e9 profissional circense\u201d. Al\u00e9m disso, a decis\u00e3o tamb\u00e9m aponta que \u201co fator que o diferencia de todos os outros presos \u00e9 a comprova\u00e7\u00e3o documental de que passa a maior parte de sua vida, atualmente, fora do pa\u00eds\u201d.<\/span><\/p>\n<h6 style=\"text-align: right;\"><span style=\"color: #999999;\">Fonte:R7<\/span><\/h6>\n<div class='share-to-whatsapp-wrapper'><div class='share-on-whsp'>Share on: <\/div><a data-text='Justi\u00e7a revoga pris\u00e3o preventiva de 137 presos em a\u00e7\u00e3o contra mil\u00edcia' data-link='https:\/\/newsinfoco.com.br\/inicio\/justica-revoga-prisao-preventiva-de-137-presos-em-acao-contra-milicia\/' class='whatsapp-button whatsapp-share'>WhatsApp<\/a><div class='clear '><\/div><\/div>","protected":false},"excerpt":{"rendered":"<p>O juiz da 2\u00aa Vara Criminal de Santa Cruz, Eduardo Marques Hablitschek, revogou, nesta quarta-feira (25), a pris\u00e3o preventiva de 137 dos 159 presos em uma opera\u00e7\u00e3o policial de combate \u00e0 mil\u00edcia na zona oeste do Rio. O grupo foi preso no dia 7 de abril durante um show de pagode que, segundo a Pol\u00edcia [&hellip;]<\/p>\n","protected":false},"author":1,"featured_media":3071,"comment_status":"open","ping_status":"open","sticky":false,"template":"","format":"standard","meta":{"om_disable_all_campaigns":false,"_exactmetrics_skip_tracking":false,"_exactmetrics_sitenote_active":false,"_exactmetrics_sitenote_note":"","_exactmetrics_sitenote_category":0,"footnotes":""},"categories":[21],"tags":[],"class_list":["post-3070","post","type-post","status-publish","format-standard","has-post-thumbnail","hentry","category-brasil"],"aioseo_notices":[],"_links":{"self":[{"href":"https:\/\/newsinfoco.com.br\/inicio\/wp-json\/wp\/v2\/posts\/3070","targetHints":{"allow":["GET"]}}],"collection":[{"href":"https:\/\/newsinfoco.com.br\/inicio\/wp-json\/wp\/v2\/posts"}],"about":[{"href":"https:\/\/newsinfoco.com.br\/inicio\/wp-json\/wp\/v2\/types\/post"}],"author":[{"embeddable":true,"href":"https:\/\/newsinfoco.com.br\/inicio\/wp-json\/wp\/v2\/users\/1"}],"replies":[{"embeddable":true,"href":"https:\/\/newsinfoco.com.br\/inicio\/wp-json\/wp\/v2\/comments?post=3070"}],"version-history":[{"count":0,"href":"https:\/\/newsinfoco.com.br\/inicio\/wp-json\/wp\/v2\/posts\/3070\/revisions"}],"wp:featuredmedia":[{"embeddable":true,"href":"https:\/\/newsinfoco.com.br\/inicio\/wp-json\/wp\/v2\/media\/3071"}],"wp:attachment":[{"href":"https:\/\/newsinfoco.com.br\/inicio\/wp-json\/wp\/v2\/media?parent=3070"}],"wp:term":[{"taxonomy":"category","embeddable":true,"href":"https:\/\/newsinfoco.com.br\/inicio\/wp-json\/wp\/v2\/categories?post=3070"},{"taxonomy":"post_tag","embeddable":true,"href":"https:\/\/newsinfoco.com.br\/inicio\/wp-json\/wp\/v2\/tags?post=3070"}],"curies":[{"name":"wp","href":"https:\/\/api.w.org\/{rel}","templated":true}]}}