{"id":309,"date":"2018-02-24T12:24:52","date_gmt":"2018-02-24T15:24:52","guid":{"rendered":"http:\/\/newsinfoco.com.br\/?p=309"},"modified":"2018-02-24T12:24:52","modified_gmt":"2018-02-24T15:24:52","slug":"prefeitura-de-alagoinhas-investe-na-capacitacao-de-servidores-da-controladoria-geral-do-municipio","status":"publish","type":"post","link":"https:\/\/newsinfoco.com.br\/inicio\/prefeitura-de-alagoinhas-investe-na-capacitacao-de-servidores-da-controladoria-geral-do-municipio\/","title":{"rendered":"Prefeitura de Alagoinhas investe na capacita\u00e7\u00e3o de servidores da Controladoria Geral do Munic\u00edpio"},"content":{"rendered":"<p style=\"text-align: justify;\"><span style=\"color: #000000;\">A Prefeitura de Alagoinhas, atrav\u00e9s da Coger, ir\u00e1 investir na qualifica\u00e7\u00e3o profissional de servidores da Controladoria Municipal, que devem come\u00e7ar um curso avan\u00e7ado em controladoria interna nos dias 24 e 25 de fevereiro. A capacita\u00e7\u00e3o, promovida pela Funda\u00e7\u00e3o C\u00e9sar Montes (FUNDACEM), conta com atividades te\u00f3ricas e pr\u00e1ticas distribu\u00eddas em encontros mensais durante 1 semestre de aulas.<\/span><\/p>\n<p style=\"text-align: justify;\"><span style=\"color: #000000;\">De acordo com a Controladora Geral do munic\u00edpio, Leila Carla Vila Flor, \u201ca inten\u00e7\u00e3o do investimento \u00e9 criar um patrim\u00f4nio intelectual para o munic\u00edpio e habilitar multiplicadores dentro da pr\u00f3pria Coger em assuntos de auditoria interna, presta\u00e7\u00e3o de contas e controle patrimonial, al\u00e9m de colaborar com as atividades dos diversos departamentos do munic\u00edpio atrav\u00e9s da cria\u00e7\u00e3o de normas\u201d.<\/span><\/p><div class=\"newsi-conteudo_19\" id=\"newsi-1562415608\"><a href=\"https:\/\/www.instagram.com\/prefeituraalagoinhas?igsh=YzgzdDJ1bWR3aWI4\" aria-label=\"SAVE_20251006_221555\"><img loading=\"lazy\" decoding=\"async\" src=\"https:\/\/newsinfoco.com.br\/inicio\/wp-content\/uploads\/2025\/10\/SAVE_20251006_221555-rotated.jpg\" alt=\"\"  srcset=\"https:\/\/newsinfoco.com.br\/inicio\/wp-content\/uploads\/2025\/10\/SAVE_20251006_221555-rotated.jpg 1140w, https:\/\/newsinfoco.com.br\/inicio\/wp-content\/uploads\/2025\/10\/SAVE_20251006_221555-300x52.jpg 300w, https:\/\/newsinfoco.com.br\/inicio\/wp-content\/uploads\/2025\/10\/SAVE_20251006_221555-1024x177.jpg 1024w, https:\/\/newsinfoco.com.br\/inicio\/wp-content\/uploads\/2025\/10\/SAVE_20251006_221555-768x133.jpg 768w, https:\/\/newsinfoco.com.br\/inicio\/wp-content\/uploads\/2025\/10\/SAVE_20251006_221555-600x104.jpg 600w, https:\/\/newsinfoco.com.br\/inicio\/wp-content\/uploads\/2025\/10\/SAVE_20251006_221555-696x120.jpg 696w, https:\/\/newsinfoco.com.br\/inicio\/wp-content\/uploads\/2025\/10\/SAVE_20251006_221555-1068x185.jpg 1068w\" sizes=\"(max-width: 1140px) 100vw, 1140px\" width=\"1140\" height=\"197\"   \/><\/a><\/div>\n<p style=\"text-align: justify;\"><span style=\"color: #000000;\">Para o prefeito Joaquim Neto, a capacita\u00e7\u00e3o de \u00e1reas t\u00e9cnicas \u00e9 fundamental para os atos da administra\u00e7\u00e3o p\u00fablica. \u201c\u00c9 importante. S\u00e3o funcion\u00e1rios, a maioria efetivos, que v\u00e3o ser capacitados para melhorar e modernizar a m\u00e1quina p\u00fablica, ent\u00e3o fica a satisfa\u00e7\u00e3o de ter a capacita\u00e7\u00e3o, aperfei\u00e7oando-os a trabalharem com mais qualidade. A prefeitura vai colocar os recursos necess\u00e1rios para a qualifica\u00e7\u00e3o desses funcion\u00e1rios\u201d, destacou.<\/span><\/p>\n<p style=\"text-align: justify;\"><span style=\"color: #000000;\">Ao todo, 6 profissionais da Coger ser\u00e3o contemplados pelo curso, que conta com 200 horas previstas de aulas e vai ser subsidiado pelo poder p\u00fablico municipal.<\/span><\/p>\n<p style=\"text-align: justify;\">\n<h6 style=\"text-align: right;\"><span style=\"color: #999999;\">Fonte: SECOM Prefeitura<\/span><\/h6>\n<div class='share-to-whatsapp-wrapper'><div class='share-on-whsp'>Share on: <\/div><a data-text='Prefeitura de Alagoinhas investe na capacita\u00e7\u00e3o de servidores da Controladoria Geral do Munic\u00edpio' data-link='https:\/\/newsinfoco.com.br\/inicio\/prefeitura-de-alagoinhas-investe-na-capacitacao-de-servidores-da-controladoria-geral-do-municipio\/' class='whatsapp-button whatsapp-share'>WhatsApp<\/a><div class='clear '><\/div><\/div>","protected":false},"excerpt":{"rendered":"<p>A Prefeitura de Alagoinhas, atrav\u00e9s da Coger, ir\u00e1 investir na qualifica\u00e7\u00e3o profissional de servidores da Controladoria Municipal, que devem come\u00e7ar um curso avan\u00e7ado em controladoria interna nos dias 24 e 25 de fevereiro. A capacita\u00e7\u00e3o, promovida pela Funda\u00e7\u00e3o C\u00e9sar Montes (FUNDACEM), conta com atividades te\u00f3ricas e pr\u00e1ticas distribu\u00eddas em encontros mensais durante 1 semestre de [&hellip;]<\/p>\n","protected":false},"author":1,"featured_media":310,"comment_status":"open","ping_status":"open","sticky":false,"template":"","format":"standard","meta":{"om_disable_all_campaigns":false,"_exactmetrics_skip_tracking":false,"_exactmetrics_sitenote_active":false,"_exactmetrics_sitenote_note":"","_exactmetrics_sitenote_category":0,"footnotes":""},"categories":[38],"tags":[],"class_list":["post-309","post","type-post","status-publish","format-standard","has-post-thumbnail","hentry","category-alagoinhas-e-regiao"],"aioseo_notices":[],"_links":{"self":[{"href":"https:\/\/newsinfoco.com.br\/inicio\/wp-json\/wp\/v2\/posts\/309","targetHints":{"allow":["GET"]}}],"collection":[{"href":"https:\/\/newsinfoco.com.br\/inicio\/wp-json\/wp\/v2\/posts"}],"about":[{"href":"https:\/\/newsinfoco.com.br\/inicio\/wp-json\/wp\/v2\/types\/post"}],"author":[{"embeddable":true,"href":"https:\/\/newsinfoco.com.br\/inicio\/wp-json\/wp\/v2\/users\/1"}],"replies":[{"embeddable":true,"href":"https:\/\/newsinfoco.com.br\/inicio\/wp-json\/wp\/v2\/comments?post=309"}],"version-history":[{"count":0,"href":"https:\/\/newsinfoco.com.br\/inicio\/wp-json\/wp\/v2\/posts\/309\/revisions"}],"wp:featuredmedia":[{"embeddable":true,"href":"https:\/\/newsinfoco.com.br\/inicio\/wp-json\/wp\/v2\/media\/310"}],"wp:attachment":[{"href":"https:\/\/newsinfoco.com.br\/inicio\/wp-json\/wp\/v2\/media?parent=309"}],"wp:term":[{"taxonomy":"category","embeddable":true,"href":"https:\/\/newsinfoco.com.br\/inicio\/wp-json\/wp\/v2\/categories?post=309"},{"taxonomy":"post_tag","embeddable":true,"href":"https:\/\/newsinfoco.com.br\/inicio\/wp-json\/wp\/v2\/tags?post=309"}],"curies":[{"name":"wp","href":"https:\/\/api.w.org\/{rel}","templated":true}]}}