{"id":31104,"date":"2022-08-08T10:39:52","date_gmt":"2022-08-08T13:39:52","guid":{"rendered":"https:\/\/newsinfoco.com.br\/inicio\/?p=31104"},"modified":"2022-08-08T10:39:52","modified_gmt":"2022-08-08T13:39:52","slug":"joao-roma-diz-ter-entrado-em-contato-com-ze-ronaldo-encontro-deve-ocorrer-nos-proximos-dias","status":"publish","type":"post","link":"https:\/\/newsinfoco.com.br\/inicio\/joao-roma-diz-ter-entrado-em-contato-com-ze-ronaldo-encontro-deve-ocorrer-nos-proximos-dias\/","title":{"rendered":"Jo\u00e3o Roma diz ter entrado em contato com Z\u00e9 Ronaldo; encontro deve ocorrer \u201cnos pr\u00f3ximos dias\u201d"},"content":{"rendered":"<p>O candidato bolsonarista ao governo da Bahia, Jo\u00e3o Roma (PL), revelou ter entrado em contato com o ex-prefeito de Feira de Santana, Jos\u00e9 Ronaldo (UB), ap\u00f3s o feirense n\u00e3o ter sido escolhido como para ocupar a vaga de vice na chapa encabe\u00e7ada pelo ex-prefeito de Salvador ACM Neto (UB). A afirma\u00e7\u00e3o foi feita em entrevista que antecedeu o debate da Band deste domingo (7).<\/p>\n<p>\u201c\u00c9 lament\u00e1vel o que ocorreu [com Z\u00e9 Ronaldo], ACM Neto sendo ACM Neto, promete e n\u00e3o cumpre. Z\u00e9 Ronaldo \u00e9 grande figura p\u00fablica, com muito servi\u00e7o prestado para a Bahia, e j\u00e1 declarei que tenho muito apre\u00e7o por ele, ficaria muito feliz se ele estivesse do nosso lado em defesa do povo baiano. Mandei mensagem, acredito que vamos nos encontrar nos pr\u00f3ximos dias\u201d, acrescentou Jo\u00e3o Roma.<\/p>\n<p>Na \u00faltima sexta-feira (5), em entrevista \u00e0 R\u00e1dio Nova Lapa, o bolsonarista elogiou Z\u00e9 Ronaldo e disse que ficaria \u201cmuito feliz\u201d\u00a0em contar com a presen\u00e7a do ex-prefeito de Feira em sua chapa.<\/p>\n<p>Politicaaovivo<\/p>\n<div class='share-to-whatsapp-wrapper'><div class='share-on-whsp'>Share on: <\/div><a data-text='Jo\u00e3o Roma diz ter entrado em contato com Z\u00e9 Ronaldo; encontro deve ocorrer \u201cnos pr\u00f3ximos dias\u201d' data-link='https:\/\/newsinfoco.com.br\/inicio\/joao-roma-diz-ter-entrado-em-contato-com-ze-ronaldo-encontro-deve-ocorrer-nos-proximos-dias\/' class='whatsapp-button whatsapp-share'>WhatsApp<\/a><div class='clear '><\/div><\/div>","protected":false},"excerpt":{"rendered":"<p>O candidato bolsonarista ao governo da Bahia, Jo\u00e3o Roma (PL), revelou ter entrado em contato com o ex-prefeito de Feira de Santana, Jos\u00e9 Ronaldo (UB), ap\u00f3s o feirense n\u00e3o ter sido escolhido como para ocupar a vaga de vice na chapa encabe\u00e7ada pelo ex-prefeito de Salvador ACM Neto (UB). A afirma\u00e7\u00e3o foi feita em entrevista [&hellip;]<\/p>\n","protected":false},"author":1,"featured_media":31065,"comment_status":"closed","ping_status":"closed","sticky":false,"template":"","format":"standard","meta":{"om_disable_all_campaigns":false,"rop_custom_images_group":[],"rop_custom_messages_group":[],"rop_publish_now":"initial","rop_publish_now_accounts":[],"rop_publish_now_history":[],"rop_publish_now_status":"pending","_exactmetrics_skip_tracking":false,"footnotes":""},"categories":[19],"tags":[],"class_list":["post-31104","post","type-post","status-publish","format-standard","has-post-thumbnail","hentry","category-bahia"],"aioseo_notices":[],"aioseo_head":"\n\t\t<!-- All in One SEO 4.9.10 - aioseo.com -->\n\t<meta name=\"description\" content=\"O candidato bolsonarista ao governo da Bahia, Jo\u00e3o Roma (PL), revelou ter entrado em contato com o ex-prefeito de Feira de Santana, Jos\u00e9 Ronaldo (UB), ap\u00f3s o feirense n\u00e3o ter sido escolhido como para ocupar a vaga de vice na chapa encabe\u00e7ada pelo ex-prefeito de Salvador ACM Neto (UB). A afirma\u00e7\u00e3o foi feita em entrevista\" \/>\n\t<meta name=\"robots\" content=\"max-image-preview:large\" \/>\n\t<meta name=\"author\" content=\"administrador\"\/>\n\t<link rel=\"canonical\" href=\"https:\/\/newsinfoco.com.br\/inicio\/joao-roma-diz-ter-entrado-em-contato-com-ze-ronaldo-encontro-deve-ocorrer-nos-proximos-dias\/\" \/>\n\t<meta name=\"generator\" content=\"All in One SEO (AIOSEO) 4.9.10\" \/>\n\t\t<meta property=\"og:locale\" content=\"pt_BR\" \/>\n\t\t<meta property=\"og:site_name\" content=\"News In Foco - Editado por Caio Pimenta - O principal site de noticias de Alagoinhas e regi\u00e3o\" \/>\n\t\t<meta property=\"og:type\" content=\"article\" \/>\n\t\t<meta property=\"og:title\" content=\"Jo\u00e3o Roma diz ter entrado em contato com Z\u00e9 Ronaldo; encontro deve ocorrer \u201cnos pr\u00f3ximos dias\u201d - News In Foco - Editado por Caio Pimenta\" \/>\n\t\t<meta property=\"og:description\" content=\"O candidato bolsonarista ao governo da Bahia, Jo\u00e3o Roma (PL), revelou ter entrado em contato com o ex-prefeito de Feira de Santana, Jos\u00e9 Ronaldo (UB), ap\u00f3s o feirense n\u00e3o ter sido escolhido como para ocupar a vaga de vice na chapa encabe\u00e7ada pelo ex-prefeito de Salvador ACM Neto (UB). A afirma\u00e7\u00e3o foi feita em entrevista\" \/>\n\t\t<meta property=\"og:url\" content=\"https:\/\/newsinfoco.com.br\/inicio\/joao-roma-diz-ter-entrado-em-contato-com-ze-ronaldo-encontro-deve-ocorrer-nos-proximos-dias\/\" \/>\n\t\t<meta property=\"article:published_time\" content=\"2022-08-08T13:39:52+00:00\" \/>\n\t\t<meta property=\"article:modified_time\" content=\"2022-08-08T13:39:52+00:00\" \/>\n\t\t<meta name=\"twitter:card\" content=\"summary_large_image\" \/>\n\t\t<meta name=\"twitter:title\" content=\"Jo\u00e3o Roma diz ter entrado em contato com Z\u00e9 Ronaldo; encontro deve ocorrer \u201cnos pr\u00f3ximos dias\u201d - News In Foco - Editado por Caio Pimenta\" \/>\n\t\t<meta name=\"twitter:description\" content=\"O candidato bolsonarista ao governo da Bahia, Jo\u00e3o Roma (PL), revelou ter entrado em contato com o ex-prefeito de Feira de Santana, Jos\u00e9 Ronaldo (UB), ap\u00f3s o feirense n\u00e3o ter sido escolhido como para ocupar a vaga de vice na chapa encabe\u00e7ada pelo ex-prefeito de Salvador ACM Neto (UB). A afirma\u00e7\u00e3o foi feita em entrevista\" \/>\n\t\t<script type=\"application\/ld+json\" class=\"aioseo-schema\">\n\t\t\t{\"@context\":\"https:\\\/\\\/schema.org\",\"@graph\":[{\"@type\":\"BlogPosting\",\"@id\":\"https:\\\/\\\/newsinfoco.com.br\\\/inicio\\\/joao-roma-diz-ter-entrado-em-contato-com-ze-ronaldo-encontro-deve-ocorrer-nos-proximos-dias\\\/#blogposting\",\"name\":\"Jo\\u00e3o Roma diz ter entrado em contato com Z\\u00e9 Ronaldo; encontro deve ocorrer \\u201cnos pr\\u00f3ximos dias\\u201d - News In Foco - Editado por Caio Pimenta\",\"headline\":\"Jo\\u00e3o Roma diz ter entrado em contato com Z\\u00e9 Ronaldo; encontro deve ocorrer \\u201cnos pr\\u00f3ximos dias\\u201d\",\"author\":{\"@id\":\"https:\\\/\\\/newsinfoco.com.br\\\/inicio\\\/author\\\/administrador\\\/#author\"},\"publisher\":{\"@id\":\"https:\\\/\\\/newsinfoco.com.br\\\/inicio\\\/#organization\"},\"image\":{\"@type\":\"ImageObject\",\"url\":\"https:\\\/\\\/newsinfoco.com.br\\\/inicio\\\/wp-content\\\/uploads\\\/2022\\\/08\\\/aer.jpg\",\"width\":1600,\"height\":900},\"datePublished\":\"2022-08-08T10:39:52-03:00\",\"dateModified\":\"2022-08-08T10:39:52-03:00\",\"inLanguage\":\"pt-BR\",\"mainEntityOfPage\":{\"@id\":\"https:\\\/\\\/newsinfoco.com.br\\\/inicio\\\/joao-roma-diz-ter-entrado-em-contato-com-ze-ronaldo-encontro-deve-ocorrer-nos-proximos-dias\\\/#webpage\"},\"isPartOf\":{\"@id\":\"https:\\\/\\\/newsinfoco.com.br\\\/inicio\\\/joao-roma-diz-ter-entrado-em-contato-com-ze-ronaldo-encontro-deve-ocorrer-nos-proximos-dias\\\/#webpage\"},\"articleSection\":\"Bahia\"},{\"@type\":\"BreadcrumbList\",\"@id\":\"https:\\\/\\\/newsinfoco.com.br\\\/inicio\\\/joao-roma-diz-ter-entrado-em-contato-com-ze-ronaldo-encontro-deve-ocorrer-nos-proximos-dias\\\/#breadcrumblist\",\"itemListElement\":[{\"@type\":\"ListItem\",\"@id\":\"https:\\\/\\\/newsinfoco.com.br\\\/inicio#listItem\",\"position\":1,\"name\":\"In\\u00edcio\",\"item\":\"https:\\\/\\\/newsinfoco.com.br\\\/inicio\",\"nextItem\":{\"@type\":\"ListItem\",\"@id\":\"https:\\\/\\\/newsinfoco.com.br\\\/inicio\\\/category\\\/bahia\\\/#listItem\",\"name\":\"Bahia\"}},{\"@type\":\"ListItem\",\"@id\":\"https:\\\/\\\/newsinfoco.com.br\\\/inicio\\\/category\\\/bahia\\\/#listItem\",\"position\":2,\"name\":\"Bahia\",\"item\":\"https:\\\/\\\/newsinfoco.com.br\\\/inicio\\\/category\\\/bahia\\\/\",\"nextItem\":{\"@type\":\"ListItem\",\"@id\":\"https:\\\/\\\/newsinfoco.com.br\\\/inicio\\\/joao-roma-diz-ter-entrado-em-contato-com-ze-ronaldo-encontro-deve-ocorrer-nos-proximos-dias\\\/#listItem\",\"name\":\"Jo\\u00e3o Roma diz ter entrado em contato com Z\\u00e9 Ronaldo; encontro deve ocorrer \\u201cnos pr\\u00f3ximos dias\\u201d\"},\"previousItem\":{\"@type\":\"ListItem\",\"@id\":\"https:\\\/\\\/newsinfoco.com.br\\\/inicio#listItem\",\"name\":\"In\\u00edcio\"}},{\"@type\":\"ListItem\",\"@id\":\"https:\\\/\\\/newsinfoco.com.br\\\/inicio\\\/joao-roma-diz-ter-entrado-em-contato-com-ze-ronaldo-encontro-deve-ocorrer-nos-proximos-dias\\\/#listItem\",\"position\":3,\"name\":\"Jo\\u00e3o Roma diz ter entrado em contato com Z\\u00e9 Ronaldo; encontro deve ocorrer \\u201cnos pr\\u00f3ximos dias\\u201d\",\"previousItem\":{\"@type\":\"ListItem\",\"@id\":\"https:\\\/\\\/newsinfoco.com.br\\\/inicio\\\/category\\\/bahia\\\/#listItem\",\"name\":\"Bahia\"}}]},{\"@type\":\"Organization\",\"@id\":\"https:\\\/\\\/newsinfoco.com.br\\\/inicio\\\/#organization\",\"name\":\"News In Foco - Editado por Caio Pimenta\",\"description\":\"O principal site de noticias de Alagoinhas e regi\\u00e3o\",\"url\":\"https:\\\/\\\/newsinfoco.com.br\\\/inicio\\\/\"},{\"@type\":\"Person\",\"@id\":\"https:\\\/\\\/newsinfoco.com.br\\\/inicio\\\/author\\\/administrador\\\/#author\",\"url\":\"https:\\\/\\\/newsinfoco.com.br\\\/inicio\\\/author\\\/administrador\\\/\",\"name\":\"administrador\",\"image\":{\"@type\":\"ImageObject\",\"@id\":\"https:\\\/\\\/newsinfoco.com.br\\\/inicio\\\/joao-roma-diz-ter-entrado-em-contato-com-ze-ronaldo-encontro-deve-ocorrer-nos-proximos-dias\\\/#authorImage\",\"url\":\"https:\\\/\\\/secure.gravatar.com\\\/avatar\\\/c17a617433de8c1dc9584bb79aab7563b46f5bb7e1728c9b17d9cc3ce6a08e49?s=96&d=mm&r=g\",\"width\":96,\"height\":96,\"caption\":\"administrador\"}},{\"@type\":\"WebPage\",\"@id\":\"https:\\\/\\\/newsinfoco.com.br\\\/inicio\\\/joao-roma-diz-ter-entrado-em-contato-com-ze-ronaldo-encontro-deve-ocorrer-nos-proximos-dias\\\/#webpage\",\"url\":\"https:\\\/\\\/newsinfoco.com.br\\\/inicio\\\/joao-roma-diz-ter-entrado-em-contato-com-ze-ronaldo-encontro-deve-ocorrer-nos-proximos-dias\\\/\",\"name\":\"Jo\\u00e3o Roma diz ter entrado em contato com Z\\u00e9 Ronaldo; encontro deve ocorrer \\u201cnos pr\\u00f3ximos dias\\u201d - News In Foco - Editado por Caio Pimenta\",\"description\":\"O candidato bolsonarista ao governo da Bahia, Jo\\u00e3o Roma (PL), revelou ter entrado em contato com o ex-prefeito de Feira de Santana, Jos\\u00e9 Ronaldo (UB), ap\\u00f3s o feirense n\\u00e3o ter sido escolhido como para ocupar a vaga de vice na chapa encabe\\u00e7ada pelo ex-prefeito de Salvador ACM Neto (UB). A afirma\\u00e7\\u00e3o foi feita em entrevista\",\"inLanguage\":\"pt-BR\",\"isPartOf\":{\"@id\":\"https:\\\/\\\/newsinfoco.com.br\\\/inicio\\\/#website\"},\"breadcrumb\":{\"@id\":\"https:\\\/\\\/newsinfoco.com.br\\\/inicio\\\/joao-roma-diz-ter-entrado-em-contato-com-ze-ronaldo-encontro-deve-ocorrer-nos-proximos-dias\\\/#breadcrumblist\"},\"author\":{\"@id\":\"https:\\\/\\\/newsinfoco.com.br\\\/inicio\\\/author\\\/administrador\\\/#author\"},\"creator\":{\"@id\":\"https:\\\/\\\/newsinfoco.com.br\\\/inicio\\\/author\\\/administrador\\\/#author\"},\"image\":{\"@type\":\"ImageObject\",\"url\":\"https:\\\/\\\/newsinfoco.com.br\\\/inicio\\\/wp-content\\\/uploads\\\/2022\\\/08\\\/aer.jpg\",\"@id\":\"https:\\\/\\\/newsinfoco.com.br\\\/inicio\\\/joao-roma-diz-ter-entrado-em-contato-com-ze-ronaldo-encontro-deve-ocorrer-nos-proximos-dias\\\/#mainImage\",\"width\":1600,\"height\":900},\"primaryImageOfPage\":{\"@id\":\"https:\\\/\\\/newsinfoco.com.br\\\/inicio\\\/joao-roma-diz-ter-entrado-em-contato-com-ze-ronaldo-encontro-deve-ocorrer-nos-proximos-dias\\\/#mainImage\"},\"datePublished\":\"2022-08-08T10:39:52-03:00\",\"dateModified\":\"2022-08-08T10:39:52-03:00\"},{\"@type\":\"WebSite\",\"@id\":\"https:\\\/\\\/newsinfoco.com.br\\\/inicio\\\/#website\",\"url\":\"https:\\\/\\\/newsinfoco.com.br\\\/inicio\\\/\",\"name\":\"News In Foco - Editado por Caio Pimenta\",\"description\":\"O principal site de noticias de Alagoinhas e regi\\u00e3o\",\"inLanguage\":\"pt-BR\",\"publisher\":{\"@id\":\"https:\\\/\\\/newsinfoco.com.br\\\/inicio\\\/#organization\"}}]}\n\t\t<\/script>\n\t\t<!-- All in One SEO -->\n\n","aioseo_head_json":{"title":"Jo\u00e3o Roma diz ter entrado em contato com Z\u00e9 Ronaldo; encontro deve ocorrer \u201cnos pr\u00f3ximos dias\u201d - News In Foco - Editado por Caio Pimenta","description":"O candidato bolsonarista ao governo da Bahia, Jo\u00e3o Roma (PL), revelou ter entrado em contato com o ex-prefeito de Feira de Santana, Jos\u00e9 Ronaldo (UB), ap\u00f3s o feirense n\u00e3o ter sido escolhido como para ocupar a vaga de vice na chapa encabe\u00e7ada pelo ex-prefeito de Salvador ACM Neto (UB). A afirma\u00e7\u00e3o foi feita em entrevista","canonical_url":"https:\/\/newsinfoco.com.br\/inicio\/joao-roma-diz-ter-entrado-em-contato-com-ze-ronaldo-encontro-deve-ocorrer-nos-proximos-dias\/","robots":"max-image-preview:large","keywords":"","webmasterTools":{"miscellaneous":""},"schema":{"@context":"https:\/\/schema.org","@graph":[{"@type":"BlogPosting","@id":"https:\/\/newsinfoco.com.br\/inicio\/joao-roma-diz-ter-entrado-em-contato-com-ze-ronaldo-encontro-deve-ocorrer-nos-proximos-dias\/#blogposting","name":"Jo\u00e3o Roma diz ter entrado em contato com Z\u00e9 Ronaldo; encontro deve ocorrer \u201cnos pr\u00f3ximos dias\u201d - News In Foco - Editado por Caio Pimenta","headline":"Jo\u00e3o Roma diz ter entrado em contato com Z\u00e9 Ronaldo; encontro deve ocorrer \u201cnos pr\u00f3ximos dias\u201d","author":{"@id":"https:\/\/newsinfoco.com.br\/inicio\/author\/administrador\/#author"},"publisher":{"@id":"https:\/\/newsinfoco.com.br\/inicio\/#organization"},"image":{"@type":"ImageObject","url":"https:\/\/newsinfoco.com.br\/inicio\/wp-content\/uploads\/2022\/08\/aer.jpg","width":1600,"height":900},"datePublished":"2022-08-08T10:39:52-03:00","dateModified":"2022-08-08T10:39:52-03:00","inLanguage":"pt-BR","mainEntityOfPage":{"@id":"https:\/\/newsinfoco.com.br\/inicio\/joao-roma-diz-ter-entrado-em-contato-com-ze-ronaldo-encontro-deve-ocorrer-nos-proximos-dias\/#webpage"},"isPartOf":{"@id":"https:\/\/newsinfoco.com.br\/inicio\/joao-roma-diz-ter-entrado-em-contato-com-ze-ronaldo-encontro-deve-ocorrer-nos-proximos-dias\/#webpage"},"articleSection":"Bahia"},{"@type":"BreadcrumbList","@id":"https:\/\/newsinfoco.com.br\/inicio\/joao-roma-diz-ter-entrado-em-contato-com-ze-ronaldo-encontro-deve-ocorrer-nos-proximos-dias\/#breadcrumblist","itemListElement":[{"@type":"ListItem","@id":"https:\/\/newsinfoco.com.br\/inicio#listItem","position":1,"name":"In\u00edcio","item":"https:\/\/newsinfoco.com.br\/inicio","nextItem":{"@type":"ListItem","@id":"https:\/\/newsinfoco.com.br\/inicio\/category\/bahia\/#listItem","name":"Bahia"}},{"@type":"ListItem","@id":"https:\/\/newsinfoco.com.br\/inicio\/category\/bahia\/#listItem","position":2,"name":"Bahia","item":"https:\/\/newsinfoco.com.br\/inicio\/category\/bahia\/","nextItem":{"@type":"ListItem","@id":"https:\/\/newsinfoco.com.br\/inicio\/joao-roma-diz-ter-entrado-em-contato-com-ze-ronaldo-encontro-deve-ocorrer-nos-proximos-dias\/#listItem","name":"Jo\u00e3o Roma diz ter entrado em contato com Z\u00e9 Ronaldo; encontro deve ocorrer \u201cnos pr\u00f3ximos dias\u201d"},"previousItem":{"@type":"ListItem","@id":"https:\/\/newsinfoco.com.br\/inicio#listItem","name":"In\u00edcio"}},{"@type":"ListItem","@id":"https:\/\/newsinfoco.com.br\/inicio\/joao-roma-diz-ter-entrado-em-contato-com-ze-ronaldo-encontro-deve-ocorrer-nos-proximos-dias\/#listItem","position":3,"name":"Jo\u00e3o Roma diz ter entrado em contato com Z\u00e9 Ronaldo; encontro deve ocorrer \u201cnos pr\u00f3ximos dias\u201d","previousItem":{"@type":"ListItem","@id":"https:\/\/newsinfoco.com.br\/inicio\/category\/bahia\/#listItem","name":"Bahia"}}]},{"@type":"Organization","@id":"https:\/\/newsinfoco.com.br\/inicio\/#organization","name":"News In Foco - Editado por Caio Pimenta","description":"O principal site de noticias de Alagoinhas e regi\u00e3o","url":"https:\/\/newsinfoco.com.br\/inicio\/"},{"@type":"Person","@id":"https:\/\/newsinfoco.com.br\/inicio\/author\/administrador\/#author","url":"https:\/\/newsinfoco.com.br\/inicio\/author\/administrador\/","name":"administrador","image":{"@type":"ImageObject","@id":"https:\/\/newsinfoco.com.br\/inicio\/joao-roma-diz-ter-entrado-em-contato-com-ze-ronaldo-encontro-deve-ocorrer-nos-proximos-dias\/#authorImage","url":"https:\/\/secure.gravatar.com\/avatar\/c17a617433de8c1dc9584bb79aab7563b46f5bb7e1728c9b17d9cc3ce6a08e49?s=96&d=mm&r=g","width":96,"height":96,"caption":"administrador"}},{"@type":"WebPage","@id":"https:\/\/newsinfoco.com.br\/inicio\/joao-roma-diz-ter-entrado-em-contato-com-ze-ronaldo-encontro-deve-ocorrer-nos-proximos-dias\/#webpage","url":"https:\/\/newsinfoco.com.br\/inicio\/joao-roma-diz-ter-entrado-em-contato-com-ze-ronaldo-encontro-deve-ocorrer-nos-proximos-dias\/","name":"Jo\u00e3o Roma diz ter entrado em contato com Z\u00e9 Ronaldo; encontro deve ocorrer \u201cnos pr\u00f3ximos dias\u201d - News In Foco - Editado por Caio Pimenta","description":"O candidato bolsonarista ao governo da Bahia, Jo\u00e3o Roma (PL), revelou ter entrado em contato com o ex-prefeito de Feira de Santana, Jos\u00e9 Ronaldo (UB), ap\u00f3s o feirense n\u00e3o ter sido escolhido como para ocupar a vaga de vice na chapa encabe\u00e7ada pelo ex-prefeito de Salvador ACM Neto (UB). A afirma\u00e7\u00e3o foi feita em entrevista","inLanguage":"pt-BR","isPartOf":{"@id":"https:\/\/newsinfoco.com.br\/inicio\/#website"},"breadcrumb":{"@id":"https:\/\/newsinfoco.com.br\/inicio\/joao-roma-diz-ter-entrado-em-contato-com-ze-ronaldo-encontro-deve-ocorrer-nos-proximos-dias\/#breadcrumblist"},"author":{"@id":"https:\/\/newsinfoco.com.br\/inicio\/author\/administrador\/#author"},"creator":{"@id":"https:\/\/newsinfoco.com.br\/inicio\/author\/administrador\/#author"},"image":{"@type":"ImageObject","url":"https:\/\/newsinfoco.com.br\/inicio\/wp-content\/uploads\/2022\/08\/aer.jpg","@id":"https:\/\/newsinfoco.com.br\/inicio\/joao-roma-diz-ter-entrado-em-contato-com-ze-ronaldo-encontro-deve-ocorrer-nos-proximos-dias\/#mainImage","width":1600,"height":900},"primaryImageOfPage":{"@id":"https:\/\/newsinfoco.com.br\/inicio\/joao-roma-diz-ter-entrado-em-contato-com-ze-ronaldo-encontro-deve-ocorrer-nos-proximos-dias\/#mainImage"},"datePublished":"2022-08-08T10:39:52-03:00","dateModified":"2022-08-08T10:39:52-03:00"},{"@type":"WebSite","@id":"https:\/\/newsinfoco.com.br\/inicio\/#website","url":"https:\/\/newsinfoco.com.br\/inicio\/","name":"News In Foco - Editado por Caio Pimenta","description":"O principal site de noticias de Alagoinhas e regi\u00e3o","inLanguage":"pt-BR","publisher":{"@id":"https:\/\/newsinfoco.com.br\/inicio\/#organization"}}]},"og:locale":"pt_BR","og:site_name":"News In Foco - Editado por Caio Pimenta - O principal site de noticias de Alagoinhas e regi\u00e3o","og:type":"article","og:title":"Jo\u00e3o Roma diz ter entrado em contato com Z\u00e9 Ronaldo; encontro deve ocorrer \u201cnos pr\u00f3ximos dias\u201d - News In Foco - Editado por Caio Pimenta","og:description":"O candidato bolsonarista ao governo da Bahia, Jo\u00e3o Roma (PL), revelou ter entrado em contato com o ex-prefeito de Feira de Santana, Jos\u00e9 Ronaldo (UB), ap\u00f3s o feirense n\u00e3o ter sido escolhido como para ocupar a vaga de vice na chapa encabe\u00e7ada pelo ex-prefeito de Salvador ACM Neto (UB). A afirma\u00e7\u00e3o foi feita em entrevista","og:url":"https:\/\/newsinfoco.com.br\/inicio\/joao-roma-diz-ter-entrado-em-contato-com-ze-ronaldo-encontro-deve-ocorrer-nos-proximos-dias\/","article:published_time":"2022-08-08T13:39:52+00:00","article:modified_time":"2022-08-08T13:39:52+00:00","twitter:card":"summary_large_image","twitter:title":"Jo\u00e3o Roma diz ter entrado em contato com Z\u00e9 Ronaldo; encontro deve ocorrer \u201cnos pr\u00f3ximos dias\u201d - News In Foco - Editado por Caio Pimenta","twitter:description":"O candidato bolsonarista ao governo da Bahia, Jo\u00e3o Roma (PL), revelou ter entrado em contato com o ex-prefeito de Feira de Santana, Jos\u00e9 Ronaldo (UB), ap\u00f3s o feirense n\u00e3o ter sido escolhido como para ocupar a vaga de vice na chapa encabe\u00e7ada pelo ex-prefeito de Salvador ACM Neto (UB). A afirma\u00e7\u00e3o foi feita em entrevista"},"aioseo_meta_data":{"post_id":"31104","title":null,"description":null,"keywords":null,"keyphrases":null,"primary_term":null,"canonical_url":null,"og_title":null,"og_description":null,"og_object_type":"default","og_image_type":"default","og_image_url":null,"og_image_width":null,"og_image_height":null,"og_image_custom_url":null,"og_image_custom_fields":null,"og_video":null,"og_custom_url":null,"og_article_section":null,"og_article_tags":null,"twitter_use_og":false,"twitter_card":"default","twitter_image_type":"default","twitter_image_url":null,"twitter_image_custom_url":null,"twitter_image_custom_fields":null,"twitter_title":null,"twitter_description":null,"schema":{"blockGraphs":[],"customGraphs":[],"default":{"data":{"Article":[],"Course":[],"Dataset":[],"FAQPage":[],"Movie":[],"Person":[],"Product":[],"ProductReview":[],"Car":[],"Recipe":[],"Service":[],"SoftwareApplication":[],"WebPage":[]},"graphName":"","isEnabled":true},"graphs":[]},"schema_type":"default","schema_type_options":null,"pillar_content":false,"robots_default":true,"robots_noindex":false,"robots_noarchive":false,"robots_nosnippet":false,"robots_nofollow":false,"robots_noimageindex":false,"robots_noodp":false,"robots_notranslate":false,"robots_max_snippet":null,"robots_max_videopreview":null,"robots_max_imagepreview":"large","priority":null,"frequency":null,"local_seo":null,"breadcrumb_settings":null,"limit_modified_date":false,"ai":null,"created":"2023-06-12 21:57:17","updated":"2025-07-11 08:11:54","seo_analyzer_scan_date":null},"aioseo_breadcrumb":"<div class=\"aioseo-breadcrumbs\"><span class=\"aioseo-breadcrumb\">\n\t\t\t<a href=\"https:\/\/newsinfoco.com.br\/inicio\" title=\"In\u00edcio\">In\u00edcio<\/a>\n\t\t<\/span><span class=\"aioseo-breadcrumb-separator\">&raquo;<\/span><span class=\"aioseo-breadcrumb\">\n\t\t\t<a href=\"https:\/\/newsinfoco.com.br\/inicio\/category\/bahia\/\" title=\"Bahia\">Bahia<\/a>\n\t\t<\/span><span class=\"aioseo-breadcrumb-separator\">&raquo;<\/span><span class=\"aioseo-breadcrumb\">\n\t\t\tJo\u00e3o Roma diz ter entrado em contato com Z\u00e9 Ronaldo; encontro deve ocorrer \u201cnos pr\u00f3ximos dias\u201d\n\t\t<\/span><\/div>","aioseo_breadcrumb_json":[{"label":"In\u00edcio","link":"https:\/\/newsinfoco.com.br\/inicio"},{"label":"Bahia","link":"https:\/\/newsinfoco.com.br\/inicio\/category\/bahia\/"},{"label":"Jo\u00e3o Roma diz ter entrado em contato com Z\u00e9 Ronaldo; encontro deve ocorrer \u201cnos pr\u00f3ximos dias\u201d","link":"https:\/\/newsinfoco.com.br\/inicio\/joao-roma-diz-ter-entrado-em-contato-com-ze-ronaldo-encontro-deve-ocorrer-nos-proximos-dias\/"}],"_links":{"self":[{"href":"https:\/\/newsinfoco.com.br\/inicio\/wp-json\/wp\/v2\/posts\/31104","targetHints":{"allow":["GET"]}}],"collection":[{"href":"https:\/\/newsinfoco.com.br\/inicio\/wp-json\/wp\/v2\/posts"}],"about":[{"href":"https:\/\/newsinfoco.com.br\/inicio\/wp-json\/wp\/v2\/types\/post"}],"author":[{"embeddable":true,"href":"https:\/\/newsinfoco.com.br\/inicio\/wp-json\/wp\/v2\/users\/1"}],"replies":[{"embeddable":true,"href":"https:\/\/newsinfoco.com.br\/inicio\/wp-json\/wp\/v2\/comments?post=31104"}],"version-history":[{"count":1,"href":"https:\/\/newsinfoco.com.br\/inicio\/wp-json\/wp\/v2\/posts\/31104\/revisions"}],"predecessor-version":[{"id":31105,"href":"https:\/\/newsinfoco.com.br\/inicio\/wp-json\/wp\/v2\/posts\/31104\/revisions\/31105"}],"wp:featuredmedia":[{"embeddable":true,"href":"https:\/\/newsinfoco.com.br\/inicio\/wp-json\/wp\/v2\/media\/31065"}],"wp:attachment":[{"href":"https:\/\/newsinfoco.com.br\/inicio\/wp-json\/wp\/v2\/media?parent=31104"}],"wp:term":[{"taxonomy":"category","embeddable":true,"href":"https:\/\/newsinfoco.com.br\/inicio\/wp-json\/wp\/v2\/categories?post=31104"},{"taxonomy":"post_tag","embeddable":true,"href":"https:\/\/newsinfoco.com.br\/inicio\/wp-json\/wp\/v2\/tags?post=31104"}],"curies":[{"name":"wp","href":"https:\/\/api.w.org\/{rel}","templated":true}]}}