{"id":31110,"date":"2022-08-08T15:44:26","date_gmt":"2022-08-08T18:44:26","guid":{"rendered":"https:\/\/newsinfoco.com.br\/inicio\/?p=31110"},"modified":"2022-08-08T16:11:30","modified_gmt":"2022-08-08T19:11:30","slug":"prefeitura-solicita-ao-governo-do-estado-demarcacao-de-novo-polo-industrial-para-alagoinhas","status":"publish","type":"post","link":"https:\/\/newsinfoco.com.br\/inicio\/prefeitura-solicita-ao-governo-do-estado-demarcacao-de-novo-polo-industrial-para-alagoinhas\/","title":{"rendered":"Prefeitura solicita ao Governo do Estado demarca\u00e7\u00e3o de novo polo industrial para Alagoinhas"},"content":{"rendered":"<p>O Governo Joaquim Neto luta junto ao Governo do Estado pela demarca\u00e7\u00e3o de uma nova \u00e1rea para instala\u00e7\u00e3o de um polo industrial no munic\u00edpio. A informa\u00e7\u00e3o foi dada pelo secret\u00e1rio municipal de desenvolvimento econ\u00f4mico e meio ambiente de Alagoinhas(SEDEA), Bruno Fagundes, em entrevista concedida ao programa Primeira M\u00e3o, da r\u00e1dio Ouro Negro 100,5 FM, na manh\u00e3 de hoje(08).<\/p>\n<p>De acordo com Fagundes, a solicita\u00e7\u00e3o foi feita pessoalmente ao secret\u00e1rio estadual de desenvolvimento econ\u00f4mico, Jos\u00e9 Nunes, no encontro em que ocorreu a assinatura do protocolo de inten\u00e7\u00f5es da empresa Dore com o Governo do Estado para instala\u00e7\u00e3o de f\u00e1brica em Alagoinhas.<\/p>\n<p>Nos anos 80, o estado criou no munic\u00edpio, \u00e1s margens da BR 101, o Distrito Industrial de Sau\u00edpe(DISAI), com a instala\u00e7\u00e3o da Brespel. A \u00e1rea pensada pelo ent\u00e3o prefeito da \u00e9poca, Jud\u00e9lio Carmo, deveria ser usada para a expans\u00e3o industrial de Alagoinhas nas pr\u00f3ximas d\u00e9cadas, por\u00e9m foi abandonada por gest\u00f5es posteriores e a \u00e1rea invadida. Atualmente, repleto de moradores, o DISAI n\u00e3o pode ser utilizada para o fim ao qual foi institu\u00eddo. Com isso, o governo busca a demarca\u00e7\u00e3o de uma nova \u00e1rea.<\/p>\n<p>O secret\u00e1rio falou da \u00f3tima rela\u00e7\u00e3o entre o prefeito Joaquim Neto e o governador Rui Costa e dos resultados colhidos por Alagoinhas. Na vis\u00e3o de Bruno, nunca se viu tanta obra do Governo do Estado na cidade, citando as obras de duplica\u00e7\u00e3o da av. Murilo Coelho Cavalcanti, a reforma do Hospital Regional Dantas Bi\u00e3o, a reforma do Gin\u00e1sio de Esportes e as obras na antiga Coorpin de Alagoinhas. Al\u00e9m disso, citou as obras de infraestrutura nas estradas que ligam a sede de Alagoinhas \u00e0 zona rural e \u00e0 munic\u00edpios vizinhos.<\/p>\n<p>Ainda segundo Fagundes, esses investimentos tem contribu\u00eddo muito para o fomento da empregabilidade no munic\u00edpio e o aquecimento da economia local. N\u00e3o \u00e9 a toa que dados do CAGED apontam Alagoinhas como a cidade do interior do estado que mais gerou emprego no 1\u00aa quadrimestre deste ano.<\/p>\n<p>Na entrevista, o secret\u00e1rio falou ainda da instala\u00e7\u00e3o da empresa Dore, que j\u00e1 iniciou o servi\u00e7o de terraplanagem do terreno e realiza os estudos topogr\u00e1ficos da \u00e1rea.\u00a0 Ele abordou a mudan\u00e7a na rela\u00e7\u00e3o entre munic\u00edpio e as empresas que desejam se instalar no munic\u00edpio, trocando as doa\u00e7\u00f5es de terrenos por concess\u00f5es de uso de \u00e1rea. Isso faz com que os interesses do munic\u00edpio se sobreponham aos interesses mercantis, j\u00e1 que com a concess\u00e3o de uso de \u00e1rea, caso a empresa decida fechar sua unidade em Alagoinhas, n\u00e3o s\u00f3 o terreno, como tamb\u00e9m todas as benfeitorias realizadas, se reincorporam ao patrim\u00f4nio da prefeitura.<\/p>\n<p>Por Caio Pimenta para o News Infoco<\/p>\n<p>&nbsp;<\/p>\n<div class='share-to-whatsapp-wrapper'><div class='share-on-whsp'>Share on: <\/div><a data-text='Prefeitura solicita ao Governo do Estado demarca\u00e7\u00e3o de novo polo industrial para Alagoinhas' data-link='https:\/\/newsinfoco.com.br\/inicio\/prefeitura-solicita-ao-governo-do-estado-demarcacao-de-novo-polo-industrial-para-alagoinhas\/' class='whatsapp-button whatsapp-share'>WhatsApp<\/a><div class='clear '><\/div><\/div>","protected":false},"excerpt":{"rendered":"<p>O Governo Joaquim Neto luta junto ao Governo do Estado pela demarca\u00e7\u00e3o de uma nova \u00e1rea para instala\u00e7\u00e3o de um polo industrial no munic\u00edpio. A informa\u00e7\u00e3o foi dada pelo secret\u00e1rio municipal de desenvolvimento econ\u00f4mico e meio ambiente de Alagoinhas(SEDEA), Bruno Fagundes, em entrevista concedida ao programa Primeira M\u00e3o, da r\u00e1dio Ouro Negro 100,5 FM, na [&hellip;]<\/p>\n","protected":false},"author":1,"featured_media":29335,"comment_status":"closed","ping_status":"closed","sticky":false,"template":"","format":"standard","meta":{"om_disable_all_campaigns":false,"rop_custom_images_group":[],"rop_custom_messages_group":[],"rop_publish_now":"initial","rop_publish_now_accounts":[],"rop_publish_now_history":[],"rop_publish_now_status":"pending","_exactmetrics_skip_tracking":false,"footnotes":""},"categories":[38,167],"tags":[],"class_list":["post-31110","post","type-post","status-publish","format-standard","has-post-thumbnail","hentry","category-alagoinhas-e-regiao","category-exclusivas"],"aioseo_notices":[],"aioseo_head":"\n\t\t<!-- All in One SEO 4.9.10 - aioseo.com -->\n\t<meta name=\"description\" content=\"O Governo Joaquim Neto luta junto ao Governo do Estado pela demarca\u00e7\u00e3o de uma nova \u00e1rea para instala\u00e7\u00e3o de um polo industrial no munic\u00edpio. A informa\u00e7\u00e3o foi dada pelo secret\u00e1rio municipal de desenvolvimento econ\u00f4mico e meio ambiente de Alagoinhas(SEDEA), Bruno Fagundes, em entrevista concedida ao programa Primeira M\u00e3o, da r\u00e1dio Ouro Negro 100,5 FM, na\" \/>\n\t<meta name=\"robots\" content=\"max-image-preview:large\" \/>\n\t<meta name=\"author\" content=\"administrador\"\/>\n\t<link rel=\"canonical\" href=\"https:\/\/newsinfoco.com.br\/inicio\/prefeitura-solicita-ao-governo-do-estado-demarcacao-de-novo-polo-industrial-para-alagoinhas\/\" \/>\n\t<meta name=\"generator\" content=\"All in One SEO (AIOSEO) 4.9.10\" \/>\n\t\t<meta property=\"og:locale\" content=\"pt_BR\" \/>\n\t\t<meta property=\"og:site_name\" content=\"News In Foco - Editado por Caio Pimenta - O principal site de noticias de Alagoinhas e regi\u00e3o\" \/>\n\t\t<meta property=\"og:type\" content=\"article\" \/>\n\t\t<meta property=\"og:title\" content=\"Prefeitura solicita ao Governo do Estado demarca\u00e7\u00e3o de novo polo industrial para Alagoinhas - News In Foco - Editado por Caio Pimenta\" \/>\n\t\t<meta property=\"og:description\" content=\"O Governo Joaquim Neto luta junto ao Governo do Estado pela demarca\u00e7\u00e3o de uma nova \u00e1rea para instala\u00e7\u00e3o de um polo industrial no munic\u00edpio. A informa\u00e7\u00e3o foi dada pelo secret\u00e1rio municipal de desenvolvimento econ\u00f4mico e meio ambiente de Alagoinhas(SEDEA), Bruno Fagundes, em entrevista concedida ao programa Primeira M\u00e3o, da r\u00e1dio Ouro Negro 100,5 FM, na\" \/>\n\t\t<meta property=\"og:url\" content=\"https:\/\/newsinfoco.com.br\/inicio\/prefeitura-solicita-ao-governo-do-estado-demarcacao-de-novo-polo-industrial-para-alagoinhas\/\" \/>\n\t\t<meta property=\"article:published_time\" content=\"2022-08-08T18:44:26+00:00\" \/>\n\t\t<meta property=\"article:modified_time\" content=\"2022-08-08T19:11:30+00:00\" \/>\n\t\t<meta name=\"twitter:card\" content=\"summary_large_image\" \/>\n\t\t<meta name=\"twitter:title\" content=\"Prefeitura solicita ao Governo do Estado demarca\u00e7\u00e3o de novo polo industrial para Alagoinhas - News In Foco - Editado por Caio Pimenta\" \/>\n\t\t<meta name=\"twitter:description\" content=\"O Governo Joaquim Neto luta junto ao Governo do Estado pela demarca\u00e7\u00e3o de uma nova \u00e1rea para instala\u00e7\u00e3o de um polo industrial no munic\u00edpio. A informa\u00e7\u00e3o foi dada pelo secret\u00e1rio municipal de desenvolvimento econ\u00f4mico e meio ambiente de Alagoinhas(SEDEA), Bruno Fagundes, em entrevista concedida ao programa Primeira M\u00e3o, da r\u00e1dio Ouro Negro 100,5 FM, na\" \/>\n\t\t<script type=\"application\/ld+json\" class=\"aioseo-schema\">\n\t\t\t{\"@context\":\"https:\\\/\\\/schema.org\",\"@graph\":[{\"@type\":\"BlogPosting\",\"@id\":\"https:\\\/\\\/newsinfoco.com.br\\\/inicio\\\/prefeitura-solicita-ao-governo-do-estado-demarcacao-de-novo-polo-industrial-para-alagoinhas\\\/#blogposting\",\"name\":\"Prefeitura solicita ao Governo do Estado demarca\\u00e7\\u00e3o de novo polo industrial para Alagoinhas - News In Foco - Editado por Caio Pimenta\",\"headline\":\"Prefeitura solicita ao Governo do Estado demarca\\u00e7\\u00e3o de novo polo industrial para Alagoinhas\",\"author\":{\"@id\":\"https:\\\/\\\/newsinfoco.com.br\\\/inicio\\\/author\\\/administrador\\\/#author\"},\"publisher\":{\"@id\":\"https:\\\/\\\/newsinfoco.com.br\\\/inicio\\\/#organization\"},\"image\":{\"@type\":\"ImageObject\",\"url\":\"https:\\\/\\\/newsinfoco.com.br\\\/inicio\\\/wp-content\\\/uploads\\\/2022\\\/03\\\/JOAQUIM-E-BRUNO-1.jpeg\",\"width\":1276,\"height\":898},\"datePublished\":\"2022-08-08T15:44:26-03:00\",\"dateModified\":\"2022-08-08T16:11:30-03:00\",\"inLanguage\":\"pt-BR\",\"mainEntityOfPage\":{\"@id\":\"https:\\\/\\\/newsinfoco.com.br\\\/inicio\\\/prefeitura-solicita-ao-governo-do-estado-demarcacao-de-novo-polo-industrial-para-alagoinhas\\\/#webpage\"},\"isPartOf\":{\"@id\":\"https:\\\/\\\/newsinfoco.com.br\\\/inicio\\\/prefeitura-solicita-ao-governo-do-estado-demarcacao-de-novo-polo-industrial-para-alagoinhas\\\/#webpage\"},\"articleSection\":\"Alagoinhas e Regi\\u00e3o, Manchete\"},{\"@type\":\"BreadcrumbList\",\"@id\":\"https:\\\/\\\/newsinfoco.com.br\\\/inicio\\\/prefeitura-solicita-ao-governo-do-estado-demarcacao-de-novo-polo-industrial-para-alagoinhas\\\/#breadcrumblist\",\"itemListElement\":[{\"@type\":\"ListItem\",\"@id\":\"https:\\\/\\\/newsinfoco.com.br\\\/inicio#listItem\",\"position\":1,\"name\":\"In\\u00edcio\",\"item\":\"https:\\\/\\\/newsinfoco.com.br\\\/inicio\",\"nextItem\":{\"@type\":\"ListItem\",\"@id\":\"https:\\\/\\\/newsinfoco.com.br\\\/inicio\\\/category\\\/alagoinhas-e-regiao\\\/#listItem\",\"name\":\"Alagoinhas e Regi\\u00e3o\"}},{\"@type\":\"ListItem\",\"@id\":\"https:\\\/\\\/newsinfoco.com.br\\\/inicio\\\/category\\\/alagoinhas-e-regiao\\\/#listItem\",\"position\":2,\"name\":\"Alagoinhas e Regi\\u00e3o\",\"item\":\"https:\\\/\\\/newsinfoco.com.br\\\/inicio\\\/category\\\/alagoinhas-e-regiao\\\/\",\"nextItem\":{\"@type\":\"ListItem\",\"@id\":\"https:\\\/\\\/newsinfoco.com.br\\\/inicio\\\/prefeitura-solicita-ao-governo-do-estado-demarcacao-de-novo-polo-industrial-para-alagoinhas\\\/#listItem\",\"name\":\"Prefeitura solicita ao Governo do Estado demarca\\u00e7\\u00e3o de novo polo industrial para Alagoinhas\"},\"previousItem\":{\"@type\":\"ListItem\",\"@id\":\"https:\\\/\\\/newsinfoco.com.br\\\/inicio#listItem\",\"name\":\"In\\u00edcio\"}},{\"@type\":\"ListItem\",\"@id\":\"https:\\\/\\\/newsinfoco.com.br\\\/inicio\\\/prefeitura-solicita-ao-governo-do-estado-demarcacao-de-novo-polo-industrial-para-alagoinhas\\\/#listItem\",\"position\":3,\"name\":\"Prefeitura solicita ao Governo do Estado demarca\\u00e7\\u00e3o de novo polo industrial para Alagoinhas\",\"previousItem\":{\"@type\":\"ListItem\",\"@id\":\"https:\\\/\\\/newsinfoco.com.br\\\/inicio\\\/category\\\/alagoinhas-e-regiao\\\/#listItem\",\"name\":\"Alagoinhas e Regi\\u00e3o\"}}]},{\"@type\":\"Organization\",\"@id\":\"https:\\\/\\\/newsinfoco.com.br\\\/inicio\\\/#organization\",\"name\":\"News In Foco - Editado por Caio Pimenta\",\"description\":\"O principal site de noticias de Alagoinhas e regi\\u00e3o\",\"url\":\"https:\\\/\\\/newsinfoco.com.br\\\/inicio\\\/\"},{\"@type\":\"Person\",\"@id\":\"https:\\\/\\\/newsinfoco.com.br\\\/inicio\\\/author\\\/administrador\\\/#author\",\"url\":\"https:\\\/\\\/newsinfoco.com.br\\\/inicio\\\/author\\\/administrador\\\/\",\"name\":\"administrador\",\"image\":{\"@type\":\"ImageObject\",\"@id\":\"https:\\\/\\\/newsinfoco.com.br\\\/inicio\\\/prefeitura-solicita-ao-governo-do-estado-demarcacao-de-novo-polo-industrial-para-alagoinhas\\\/#authorImage\",\"url\":\"https:\\\/\\\/secure.gravatar.com\\\/avatar\\\/c17a617433de8c1dc9584bb79aab7563b46f5bb7e1728c9b17d9cc3ce6a08e49?s=96&d=mm&r=g\",\"width\":96,\"height\":96,\"caption\":\"administrador\"}},{\"@type\":\"WebPage\",\"@id\":\"https:\\\/\\\/newsinfoco.com.br\\\/inicio\\\/prefeitura-solicita-ao-governo-do-estado-demarcacao-de-novo-polo-industrial-para-alagoinhas\\\/#webpage\",\"url\":\"https:\\\/\\\/newsinfoco.com.br\\\/inicio\\\/prefeitura-solicita-ao-governo-do-estado-demarcacao-de-novo-polo-industrial-para-alagoinhas\\\/\",\"name\":\"Prefeitura solicita ao Governo do Estado demarca\\u00e7\\u00e3o de novo polo industrial para Alagoinhas - News In Foco - Editado por Caio Pimenta\",\"description\":\"O Governo Joaquim Neto luta junto ao Governo do Estado pela demarca\\u00e7\\u00e3o de uma nova \\u00e1rea para instala\\u00e7\\u00e3o de um polo industrial no munic\\u00edpio. A informa\\u00e7\\u00e3o foi dada pelo secret\\u00e1rio municipal de desenvolvimento econ\\u00f4mico e meio ambiente de Alagoinhas(SEDEA), Bruno Fagundes, em entrevista concedida ao programa Primeira M\\u00e3o, da r\\u00e1dio Ouro Negro 100,5 FM, na\",\"inLanguage\":\"pt-BR\",\"isPartOf\":{\"@id\":\"https:\\\/\\\/newsinfoco.com.br\\\/inicio\\\/#website\"},\"breadcrumb\":{\"@id\":\"https:\\\/\\\/newsinfoco.com.br\\\/inicio\\\/prefeitura-solicita-ao-governo-do-estado-demarcacao-de-novo-polo-industrial-para-alagoinhas\\\/#breadcrumblist\"},\"author\":{\"@id\":\"https:\\\/\\\/newsinfoco.com.br\\\/inicio\\\/author\\\/administrador\\\/#author\"},\"creator\":{\"@id\":\"https:\\\/\\\/newsinfoco.com.br\\\/inicio\\\/author\\\/administrador\\\/#author\"},\"image\":{\"@type\":\"ImageObject\",\"url\":\"https:\\\/\\\/newsinfoco.com.br\\\/inicio\\\/wp-content\\\/uploads\\\/2022\\\/03\\\/JOAQUIM-E-BRUNO-1.jpeg\",\"@id\":\"https:\\\/\\\/newsinfoco.com.br\\\/inicio\\\/prefeitura-solicita-ao-governo-do-estado-demarcacao-de-novo-polo-industrial-para-alagoinhas\\\/#mainImage\",\"width\":1276,\"height\":898},\"primaryImageOfPage\":{\"@id\":\"https:\\\/\\\/newsinfoco.com.br\\\/inicio\\\/prefeitura-solicita-ao-governo-do-estado-demarcacao-de-novo-polo-industrial-para-alagoinhas\\\/#mainImage\"},\"datePublished\":\"2022-08-08T15:44:26-03:00\",\"dateModified\":\"2022-08-08T16:11:30-03:00\"},{\"@type\":\"WebSite\",\"@id\":\"https:\\\/\\\/newsinfoco.com.br\\\/inicio\\\/#website\",\"url\":\"https:\\\/\\\/newsinfoco.com.br\\\/inicio\\\/\",\"name\":\"News In Foco - Editado por Caio Pimenta\",\"description\":\"O principal site de noticias de Alagoinhas e regi\\u00e3o\",\"inLanguage\":\"pt-BR\",\"publisher\":{\"@id\":\"https:\\\/\\\/newsinfoco.com.br\\\/inicio\\\/#organization\"}}]}\n\t\t<\/script>\n\t\t<!-- All in One SEO -->\n\n","aioseo_head_json":{"title":"Prefeitura solicita ao Governo do Estado demarca\u00e7\u00e3o de novo polo industrial para Alagoinhas - News In Foco - Editado por Caio Pimenta","description":"O Governo Joaquim Neto luta junto ao Governo do Estado pela demarca\u00e7\u00e3o de uma nova \u00e1rea para instala\u00e7\u00e3o de um polo industrial no munic\u00edpio. A informa\u00e7\u00e3o foi dada pelo secret\u00e1rio municipal de desenvolvimento econ\u00f4mico e meio ambiente de Alagoinhas(SEDEA), Bruno Fagundes, em entrevista concedida ao programa Primeira M\u00e3o, da r\u00e1dio Ouro Negro 100,5 FM, na","canonical_url":"https:\/\/newsinfoco.com.br\/inicio\/prefeitura-solicita-ao-governo-do-estado-demarcacao-de-novo-polo-industrial-para-alagoinhas\/","robots":"max-image-preview:large","keywords":"","webmasterTools":{"miscellaneous":""},"schema":{"@context":"https:\/\/schema.org","@graph":[{"@type":"BlogPosting","@id":"https:\/\/newsinfoco.com.br\/inicio\/prefeitura-solicita-ao-governo-do-estado-demarcacao-de-novo-polo-industrial-para-alagoinhas\/#blogposting","name":"Prefeitura solicita ao Governo do Estado demarca\u00e7\u00e3o de novo polo industrial para Alagoinhas - News In Foco - Editado por Caio Pimenta","headline":"Prefeitura solicita ao Governo do Estado demarca\u00e7\u00e3o de novo polo industrial para Alagoinhas","author":{"@id":"https:\/\/newsinfoco.com.br\/inicio\/author\/administrador\/#author"},"publisher":{"@id":"https:\/\/newsinfoco.com.br\/inicio\/#organization"},"image":{"@type":"ImageObject","url":"https:\/\/newsinfoco.com.br\/inicio\/wp-content\/uploads\/2022\/03\/JOAQUIM-E-BRUNO-1.jpeg","width":1276,"height":898},"datePublished":"2022-08-08T15:44:26-03:00","dateModified":"2022-08-08T16:11:30-03:00","inLanguage":"pt-BR","mainEntityOfPage":{"@id":"https:\/\/newsinfoco.com.br\/inicio\/prefeitura-solicita-ao-governo-do-estado-demarcacao-de-novo-polo-industrial-para-alagoinhas\/#webpage"},"isPartOf":{"@id":"https:\/\/newsinfoco.com.br\/inicio\/prefeitura-solicita-ao-governo-do-estado-demarcacao-de-novo-polo-industrial-para-alagoinhas\/#webpage"},"articleSection":"Alagoinhas e Regi\u00e3o, Manchete"},{"@type":"BreadcrumbList","@id":"https:\/\/newsinfoco.com.br\/inicio\/prefeitura-solicita-ao-governo-do-estado-demarcacao-de-novo-polo-industrial-para-alagoinhas\/#breadcrumblist","itemListElement":[{"@type":"ListItem","@id":"https:\/\/newsinfoco.com.br\/inicio#listItem","position":1,"name":"In\u00edcio","item":"https:\/\/newsinfoco.com.br\/inicio","nextItem":{"@type":"ListItem","@id":"https:\/\/newsinfoco.com.br\/inicio\/category\/alagoinhas-e-regiao\/#listItem","name":"Alagoinhas e Regi\u00e3o"}},{"@type":"ListItem","@id":"https:\/\/newsinfoco.com.br\/inicio\/category\/alagoinhas-e-regiao\/#listItem","position":2,"name":"Alagoinhas e Regi\u00e3o","item":"https:\/\/newsinfoco.com.br\/inicio\/category\/alagoinhas-e-regiao\/","nextItem":{"@type":"ListItem","@id":"https:\/\/newsinfoco.com.br\/inicio\/prefeitura-solicita-ao-governo-do-estado-demarcacao-de-novo-polo-industrial-para-alagoinhas\/#listItem","name":"Prefeitura solicita ao Governo do Estado demarca\u00e7\u00e3o de novo polo industrial para Alagoinhas"},"previousItem":{"@type":"ListItem","@id":"https:\/\/newsinfoco.com.br\/inicio#listItem","name":"In\u00edcio"}},{"@type":"ListItem","@id":"https:\/\/newsinfoco.com.br\/inicio\/prefeitura-solicita-ao-governo-do-estado-demarcacao-de-novo-polo-industrial-para-alagoinhas\/#listItem","position":3,"name":"Prefeitura solicita ao Governo do Estado demarca\u00e7\u00e3o de novo polo industrial para Alagoinhas","previousItem":{"@type":"ListItem","@id":"https:\/\/newsinfoco.com.br\/inicio\/category\/alagoinhas-e-regiao\/#listItem","name":"Alagoinhas e Regi\u00e3o"}}]},{"@type":"Organization","@id":"https:\/\/newsinfoco.com.br\/inicio\/#organization","name":"News In Foco - Editado por Caio Pimenta","description":"O principal site de noticias de Alagoinhas e regi\u00e3o","url":"https:\/\/newsinfoco.com.br\/inicio\/"},{"@type":"Person","@id":"https:\/\/newsinfoco.com.br\/inicio\/author\/administrador\/#author","url":"https:\/\/newsinfoco.com.br\/inicio\/author\/administrador\/","name":"administrador","image":{"@type":"ImageObject","@id":"https:\/\/newsinfoco.com.br\/inicio\/prefeitura-solicita-ao-governo-do-estado-demarcacao-de-novo-polo-industrial-para-alagoinhas\/#authorImage","url":"https:\/\/secure.gravatar.com\/avatar\/c17a617433de8c1dc9584bb79aab7563b46f5bb7e1728c9b17d9cc3ce6a08e49?s=96&d=mm&r=g","width":96,"height":96,"caption":"administrador"}},{"@type":"WebPage","@id":"https:\/\/newsinfoco.com.br\/inicio\/prefeitura-solicita-ao-governo-do-estado-demarcacao-de-novo-polo-industrial-para-alagoinhas\/#webpage","url":"https:\/\/newsinfoco.com.br\/inicio\/prefeitura-solicita-ao-governo-do-estado-demarcacao-de-novo-polo-industrial-para-alagoinhas\/","name":"Prefeitura solicita ao Governo do Estado demarca\u00e7\u00e3o de novo polo industrial para Alagoinhas - News In Foco - Editado por Caio Pimenta","description":"O Governo Joaquim Neto luta junto ao Governo do Estado pela demarca\u00e7\u00e3o de uma nova \u00e1rea para instala\u00e7\u00e3o de um polo industrial no munic\u00edpio. A informa\u00e7\u00e3o foi dada pelo secret\u00e1rio municipal de desenvolvimento econ\u00f4mico e meio ambiente de Alagoinhas(SEDEA), Bruno Fagundes, em entrevista concedida ao programa Primeira M\u00e3o, da r\u00e1dio Ouro Negro 100,5 FM, na","inLanguage":"pt-BR","isPartOf":{"@id":"https:\/\/newsinfoco.com.br\/inicio\/#website"},"breadcrumb":{"@id":"https:\/\/newsinfoco.com.br\/inicio\/prefeitura-solicita-ao-governo-do-estado-demarcacao-de-novo-polo-industrial-para-alagoinhas\/#breadcrumblist"},"author":{"@id":"https:\/\/newsinfoco.com.br\/inicio\/author\/administrador\/#author"},"creator":{"@id":"https:\/\/newsinfoco.com.br\/inicio\/author\/administrador\/#author"},"image":{"@type":"ImageObject","url":"https:\/\/newsinfoco.com.br\/inicio\/wp-content\/uploads\/2022\/03\/JOAQUIM-E-BRUNO-1.jpeg","@id":"https:\/\/newsinfoco.com.br\/inicio\/prefeitura-solicita-ao-governo-do-estado-demarcacao-de-novo-polo-industrial-para-alagoinhas\/#mainImage","width":1276,"height":898},"primaryImageOfPage":{"@id":"https:\/\/newsinfoco.com.br\/inicio\/prefeitura-solicita-ao-governo-do-estado-demarcacao-de-novo-polo-industrial-para-alagoinhas\/#mainImage"},"datePublished":"2022-08-08T15:44:26-03:00","dateModified":"2022-08-08T16:11:30-03:00"},{"@type":"WebSite","@id":"https:\/\/newsinfoco.com.br\/inicio\/#website","url":"https:\/\/newsinfoco.com.br\/inicio\/","name":"News In Foco - Editado por Caio Pimenta","description":"O principal site de noticias de Alagoinhas e regi\u00e3o","inLanguage":"pt-BR","publisher":{"@id":"https:\/\/newsinfoco.com.br\/inicio\/#organization"}}]},"og:locale":"pt_BR","og:site_name":"News In Foco - Editado por Caio Pimenta - O principal site de noticias de Alagoinhas e regi\u00e3o","og:type":"article","og:title":"Prefeitura solicita ao Governo do Estado demarca\u00e7\u00e3o de novo polo industrial para Alagoinhas - News In Foco - Editado por Caio Pimenta","og:description":"O Governo Joaquim Neto luta junto ao Governo do Estado pela demarca\u00e7\u00e3o de uma nova \u00e1rea para instala\u00e7\u00e3o de um polo industrial no munic\u00edpio. A informa\u00e7\u00e3o foi dada pelo secret\u00e1rio municipal de desenvolvimento econ\u00f4mico e meio ambiente de Alagoinhas(SEDEA), Bruno Fagundes, em entrevista concedida ao programa Primeira M\u00e3o, da r\u00e1dio Ouro Negro 100,5 FM, na","og:url":"https:\/\/newsinfoco.com.br\/inicio\/prefeitura-solicita-ao-governo-do-estado-demarcacao-de-novo-polo-industrial-para-alagoinhas\/","article:published_time":"2022-08-08T18:44:26+00:00","article:modified_time":"2022-08-08T19:11:30+00:00","twitter:card":"summary_large_image","twitter:title":"Prefeitura solicita ao Governo do Estado demarca\u00e7\u00e3o de novo polo industrial para Alagoinhas - News In Foco - Editado por Caio Pimenta","twitter:description":"O Governo Joaquim Neto luta junto ao Governo do Estado pela demarca\u00e7\u00e3o de uma nova \u00e1rea para instala\u00e7\u00e3o de um polo industrial no munic\u00edpio. A informa\u00e7\u00e3o foi dada pelo secret\u00e1rio municipal de desenvolvimento econ\u00f4mico e meio ambiente de Alagoinhas(SEDEA), Bruno Fagundes, em entrevista concedida ao programa Primeira M\u00e3o, da r\u00e1dio Ouro Negro 100,5 FM, na"},"aioseo_meta_data":{"post_id":"31110","title":null,"description":null,"keywords":null,"keyphrases":null,"primary_term":null,"canonical_url":null,"og_title":null,"og_description":null,"og_object_type":"default","og_image_type":"default","og_image_url":null,"og_image_width":null,"og_image_height":null,"og_image_custom_url":null,"og_image_custom_fields":null,"og_video":null,"og_custom_url":null,"og_article_section":null,"og_article_tags":null,"twitter_use_og":false,"twitter_card":"default","twitter_image_type":"default","twitter_image_url":null,"twitter_image_custom_url":null,"twitter_image_custom_fields":null,"twitter_title":null,"twitter_description":null,"schema":{"blockGraphs":[],"customGraphs":[],"default":{"data":{"Article":[],"Course":[],"Dataset":[],"FAQPage":[],"Movie":[],"Person":[],"Product":[],"ProductReview":[],"Car":[],"Recipe":[],"Service":[],"SoftwareApplication":[],"WebPage":[]},"graphName":"","isEnabled":true},"graphs":[]},"schema_type":"default","schema_type_options":null,"pillar_content":false,"robots_default":true,"robots_noindex":false,"robots_noarchive":false,"robots_nosnippet":false,"robots_nofollow":false,"robots_noimageindex":false,"robots_noodp":false,"robots_notranslate":false,"robots_max_snippet":null,"robots_max_videopreview":null,"robots_max_imagepreview":"large","priority":null,"frequency":null,"local_seo":null,"breadcrumb_settings":null,"limit_modified_date":false,"ai":null,"created":"2023-06-12 21:57:17","updated":"2025-07-11 08:11:54","seo_analyzer_scan_date":null},"aioseo_breadcrumb":"<div class=\"aioseo-breadcrumbs\"><span class=\"aioseo-breadcrumb\">\n\t\t\t<a href=\"https:\/\/newsinfoco.com.br\/inicio\" title=\"In\u00edcio\">In\u00edcio<\/a>\n\t\t<\/span><span class=\"aioseo-breadcrumb-separator\">&raquo;<\/span><span class=\"aioseo-breadcrumb\">\n\t\t\t<a href=\"https:\/\/newsinfoco.com.br\/inicio\/category\/alagoinhas-e-regiao\/\" title=\"Alagoinhas e Regi\u00e3o\">Alagoinhas e Regi\u00e3o<\/a>\n\t\t<\/span><span class=\"aioseo-breadcrumb-separator\">&raquo;<\/span><span class=\"aioseo-breadcrumb\">\n\t\t\tPrefeitura solicita ao Governo do Estado demarca\u00e7\u00e3o de novo polo industrial para Alagoinhas\n\t\t<\/span><\/div>","aioseo_breadcrumb_json":[{"label":"In\u00edcio","link":"https:\/\/newsinfoco.com.br\/inicio"},{"label":"Alagoinhas e Regi\u00e3o","link":"https:\/\/newsinfoco.com.br\/inicio\/category\/alagoinhas-e-regiao\/"},{"label":"Prefeitura solicita ao Governo do Estado demarca\u00e7\u00e3o de novo polo industrial para Alagoinhas","link":"https:\/\/newsinfoco.com.br\/inicio\/prefeitura-solicita-ao-governo-do-estado-demarcacao-de-novo-polo-industrial-para-alagoinhas\/"}],"_links":{"self":[{"href":"https:\/\/newsinfoco.com.br\/inicio\/wp-json\/wp\/v2\/posts\/31110","targetHints":{"allow":["GET"]}}],"collection":[{"href":"https:\/\/newsinfoco.com.br\/inicio\/wp-json\/wp\/v2\/posts"}],"about":[{"href":"https:\/\/newsinfoco.com.br\/inicio\/wp-json\/wp\/v2\/types\/post"}],"author":[{"embeddable":true,"href":"https:\/\/newsinfoco.com.br\/inicio\/wp-json\/wp\/v2\/users\/1"}],"replies":[{"embeddable":true,"href":"https:\/\/newsinfoco.com.br\/inicio\/wp-json\/wp\/v2\/comments?post=31110"}],"version-history":[{"count":7,"href":"https:\/\/newsinfoco.com.br\/inicio\/wp-json\/wp\/v2\/posts\/31110\/revisions"}],"predecessor-version":[{"id":31117,"href":"https:\/\/newsinfoco.com.br\/inicio\/wp-json\/wp\/v2\/posts\/31110\/revisions\/31117"}],"wp:featuredmedia":[{"embeddable":true,"href":"https:\/\/newsinfoco.com.br\/inicio\/wp-json\/wp\/v2\/media\/29335"}],"wp:attachment":[{"href":"https:\/\/newsinfoco.com.br\/inicio\/wp-json\/wp\/v2\/media?parent=31110"}],"wp:term":[{"taxonomy":"category","embeddable":true,"href":"https:\/\/newsinfoco.com.br\/inicio\/wp-json\/wp\/v2\/categories?post=31110"},{"taxonomy":"post_tag","embeddable":true,"href":"https:\/\/newsinfoco.com.br\/inicio\/wp-json\/wp\/v2\/tags?post=31110"}],"curies":[{"name":"wp","href":"https:\/\/api.w.org\/{rel}","templated":true}]}}