{"id":31126,"date":"2022-08-08T18:41:13","date_gmt":"2022-08-08T21:41:13","guid":{"rendered":"https:\/\/newsinfoco.com.br\/inicio\/?p=31126"},"modified":"2022-08-08T18:41:13","modified_gmt":"2022-08-08T21:41:13","slug":"polo-industrial-de-alagoinhas-livrara-o-nosso-desenvolvimento-economico-das-irresponsabilidades-da-camara-de-vereadores-por-caio-pimenta","status":"publish","type":"post","link":"https:\/\/newsinfoco.com.br\/inicio\/polo-industrial-de-alagoinhas-livrara-o-nosso-desenvolvimento-economico-das-irresponsabilidades-da-camara-de-vereadores-por-caio-pimenta\/","title":{"rendered":"Polo industrial de Alagoinhas livrar\u00e1 o nosso desenvolvimento econ\u00f4mico das irresponsabilidades da C\u00e2mara de Vereadores &#8211; Por Caio Pimenta"},"content":{"rendered":"<p>Se tem algo que me encheu de felicidade no dia hoje foi a noticia de que o governo Joaquim Neto trabalha junto ao Governo do Estado pela demarca\u00e7\u00e3o de uma \u00e1rea para instala\u00e7\u00e3o de futuras empresas no munic\u00edpio de Alagoinhas, o chamado polo industrial. Mais do que nunca, \u00e9 de suma import\u00e2ncia para Alagoinhas constituir uma \u00e1rea especifica para recepcionar investidores, principalmente para nos livrarmos das pr\u00e1ticas irrespons\u00e1veis da nossa C\u00e2mara de Vereadores.<\/p>\n<p>Sim, infelizmente temos que conviver com a pior composi\u00e7\u00e3o de C\u00e2mara de Vereadores da hist\u00f3ria de Alagoinhas. Est\u00e3o eleitos, o que n\u00e3o tem rem\u00e9dio, remediado est\u00e1. Mas j\u00e1 que o mal est\u00e1 feito, \u00e9 nossa obriga\u00e7\u00e3o fazermos de tudo para minimizarmos os estragos que, por ventura, estes que ocupam o mandato como vereadores podem produzir contra n\u00f3s, cidad\u00e3os honestos e trabalhadores de Alagoinhas. Uma delas \u00e9 tirar das m\u00e3os dos nossos edis a prerrogativa da permiss\u00e3o ou n\u00e3o da cess\u00e3o ou doa\u00e7\u00e3o de terrenos \u00e0s empresas que vierem se instalar em nossa cidade. \u00c9 justamente nesse sentido que o Polo industrial de Alagoinhas cumprir\u00e1 o papel fundamental de nos livrar das garras irrespons\u00e1veis destes que dizem nos representar.<\/p>\n<p>O famoso ditado popular diz que as &#8220;pessoas s\u00e1bias aprendem com seus pr\u00f3prios erros&#8221;. De certo, a experi\u00eancia traum\u00e1tica que foi todo o processo de concess\u00e3o do terreno \u00e0 empresa Dore deixou expl\u00edcito para toda Alagoinhas do que estes vereadores s\u00e3o capazes. Esque\u00e7am qualquer sensibilidade para dimensionar os preju\u00edzos que suas atitudes podem trazer ao munic\u00edpio. \u00c9 triste constatar, mas <b>Precisamos proteger nosso munic\u00edpio desta C\u00e2mara de Vereadores.<\/b><\/p>\n<p>Com a demarca\u00e7\u00e3o do polo industrial, a administra\u00e7\u00e3o da \u00e1rea ficar\u00e1 a cargo da Superintend\u00eancia Estadual de Desenvolvimento Industrial e Comercial(SUDIC), \u00f3rg\u00e3o vinculado ao Governo do Estado. Isso significa que a ind\u00fastria interessada a se instalar em Alagoinhas n\u00e3o precisar\u00e1 do aval da C\u00e2mara de Vereadores para ter acesso ao terreno, e sim ao Governo do Estado.<\/p>\n<p>Isso foi pensado l\u00e1 atr\u00e1s pelo prefeito Jud\u00e9lio Carmo, ao ceder ao Governo do Estado uma \u00e1rea, \u00e0s margens da BR 101, onde foi criado o Distrito Industrial de Sauipe(DISAI), posteriormente invadido por diversas pessoas. Se o DISAI estivesse a disposi\u00e7\u00e3o do munic\u00edpio, desocupado, nada disso que n\u00f3s(povo alagoinhense) passamos para defender a empregabilidade e o desenvolvimento do nosso munic\u00edpio seria necess\u00e1rio.<\/p>\n<p>A For\u00e7a Empresarial n\u00e3o seria ofendida por uma nota de rep\u00fadio por parte de toda a composi\u00e7\u00e3o vergonhosa da C\u00e2mara de Vereadores. A popula\u00e7\u00e3o n\u00e3o teria que engolir um pedido de vistas a um projeto contendo apenas duas p\u00e1ginas. Lideres empresariais e \u00f3rg\u00e3os respeitados de imprensa n\u00e3o estariam sendo perseguidos e processados por essa horda de irrespons\u00e1veis. Enfim, ter\u00edamos uma vida mais tranquila.<\/p>\n<p>Que bom que o Governo Joaquim Neto se sensibilizou com o padecimento dos mun\u00edcipes diante dessa nossa triste representa\u00e7\u00e3o legislativa. S\u00f3 rezemos para que for\u00e7as ocultas(n\u00e3o t\u00e3o ocultas assim) atrapalhem este projeto de liberta\u00e7\u00e3o do desenvolvimento econ\u00f4mico de Alagoinhas.<\/p>\n<p><strong>Escrito por Caio Pimenta, advogado, \u00e2ncora do programa Primeira M\u00e3o, da radio Ouro Negro 100,5 FM. Ele tamb\u00e9m escreve sua coluna no site News Infoco, do qual \u00e9 editor- chefe e dirige a radio web 2 de julho.<\/strong><\/p>\n<div class='share-to-whatsapp-wrapper'><div class='share-on-whsp'>Share on: <\/div><a data-text='Polo industrial de Alagoinhas livrar\u00e1 o nosso desenvolvimento econ\u00f4mico das irresponsabilidades da C\u00e2mara de Vereadores - Por Caio Pimenta' data-link='https:\/\/newsinfoco.com.br\/inicio\/polo-industrial-de-alagoinhas-livrara-o-nosso-desenvolvimento-economico-das-irresponsabilidades-da-camara-de-vereadores-por-caio-pimenta\/' class='whatsapp-button whatsapp-share'>WhatsApp<\/a><div class='clear '><\/div><\/div>","protected":false},"excerpt":{"rendered":"<p>Se tem algo que me encheu de felicidade no dia hoje foi a noticia de que o governo Joaquim Neto trabalha junto ao Governo do Estado pela demarca\u00e7\u00e3o de uma \u00e1rea para instala\u00e7\u00e3o de futuras empresas no munic\u00edpio de Alagoinhas, o chamado polo industrial. Mais do que nunca, \u00e9 de suma import\u00e2ncia para Alagoinhas constituir [&hellip;]<\/p>\n","protected":false},"author":1,"featured_media":1068,"comment_status":"closed","ping_status":"closed","sticky":false,"template":"","format":"standard","meta":{"om_disable_all_campaigns":false,"rop_custom_images_group":[],"rop_custom_messages_group":[],"rop_publish_now":"initial","rop_publish_now_accounts":[],"rop_publish_now_history":[],"rop_publish_now_status":"pending","_exactmetrics_skip_tracking":false,"footnotes":""},"categories":[26],"tags":[],"class_list":["post-31126","post","type-post","status-publish","format-standard","has-post-thumbnail","hentry","category-caio-pimenta"],"aioseo_notices":[],"aioseo_head":"\n\t\t<!-- All in One SEO 4.9.10 - aioseo.com -->\n\t<meta name=\"description\" content=\"Se tem algo que me encheu de felicidade no dia hoje foi a noticia de que o governo Joaquim Neto trabalha junto ao Governo do Estado pela demarca\u00e7\u00e3o de uma \u00e1rea para instala\u00e7\u00e3o de futuras empresas no munic\u00edpio de Alagoinhas, o chamado polo industrial. Mais do que nunca, \u00e9 de suma import\u00e2ncia para Alagoinhas constituir\" \/>\n\t<meta name=\"robots\" content=\"max-image-preview:large\" \/>\n\t<meta name=\"author\" content=\"administrador\"\/>\n\t<link rel=\"canonical\" href=\"https:\/\/newsinfoco.com.br\/inicio\/polo-industrial-de-alagoinhas-livrara-o-nosso-desenvolvimento-economico-das-irresponsabilidades-da-camara-de-vereadores-por-caio-pimenta\/\" \/>\n\t<meta name=\"generator\" content=\"All in One SEO (AIOSEO) 4.9.10\" \/>\n\t\t<meta property=\"og:locale\" content=\"pt_BR\" \/>\n\t\t<meta property=\"og:site_name\" content=\"News In Foco - Editado por Caio Pimenta - O principal site de noticias de Alagoinhas e regi\u00e3o\" \/>\n\t\t<meta property=\"og:type\" content=\"article\" \/>\n\t\t<meta property=\"og:title\" content=\"Polo industrial de Alagoinhas livrar\u00e1 o nosso desenvolvimento econ\u00f4mico das irresponsabilidades da C\u00e2mara de Vereadores \u2013 Por Caio Pimenta - News In Foco - Editado por Caio Pimenta\" \/>\n\t\t<meta property=\"og:description\" content=\"Se tem algo que me encheu de felicidade no dia hoje foi a noticia de que o governo Joaquim Neto trabalha junto ao Governo do Estado pela demarca\u00e7\u00e3o de uma \u00e1rea para instala\u00e7\u00e3o de futuras empresas no munic\u00edpio de Alagoinhas, o chamado polo industrial. Mais do que nunca, \u00e9 de suma import\u00e2ncia para Alagoinhas constituir\" \/>\n\t\t<meta property=\"og:url\" content=\"https:\/\/newsinfoco.com.br\/inicio\/polo-industrial-de-alagoinhas-livrara-o-nosso-desenvolvimento-economico-das-irresponsabilidades-da-camara-de-vereadores-por-caio-pimenta\/\" \/>\n\t\t<meta property=\"article:published_time\" content=\"2022-08-08T21:41:13+00:00\" \/>\n\t\t<meta property=\"article:modified_time\" content=\"2022-08-08T21:41:13+00:00\" \/>\n\t\t<meta name=\"twitter:card\" content=\"summary_large_image\" \/>\n\t\t<meta name=\"twitter:title\" content=\"Polo industrial de Alagoinhas livrar\u00e1 o nosso desenvolvimento econ\u00f4mico das irresponsabilidades da C\u00e2mara de Vereadores \u2013 Por Caio Pimenta - News In Foco - Editado por Caio Pimenta\" \/>\n\t\t<meta name=\"twitter:description\" content=\"Se tem algo que me encheu de felicidade no dia hoje foi a noticia de que o governo Joaquim Neto trabalha junto ao Governo do Estado pela demarca\u00e7\u00e3o de uma \u00e1rea para instala\u00e7\u00e3o de futuras empresas no munic\u00edpio de Alagoinhas, o chamado polo industrial. Mais do que nunca, \u00e9 de suma import\u00e2ncia para Alagoinhas constituir\" \/>\n\t\t<script type=\"application\/ld+json\" class=\"aioseo-schema\">\n\t\t\t{\"@context\":\"https:\\\/\\\/schema.org\",\"@graph\":[{\"@type\":\"BlogPosting\",\"@id\":\"https:\\\/\\\/newsinfoco.com.br\\\/inicio\\\/polo-industrial-de-alagoinhas-livrara-o-nosso-desenvolvimento-economico-das-irresponsabilidades-da-camara-de-vereadores-por-caio-pimenta\\\/#blogposting\",\"name\":\"Polo industrial de Alagoinhas livrar\\u00e1 o nosso desenvolvimento econ\\u00f4mico das irresponsabilidades da C\\u00e2mara de Vereadores \\u2013 Por Caio Pimenta - News In Foco - Editado por Caio Pimenta\",\"headline\":\"Polo industrial de Alagoinhas livrar\\u00e1 o nosso desenvolvimento econ\\u00f4mico das irresponsabilidades da C\\u00e2mara de Vereadores &#8211; Por Caio Pimenta\",\"author\":{\"@id\":\"https:\\\/\\\/newsinfoco.com.br\\\/inicio\\\/author\\\/administrador\\\/#author\"},\"publisher\":{\"@id\":\"https:\\\/\\\/newsinfoco.com.br\\\/inicio\\\/#organization\"},\"image\":{\"@type\":\"ImageObject\",\"url\":\"https:\\\/\\\/newsinfoco.com.br\\\/inicio\\\/wp-content\\\/uploads\\\/2018\\\/03\\\/C\\u00c2MARA-VEREADORES-DE-ALAGOINHAS-800x422.jpeg\",\"width\":800,\"height\":422},\"datePublished\":\"2022-08-08T18:41:13-03:00\",\"dateModified\":\"2022-08-08T18:41:13-03:00\",\"inLanguage\":\"pt-BR\",\"mainEntityOfPage\":{\"@id\":\"https:\\\/\\\/newsinfoco.com.br\\\/inicio\\\/polo-industrial-de-alagoinhas-livrara-o-nosso-desenvolvimento-economico-das-irresponsabilidades-da-camara-de-vereadores-por-caio-pimenta\\\/#webpage\"},\"isPartOf\":{\"@id\":\"https:\\\/\\\/newsinfoco.com.br\\\/inicio\\\/polo-industrial-de-alagoinhas-livrara-o-nosso-desenvolvimento-economico-das-irresponsabilidades-da-camara-de-vereadores-por-caio-pimenta\\\/#webpage\"},\"articleSection\":\"Caio Pimenta\"},{\"@type\":\"BreadcrumbList\",\"@id\":\"https:\\\/\\\/newsinfoco.com.br\\\/inicio\\\/polo-industrial-de-alagoinhas-livrara-o-nosso-desenvolvimento-economico-das-irresponsabilidades-da-camara-de-vereadores-por-caio-pimenta\\\/#breadcrumblist\",\"itemListElement\":[{\"@type\":\"ListItem\",\"@id\":\"https:\\\/\\\/newsinfoco.com.br\\\/inicio#listItem\",\"position\":1,\"name\":\"In\\u00edcio\",\"item\":\"https:\\\/\\\/newsinfoco.com.br\\\/inicio\",\"nextItem\":{\"@type\":\"ListItem\",\"@id\":\"https:\\\/\\\/newsinfoco.com.br\\\/inicio\\\/category\\\/caio-pimenta\\\/#listItem\",\"name\":\"Caio Pimenta\"}},{\"@type\":\"ListItem\",\"@id\":\"https:\\\/\\\/newsinfoco.com.br\\\/inicio\\\/category\\\/caio-pimenta\\\/#listItem\",\"position\":2,\"name\":\"Caio Pimenta\",\"item\":\"https:\\\/\\\/newsinfoco.com.br\\\/inicio\\\/category\\\/caio-pimenta\\\/\",\"nextItem\":{\"@type\":\"ListItem\",\"@id\":\"https:\\\/\\\/newsinfoco.com.br\\\/inicio\\\/polo-industrial-de-alagoinhas-livrara-o-nosso-desenvolvimento-economico-das-irresponsabilidades-da-camara-de-vereadores-por-caio-pimenta\\\/#listItem\",\"name\":\"Polo industrial de Alagoinhas livrar\\u00e1 o nosso desenvolvimento econ\\u00f4mico das irresponsabilidades da C\\u00e2mara de Vereadores &#8211; Por Caio Pimenta\"},\"previousItem\":{\"@type\":\"ListItem\",\"@id\":\"https:\\\/\\\/newsinfoco.com.br\\\/inicio#listItem\",\"name\":\"In\\u00edcio\"}},{\"@type\":\"ListItem\",\"@id\":\"https:\\\/\\\/newsinfoco.com.br\\\/inicio\\\/polo-industrial-de-alagoinhas-livrara-o-nosso-desenvolvimento-economico-das-irresponsabilidades-da-camara-de-vereadores-por-caio-pimenta\\\/#listItem\",\"position\":3,\"name\":\"Polo industrial de Alagoinhas livrar\\u00e1 o nosso desenvolvimento econ\\u00f4mico das irresponsabilidades da C\\u00e2mara de Vereadores &#8211; Por Caio Pimenta\",\"previousItem\":{\"@type\":\"ListItem\",\"@id\":\"https:\\\/\\\/newsinfoco.com.br\\\/inicio\\\/category\\\/caio-pimenta\\\/#listItem\",\"name\":\"Caio Pimenta\"}}]},{\"@type\":\"Organization\",\"@id\":\"https:\\\/\\\/newsinfoco.com.br\\\/inicio\\\/#organization\",\"name\":\"News In Foco - Editado por Caio Pimenta\",\"description\":\"O principal site de noticias de Alagoinhas e regi\\u00e3o\",\"url\":\"https:\\\/\\\/newsinfoco.com.br\\\/inicio\\\/\"},{\"@type\":\"Person\",\"@id\":\"https:\\\/\\\/newsinfoco.com.br\\\/inicio\\\/author\\\/administrador\\\/#author\",\"url\":\"https:\\\/\\\/newsinfoco.com.br\\\/inicio\\\/author\\\/administrador\\\/\",\"name\":\"administrador\",\"image\":{\"@type\":\"ImageObject\",\"@id\":\"https:\\\/\\\/newsinfoco.com.br\\\/inicio\\\/polo-industrial-de-alagoinhas-livrara-o-nosso-desenvolvimento-economico-das-irresponsabilidades-da-camara-de-vereadores-por-caio-pimenta\\\/#authorImage\",\"url\":\"https:\\\/\\\/secure.gravatar.com\\\/avatar\\\/c17a617433de8c1dc9584bb79aab7563b46f5bb7e1728c9b17d9cc3ce6a08e49?s=96&d=mm&r=g\",\"width\":96,\"height\":96,\"caption\":\"administrador\"}},{\"@type\":\"WebPage\",\"@id\":\"https:\\\/\\\/newsinfoco.com.br\\\/inicio\\\/polo-industrial-de-alagoinhas-livrara-o-nosso-desenvolvimento-economico-das-irresponsabilidades-da-camara-de-vereadores-por-caio-pimenta\\\/#webpage\",\"url\":\"https:\\\/\\\/newsinfoco.com.br\\\/inicio\\\/polo-industrial-de-alagoinhas-livrara-o-nosso-desenvolvimento-economico-das-irresponsabilidades-da-camara-de-vereadores-por-caio-pimenta\\\/\",\"name\":\"Polo industrial de Alagoinhas livrar\\u00e1 o nosso desenvolvimento econ\\u00f4mico das irresponsabilidades da C\\u00e2mara de Vereadores \\u2013 Por Caio Pimenta - News In Foco - Editado por Caio Pimenta\",\"description\":\"Se tem algo que me encheu de felicidade no dia hoje foi a noticia de que o governo Joaquim Neto trabalha junto ao Governo do Estado pela demarca\\u00e7\\u00e3o de uma \\u00e1rea para instala\\u00e7\\u00e3o de futuras empresas no munic\\u00edpio de Alagoinhas, o chamado polo industrial. Mais do que nunca, \\u00e9 de suma import\\u00e2ncia para Alagoinhas constituir\",\"inLanguage\":\"pt-BR\",\"isPartOf\":{\"@id\":\"https:\\\/\\\/newsinfoco.com.br\\\/inicio\\\/#website\"},\"breadcrumb\":{\"@id\":\"https:\\\/\\\/newsinfoco.com.br\\\/inicio\\\/polo-industrial-de-alagoinhas-livrara-o-nosso-desenvolvimento-economico-das-irresponsabilidades-da-camara-de-vereadores-por-caio-pimenta\\\/#breadcrumblist\"},\"author\":{\"@id\":\"https:\\\/\\\/newsinfoco.com.br\\\/inicio\\\/author\\\/administrador\\\/#author\"},\"creator\":{\"@id\":\"https:\\\/\\\/newsinfoco.com.br\\\/inicio\\\/author\\\/administrador\\\/#author\"},\"image\":{\"@type\":\"ImageObject\",\"url\":\"https:\\\/\\\/newsinfoco.com.br\\\/inicio\\\/wp-content\\\/uploads\\\/2018\\\/03\\\/C\\u00c2MARA-VEREADORES-DE-ALAGOINHAS-800x422.jpeg\",\"@id\":\"https:\\\/\\\/newsinfoco.com.br\\\/inicio\\\/polo-industrial-de-alagoinhas-livrara-o-nosso-desenvolvimento-economico-das-irresponsabilidades-da-camara-de-vereadores-por-caio-pimenta\\\/#mainImage\",\"width\":800,\"height\":422},\"primaryImageOfPage\":{\"@id\":\"https:\\\/\\\/newsinfoco.com.br\\\/inicio\\\/polo-industrial-de-alagoinhas-livrara-o-nosso-desenvolvimento-economico-das-irresponsabilidades-da-camara-de-vereadores-por-caio-pimenta\\\/#mainImage\"},\"datePublished\":\"2022-08-08T18:41:13-03:00\",\"dateModified\":\"2022-08-08T18:41:13-03:00\"},{\"@type\":\"WebSite\",\"@id\":\"https:\\\/\\\/newsinfoco.com.br\\\/inicio\\\/#website\",\"url\":\"https:\\\/\\\/newsinfoco.com.br\\\/inicio\\\/\",\"name\":\"News In Foco - Editado por Caio Pimenta\",\"description\":\"O principal site de noticias de Alagoinhas e regi\\u00e3o\",\"inLanguage\":\"pt-BR\",\"publisher\":{\"@id\":\"https:\\\/\\\/newsinfoco.com.br\\\/inicio\\\/#organization\"}}]}\n\t\t<\/script>\n\t\t<!-- All in One SEO -->\n\n","aioseo_head_json":{"title":"Polo industrial de Alagoinhas livrar\u00e1 o nosso desenvolvimento econ\u00f4mico das irresponsabilidades da C\u00e2mara de Vereadores \u2013 Por Caio Pimenta - News In Foco - Editado por Caio Pimenta","description":"Se tem algo que me encheu de felicidade no dia hoje foi a noticia de que o governo Joaquim Neto trabalha junto ao Governo do Estado pela demarca\u00e7\u00e3o de uma \u00e1rea para instala\u00e7\u00e3o de futuras empresas no munic\u00edpio de Alagoinhas, o chamado polo industrial. Mais do que nunca, \u00e9 de suma import\u00e2ncia para Alagoinhas constituir","canonical_url":"https:\/\/newsinfoco.com.br\/inicio\/polo-industrial-de-alagoinhas-livrara-o-nosso-desenvolvimento-economico-das-irresponsabilidades-da-camara-de-vereadores-por-caio-pimenta\/","robots":"max-image-preview:large","keywords":"","webmasterTools":{"miscellaneous":""},"schema":{"@context":"https:\/\/schema.org","@graph":[{"@type":"BlogPosting","@id":"https:\/\/newsinfoco.com.br\/inicio\/polo-industrial-de-alagoinhas-livrara-o-nosso-desenvolvimento-economico-das-irresponsabilidades-da-camara-de-vereadores-por-caio-pimenta\/#blogposting","name":"Polo industrial de Alagoinhas livrar\u00e1 o nosso desenvolvimento econ\u00f4mico das irresponsabilidades da C\u00e2mara de Vereadores \u2013 Por Caio Pimenta - News In Foco - Editado por Caio Pimenta","headline":"Polo industrial de Alagoinhas livrar\u00e1 o nosso desenvolvimento econ\u00f4mico das irresponsabilidades da C\u00e2mara de Vereadores &#8211; Por Caio Pimenta","author":{"@id":"https:\/\/newsinfoco.com.br\/inicio\/author\/administrador\/#author"},"publisher":{"@id":"https:\/\/newsinfoco.com.br\/inicio\/#organization"},"image":{"@type":"ImageObject","url":"https:\/\/newsinfoco.com.br\/inicio\/wp-content\/uploads\/2018\/03\/C\u00c2MARA-VEREADORES-DE-ALAGOINHAS-800x422.jpeg","width":800,"height":422},"datePublished":"2022-08-08T18:41:13-03:00","dateModified":"2022-08-08T18:41:13-03:00","inLanguage":"pt-BR","mainEntityOfPage":{"@id":"https:\/\/newsinfoco.com.br\/inicio\/polo-industrial-de-alagoinhas-livrara-o-nosso-desenvolvimento-economico-das-irresponsabilidades-da-camara-de-vereadores-por-caio-pimenta\/#webpage"},"isPartOf":{"@id":"https:\/\/newsinfoco.com.br\/inicio\/polo-industrial-de-alagoinhas-livrara-o-nosso-desenvolvimento-economico-das-irresponsabilidades-da-camara-de-vereadores-por-caio-pimenta\/#webpage"},"articleSection":"Caio Pimenta"},{"@type":"BreadcrumbList","@id":"https:\/\/newsinfoco.com.br\/inicio\/polo-industrial-de-alagoinhas-livrara-o-nosso-desenvolvimento-economico-das-irresponsabilidades-da-camara-de-vereadores-por-caio-pimenta\/#breadcrumblist","itemListElement":[{"@type":"ListItem","@id":"https:\/\/newsinfoco.com.br\/inicio#listItem","position":1,"name":"In\u00edcio","item":"https:\/\/newsinfoco.com.br\/inicio","nextItem":{"@type":"ListItem","@id":"https:\/\/newsinfoco.com.br\/inicio\/category\/caio-pimenta\/#listItem","name":"Caio Pimenta"}},{"@type":"ListItem","@id":"https:\/\/newsinfoco.com.br\/inicio\/category\/caio-pimenta\/#listItem","position":2,"name":"Caio Pimenta","item":"https:\/\/newsinfoco.com.br\/inicio\/category\/caio-pimenta\/","nextItem":{"@type":"ListItem","@id":"https:\/\/newsinfoco.com.br\/inicio\/polo-industrial-de-alagoinhas-livrara-o-nosso-desenvolvimento-economico-das-irresponsabilidades-da-camara-de-vereadores-por-caio-pimenta\/#listItem","name":"Polo industrial de Alagoinhas livrar\u00e1 o nosso desenvolvimento econ\u00f4mico das irresponsabilidades da C\u00e2mara de Vereadores &#8211; Por Caio Pimenta"},"previousItem":{"@type":"ListItem","@id":"https:\/\/newsinfoco.com.br\/inicio#listItem","name":"In\u00edcio"}},{"@type":"ListItem","@id":"https:\/\/newsinfoco.com.br\/inicio\/polo-industrial-de-alagoinhas-livrara-o-nosso-desenvolvimento-economico-das-irresponsabilidades-da-camara-de-vereadores-por-caio-pimenta\/#listItem","position":3,"name":"Polo industrial de Alagoinhas livrar\u00e1 o nosso desenvolvimento econ\u00f4mico das irresponsabilidades da C\u00e2mara de Vereadores &#8211; Por Caio Pimenta","previousItem":{"@type":"ListItem","@id":"https:\/\/newsinfoco.com.br\/inicio\/category\/caio-pimenta\/#listItem","name":"Caio Pimenta"}}]},{"@type":"Organization","@id":"https:\/\/newsinfoco.com.br\/inicio\/#organization","name":"News In Foco - Editado por Caio Pimenta","description":"O principal site de noticias de Alagoinhas e regi\u00e3o","url":"https:\/\/newsinfoco.com.br\/inicio\/"},{"@type":"Person","@id":"https:\/\/newsinfoco.com.br\/inicio\/author\/administrador\/#author","url":"https:\/\/newsinfoco.com.br\/inicio\/author\/administrador\/","name":"administrador","image":{"@type":"ImageObject","@id":"https:\/\/newsinfoco.com.br\/inicio\/polo-industrial-de-alagoinhas-livrara-o-nosso-desenvolvimento-economico-das-irresponsabilidades-da-camara-de-vereadores-por-caio-pimenta\/#authorImage","url":"https:\/\/secure.gravatar.com\/avatar\/c17a617433de8c1dc9584bb79aab7563b46f5bb7e1728c9b17d9cc3ce6a08e49?s=96&d=mm&r=g","width":96,"height":96,"caption":"administrador"}},{"@type":"WebPage","@id":"https:\/\/newsinfoco.com.br\/inicio\/polo-industrial-de-alagoinhas-livrara-o-nosso-desenvolvimento-economico-das-irresponsabilidades-da-camara-de-vereadores-por-caio-pimenta\/#webpage","url":"https:\/\/newsinfoco.com.br\/inicio\/polo-industrial-de-alagoinhas-livrara-o-nosso-desenvolvimento-economico-das-irresponsabilidades-da-camara-de-vereadores-por-caio-pimenta\/","name":"Polo industrial de Alagoinhas livrar\u00e1 o nosso desenvolvimento econ\u00f4mico das irresponsabilidades da C\u00e2mara de Vereadores \u2013 Por Caio Pimenta - News In Foco - Editado por Caio Pimenta","description":"Se tem algo que me encheu de felicidade no dia hoje foi a noticia de que o governo Joaquim Neto trabalha junto ao Governo do Estado pela demarca\u00e7\u00e3o de uma \u00e1rea para instala\u00e7\u00e3o de futuras empresas no munic\u00edpio de Alagoinhas, o chamado polo industrial. Mais do que nunca, \u00e9 de suma import\u00e2ncia para Alagoinhas constituir","inLanguage":"pt-BR","isPartOf":{"@id":"https:\/\/newsinfoco.com.br\/inicio\/#website"},"breadcrumb":{"@id":"https:\/\/newsinfoco.com.br\/inicio\/polo-industrial-de-alagoinhas-livrara-o-nosso-desenvolvimento-economico-das-irresponsabilidades-da-camara-de-vereadores-por-caio-pimenta\/#breadcrumblist"},"author":{"@id":"https:\/\/newsinfoco.com.br\/inicio\/author\/administrador\/#author"},"creator":{"@id":"https:\/\/newsinfoco.com.br\/inicio\/author\/administrador\/#author"},"image":{"@type":"ImageObject","url":"https:\/\/newsinfoco.com.br\/inicio\/wp-content\/uploads\/2018\/03\/C\u00c2MARA-VEREADORES-DE-ALAGOINHAS-800x422.jpeg","@id":"https:\/\/newsinfoco.com.br\/inicio\/polo-industrial-de-alagoinhas-livrara-o-nosso-desenvolvimento-economico-das-irresponsabilidades-da-camara-de-vereadores-por-caio-pimenta\/#mainImage","width":800,"height":422},"primaryImageOfPage":{"@id":"https:\/\/newsinfoco.com.br\/inicio\/polo-industrial-de-alagoinhas-livrara-o-nosso-desenvolvimento-economico-das-irresponsabilidades-da-camara-de-vereadores-por-caio-pimenta\/#mainImage"},"datePublished":"2022-08-08T18:41:13-03:00","dateModified":"2022-08-08T18:41:13-03:00"},{"@type":"WebSite","@id":"https:\/\/newsinfoco.com.br\/inicio\/#website","url":"https:\/\/newsinfoco.com.br\/inicio\/","name":"News In Foco - Editado por Caio Pimenta","description":"O principal site de noticias de Alagoinhas e regi\u00e3o","inLanguage":"pt-BR","publisher":{"@id":"https:\/\/newsinfoco.com.br\/inicio\/#organization"}}]},"og:locale":"pt_BR","og:site_name":"News In Foco - Editado por Caio Pimenta - O principal site de noticias de Alagoinhas e regi\u00e3o","og:type":"article","og:title":"Polo industrial de Alagoinhas livrar\u00e1 o nosso desenvolvimento econ\u00f4mico das irresponsabilidades da C\u00e2mara de Vereadores \u2013 Por Caio Pimenta - News In Foco - Editado por Caio Pimenta","og:description":"Se tem algo que me encheu de felicidade no dia hoje foi a noticia de que o governo Joaquim Neto trabalha junto ao Governo do Estado pela demarca\u00e7\u00e3o de uma \u00e1rea para instala\u00e7\u00e3o de futuras empresas no munic\u00edpio de Alagoinhas, o chamado polo industrial. Mais do que nunca, \u00e9 de suma import\u00e2ncia para Alagoinhas constituir","og:url":"https:\/\/newsinfoco.com.br\/inicio\/polo-industrial-de-alagoinhas-livrara-o-nosso-desenvolvimento-economico-das-irresponsabilidades-da-camara-de-vereadores-por-caio-pimenta\/","article:published_time":"2022-08-08T21:41:13+00:00","article:modified_time":"2022-08-08T21:41:13+00:00","twitter:card":"summary_large_image","twitter:title":"Polo industrial de Alagoinhas livrar\u00e1 o nosso desenvolvimento econ\u00f4mico das irresponsabilidades da C\u00e2mara de Vereadores \u2013 Por Caio Pimenta - News In Foco - Editado por Caio Pimenta","twitter:description":"Se tem algo que me encheu de felicidade no dia hoje foi a noticia de que o governo Joaquim Neto trabalha junto ao Governo do Estado pela demarca\u00e7\u00e3o de uma \u00e1rea para instala\u00e7\u00e3o de futuras empresas no munic\u00edpio de Alagoinhas, o chamado polo industrial. Mais do que nunca, \u00e9 de suma import\u00e2ncia para Alagoinhas constituir"},"aioseo_meta_data":{"post_id":"31126","title":null,"description":null,"keywords":null,"keyphrases":null,"primary_term":null,"canonical_url":null,"og_title":null,"og_description":null,"og_object_type":"default","og_image_type":"default","og_image_url":null,"og_image_width":null,"og_image_height":null,"og_image_custom_url":null,"og_image_custom_fields":null,"og_video":null,"og_custom_url":null,"og_article_section":null,"og_article_tags":null,"twitter_use_og":false,"twitter_card":"default","twitter_image_type":"default","twitter_image_url":null,"twitter_image_custom_url":null,"twitter_image_custom_fields":null,"twitter_title":null,"twitter_description":null,"schema":{"blockGraphs":[],"customGraphs":[],"default":{"data":{"Article":[],"Course":[],"Dataset":[],"FAQPage":[],"Movie":[],"Person":[],"Product":[],"ProductReview":[],"Car":[],"Recipe":[],"Service":[],"SoftwareApplication":[],"WebPage":[]},"graphName":"","isEnabled":true},"graphs":[]},"schema_type":"default","schema_type_options":null,"pillar_content":false,"robots_default":true,"robots_noindex":false,"robots_noarchive":false,"robots_nosnippet":false,"robots_nofollow":false,"robots_noimageindex":false,"robots_noodp":false,"robots_notranslate":false,"robots_max_snippet":null,"robots_max_videopreview":null,"robots_max_imagepreview":"large","priority":null,"frequency":null,"local_seo":null,"breadcrumb_settings":null,"limit_modified_date":false,"ai":null,"created":"2023-06-12 21:57:17","updated":"2025-07-11 08:11:54","seo_analyzer_scan_date":null},"aioseo_breadcrumb":"<div class=\"aioseo-breadcrumbs\"><span class=\"aioseo-breadcrumb\">\n\t\t\t<a href=\"https:\/\/newsinfoco.com.br\/inicio\" title=\"In\u00edcio\">In\u00edcio<\/a>\n\t\t<\/span><span class=\"aioseo-breadcrumb-separator\">&raquo;<\/span><span class=\"aioseo-breadcrumb\">\n\t\t\t<a href=\"https:\/\/newsinfoco.com.br\/inicio\/category\/caio-pimenta\/\" title=\"Caio Pimenta\">Caio Pimenta<\/a>\n\t\t<\/span><span class=\"aioseo-breadcrumb-separator\">&raquo;<\/span><span class=\"aioseo-breadcrumb\">\n\t\t\tPolo industrial de Alagoinhas livrar\u00e1 o nosso desenvolvimento econ\u00f4mico das irresponsabilidades da C\u00e2mara de Vereadores \u2013 Por Caio Pimenta\n\t\t<\/span><\/div>","aioseo_breadcrumb_json":[{"label":"In\u00edcio","link":"https:\/\/newsinfoco.com.br\/inicio"},{"label":"Caio Pimenta","link":"https:\/\/newsinfoco.com.br\/inicio\/category\/caio-pimenta\/"},{"label":"Polo industrial de Alagoinhas livrar\u00e1 o nosso desenvolvimento econ\u00f4mico das irresponsabilidades da C\u00e2mara de Vereadores &#8211; Por Caio Pimenta","link":"https:\/\/newsinfoco.com.br\/inicio\/polo-industrial-de-alagoinhas-livrara-o-nosso-desenvolvimento-economico-das-irresponsabilidades-da-camara-de-vereadores-por-caio-pimenta\/"}],"_links":{"self":[{"href":"https:\/\/newsinfoco.com.br\/inicio\/wp-json\/wp\/v2\/posts\/31126","targetHints":{"allow":["GET"]}}],"collection":[{"href":"https:\/\/newsinfoco.com.br\/inicio\/wp-json\/wp\/v2\/posts"}],"about":[{"href":"https:\/\/newsinfoco.com.br\/inicio\/wp-json\/wp\/v2\/types\/post"}],"author":[{"embeddable":true,"href":"https:\/\/newsinfoco.com.br\/inicio\/wp-json\/wp\/v2\/users\/1"}],"replies":[{"embeddable":true,"href":"https:\/\/newsinfoco.com.br\/inicio\/wp-json\/wp\/v2\/comments?post=31126"}],"version-history":[{"count":1,"href":"https:\/\/newsinfoco.com.br\/inicio\/wp-json\/wp\/v2\/posts\/31126\/revisions"}],"predecessor-version":[{"id":31127,"href":"https:\/\/newsinfoco.com.br\/inicio\/wp-json\/wp\/v2\/posts\/31126\/revisions\/31127"}],"wp:featuredmedia":[{"embeddable":true,"href":"https:\/\/newsinfoco.com.br\/inicio\/wp-json\/wp\/v2\/media\/1068"}],"wp:attachment":[{"href":"https:\/\/newsinfoco.com.br\/inicio\/wp-json\/wp\/v2\/media?parent=31126"}],"wp:term":[{"taxonomy":"category","embeddable":true,"href":"https:\/\/newsinfoco.com.br\/inicio\/wp-json\/wp\/v2\/categories?post=31126"},{"taxonomy":"post_tag","embeddable":true,"href":"https:\/\/newsinfoco.com.br\/inicio\/wp-json\/wp\/v2\/tags?post=31126"}],"curies":[{"name":"wp","href":"https:\/\/api.w.org\/{rel}","templated":true}]}}