{"id":31174,"date":"2022-08-11T16:07:46","date_gmt":"2022-08-11T19:07:46","guid":{"rendered":"https:\/\/newsinfoco.com.br\/inicio\/?p=31174"},"modified":"2022-08-11T16:13:54","modified_gmt":"2022-08-11T19:13:54","slug":"sem-quorum-sessao-da-camara-municipal-de-alagoinhas-termina-em-menos-de-2-minutos","status":"publish","type":"post","link":"https:\/\/newsinfoco.com.br\/inicio\/sem-quorum-sessao-da-camara-municipal-de-alagoinhas-termina-em-menos-de-2-minutos\/","title":{"rendered":"Sem qu\u00f3rum, sess\u00e3o da C\u00e2mara Municipal de Alagoinhas termina em menos de 2 minutos"},"content":{"rendered":"<p>A sess\u00e3o da C\u00e2mara Municipal de Alagoinhas desta quinta-feira(11) durou menos de 2 minutos. Por falta de qu\u00f3rum, sem vereadores inscritos para o pequeno e o grande expediente, nem mat\u00e9rias a serem apreciadas, a vereadora Raimunda Flor\u00eancio, que presidia a sess\u00e3o, concluiu os trabalhos rapidamente, aproveitando para convocar os edis para a pr\u00f3xima sess\u00e3o, que ocorrer\u00e1 na pr\u00f3xima ter\u00e7a-feira(16).<\/p>\n<p>Compareceram na sess\u00e3o, al\u00e9m da vereadora Raimunda Flor\u00eancio(PSD), os vereadores Anderson Baqueiro(UB), Raimundo Gode(UB), Professor Ar\u00e3o(PL) e Luciano Almeida(UB). Na transmiss\u00e3o pela internet n\u00e3o foi veiculado nenhuma justificativa para a falta dos outros edis. At\u00e9 o momento nenhuma nota explicativa foi emitida pela assessoria de imprensa da Casa.<\/p>\n<p>N\u00e3o se encontravam no plen\u00e1rio, no momento da sess\u00e3o, os seguintes vereadores: Cleto da Banana(PSD), Luma Menezes(PDT), Jaldice Nunes(UB), Juci Cardoso(PC do B), Thor de Ninha(PT), Jorge da Farinha(PL), Edy da Sa\u00fade(Republicanos), Anselmo Bal(Republicanos), Codoro(MDB), M\u00e1rcio da Cavada(PP), Djalma Santos(Republicanos) e Juraci Nascimento(PROS).<\/p>\n<p>Esta \u00e9 a segunda sess\u00e3o consecutiva que o presidente da Casa, o vereador Cleto da Banana, n\u00e3o comparece.<\/p>\n<p>As sess\u00f5es na C\u00e2mara Municipal de Alagoinhas acontecem duas vezes na semana, as ter\u00e7as e quintas, a partir das 15 horas.<\/p>\n<p>Por Caio Pimenta para o News Infoco<\/p>\n<div class='share-to-whatsapp-wrapper'><div class='share-on-whsp'>Share on: <\/div><a data-text='Sem qu\u00f3rum, sess\u00e3o da C\u00e2mara Municipal de Alagoinhas termina em menos de 2 minutos' data-link='https:\/\/newsinfoco.com.br\/inicio\/sem-quorum-sessao-da-camara-municipal-de-alagoinhas-termina-em-menos-de-2-minutos\/' class='whatsapp-button whatsapp-share'>WhatsApp<\/a><div class='clear '><\/div><\/div>","protected":false},"excerpt":{"rendered":"<p>A sess\u00e3o da C\u00e2mara Municipal de Alagoinhas desta quinta-feira(11) durou menos de 2 minutos. Por falta de qu\u00f3rum, sem vereadores inscritos para o pequeno e o grande expediente, nem mat\u00e9rias a serem apreciadas, a vereadora Raimunda Flor\u00eancio, que presidia a sess\u00e3o, concluiu os trabalhos rapidamente, aproveitando para convocar os edis para a pr\u00f3xima sess\u00e3o, que [&hellip;]<\/p>\n","protected":false},"author":1,"featured_media":31175,"comment_status":"closed","ping_status":"closed","sticky":false,"template":"","format":"standard","meta":{"om_disable_all_campaigns":false,"rop_custom_images_group":[],"rop_custom_messages_group":[],"rop_publish_now":"initial","rop_publish_now_accounts":[],"rop_publish_now_history":[],"rop_publish_now_status":"pending","_exactmetrics_skip_tracking":false,"footnotes":""},"categories":[38,167],"tags":[],"class_list":["post-31174","post","type-post","status-publish","format-standard","has-post-thumbnail","hentry","category-alagoinhas-e-regiao","category-exclusivas"],"aioseo_notices":[],"aioseo_head":"\n\t\t<!-- All in One SEO 4.9.10 - aioseo.com -->\n\t<meta name=\"description\" content=\"A sess\u00e3o da C\u00e2mara Municipal de Alagoinhas desta quinta-feira(11) durou menos de 2 minutos. Por falta de qu\u00f3rum, sem vereadores inscritos para o pequeno e o grande expediente, nem mat\u00e9rias a serem apreciadas, a vereadora Raimunda Flor\u00eancio, que presidia a sess\u00e3o, concluiu os trabalhos rapidamente, aproveitando para convocar os edis para a pr\u00f3xima sess\u00e3o, que\" \/>\n\t<meta name=\"robots\" content=\"max-image-preview:large\" \/>\n\t<meta name=\"author\" content=\"administrador\"\/>\n\t<link rel=\"canonical\" href=\"https:\/\/newsinfoco.com.br\/inicio\/sem-quorum-sessao-da-camara-municipal-de-alagoinhas-termina-em-menos-de-2-minutos\/\" \/>\n\t<meta name=\"generator\" content=\"All in One SEO (AIOSEO) 4.9.10\" \/>\n\t\t<meta property=\"og:locale\" content=\"pt_BR\" \/>\n\t\t<meta property=\"og:site_name\" content=\"News In Foco - Editado por Caio Pimenta - O principal site de noticias de Alagoinhas e regi\u00e3o\" \/>\n\t\t<meta property=\"og:type\" content=\"article\" \/>\n\t\t<meta property=\"og:title\" content=\"Sem qu\u00f3rum, sess\u00e3o da C\u00e2mara Municipal de Alagoinhas termina em menos de 2 minutos - News In Foco - Editado por Caio Pimenta\" \/>\n\t\t<meta property=\"og:description\" content=\"A sess\u00e3o da C\u00e2mara Municipal de Alagoinhas desta quinta-feira(11) durou menos de 2 minutos. Por falta de qu\u00f3rum, sem vereadores inscritos para o pequeno e o grande expediente, nem mat\u00e9rias a serem apreciadas, a vereadora Raimunda Flor\u00eancio, que presidia a sess\u00e3o, concluiu os trabalhos rapidamente, aproveitando para convocar os edis para a pr\u00f3xima sess\u00e3o, que\" \/>\n\t\t<meta property=\"og:url\" content=\"https:\/\/newsinfoco.com.br\/inicio\/sem-quorum-sessao-da-camara-municipal-de-alagoinhas-termina-em-menos-de-2-minutos\/\" \/>\n\t\t<meta property=\"article:published_time\" content=\"2022-08-11T19:07:46+00:00\" \/>\n\t\t<meta property=\"article:modified_time\" content=\"2022-08-11T19:13:54+00:00\" \/>\n\t\t<meta name=\"twitter:card\" content=\"summary_large_image\" \/>\n\t\t<meta name=\"twitter:title\" content=\"Sem qu\u00f3rum, sess\u00e3o da C\u00e2mara Municipal de Alagoinhas termina em menos de 2 minutos - News In Foco - Editado por Caio Pimenta\" \/>\n\t\t<meta name=\"twitter:description\" content=\"A sess\u00e3o da C\u00e2mara Municipal de Alagoinhas desta quinta-feira(11) durou menos de 2 minutos. Por falta de qu\u00f3rum, sem vereadores inscritos para o pequeno e o grande expediente, nem mat\u00e9rias a serem apreciadas, a vereadora Raimunda Flor\u00eancio, que presidia a sess\u00e3o, concluiu os trabalhos rapidamente, aproveitando para convocar os edis para a pr\u00f3xima sess\u00e3o, que\" \/>\n\t\t<script type=\"application\/ld+json\" class=\"aioseo-schema\">\n\t\t\t{\"@context\":\"https:\\\/\\\/schema.org\",\"@graph\":[{\"@type\":\"BlogPosting\",\"@id\":\"https:\\\/\\\/newsinfoco.com.br\\\/inicio\\\/sem-quorum-sessao-da-camara-municipal-de-alagoinhas-termina-em-menos-de-2-minutos\\\/#blogposting\",\"name\":\"Sem qu\\u00f3rum, sess\\u00e3o da C\\u00e2mara Municipal de Alagoinhas termina em menos de 2 minutos - News In Foco - Editado por Caio Pimenta\",\"headline\":\"Sem qu\\u00f3rum, sess\\u00e3o da C\\u00e2mara Municipal de Alagoinhas termina em menos de 2 minutos\",\"author\":{\"@id\":\"https:\\\/\\\/newsinfoco.com.br\\\/inicio\\\/author\\\/administrador\\\/#author\"},\"publisher\":{\"@id\":\"https:\\\/\\\/newsinfoco.com.br\\\/inicio\\\/#organization\"},\"image\":{\"@type\":\"ImageObject\",\"url\":\"https:\\\/\\\/newsinfoco.com.br\\\/inicio\\\/wp-content\\\/uploads\\\/2022\\\/08\\\/camara.png\",\"width\":723,\"height\":302},\"datePublished\":\"2022-08-11T16:07:46-03:00\",\"dateModified\":\"2022-08-11T16:13:54-03:00\",\"inLanguage\":\"pt-BR\",\"mainEntityOfPage\":{\"@id\":\"https:\\\/\\\/newsinfoco.com.br\\\/inicio\\\/sem-quorum-sessao-da-camara-municipal-de-alagoinhas-termina-em-menos-de-2-minutos\\\/#webpage\"},\"isPartOf\":{\"@id\":\"https:\\\/\\\/newsinfoco.com.br\\\/inicio\\\/sem-quorum-sessao-da-camara-municipal-de-alagoinhas-termina-em-menos-de-2-minutos\\\/#webpage\"},\"articleSection\":\"Alagoinhas e Regi\\u00e3o, Manchete\"},{\"@type\":\"BreadcrumbList\",\"@id\":\"https:\\\/\\\/newsinfoco.com.br\\\/inicio\\\/sem-quorum-sessao-da-camara-municipal-de-alagoinhas-termina-em-menos-de-2-minutos\\\/#breadcrumblist\",\"itemListElement\":[{\"@type\":\"ListItem\",\"@id\":\"https:\\\/\\\/newsinfoco.com.br\\\/inicio#listItem\",\"position\":1,\"name\":\"In\\u00edcio\",\"item\":\"https:\\\/\\\/newsinfoco.com.br\\\/inicio\",\"nextItem\":{\"@type\":\"ListItem\",\"@id\":\"https:\\\/\\\/newsinfoco.com.br\\\/inicio\\\/category\\\/alagoinhas-e-regiao\\\/#listItem\",\"name\":\"Alagoinhas e Regi\\u00e3o\"}},{\"@type\":\"ListItem\",\"@id\":\"https:\\\/\\\/newsinfoco.com.br\\\/inicio\\\/category\\\/alagoinhas-e-regiao\\\/#listItem\",\"position\":2,\"name\":\"Alagoinhas e Regi\\u00e3o\",\"item\":\"https:\\\/\\\/newsinfoco.com.br\\\/inicio\\\/category\\\/alagoinhas-e-regiao\\\/\",\"nextItem\":{\"@type\":\"ListItem\",\"@id\":\"https:\\\/\\\/newsinfoco.com.br\\\/inicio\\\/sem-quorum-sessao-da-camara-municipal-de-alagoinhas-termina-em-menos-de-2-minutos\\\/#listItem\",\"name\":\"Sem qu\\u00f3rum, sess\\u00e3o da C\\u00e2mara Municipal de Alagoinhas termina em menos de 2 minutos\"},\"previousItem\":{\"@type\":\"ListItem\",\"@id\":\"https:\\\/\\\/newsinfoco.com.br\\\/inicio#listItem\",\"name\":\"In\\u00edcio\"}},{\"@type\":\"ListItem\",\"@id\":\"https:\\\/\\\/newsinfoco.com.br\\\/inicio\\\/sem-quorum-sessao-da-camara-municipal-de-alagoinhas-termina-em-menos-de-2-minutos\\\/#listItem\",\"position\":3,\"name\":\"Sem qu\\u00f3rum, sess\\u00e3o da C\\u00e2mara Municipal de Alagoinhas termina em menos de 2 minutos\",\"previousItem\":{\"@type\":\"ListItem\",\"@id\":\"https:\\\/\\\/newsinfoco.com.br\\\/inicio\\\/category\\\/alagoinhas-e-regiao\\\/#listItem\",\"name\":\"Alagoinhas e Regi\\u00e3o\"}}]},{\"@type\":\"Organization\",\"@id\":\"https:\\\/\\\/newsinfoco.com.br\\\/inicio\\\/#organization\",\"name\":\"News In Foco - Editado por Caio Pimenta\",\"description\":\"O principal site de noticias de Alagoinhas e regi\\u00e3o\",\"url\":\"https:\\\/\\\/newsinfoco.com.br\\\/inicio\\\/\"},{\"@type\":\"Person\",\"@id\":\"https:\\\/\\\/newsinfoco.com.br\\\/inicio\\\/author\\\/administrador\\\/#author\",\"url\":\"https:\\\/\\\/newsinfoco.com.br\\\/inicio\\\/author\\\/administrador\\\/\",\"name\":\"administrador\",\"image\":{\"@type\":\"ImageObject\",\"@id\":\"https:\\\/\\\/newsinfoco.com.br\\\/inicio\\\/sem-quorum-sessao-da-camara-municipal-de-alagoinhas-termina-em-menos-de-2-minutos\\\/#authorImage\",\"url\":\"https:\\\/\\\/secure.gravatar.com\\\/avatar\\\/c17a617433de8c1dc9584bb79aab7563b46f5bb7e1728c9b17d9cc3ce6a08e49?s=96&d=mm&r=g\",\"width\":96,\"height\":96,\"caption\":\"administrador\"}},{\"@type\":\"WebPage\",\"@id\":\"https:\\\/\\\/newsinfoco.com.br\\\/inicio\\\/sem-quorum-sessao-da-camara-municipal-de-alagoinhas-termina-em-menos-de-2-minutos\\\/#webpage\",\"url\":\"https:\\\/\\\/newsinfoco.com.br\\\/inicio\\\/sem-quorum-sessao-da-camara-municipal-de-alagoinhas-termina-em-menos-de-2-minutos\\\/\",\"name\":\"Sem qu\\u00f3rum, sess\\u00e3o da C\\u00e2mara Municipal de Alagoinhas termina em menos de 2 minutos - News In Foco - Editado por Caio Pimenta\",\"description\":\"A sess\\u00e3o da C\\u00e2mara Municipal de Alagoinhas desta quinta-feira(11) durou menos de 2 minutos. Por falta de qu\\u00f3rum, sem vereadores inscritos para o pequeno e o grande expediente, nem mat\\u00e9rias a serem apreciadas, a vereadora Raimunda Flor\\u00eancio, que presidia a sess\\u00e3o, concluiu os trabalhos rapidamente, aproveitando para convocar os edis para a pr\\u00f3xima sess\\u00e3o, que\",\"inLanguage\":\"pt-BR\",\"isPartOf\":{\"@id\":\"https:\\\/\\\/newsinfoco.com.br\\\/inicio\\\/#website\"},\"breadcrumb\":{\"@id\":\"https:\\\/\\\/newsinfoco.com.br\\\/inicio\\\/sem-quorum-sessao-da-camara-municipal-de-alagoinhas-termina-em-menos-de-2-minutos\\\/#breadcrumblist\"},\"author\":{\"@id\":\"https:\\\/\\\/newsinfoco.com.br\\\/inicio\\\/author\\\/administrador\\\/#author\"},\"creator\":{\"@id\":\"https:\\\/\\\/newsinfoco.com.br\\\/inicio\\\/author\\\/administrador\\\/#author\"},\"image\":{\"@type\":\"ImageObject\",\"url\":\"https:\\\/\\\/newsinfoco.com.br\\\/inicio\\\/wp-content\\\/uploads\\\/2022\\\/08\\\/camara.png\",\"@id\":\"https:\\\/\\\/newsinfoco.com.br\\\/inicio\\\/sem-quorum-sessao-da-camara-municipal-de-alagoinhas-termina-em-menos-de-2-minutos\\\/#mainImage\",\"width\":723,\"height\":302},\"primaryImageOfPage\":{\"@id\":\"https:\\\/\\\/newsinfoco.com.br\\\/inicio\\\/sem-quorum-sessao-da-camara-municipal-de-alagoinhas-termina-em-menos-de-2-minutos\\\/#mainImage\"},\"datePublished\":\"2022-08-11T16:07:46-03:00\",\"dateModified\":\"2022-08-11T16:13:54-03:00\"},{\"@type\":\"WebSite\",\"@id\":\"https:\\\/\\\/newsinfoco.com.br\\\/inicio\\\/#website\",\"url\":\"https:\\\/\\\/newsinfoco.com.br\\\/inicio\\\/\",\"name\":\"News In Foco - Editado por Caio Pimenta\",\"description\":\"O principal site de noticias de Alagoinhas e regi\\u00e3o\",\"inLanguage\":\"pt-BR\",\"publisher\":{\"@id\":\"https:\\\/\\\/newsinfoco.com.br\\\/inicio\\\/#organization\"}}]}\n\t\t<\/script>\n\t\t<!-- All in One SEO -->\n\n","aioseo_head_json":{"title":"Sem qu\u00f3rum, sess\u00e3o da C\u00e2mara Municipal de Alagoinhas termina em menos de 2 minutos - News In Foco - Editado por Caio Pimenta","description":"A sess\u00e3o da C\u00e2mara Municipal de Alagoinhas desta quinta-feira(11) durou menos de 2 minutos. Por falta de qu\u00f3rum, sem vereadores inscritos para o pequeno e o grande expediente, nem mat\u00e9rias a serem apreciadas, a vereadora Raimunda Flor\u00eancio, que presidia a sess\u00e3o, concluiu os trabalhos rapidamente, aproveitando para convocar os edis para a pr\u00f3xima sess\u00e3o, que","canonical_url":"https:\/\/newsinfoco.com.br\/inicio\/sem-quorum-sessao-da-camara-municipal-de-alagoinhas-termina-em-menos-de-2-minutos\/","robots":"max-image-preview:large","keywords":"","webmasterTools":{"miscellaneous":""},"schema":{"@context":"https:\/\/schema.org","@graph":[{"@type":"BlogPosting","@id":"https:\/\/newsinfoco.com.br\/inicio\/sem-quorum-sessao-da-camara-municipal-de-alagoinhas-termina-em-menos-de-2-minutos\/#blogposting","name":"Sem qu\u00f3rum, sess\u00e3o da C\u00e2mara Municipal de Alagoinhas termina em menos de 2 minutos - News In Foco - Editado por Caio Pimenta","headline":"Sem qu\u00f3rum, sess\u00e3o da C\u00e2mara Municipal de Alagoinhas termina em menos de 2 minutos","author":{"@id":"https:\/\/newsinfoco.com.br\/inicio\/author\/administrador\/#author"},"publisher":{"@id":"https:\/\/newsinfoco.com.br\/inicio\/#organization"},"image":{"@type":"ImageObject","url":"https:\/\/newsinfoco.com.br\/inicio\/wp-content\/uploads\/2022\/08\/camara.png","width":723,"height":302},"datePublished":"2022-08-11T16:07:46-03:00","dateModified":"2022-08-11T16:13:54-03:00","inLanguage":"pt-BR","mainEntityOfPage":{"@id":"https:\/\/newsinfoco.com.br\/inicio\/sem-quorum-sessao-da-camara-municipal-de-alagoinhas-termina-em-menos-de-2-minutos\/#webpage"},"isPartOf":{"@id":"https:\/\/newsinfoco.com.br\/inicio\/sem-quorum-sessao-da-camara-municipal-de-alagoinhas-termina-em-menos-de-2-minutos\/#webpage"},"articleSection":"Alagoinhas e Regi\u00e3o, Manchete"},{"@type":"BreadcrumbList","@id":"https:\/\/newsinfoco.com.br\/inicio\/sem-quorum-sessao-da-camara-municipal-de-alagoinhas-termina-em-menos-de-2-minutos\/#breadcrumblist","itemListElement":[{"@type":"ListItem","@id":"https:\/\/newsinfoco.com.br\/inicio#listItem","position":1,"name":"In\u00edcio","item":"https:\/\/newsinfoco.com.br\/inicio","nextItem":{"@type":"ListItem","@id":"https:\/\/newsinfoco.com.br\/inicio\/category\/alagoinhas-e-regiao\/#listItem","name":"Alagoinhas e Regi\u00e3o"}},{"@type":"ListItem","@id":"https:\/\/newsinfoco.com.br\/inicio\/category\/alagoinhas-e-regiao\/#listItem","position":2,"name":"Alagoinhas e Regi\u00e3o","item":"https:\/\/newsinfoco.com.br\/inicio\/category\/alagoinhas-e-regiao\/","nextItem":{"@type":"ListItem","@id":"https:\/\/newsinfoco.com.br\/inicio\/sem-quorum-sessao-da-camara-municipal-de-alagoinhas-termina-em-menos-de-2-minutos\/#listItem","name":"Sem qu\u00f3rum, sess\u00e3o da C\u00e2mara Municipal de Alagoinhas termina em menos de 2 minutos"},"previousItem":{"@type":"ListItem","@id":"https:\/\/newsinfoco.com.br\/inicio#listItem","name":"In\u00edcio"}},{"@type":"ListItem","@id":"https:\/\/newsinfoco.com.br\/inicio\/sem-quorum-sessao-da-camara-municipal-de-alagoinhas-termina-em-menos-de-2-minutos\/#listItem","position":3,"name":"Sem qu\u00f3rum, sess\u00e3o da C\u00e2mara Municipal de Alagoinhas termina em menos de 2 minutos","previousItem":{"@type":"ListItem","@id":"https:\/\/newsinfoco.com.br\/inicio\/category\/alagoinhas-e-regiao\/#listItem","name":"Alagoinhas e Regi\u00e3o"}}]},{"@type":"Organization","@id":"https:\/\/newsinfoco.com.br\/inicio\/#organization","name":"News In Foco - Editado por Caio Pimenta","description":"O principal site de noticias de Alagoinhas e regi\u00e3o","url":"https:\/\/newsinfoco.com.br\/inicio\/"},{"@type":"Person","@id":"https:\/\/newsinfoco.com.br\/inicio\/author\/administrador\/#author","url":"https:\/\/newsinfoco.com.br\/inicio\/author\/administrador\/","name":"administrador","image":{"@type":"ImageObject","@id":"https:\/\/newsinfoco.com.br\/inicio\/sem-quorum-sessao-da-camara-municipal-de-alagoinhas-termina-em-menos-de-2-minutos\/#authorImage","url":"https:\/\/secure.gravatar.com\/avatar\/c17a617433de8c1dc9584bb79aab7563b46f5bb7e1728c9b17d9cc3ce6a08e49?s=96&d=mm&r=g","width":96,"height":96,"caption":"administrador"}},{"@type":"WebPage","@id":"https:\/\/newsinfoco.com.br\/inicio\/sem-quorum-sessao-da-camara-municipal-de-alagoinhas-termina-em-menos-de-2-minutos\/#webpage","url":"https:\/\/newsinfoco.com.br\/inicio\/sem-quorum-sessao-da-camara-municipal-de-alagoinhas-termina-em-menos-de-2-minutos\/","name":"Sem qu\u00f3rum, sess\u00e3o da C\u00e2mara Municipal de Alagoinhas termina em menos de 2 minutos - News In Foco - Editado por Caio Pimenta","description":"A sess\u00e3o da C\u00e2mara Municipal de Alagoinhas desta quinta-feira(11) durou menos de 2 minutos. Por falta de qu\u00f3rum, sem vereadores inscritos para o pequeno e o grande expediente, nem mat\u00e9rias a serem apreciadas, a vereadora Raimunda Flor\u00eancio, que presidia a sess\u00e3o, concluiu os trabalhos rapidamente, aproveitando para convocar os edis para a pr\u00f3xima sess\u00e3o, que","inLanguage":"pt-BR","isPartOf":{"@id":"https:\/\/newsinfoco.com.br\/inicio\/#website"},"breadcrumb":{"@id":"https:\/\/newsinfoco.com.br\/inicio\/sem-quorum-sessao-da-camara-municipal-de-alagoinhas-termina-em-menos-de-2-minutos\/#breadcrumblist"},"author":{"@id":"https:\/\/newsinfoco.com.br\/inicio\/author\/administrador\/#author"},"creator":{"@id":"https:\/\/newsinfoco.com.br\/inicio\/author\/administrador\/#author"},"image":{"@type":"ImageObject","url":"https:\/\/newsinfoco.com.br\/inicio\/wp-content\/uploads\/2022\/08\/camara.png","@id":"https:\/\/newsinfoco.com.br\/inicio\/sem-quorum-sessao-da-camara-municipal-de-alagoinhas-termina-em-menos-de-2-minutos\/#mainImage","width":723,"height":302},"primaryImageOfPage":{"@id":"https:\/\/newsinfoco.com.br\/inicio\/sem-quorum-sessao-da-camara-municipal-de-alagoinhas-termina-em-menos-de-2-minutos\/#mainImage"},"datePublished":"2022-08-11T16:07:46-03:00","dateModified":"2022-08-11T16:13:54-03:00"},{"@type":"WebSite","@id":"https:\/\/newsinfoco.com.br\/inicio\/#website","url":"https:\/\/newsinfoco.com.br\/inicio\/","name":"News In Foco - Editado por Caio Pimenta","description":"O principal site de noticias de Alagoinhas e regi\u00e3o","inLanguage":"pt-BR","publisher":{"@id":"https:\/\/newsinfoco.com.br\/inicio\/#organization"}}]},"og:locale":"pt_BR","og:site_name":"News In Foco - Editado por Caio Pimenta - O principal site de noticias de Alagoinhas e regi\u00e3o","og:type":"article","og:title":"Sem qu\u00f3rum, sess\u00e3o da C\u00e2mara Municipal de Alagoinhas termina em menos de 2 minutos - News In Foco - Editado por Caio Pimenta","og:description":"A sess\u00e3o da C\u00e2mara Municipal de Alagoinhas desta quinta-feira(11) durou menos de 2 minutos. Por falta de qu\u00f3rum, sem vereadores inscritos para o pequeno e o grande expediente, nem mat\u00e9rias a serem apreciadas, a vereadora Raimunda Flor\u00eancio, que presidia a sess\u00e3o, concluiu os trabalhos rapidamente, aproveitando para convocar os edis para a pr\u00f3xima sess\u00e3o, que","og:url":"https:\/\/newsinfoco.com.br\/inicio\/sem-quorum-sessao-da-camara-municipal-de-alagoinhas-termina-em-menos-de-2-minutos\/","article:published_time":"2022-08-11T19:07:46+00:00","article:modified_time":"2022-08-11T19:13:54+00:00","twitter:card":"summary_large_image","twitter:title":"Sem qu\u00f3rum, sess\u00e3o da C\u00e2mara Municipal de Alagoinhas termina em menos de 2 minutos - News In Foco - Editado por Caio Pimenta","twitter:description":"A sess\u00e3o da C\u00e2mara Municipal de Alagoinhas desta quinta-feira(11) durou menos de 2 minutos. Por falta de qu\u00f3rum, sem vereadores inscritos para o pequeno e o grande expediente, nem mat\u00e9rias a serem apreciadas, a vereadora Raimunda Flor\u00eancio, que presidia a sess\u00e3o, concluiu os trabalhos rapidamente, aproveitando para convocar os edis para a pr\u00f3xima sess\u00e3o, que"},"aioseo_meta_data":{"post_id":"31174","title":null,"description":null,"keywords":null,"keyphrases":null,"primary_term":null,"canonical_url":null,"og_title":null,"og_description":null,"og_object_type":"default","og_image_type":"default","og_image_url":null,"og_image_width":null,"og_image_height":null,"og_image_custom_url":null,"og_image_custom_fields":null,"og_video":null,"og_custom_url":null,"og_article_section":null,"og_article_tags":null,"twitter_use_og":false,"twitter_card":"default","twitter_image_type":"default","twitter_image_url":null,"twitter_image_custom_url":null,"twitter_image_custom_fields":null,"twitter_title":null,"twitter_description":null,"schema":{"blockGraphs":[],"customGraphs":[],"default":{"data":{"Article":[],"Course":[],"Dataset":[],"FAQPage":[],"Movie":[],"Person":[],"Product":[],"ProductReview":[],"Car":[],"Recipe":[],"Service":[],"SoftwareApplication":[],"WebPage":[]},"graphName":"","isEnabled":true},"graphs":[]},"schema_type":"default","schema_type_options":null,"pillar_content":false,"robots_default":true,"robots_noindex":false,"robots_noarchive":false,"robots_nosnippet":false,"robots_nofollow":false,"robots_noimageindex":false,"robots_noodp":false,"robots_notranslate":false,"robots_max_snippet":null,"robots_max_videopreview":null,"robots_max_imagepreview":"large","priority":null,"frequency":null,"local_seo":null,"breadcrumb_settings":null,"limit_modified_date":false,"ai":null,"created":"2023-06-12 21:59:44","updated":"2025-07-11 08:14:01","seo_analyzer_scan_date":null},"aioseo_breadcrumb":"<div class=\"aioseo-breadcrumbs\"><span class=\"aioseo-breadcrumb\">\n\t\t\t<a href=\"https:\/\/newsinfoco.com.br\/inicio\" title=\"In\u00edcio\">In\u00edcio<\/a>\n\t\t<\/span><span class=\"aioseo-breadcrumb-separator\">&raquo;<\/span><span class=\"aioseo-breadcrumb\">\n\t\t\t<a href=\"https:\/\/newsinfoco.com.br\/inicio\/category\/alagoinhas-e-regiao\/\" title=\"Alagoinhas e Regi\u00e3o\">Alagoinhas e Regi\u00e3o<\/a>\n\t\t<\/span><span class=\"aioseo-breadcrumb-separator\">&raquo;<\/span><span class=\"aioseo-breadcrumb\">\n\t\t\tSem qu\u00f3rum, sess\u00e3o da C\u00e2mara Municipal de Alagoinhas termina em menos de 2 minutos\n\t\t<\/span><\/div>","aioseo_breadcrumb_json":[{"label":"In\u00edcio","link":"https:\/\/newsinfoco.com.br\/inicio"},{"label":"Alagoinhas e Regi\u00e3o","link":"https:\/\/newsinfoco.com.br\/inicio\/category\/alagoinhas-e-regiao\/"},{"label":"Sem qu\u00f3rum, sess\u00e3o da C\u00e2mara Municipal de Alagoinhas termina em menos de 2 minutos","link":"https:\/\/newsinfoco.com.br\/inicio\/sem-quorum-sessao-da-camara-municipal-de-alagoinhas-termina-em-menos-de-2-minutos\/"}],"_links":{"self":[{"href":"https:\/\/newsinfoco.com.br\/inicio\/wp-json\/wp\/v2\/posts\/31174","targetHints":{"allow":["GET"]}}],"collection":[{"href":"https:\/\/newsinfoco.com.br\/inicio\/wp-json\/wp\/v2\/posts"}],"about":[{"href":"https:\/\/newsinfoco.com.br\/inicio\/wp-json\/wp\/v2\/types\/post"}],"author":[{"embeddable":true,"href":"https:\/\/newsinfoco.com.br\/inicio\/wp-json\/wp\/v2\/users\/1"}],"replies":[{"embeddable":true,"href":"https:\/\/newsinfoco.com.br\/inicio\/wp-json\/wp\/v2\/comments?post=31174"}],"version-history":[{"count":4,"href":"https:\/\/newsinfoco.com.br\/inicio\/wp-json\/wp\/v2\/posts\/31174\/revisions"}],"predecessor-version":[{"id":31179,"href":"https:\/\/newsinfoco.com.br\/inicio\/wp-json\/wp\/v2\/posts\/31174\/revisions\/31179"}],"wp:featuredmedia":[{"embeddable":true,"href":"https:\/\/newsinfoco.com.br\/inicio\/wp-json\/wp\/v2\/media\/31175"}],"wp:attachment":[{"href":"https:\/\/newsinfoco.com.br\/inicio\/wp-json\/wp\/v2\/media?parent=31174"}],"wp:term":[{"taxonomy":"category","embeddable":true,"href":"https:\/\/newsinfoco.com.br\/inicio\/wp-json\/wp\/v2\/categories?post=31174"},{"taxonomy":"post_tag","embeddable":true,"href":"https:\/\/newsinfoco.com.br\/inicio\/wp-json\/wp\/v2\/tags?post=31174"}],"curies":[{"name":"wp","href":"https:\/\/api.w.org\/{rel}","templated":true}]}}