{"id":31180,"date":"2022-08-11T20:06:14","date_gmt":"2022-08-11T23:06:14","guid":{"rendered":"https:\/\/newsinfoco.com.br\/inicio\/?p=31180"},"modified":"2022-08-11T20:06:14","modified_gmt":"2022-08-11T23:06:14","slug":"atual-legislatura-da-camara-municipal-e-o-pior-custo-beneficio-da-historia-de-alagoinhas-por-caio-pimenta","status":"publish","type":"post","link":"https:\/\/newsinfoco.com.br\/inicio\/atual-legislatura-da-camara-municipal-e-o-pior-custo-beneficio-da-historia-de-alagoinhas-por-caio-pimenta\/","title":{"rendered":"Atual legislatura da C\u00e2mara Municipal \u00e9 o pior custo beneficio da hist\u00f3ria de Alagoinhas &#8211; Por Caio Pimenta"},"content":{"rendered":"<p>Uma sess\u00e3o de menos de 2 minutos por falta de vereadores! Sim minha gente, isso aconteceu em Alagoinhas no dia de hoje(11). Poder\u00edamos at\u00e9 n\u00e3o nos surpreender com isso, afinal n\u00e3o \u00e9 a primeira vez que essa legislatura nos envergonha. Foi assim na an\u00e1lise de um c\u00f3digo tribut\u00e1rio aprovado na calada da noite, com a confiss\u00e3o de v\u00e1rios edis de que votaram sem ler. Depois, no pedido de vistas a um projeto de concess\u00e3o de terreno de apenas duas p\u00e1ginas, que j\u00e1 estava tramitando na Casa havia meses. Depois os ataques \u00e0 classe empresarial, geradora de emprego e renda no munic\u00edpio, com a divulga\u00e7\u00e3o de uma nota de rep\u00fadio&#8230; Foram tantas as a\u00e7\u00f5es vergonhosas protagonizadas por esta turma que dever\u00edamos estar acostumados.<\/p>\n<p>Mas n\u00e3o! N\u00e3o podemos e n\u00e3o haveremos de aceitar isso. Se acostumar com irresponsabilidade e a falta de respeito com a coisa p\u00fablica nunca foi postura do povo alagoinhense. A hist\u00f3ria nos mostra que nos momentos de maior necessidade, o povo alagoinhense se indignou, assumiu postura combativa, foi a luta, brigou e tem a sua trajet\u00f3ria marcada pela coragem. Foi assim quando emprestamos nossos pra\u00e7as \u00e0s For\u00e7as Expedicion\u00e1rias Brasileiras na Segunda Guerra Mundial. Sim, Alagoinhas ajudou no combate ao fascismo! Foi assim no combate a ditadura e tantos outros momentos quando a necessidade convocou aos mun\u00edcipes desta terra aben\u00e7oada. N\u00e3o ser\u00e1 agora que iremos nos acovardar diante da pior composi\u00e7\u00e3o de C\u00e2mara da hist\u00f3ria de Alagoinhas.<\/p>\n<p>A n\u00e3o realiza\u00e7\u00e3o de uma sess\u00e3o da C\u00e2mara Municipal, em pleno dia de semana, por falta de qu\u00f3rum, \u00e9 um absurdo! Uma falta de respeito a todo cidad\u00e3o alagoinhense que trabalha feito um condenado para sobreviver em uma sociedade cada vez mais desigual. Um povo que durante esta pandemia conviveu com a queda de sua renda e suportou diversos sacrif\u00edcios para poder seguir em frente. Sim, somos n\u00f3s, reles mortais que n\u00e3o temos o direito de faltar ao trabalho sob o risco de sermos demitidos de nossos empregos, que, com nosso suado dinheirinho, pagamos os R$ 12.500,00 para cada vereador, fora os aux\u00edlios inerentes ao cargo e o custeio de seus gabinetes. Tudo isso para que os vereadores discutam os problemas da cidade e que apenas 2 vezes na semana, em sess\u00f5es que duram entre 2 e 3 horas, deliberem sobre projetos de interesse do cidad\u00e3o.<\/p>\n<p>Ora minha gente, o que n\u00e3o falta em Alagoinhas \u00e9 pauta para se discutir naquela Casa. Em todas as \u00e1reas: sa\u00fade, educa\u00e7\u00e3o, transporte, mobilidade urbana, etc. O n\u00e3o comparecimento dos vereadores na sess\u00e3o, incluindo o seu presidente, Cleto da Banana, \u00e9 uma vergonha!<\/p>\n<p>E aqui n\u00e3o serei injusto com aqueles que compareceram \u00e0 sess\u00e3o de hoje a tarde. Apesar de ser obriga\u00e7\u00e3o, pelo baixo n\u00edvel de comprometimento que se apresenta esta legislatura, \u00e9 preciso que incentivemos at\u00e9 isso, o cumprimento das obriga\u00e7\u00f5es. Ent\u00e3o l\u00e1 vai: Parab\u00e9ns aos vereadores Raimunda Flor\u00eancio(PSD), Anderson Baqueiro(UB), Raimundo Gode(UB), Professor Ar\u00e3o(PL) e Luciano Almeida(UB), que pelo menos compareceram.<\/p>\n<p>Ao contr\u00e1rio disso, merece o nosso rep\u00fadio os vereadores: Cleto da Banana(PSD), Luma Menezes(PDT), Jaldice Nunes(UB), Juci Cardoso(PC do B), Thor de Ninha(PT), Jorge da Farinha(PL), Edy da Sa\u00fade(Republicanos), Anselmo Bal(Republicanos), Codoro(MDB), M\u00e1rcio da Cavada(PP), Djalma Santos(Republicanos) e Juraci Nascimento(PROS), que n\u00e3o compareceram a sess\u00e3o.<\/p>\n<p>Rep\u00fadio sim! Eles que adoram repudiar o povo de Alagoinhas por meio de notas vergonhosas, merecem sim nosso rep\u00fadio neste momento. Rep\u00fadio pela falta de compromisso e respeito por quem trabalha para sustentar as benesses de que gozam.<\/p>\n<p>Infelizmente a atual legislatura \u00e9 um estorvo para o er\u00e1rio, pois recebem e n\u00e3o entregam um servi\u00e7o de boa qualidade. A insatisfa\u00e7\u00e3o \u00e9 geral! \u00c9 triste ter que constatar isso, mas a <strong>atual legislatura da C\u00e2mara Municipal \u00e9 o pior custo beneficio da hist\u00f3ria de Alagoinhas.<\/strong><\/p>\n<p><strong>Escrito por Caio Pimenta, advogado, \u00e2ncora do programa Primeira M\u00e3o, da radio Ouro Negro 100,5 FM. Ele tamb\u00e9m escreve sua coluna no site News Infoco, do qual \u00e9 editor- chefe e dirige a radio web 2 de julho.<\/strong><\/p>\n<div id=\"newsi-2105087938\" class=\"newsi-conteudo_17\"><\/div>\n<div class='share-to-whatsapp-wrapper'><div class='share-on-whsp'>Share on: <\/div><a data-text='Atual legislatura da C\u00e2mara Municipal \u00e9 o pior custo beneficio da hist\u00f3ria de Alagoinhas - Por Caio Pimenta' data-link='https:\/\/newsinfoco.com.br\/inicio\/atual-legislatura-da-camara-municipal-e-o-pior-custo-beneficio-da-historia-de-alagoinhas-por-caio-pimenta\/' class='whatsapp-button whatsapp-share'>WhatsApp<\/a><div class='clear '><\/div><\/div>","protected":false},"excerpt":{"rendered":"<p>Uma sess\u00e3o de menos de 2 minutos por falta de vereadores! Sim minha gente, isso aconteceu em Alagoinhas no dia de hoje(11). Poder\u00edamos at\u00e9 n\u00e3o nos surpreender com isso, afinal n\u00e3o \u00e9 a primeira vez que essa legislatura nos envergonha. Foi assim na an\u00e1lise de um c\u00f3digo tribut\u00e1rio aprovado na calada da noite, com a [&hellip;]<\/p>\n","protected":false},"author":1,"featured_media":1068,"comment_status":"closed","ping_status":"closed","sticky":false,"template":"","format":"standard","meta":{"om_disable_all_campaigns":false,"rop_custom_images_group":[],"rop_custom_messages_group":[],"rop_publish_now":"initial","rop_publish_now_accounts":[],"rop_publish_now_history":[],"rop_publish_now_status":"pending","_exactmetrics_skip_tracking":false,"footnotes":""},"categories":[26],"tags":[],"class_list":["post-31180","post","type-post","status-publish","format-standard","has-post-thumbnail","hentry","category-caio-pimenta"],"aioseo_notices":[],"aioseo_head":"\n\t\t<!-- All in One SEO 4.9.10 - aioseo.com -->\n\t<meta name=\"description\" content=\"Uma sess\u00e3o de menos de 2 minutos por falta de vereadores! Sim minha gente, isso aconteceu em Alagoinhas no dia de hoje(11). Poder\u00edamos at\u00e9 n\u00e3o nos surpreender com isso, afinal n\u00e3o \u00e9 a primeira vez que essa legislatura nos envergonha. Foi assim na an\u00e1lise de um c\u00f3digo tribut\u00e1rio aprovado na calada da noite, com a\" \/>\n\t<meta name=\"robots\" content=\"max-image-preview:large\" \/>\n\t<meta name=\"author\" content=\"administrador\"\/>\n\t<link rel=\"canonical\" href=\"https:\/\/newsinfoco.com.br\/inicio\/atual-legislatura-da-camara-municipal-e-o-pior-custo-beneficio-da-historia-de-alagoinhas-por-caio-pimenta\/\" \/>\n\t<meta name=\"generator\" content=\"All in One SEO (AIOSEO) 4.9.10\" \/>\n\t\t<meta property=\"og:locale\" content=\"pt_BR\" \/>\n\t\t<meta property=\"og:site_name\" content=\"News In Foco - Editado por Caio Pimenta - O principal site de noticias de Alagoinhas e regi\u00e3o\" \/>\n\t\t<meta property=\"og:type\" content=\"article\" \/>\n\t\t<meta property=\"og:title\" content=\"Atual legislatura da C\u00e2mara Municipal \u00e9 o pior custo beneficio da hist\u00f3ria de Alagoinhas \u2013 Por Caio Pimenta - News In Foco - Editado por Caio Pimenta\" \/>\n\t\t<meta property=\"og:description\" content=\"Uma sess\u00e3o de menos de 2 minutos por falta de vereadores! Sim minha gente, isso aconteceu em Alagoinhas no dia de hoje(11). Poder\u00edamos at\u00e9 n\u00e3o nos surpreender com isso, afinal n\u00e3o \u00e9 a primeira vez que essa legislatura nos envergonha. Foi assim na an\u00e1lise de um c\u00f3digo tribut\u00e1rio aprovado na calada da noite, com a\" \/>\n\t\t<meta property=\"og:url\" content=\"https:\/\/newsinfoco.com.br\/inicio\/atual-legislatura-da-camara-municipal-e-o-pior-custo-beneficio-da-historia-de-alagoinhas-por-caio-pimenta\/\" \/>\n\t\t<meta property=\"article:published_time\" content=\"2022-08-11T23:06:14+00:00\" \/>\n\t\t<meta property=\"article:modified_time\" content=\"2022-08-11T23:06:14+00:00\" \/>\n\t\t<meta name=\"twitter:card\" content=\"summary_large_image\" \/>\n\t\t<meta name=\"twitter:title\" content=\"Atual legislatura da C\u00e2mara Municipal \u00e9 o pior custo beneficio da hist\u00f3ria de Alagoinhas \u2013 Por Caio Pimenta - News In Foco - Editado por Caio Pimenta\" \/>\n\t\t<meta name=\"twitter:description\" content=\"Uma sess\u00e3o de menos de 2 minutos por falta de vereadores! Sim minha gente, isso aconteceu em Alagoinhas no dia de hoje(11). Poder\u00edamos at\u00e9 n\u00e3o nos surpreender com isso, afinal n\u00e3o \u00e9 a primeira vez que essa legislatura nos envergonha. Foi assim na an\u00e1lise de um c\u00f3digo tribut\u00e1rio aprovado na calada da noite, com a\" \/>\n\t\t<script type=\"application\/ld+json\" class=\"aioseo-schema\">\n\t\t\t{\"@context\":\"https:\\\/\\\/schema.org\",\"@graph\":[{\"@type\":\"BlogPosting\",\"@id\":\"https:\\\/\\\/newsinfoco.com.br\\\/inicio\\\/atual-legislatura-da-camara-municipal-e-o-pior-custo-beneficio-da-historia-de-alagoinhas-por-caio-pimenta\\\/#blogposting\",\"name\":\"Atual legislatura da C\\u00e2mara Municipal \\u00e9 o pior custo beneficio da hist\\u00f3ria de Alagoinhas \\u2013 Por Caio Pimenta - News In Foco - Editado por Caio Pimenta\",\"headline\":\"Atual legislatura da C\\u00e2mara Municipal \\u00e9 o pior custo beneficio da hist\\u00f3ria de Alagoinhas &#8211; Por Caio Pimenta\",\"author\":{\"@id\":\"https:\\\/\\\/newsinfoco.com.br\\\/inicio\\\/author\\\/administrador\\\/#author\"},\"publisher\":{\"@id\":\"https:\\\/\\\/newsinfoco.com.br\\\/inicio\\\/#organization\"},\"image\":{\"@type\":\"ImageObject\",\"url\":\"https:\\\/\\\/newsinfoco.com.br\\\/inicio\\\/wp-content\\\/uploads\\\/2018\\\/03\\\/C\\u00c2MARA-VEREADORES-DE-ALAGOINHAS-800x422.jpeg\",\"width\":800,\"height\":422},\"datePublished\":\"2022-08-11T20:06:14-03:00\",\"dateModified\":\"2022-08-11T20:06:14-03:00\",\"inLanguage\":\"pt-BR\",\"mainEntityOfPage\":{\"@id\":\"https:\\\/\\\/newsinfoco.com.br\\\/inicio\\\/atual-legislatura-da-camara-municipal-e-o-pior-custo-beneficio-da-historia-de-alagoinhas-por-caio-pimenta\\\/#webpage\"},\"isPartOf\":{\"@id\":\"https:\\\/\\\/newsinfoco.com.br\\\/inicio\\\/atual-legislatura-da-camara-municipal-e-o-pior-custo-beneficio-da-historia-de-alagoinhas-por-caio-pimenta\\\/#webpage\"},\"articleSection\":\"Caio Pimenta\"},{\"@type\":\"BreadcrumbList\",\"@id\":\"https:\\\/\\\/newsinfoco.com.br\\\/inicio\\\/atual-legislatura-da-camara-municipal-e-o-pior-custo-beneficio-da-historia-de-alagoinhas-por-caio-pimenta\\\/#breadcrumblist\",\"itemListElement\":[{\"@type\":\"ListItem\",\"@id\":\"https:\\\/\\\/newsinfoco.com.br\\\/inicio#listItem\",\"position\":1,\"name\":\"In\\u00edcio\",\"item\":\"https:\\\/\\\/newsinfoco.com.br\\\/inicio\",\"nextItem\":{\"@type\":\"ListItem\",\"@id\":\"https:\\\/\\\/newsinfoco.com.br\\\/inicio\\\/category\\\/caio-pimenta\\\/#listItem\",\"name\":\"Caio Pimenta\"}},{\"@type\":\"ListItem\",\"@id\":\"https:\\\/\\\/newsinfoco.com.br\\\/inicio\\\/category\\\/caio-pimenta\\\/#listItem\",\"position\":2,\"name\":\"Caio Pimenta\",\"item\":\"https:\\\/\\\/newsinfoco.com.br\\\/inicio\\\/category\\\/caio-pimenta\\\/\",\"nextItem\":{\"@type\":\"ListItem\",\"@id\":\"https:\\\/\\\/newsinfoco.com.br\\\/inicio\\\/atual-legislatura-da-camara-municipal-e-o-pior-custo-beneficio-da-historia-de-alagoinhas-por-caio-pimenta\\\/#listItem\",\"name\":\"Atual legislatura da C\\u00e2mara Municipal \\u00e9 o pior custo beneficio da hist\\u00f3ria de Alagoinhas &#8211; Por Caio Pimenta\"},\"previousItem\":{\"@type\":\"ListItem\",\"@id\":\"https:\\\/\\\/newsinfoco.com.br\\\/inicio#listItem\",\"name\":\"In\\u00edcio\"}},{\"@type\":\"ListItem\",\"@id\":\"https:\\\/\\\/newsinfoco.com.br\\\/inicio\\\/atual-legislatura-da-camara-municipal-e-o-pior-custo-beneficio-da-historia-de-alagoinhas-por-caio-pimenta\\\/#listItem\",\"position\":3,\"name\":\"Atual legislatura da C\\u00e2mara Municipal \\u00e9 o pior custo beneficio da hist\\u00f3ria de Alagoinhas &#8211; Por Caio Pimenta\",\"previousItem\":{\"@type\":\"ListItem\",\"@id\":\"https:\\\/\\\/newsinfoco.com.br\\\/inicio\\\/category\\\/caio-pimenta\\\/#listItem\",\"name\":\"Caio Pimenta\"}}]},{\"@type\":\"Organization\",\"@id\":\"https:\\\/\\\/newsinfoco.com.br\\\/inicio\\\/#organization\",\"name\":\"News In Foco - Editado por Caio Pimenta\",\"description\":\"O principal site de noticias de Alagoinhas e regi\\u00e3o\",\"url\":\"https:\\\/\\\/newsinfoco.com.br\\\/inicio\\\/\"},{\"@type\":\"Person\",\"@id\":\"https:\\\/\\\/newsinfoco.com.br\\\/inicio\\\/author\\\/administrador\\\/#author\",\"url\":\"https:\\\/\\\/newsinfoco.com.br\\\/inicio\\\/author\\\/administrador\\\/\",\"name\":\"administrador\",\"image\":{\"@type\":\"ImageObject\",\"@id\":\"https:\\\/\\\/newsinfoco.com.br\\\/inicio\\\/atual-legislatura-da-camara-municipal-e-o-pior-custo-beneficio-da-historia-de-alagoinhas-por-caio-pimenta\\\/#authorImage\",\"url\":\"https:\\\/\\\/secure.gravatar.com\\\/avatar\\\/c17a617433de8c1dc9584bb79aab7563b46f5bb7e1728c9b17d9cc3ce6a08e49?s=96&d=mm&r=g\",\"width\":96,\"height\":96,\"caption\":\"administrador\"}},{\"@type\":\"WebPage\",\"@id\":\"https:\\\/\\\/newsinfoco.com.br\\\/inicio\\\/atual-legislatura-da-camara-municipal-e-o-pior-custo-beneficio-da-historia-de-alagoinhas-por-caio-pimenta\\\/#webpage\",\"url\":\"https:\\\/\\\/newsinfoco.com.br\\\/inicio\\\/atual-legislatura-da-camara-municipal-e-o-pior-custo-beneficio-da-historia-de-alagoinhas-por-caio-pimenta\\\/\",\"name\":\"Atual legislatura da C\\u00e2mara Municipal \\u00e9 o pior custo beneficio da hist\\u00f3ria de Alagoinhas \\u2013 Por Caio Pimenta - News In Foco - Editado por Caio Pimenta\",\"description\":\"Uma sess\\u00e3o de menos de 2 minutos por falta de vereadores! Sim minha gente, isso aconteceu em Alagoinhas no dia de hoje(11). Poder\\u00edamos at\\u00e9 n\\u00e3o nos surpreender com isso, afinal n\\u00e3o \\u00e9 a primeira vez que essa legislatura nos envergonha. Foi assim na an\\u00e1lise de um c\\u00f3digo tribut\\u00e1rio aprovado na calada da noite, com a\",\"inLanguage\":\"pt-BR\",\"isPartOf\":{\"@id\":\"https:\\\/\\\/newsinfoco.com.br\\\/inicio\\\/#website\"},\"breadcrumb\":{\"@id\":\"https:\\\/\\\/newsinfoco.com.br\\\/inicio\\\/atual-legislatura-da-camara-municipal-e-o-pior-custo-beneficio-da-historia-de-alagoinhas-por-caio-pimenta\\\/#breadcrumblist\"},\"author\":{\"@id\":\"https:\\\/\\\/newsinfoco.com.br\\\/inicio\\\/author\\\/administrador\\\/#author\"},\"creator\":{\"@id\":\"https:\\\/\\\/newsinfoco.com.br\\\/inicio\\\/author\\\/administrador\\\/#author\"},\"image\":{\"@type\":\"ImageObject\",\"url\":\"https:\\\/\\\/newsinfoco.com.br\\\/inicio\\\/wp-content\\\/uploads\\\/2018\\\/03\\\/C\\u00c2MARA-VEREADORES-DE-ALAGOINHAS-800x422.jpeg\",\"@id\":\"https:\\\/\\\/newsinfoco.com.br\\\/inicio\\\/atual-legislatura-da-camara-municipal-e-o-pior-custo-beneficio-da-historia-de-alagoinhas-por-caio-pimenta\\\/#mainImage\",\"width\":800,\"height\":422},\"primaryImageOfPage\":{\"@id\":\"https:\\\/\\\/newsinfoco.com.br\\\/inicio\\\/atual-legislatura-da-camara-municipal-e-o-pior-custo-beneficio-da-historia-de-alagoinhas-por-caio-pimenta\\\/#mainImage\"},\"datePublished\":\"2022-08-11T20:06:14-03:00\",\"dateModified\":\"2022-08-11T20:06:14-03:00\"},{\"@type\":\"WebSite\",\"@id\":\"https:\\\/\\\/newsinfoco.com.br\\\/inicio\\\/#website\",\"url\":\"https:\\\/\\\/newsinfoco.com.br\\\/inicio\\\/\",\"name\":\"News In Foco - Editado por Caio Pimenta\",\"description\":\"O principal site de noticias de Alagoinhas e regi\\u00e3o\",\"inLanguage\":\"pt-BR\",\"publisher\":{\"@id\":\"https:\\\/\\\/newsinfoco.com.br\\\/inicio\\\/#organization\"}}]}\n\t\t<\/script>\n\t\t<!-- All in One SEO -->\n\n","aioseo_head_json":{"title":"Atual legislatura da C\u00e2mara Municipal \u00e9 o pior custo beneficio da hist\u00f3ria de Alagoinhas \u2013 Por Caio Pimenta - News In Foco - Editado por Caio Pimenta","description":"Uma sess\u00e3o de menos de 2 minutos por falta de vereadores! Sim minha gente, isso aconteceu em Alagoinhas no dia de hoje(11). Poder\u00edamos at\u00e9 n\u00e3o nos surpreender com isso, afinal n\u00e3o \u00e9 a primeira vez que essa legislatura nos envergonha. Foi assim na an\u00e1lise de um c\u00f3digo tribut\u00e1rio aprovado na calada da noite, com a","canonical_url":"https:\/\/newsinfoco.com.br\/inicio\/atual-legislatura-da-camara-municipal-e-o-pior-custo-beneficio-da-historia-de-alagoinhas-por-caio-pimenta\/","robots":"max-image-preview:large","keywords":"","webmasterTools":{"miscellaneous":""},"schema":{"@context":"https:\/\/schema.org","@graph":[{"@type":"BlogPosting","@id":"https:\/\/newsinfoco.com.br\/inicio\/atual-legislatura-da-camara-municipal-e-o-pior-custo-beneficio-da-historia-de-alagoinhas-por-caio-pimenta\/#blogposting","name":"Atual legislatura da C\u00e2mara Municipal \u00e9 o pior custo beneficio da hist\u00f3ria de Alagoinhas \u2013 Por Caio Pimenta - News In Foco - Editado por Caio Pimenta","headline":"Atual legislatura da C\u00e2mara Municipal \u00e9 o pior custo beneficio da hist\u00f3ria de Alagoinhas &#8211; Por Caio Pimenta","author":{"@id":"https:\/\/newsinfoco.com.br\/inicio\/author\/administrador\/#author"},"publisher":{"@id":"https:\/\/newsinfoco.com.br\/inicio\/#organization"},"image":{"@type":"ImageObject","url":"https:\/\/newsinfoco.com.br\/inicio\/wp-content\/uploads\/2018\/03\/C\u00c2MARA-VEREADORES-DE-ALAGOINHAS-800x422.jpeg","width":800,"height":422},"datePublished":"2022-08-11T20:06:14-03:00","dateModified":"2022-08-11T20:06:14-03:00","inLanguage":"pt-BR","mainEntityOfPage":{"@id":"https:\/\/newsinfoco.com.br\/inicio\/atual-legislatura-da-camara-municipal-e-o-pior-custo-beneficio-da-historia-de-alagoinhas-por-caio-pimenta\/#webpage"},"isPartOf":{"@id":"https:\/\/newsinfoco.com.br\/inicio\/atual-legislatura-da-camara-municipal-e-o-pior-custo-beneficio-da-historia-de-alagoinhas-por-caio-pimenta\/#webpage"},"articleSection":"Caio Pimenta"},{"@type":"BreadcrumbList","@id":"https:\/\/newsinfoco.com.br\/inicio\/atual-legislatura-da-camara-municipal-e-o-pior-custo-beneficio-da-historia-de-alagoinhas-por-caio-pimenta\/#breadcrumblist","itemListElement":[{"@type":"ListItem","@id":"https:\/\/newsinfoco.com.br\/inicio#listItem","position":1,"name":"In\u00edcio","item":"https:\/\/newsinfoco.com.br\/inicio","nextItem":{"@type":"ListItem","@id":"https:\/\/newsinfoco.com.br\/inicio\/category\/caio-pimenta\/#listItem","name":"Caio Pimenta"}},{"@type":"ListItem","@id":"https:\/\/newsinfoco.com.br\/inicio\/category\/caio-pimenta\/#listItem","position":2,"name":"Caio Pimenta","item":"https:\/\/newsinfoco.com.br\/inicio\/category\/caio-pimenta\/","nextItem":{"@type":"ListItem","@id":"https:\/\/newsinfoco.com.br\/inicio\/atual-legislatura-da-camara-municipal-e-o-pior-custo-beneficio-da-historia-de-alagoinhas-por-caio-pimenta\/#listItem","name":"Atual legislatura da C\u00e2mara Municipal \u00e9 o pior custo beneficio da hist\u00f3ria de Alagoinhas &#8211; Por Caio Pimenta"},"previousItem":{"@type":"ListItem","@id":"https:\/\/newsinfoco.com.br\/inicio#listItem","name":"In\u00edcio"}},{"@type":"ListItem","@id":"https:\/\/newsinfoco.com.br\/inicio\/atual-legislatura-da-camara-municipal-e-o-pior-custo-beneficio-da-historia-de-alagoinhas-por-caio-pimenta\/#listItem","position":3,"name":"Atual legislatura da C\u00e2mara Municipal \u00e9 o pior custo beneficio da hist\u00f3ria de Alagoinhas &#8211; Por Caio Pimenta","previousItem":{"@type":"ListItem","@id":"https:\/\/newsinfoco.com.br\/inicio\/category\/caio-pimenta\/#listItem","name":"Caio Pimenta"}}]},{"@type":"Organization","@id":"https:\/\/newsinfoco.com.br\/inicio\/#organization","name":"News In Foco - Editado por Caio Pimenta","description":"O principal site de noticias de Alagoinhas e regi\u00e3o","url":"https:\/\/newsinfoco.com.br\/inicio\/"},{"@type":"Person","@id":"https:\/\/newsinfoco.com.br\/inicio\/author\/administrador\/#author","url":"https:\/\/newsinfoco.com.br\/inicio\/author\/administrador\/","name":"administrador","image":{"@type":"ImageObject","@id":"https:\/\/newsinfoco.com.br\/inicio\/atual-legislatura-da-camara-municipal-e-o-pior-custo-beneficio-da-historia-de-alagoinhas-por-caio-pimenta\/#authorImage","url":"https:\/\/secure.gravatar.com\/avatar\/c17a617433de8c1dc9584bb79aab7563b46f5bb7e1728c9b17d9cc3ce6a08e49?s=96&d=mm&r=g","width":96,"height":96,"caption":"administrador"}},{"@type":"WebPage","@id":"https:\/\/newsinfoco.com.br\/inicio\/atual-legislatura-da-camara-municipal-e-o-pior-custo-beneficio-da-historia-de-alagoinhas-por-caio-pimenta\/#webpage","url":"https:\/\/newsinfoco.com.br\/inicio\/atual-legislatura-da-camara-municipal-e-o-pior-custo-beneficio-da-historia-de-alagoinhas-por-caio-pimenta\/","name":"Atual legislatura da C\u00e2mara Municipal \u00e9 o pior custo beneficio da hist\u00f3ria de Alagoinhas \u2013 Por Caio Pimenta - News In Foco - Editado por Caio Pimenta","description":"Uma sess\u00e3o de menos de 2 minutos por falta de vereadores! Sim minha gente, isso aconteceu em Alagoinhas no dia de hoje(11). Poder\u00edamos at\u00e9 n\u00e3o nos surpreender com isso, afinal n\u00e3o \u00e9 a primeira vez que essa legislatura nos envergonha. Foi assim na an\u00e1lise de um c\u00f3digo tribut\u00e1rio aprovado na calada da noite, com a","inLanguage":"pt-BR","isPartOf":{"@id":"https:\/\/newsinfoco.com.br\/inicio\/#website"},"breadcrumb":{"@id":"https:\/\/newsinfoco.com.br\/inicio\/atual-legislatura-da-camara-municipal-e-o-pior-custo-beneficio-da-historia-de-alagoinhas-por-caio-pimenta\/#breadcrumblist"},"author":{"@id":"https:\/\/newsinfoco.com.br\/inicio\/author\/administrador\/#author"},"creator":{"@id":"https:\/\/newsinfoco.com.br\/inicio\/author\/administrador\/#author"},"image":{"@type":"ImageObject","url":"https:\/\/newsinfoco.com.br\/inicio\/wp-content\/uploads\/2018\/03\/C\u00c2MARA-VEREADORES-DE-ALAGOINHAS-800x422.jpeg","@id":"https:\/\/newsinfoco.com.br\/inicio\/atual-legislatura-da-camara-municipal-e-o-pior-custo-beneficio-da-historia-de-alagoinhas-por-caio-pimenta\/#mainImage","width":800,"height":422},"primaryImageOfPage":{"@id":"https:\/\/newsinfoco.com.br\/inicio\/atual-legislatura-da-camara-municipal-e-o-pior-custo-beneficio-da-historia-de-alagoinhas-por-caio-pimenta\/#mainImage"},"datePublished":"2022-08-11T20:06:14-03:00","dateModified":"2022-08-11T20:06:14-03:00"},{"@type":"WebSite","@id":"https:\/\/newsinfoco.com.br\/inicio\/#website","url":"https:\/\/newsinfoco.com.br\/inicio\/","name":"News In Foco - Editado por Caio Pimenta","description":"O principal site de noticias de Alagoinhas e regi\u00e3o","inLanguage":"pt-BR","publisher":{"@id":"https:\/\/newsinfoco.com.br\/inicio\/#organization"}}]},"og:locale":"pt_BR","og:site_name":"News In Foco - Editado por Caio Pimenta - O principal site de noticias de Alagoinhas e regi\u00e3o","og:type":"article","og:title":"Atual legislatura da C\u00e2mara Municipal \u00e9 o pior custo beneficio da hist\u00f3ria de Alagoinhas \u2013 Por Caio Pimenta - News In Foco - Editado por Caio Pimenta","og:description":"Uma sess\u00e3o de menos de 2 minutos por falta de vereadores! Sim minha gente, isso aconteceu em Alagoinhas no dia de hoje(11). Poder\u00edamos at\u00e9 n\u00e3o nos surpreender com isso, afinal n\u00e3o \u00e9 a primeira vez que essa legislatura nos envergonha. Foi assim na an\u00e1lise de um c\u00f3digo tribut\u00e1rio aprovado na calada da noite, com a","og:url":"https:\/\/newsinfoco.com.br\/inicio\/atual-legislatura-da-camara-municipal-e-o-pior-custo-beneficio-da-historia-de-alagoinhas-por-caio-pimenta\/","article:published_time":"2022-08-11T23:06:14+00:00","article:modified_time":"2022-08-11T23:06:14+00:00","twitter:card":"summary_large_image","twitter:title":"Atual legislatura da C\u00e2mara Municipal \u00e9 o pior custo beneficio da hist\u00f3ria de Alagoinhas \u2013 Por Caio Pimenta - News In Foco - Editado por Caio Pimenta","twitter:description":"Uma sess\u00e3o de menos de 2 minutos por falta de vereadores! Sim minha gente, isso aconteceu em Alagoinhas no dia de hoje(11). Poder\u00edamos at\u00e9 n\u00e3o nos surpreender com isso, afinal n\u00e3o \u00e9 a primeira vez que essa legislatura nos envergonha. Foi assim na an\u00e1lise de um c\u00f3digo tribut\u00e1rio aprovado na calada da noite, com a"},"aioseo_meta_data":{"post_id":"31180","title":null,"description":null,"keywords":null,"keyphrases":null,"primary_term":null,"canonical_url":null,"og_title":null,"og_description":null,"og_object_type":"default","og_image_type":"default","og_image_url":null,"og_image_width":null,"og_image_height":null,"og_image_custom_url":null,"og_image_custom_fields":null,"og_video":null,"og_custom_url":null,"og_article_section":null,"og_article_tags":null,"twitter_use_og":false,"twitter_card":"default","twitter_image_type":"default","twitter_image_url":null,"twitter_image_custom_url":null,"twitter_image_custom_fields":null,"twitter_title":null,"twitter_description":null,"schema":{"blockGraphs":[],"customGraphs":[],"default":{"data":{"Article":[],"Course":[],"Dataset":[],"FAQPage":[],"Movie":[],"Person":[],"Product":[],"ProductReview":[],"Car":[],"Recipe":[],"Service":[],"SoftwareApplication":[],"WebPage":[]},"graphName":"","isEnabled":true},"graphs":[]},"schema_type":"default","schema_type_options":null,"pillar_content":false,"robots_default":true,"robots_noindex":false,"robots_noarchive":false,"robots_nosnippet":false,"robots_nofollow":false,"robots_noimageindex":false,"robots_noodp":false,"robots_notranslate":false,"robots_max_snippet":null,"robots_max_videopreview":null,"robots_max_imagepreview":"large","priority":null,"frequency":null,"local_seo":null,"breadcrumb_settings":null,"limit_modified_date":false,"ai":null,"created":"2023-06-12 21:59:44","updated":"2025-07-11 08:14:01","seo_analyzer_scan_date":null},"aioseo_breadcrumb":"<div class=\"aioseo-breadcrumbs\"><span class=\"aioseo-breadcrumb\">\n\t\t\t<a href=\"https:\/\/newsinfoco.com.br\/inicio\" title=\"In\u00edcio\">In\u00edcio<\/a>\n\t\t<\/span><span class=\"aioseo-breadcrumb-separator\">&raquo;<\/span><span class=\"aioseo-breadcrumb\">\n\t\t\t<a href=\"https:\/\/newsinfoco.com.br\/inicio\/category\/caio-pimenta\/\" title=\"Caio Pimenta\">Caio Pimenta<\/a>\n\t\t<\/span><span class=\"aioseo-breadcrumb-separator\">&raquo;<\/span><span class=\"aioseo-breadcrumb\">\n\t\t\tAtual legislatura da C\u00e2mara Municipal \u00e9 o pior custo beneficio da hist\u00f3ria de Alagoinhas \u2013 Por Caio Pimenta\n\t\t<\/span><\/div>","aioseo_breadcrumb_json":[{"label":"In\u00edcio","link":"https:\/\/newsinfoco.com.br\/inicio"},{"label":"Caio Pimenta","link":"https:\/\/newsinfoco.com.br\/inicio\/category\/caio-pimenta\/"},{"label":"Atual legislatura da C\u00e2mara Municipal \u00e9 o pior custo beneficio da hist\u00f3ria de Alagoinhas &#8211; Por Caio Pimenta","link":"https:\/\/newsinfoco.com.br\/inicio\/atual-legislatura-da-camara-municipal-e-o-pior-custo-beneficio-da-historia-de-alagoinhas-por-caio-pimenta\/"}],"_links":{"self":[{"href":"https:\/\/newsinfoco.com.br\/inicio\/wp-json\/wp\/v2\/posts\/31180","targetHints":{"allow":["GET"]}}],"collection":[{"href":"https:\/\/newsinfoco.com.br\/inicio\/wp-json\/wp\/v2\/posts"}],"about":[{"href":"https:\/\/newsinfoco.com.br\/inicio\/wp-json\/wp\/v2\/types\/post"}],"author":[{"embeddable":true,"href":"https:\/\/newsinfoco.com.br\/inicio\/wp-json\/wp\/v2\/users\/1"}],"replies":[{"embeddable":true,"href":"https:\/\/newsinfoco.com.br\/inicio\/wp-json\/wp\/v2\/comments?post=31180"}],"version-history":[{"count":1,"href":"https:\/\/newsinfoco.com.br\/inicio\/wp-json\/wp\/v2\/posts\/31180\/revisions"}],"predecessor-version":[{"id":31181,"href":"https:\/\/newsinfoco.com.br\/inicio\/wp-json\/wp\/v2\/posts\/31180\/revisions\/31181"}],"wp:featuredmedia":[{"embeddable":true,"href":"https:\/\/newsinfoco.com.br\/inicio\/wp-json\/wp\/v2\/media\/1068"}],"wp:attachment":[{"href":"https:\/\/newsinfoco.com.br\/inicio\/wp-json\/wp\/v2\/media?parent=31180"}],"wp:term":[{"taxonomy":"category","embeddable":true,"href":"https:\/\/newsinfoco.com.br\/inicio\/wp-json\/wp\/v2\/categories?post=31180"},{"taxonomy":"post_tag","embeddable":true,"href":"https:\/\/newsinfoco.com.br\/inicio\/wp-json\/wp\/v2\/tags?post=31180"}],"curies":[{"name":"wp","href":"https:\/\/api.w.org\/{rel}","templated":true}]}}