{"id":31197,"date":"2022-08-14T09:55:04","date_gmt":"2022-08-14T12:55:04","guid":{"rendered":"https:\/\/newsinfoco.com.br\/inicio\/?p=31197"},"modified":"2022-08-14T09:55:04","modified_gmt":"2022-08-14T12:55:04","slug":"folha-de-s-paulo-pre-campanha-de-lula-fica-marcada-por-aperto-financeiro-e-freio-em-viagens","status":"publish","type":"post","link":"https:\/\/newsinfoco.com.br\/inicio\/folha-de-s-paulo-pre-campanha-de-lula-fica-marcada-por-aperto-financeiro-e-freio-em-viagens\/","title":{"rendered":"Folha de S. Paulo: Pr\u00e9-campanha de Lula fica marcada por aperto financeiro e freio em viagens"},"content":{"rendered":"<p>A libera\u00e7\u00e3o do fundo eleitoral do PT, de quase R$ 500 milh\u00f5es, deve deixar para tr\u00e1s um duro per\u00edodo da pr\u00e9-campanha do ex-presidente Luiz In\u00e1cio Lula da Silva, em que o partido se viu for\u00e7ado a economizar devido a um aperto nas suas contas.<\/p>\n<p>Despesas com contratos e d\u00edvidas judiciais \u2014cobradas at\u00e9 mesmo por antigos aliados\u2014 fizeram o PT frear a agenda de viagens de Lula na pr\u00e9-campanha e reduzir custos com eventos.<\/p>\n<p>Programada para ocorrer h\u00e1 pelo menos dois meses, a viagem do ex-presidente \u00e0 regi\u00e3o Norte do pa\u00eds s\u00f3 acontecer\u00e1, por exemplo, a partir da oficializa\u00e7\u00e3o da campanha, nesta ter\u00e7a-feira (16).<\/p>\n<p>Ao longo da pr\u00e9-campanha, o PT optou por reuni\u00f5es virtuais, como na aprova\u00e7\u00e3o do nome do ex-governador Geraldo Alckmin (PSB) para vice da chapa.<\/p>\n<p>A realiza\u00e7\u00e3o da conven\u00e7\u00e3o partid\u00e1ria em uma sala no subsolo de um hotel do centro de S\u00e3o Paulo foi outra amostra da conten\u00e7\u00e3o de despesas nessa pr\u00e9-campanha.<\/p>\n<p>O problema financeiro tamb\u00e9m pesou na substitui\u00e7\u00e3o do publicit\u00e1rio Augusto Fonseca no marketing da campanha de Lula. Segundo petistas, Fonseca n\u00e3o contava com estrutura b\u00e1sica at\u00e9 a libera\u00e7\u00e3o do fundo eleitoral.<\/p>\n<p>Pessoas pr\u00f3ximas do marqueteiro diziam que o PT queria que ele fizesse uma esp\u00e9cie de empr\u00e9stimo \u00e0 campanha, bancando ele pr\u00f3prio a primeira parte das a\u00e7\u00f5es at\u00e9 que o partido recebesse recursos do fundo eleitoral.<\/p>\n<p>Dirigentes do partido, por\u00e9m, dizem que o problema para a sa\u00edda dele n\u00e3o foi financeiro e, sim, diverg\u00eancias de rumos.<\/p>\n<p>J\u00e1 seu sucessor, Sid\u00f4nio Palmeira, tem uma equipe montada, al\u00e9m da estrutura necess\u00e1ria para montagem de um est\u00fadio na zona oeste de S\u00e3o Paulo.<\/p>\n<p>Tamb\u00e9m por motivos de seguran\u00e7a, nas viagens a equipe do ex-presidente priorizou cidades administradas pelo PT, onde h\u00e1 presen\u00e7a da milit\u00e2ncia petista.<\/p>\n<p>O aperto fica demonstrado em n\u00fameros. O PT acumulou neste ano em uma das contas do partido R$ 59 milh\u00f5es, divididos entre o Fundo Partid\u00e1rio e doa\u00e7\u00f5es. O total de despesas da sigla, por\u00e9m, est\u00e1 na casa dos R$ 65 milh\u00f5es.<\/p>\n<p>A raz\u00e3o dos gastos s\u00e3o compromissos com d\u00edvidas judiciais antigas, contratos novos e antigos e o disp\u00eandio em si com a pr\u00e9-campanha do ex-presidente.<\/p>\n<p>Al\u00e9m disso, o partido tem uma d\u00edvida de pelo menos R$ 6 milh\u00f5es com o ex-marqueteiro da legenda Jo\u00e3o Santana. O d\u00e9bito com o ex-aliado de Lula levou, por exemplo, ao bloqueio de cerca de R$ 200 mil em outra conta que o partido mant\u00e9m.<\/p>\n<p>A situa\u00e7\u00e3o refor\u00e7ou a atua\u00e7\u00e3o do pr\u00f3prio Lula, que estimulou doa\u00e7\u00f5es durante jantar com apoiadores em um restaurante de S\u00e3o Paulo. Segundo participantes do evento, Lula agradeceu as colabora\u00e7\u00f5es, afirmando que a iniciativa permitiria cobrir despesas at\u00e9 a formaliza\u00e7\u00e3o da campanha.<\/p>\n<p>Desde ent\u00e3o, o partido recebeu mais de R$ 5 milh\u00f5es de doa\u00e7\u00f5es de pessoas f\u00edsicas, que podem ser usados para pagar a d\u00edvida com Santana.<\/p>\n<p>Com a oficializa\u00e7\u00e3o da candidatura, o comit\u00ea eleitoral ter\u00e1 acesso ao fundo eleitoral, sendo R$ 130 milh\u00f5es reservados \u00e0 campanha do ex-presidente.<\/p>\n<p>J\u00e1 para a semana, est\u00e3o programados dois com\u00edcios, um em Belo Horizonte e outro no Vale do Anhangaba\u00fa, em S\u00e3o Paulo. O ex-presidente tamb\u00e9m far\u00e1 viagem ao Sul do Brasil.<\/p>\n<p>Os pr\u00f3ximos dois meses garantir\u00e3o outro al\u00edvio para o PT, uma vez que os recursos n\u00e3o podem ser bloqueados durante o processo eleitoral.<\/p>\n<p>Encerrado o processo eleitoral, o partido ter\u00e1 de executar a d\u00edvida contra\u00edda com Jo\u00e3o Santana, e ainda pode ter de arcar com mais despesas devido ao risco de ver a presta\u00e7\u00e3o de contas da campanha de 2018 rejeitada ou aprovada com ressalvas pelo TSE (Tribunal Superior Eleitoral).<\/p>\n<p>A assessoria t\u00e9cnica do TSE tem feito uma minuciosa an\u00e1lise sobre as contas da campanha presidencial de 2018, quando Lula chegou a concorrer \u00e0 Presid\u00eancia da Rep\u00fablica enquanto estava preso em Curitiba.<\/p>\n<p>Ent\u00e3o na condi\u00e7\u00e3o de vice, Fernando Haddad \u2014que, em setembro, assumiu a cabe\u00e7a de chapa\u2014 viajou pelo pa\u00eds em nome da campanha. Oficializada sua candidatura, foi constitu\u00eddo um CNPJ espec\u00edfico para a candidatura de Haddad.<\/p>\n<p>Hoje, a assessoria t\u00e9cnica da corte eleitoral questiona as despesas contra\u00eddas em nome da campanha de Lula, sob o argumento que os gastos n\u00e3o condizem com o per\u00edodo em que teria concorrido.<\/p>\n<p>Em um processo de cerca de 800 p\u00e1ginas, o TSE cobra, por exemplo, amostras de material de campanha, imagens de grava\u00e7\u00f5es e bilhetes de viagens.<\/p>\n<p>Apesar da cobran\u00e7a da assessoria t\u00e9cnica, o Minist\u00e9rio P\u00fablico Eleitoral se manifestou em favor dos argumentos do PT que, ap\u00f3s apresentar comprovantes, afirmou que o material colhido para a campanha de Lula, incluindo cenas de viagens do Haddad, foram usadas na campanha do ex-prefeito.<\/p>\n<p>Tesoureiro da campanha de Haddad, Chico Macena conta que dedicou um m\u00eas \u00e0 coleta de documentos, material de campanha e imagens, em atendimento \u00e0s exig\u00eancias da assessoria t\u00e9cnica de tribunal.<\/p>\n<p>\u201cA campanha \u00e9 a mesma. Por uma formalidade, houve dois CNPJs\u201d, justifica.<\/p>\n<p>Os problemas financeiros da legenda n\u00e3o s\u00e3o novos. No passado, o diret\u00f3rio estadual do PT em S\u00e3o Paulo teve que entregar a pr\u00f3pria sede em raz\u00e3o de problemas financeiros.<\/p>\n<p>Folhapress<\/p>\n<div class='share-to-whatsapp-wrapper'><div class='share-on-whsp'>Share on: <\/div><a data-text='Folha de S. Paulo: Pr\u00e9-campanha de Lula fica marcada por aperto financeiro e freio em viagens' data-link='https:\/\/newsinfoco.com.br\/inicio\/folha-de-s-paulo-pre-campanha-de-lula-fica-marcada-por-aperto-financeiro-e-freio-em-viagens\/' class='whatsapp-button whatsapp-share'>WhatsApp<\/a><div class='clear '><\/div><\/div>","protected":false},"excerpt":{"rendered":"<p>A libera\u00e7\u00e3o do fundo eleitoral do PT, de quase R$ 500 milh\u00f5es, deve deixar para tr\u00e1s um duro per\u00edodo da pr\u00e9-campanha do ex-presidente Luiz In\u00e1cio Lula da Silva, em que o partido se viu for\u00e7ado a economizar devido a um aperto nas suas contas. Despesas com contratos e d\u00edvidas judiciais \u2014cobradas at\u00e9 mesmo por antigos [&hellip;]<\/p>\n","protected":false},"author":1,"featured_media":12045,"comment_status":"closed","ping_status":"closed","sticky":false,"template":"","format":"standard","meta":{"om_disable_all_campaigns":false,"rop_custom_images_group":[],"rop_custom_messages_group":[],"rop_publish_now":"initial","rop_publish_now_accounts":[],"rop_publish_now_history":[],"rop_publish_now_status":"pending","_exactmetrics_skip_tracking":false,"footnotes":""},"categories":[21],"tags":[],"class_list":["post-31197","post","type-post","status-publish","format-standard","has-post-thumbnail","hentry","category-brasil"],"aioseo_notices":[],"aioseo_head":"\n\t\t<!-- All in One SEO 4.9.10 - aioseo.com -->\n\t<meta name=\"description\" content=\"A libera\u00e7\u00e3o do fundo eleitoral do PT, de quase R$ 500 milh\u00f5es, deve deixar para tr\u00e1s um duro per\u00edodo da pr\u00e9-campanha do ex-presidente Luiz In\u00e1cio Lula da Silva, em que o partido se viu for\u00e7ado a economizar devido a um aperto nas suas contas. Despesas com contratos e d\u00edvidas judiciais \u2014cobradas at\u00e9 mesmo por antigos\" \/>\n\t<meta name=\"robots\" content=\"max-image-preview:large\" \/>\n\t<meta name=\"author\" content=\"administrador\"\/>\n\t<link rel=\"canonical\" href=\"https:\/\/newsinfoco.com.br\/inicio\/folha-de-s-paulo-pre-campanha-de-lula-fica-marcada-por-aperto-financeiro-e-freio-em-viagens\/\" \/>\n\t<meta name=\"generator\" content=\"All in One SEO (AIOSEO) 4.9.10\" \/>\n\t\t<meta property=\"og:locale\" content=\"pt_BR\" \/>\n\t\t<meta property=\"og:site_name\" content=\"News In Foco - Editado por Caio Pimenta - O principal site de noticias de Alagoinhas e regi\u00e3o\" \/>\n\t\t<meta property=\"og:type\" content=\"article\" \/>\n\t\t<meta property=\"og:title\" content=\"Folha de S. Paulo: Pr\u00e9-campanha de Lula fica marcada por aperto financeiro e freio em viagens - News In Foco - Editado por Caio Pimenta\" \/>\n\t\t<meta property=\"og:description\" content=\"A libera\u00e7\u00e3o do fundo eleitoral do PT, de quase R$ 500 milh\u00f5es, deve deixar para tr\u00e1s um duro per\u00edodo da pr\u00e9-campanha do ex-presidente Luiz In\u00e1cio Lula da Silva, em que o partido se viu for\u00e7ado a economizar devido a um aperto nas suas contas. Despesas com contratos e d\u00edvidas judiciais \u2014cobradas at\u00e9 mesmo por antigos\" \/>\n\t\t<meta property=\"og:url\" content=\"https:\/\/newsinfoco.com.br\/inicio\/folha-de-s-paulo-pre-campanha-de-lula-fica-marcada-por-aperto-financeiro-e-freio-em-viagens\/\" \/>\n\t\t<meta property=\"article:published_time\" content=\"2022-08-14T12:55:04+00:00\" \/>\n\t\t<meta property=\"article:modified_time\" content=\"2022-08-14T12:55:04+00:00\" \/>\n\t\t<meta name=\"twitter:card\" content=\"summary_large_image\" \/>\n\t\t<meta name=\"twitter:title\" content=\"Folha de S. Paulo: Pr\u00e9-campanha de Lula fica marcada por aperto financeiro e freio em viagens - News In Foco - Editado por Caio Pimenta\" \/>\n\t\t<meta name=\"twitter:description\" content=\"A libera\u00e7\u00e3o do fundo eleitoral do PT, de quase R$ 500 milh\u00f5es, deve deixar para tr\u00e1s um duro per\u00edodo da pr\u00e9-campanha do ex-presidente Luiz In\u00e1cio Lula da Silva, em que o partido se viu for\u00e7ado a economizar devido a um aperto nas suas contas. Despesas com contratos e d\u00edvidas judiciais \u2014cobradas at\u00e9 mesmo por antigos\" \/>\n\t\t<script type=\"application\/ld+json\" class=\"aioseo-schema\">\n\t\t\t{\"@context\":\"https:\\\/\\\/schema.org\",\"@graph\":[{\"@type\":\"BlogPosting\",\"@id\":\"https:\\\/\\\/newsinfoco.com.br\\\/inicio\\\/folha-de-s-paulo-pre-campanha-de-lula-fica-marcada-por-aperto-financeiro-e-freio-em-viagens\\\/#blogposting\",\"name\":\"Folha de S. Paulo: Pr\\u00e9-campanha de Lula fica marcada por aperto financeiro e freio em viagens - News In Foco - Editado por Caio Pimenta\",\"headline\":\"Folha de S. Paulo: Pr\\u00e9-campanha de Lula fica marcada por aperto financeiro e freio em viagens\",\"author\":{\"@id\":\"https:\\\/\\\/newsinfoco.com.br\\\/inicio\\\/author\\\/administrador\\\/#author\"},\"publisher\":{\"@id\":\"https:\\\/\\\/newsinfoco.com.br\\\/inicio\\\/#organization\"},\"image\":{\"@type\":\"ImageObject\",\"url\":\"https:\\\/\\\/newsinfoco.com.br\\\/inicio\\\/wp-content\\\/uploads\\\/2018\\\/12\\\/lula.jpg\",\"width\":590,\"height\":320,\"caption\":\"O ex-presidente Lula\"},\"datePublished\":\"2022-08-14T09:55:04-03:00\",\"dateModified\":\"2022-08-14T09:55:04-03:00\",\"inLanguage\":\"pt-BR\",\"mainEntityOfPage\":{\"@id\":\"https:\\\/\\\/newsinfoco.com.br\\\/inicio\\\/folha-de-s-paulo-pre-campanha-de-lula-fica-marcada-por-aperto-financeiro-e-freio-em-viagens\\\/#webpage\"},\"isPartOf\":{\"@id\":\"https:\\\/\\\/newsinfoco.com.br\\\/inicio\\\/folha-de-s-paulo-pre-campanha-de-lula-fica-marcada-por-aperto-financeiro-e-freio-em-viagens\\\/#webpage\"},\"articleSection\":\"Brasil\"},{\"@type\":\"BreadcrumbList\",\"@id\":\"https:\\\/\\\/newsinfoco.com.br\\\/inicio\\\/folha-de-s-paulo-pre-campanha-de-lula-fica-marcada-por-aperto-financeiro-e-freio-em-viagens\\\/#breadcrumblist\",\"itemListElement\":[{\"@type\":\"ListItem\",\"@id\":\"https:\\\/\\\/newsinfoco.com.br\\\/inicio#listItem\",\"position\":1,\"name\":\"In\\u00edcio\",\"item\":\"https:\\\/\\\/newsinfoco.com.br\\\/inicio\",\"nextItem\":{\"@type\":\"ListItem\",\"@id\":\"https:\\\/\\\/newsinfoco.com.br\\\/inicio\\\/category\\\/brasil\\\/#listItem\",\"name\":\"Brasil\"}},{\"@type\":\"ListItem\",\"@id\":\"https:\\\/\\\/newsinfoco.com.br\\\/inicio\\\/category\\\/brasil\\\/#listItem\",\"position\":2,\"name\":\"Brasil\",\"item\":\"https:\\\/\\\/newsinfoco.com.br\\\/inicio\\\/category\\\/brasil\\\/\",\"nextItem\":{\"@type\":\"ListItem\",\"@id\":\"https:\\\/\\\/newsinfoco.com.br\\\/inicio\\\/folha-de-s-paulo-pre-campanha-de-lula-fica-marcada-por-aperto-financeiro-e-freio-em-viagens\\\/#listItem\",\"name\":\"Folha de S. Paulo: Pr\\u00e9-campanha de Lula fica marcada por aperto financeiro e freio em viagens\"},\"previousItem\":{\"@type\":\"ListItem\",\"@id\":\"https:\\\/\\\/newsinfoco.com.br\\\/inicio#listItem\",\"name\":\"In\\u00edcio\"}},{\"@type\":\"ListItem\",\"@id\":\"https:\\\/\\\/newsinfoco.com.br\\\/inicio\\\/folha-de-s-paulo-pre-campanha-de-lula-fica-marcada-por-aperto-financeiro-e-freio-em-viagens\\\/#listItem\",\"position\":3,\"name\":\"Folha de S. Paulo: Pr\\u00e9-campanha de Lula fica marcada por aperto financeiro e freio em viagens\",\"previousItem\":{\"@type\":\"ListItem\",\"@id\":\"https:\\\/\\\/newsinfoco.com.br\\\/inicio\\\/category\\\/brasil\\\/#listItem\",\"name\":\"Brasil\"}}]},{\"@type\":\"Organization\",\"@id\":\"https:\\\/\\\/newsinfoco.com.br\\\/inicio\\\/#organization\",\"name\":\"News In Foco - Editado por Caio Pimenta\",\"description\":\"O principal site de noticias de Alagoinhas e regi\\u00e3o\",\"url\":\"https:\\\/\\\/newsinfoco.com.br\\\/inicio\\\/\"},{\"@type\":\"Person\",\"@id\":\"https:\\\/\\\/newsinfoco.com.br\\\/inicio\\\/author\\\/administrador\\\/#author\",\"url\":\"https:\\\/\\\/newsinfoco.com.br\\\/inicio\\\/author\\\/administrador\\\/\",\"name\":\"administrador\",\"image\":{\"@type\":\"ImageObject\",\"@id\":\"https:\\\/\\\/newsinfoco.com.br\\\/inicio\\\/folha-de-s-paulo-pre-campanha-de-lula-fica-marcada-por-aperto-financeiro-e-freio-em-viagens\\\/#authorImage\",\"url\":\"https:\\\/\\\/secure.gravatar.com\\\/avatar\\\/c17a617433de8c1dc9584bb79aab7563b46f5bb7e1728c9b17d9cc3ce6a08e49?s=96&d=mm&r=g\",\"width\":96,\"height\":96,\"caption\":\"administrador\"}},{\"@type\":\"WebPage\",\"@id\":\"https:\\\/\\\/newsinfoco.com.br\\\/inicio\\\/folha-de-s-paulo-pre-campanha-de-lula-fica-marcada-por-aperto-financeiro-e-freio-em-viagens\\\/#webpage\",\"url\":\"https:\\\/\\\/newsinfoco.com.br\\\/inicio\\\/folha-de-s-paulo-pre-campanha-de-lula-fica-marcada-por-aperto-financeiro-e-freio-em-viagens\\\/\",\"name\":\"Folha de S. Paulo: Pr\\u00e9-campanha de Lula fica marcada por aperto financeiro e freio em viagens - News In Foco - Editado por Caio Pimenta\",\"description\":\"A libera\\u00e7\\u00e3o do fundo eleitoral do PT, de quase R$ 500 milh\\u00f5es, deve deixar para tr\\u00e1s um duro per\\u00edodo da pr\\u00e9-campanha do ex-presidente Luiz In\\u00e1cio Lula da Silva, em que o partido se viu for\\u00e7ado a economizar devido a um aperto nas suas contas. Despesas com contratos e d\\u00edvidas judiciais \\u2014cobradas at\\u00e9 mesmo por antigos\",\"inLanguage\":\"pt-BR\",\"isPartOf\":{\"@id\":\"https:\\\/\\\/newsinfoco.com.br\\\/inicio\\\/#website\"},\"breadcrumb\":{\"@id\":\"https:\\\/\\\/newsinfoco.com.br\\\/inicio\\\/folha-de-s-paulo-pre-campanha-de-lula-fica-marcada-por-aperto-financeiro-e-freio-em-viagens\\\/#breadcrumblist\"},\"author\":{\"@id\":\"https:\\\/\\\/newsinfoco.com.br\\\/inicio\\\/author\\\/administrador\\\/#author\"},\"creator\":{\"@id\":\"https:\\\/\\\/newsinfoco.com.br\\\/inicio\\\/author\\\/administrador\\\/#author\"},\"image\":{\"@type\":\"ImageObject\",\"url\":\"https:\\\/\\\/newsinfoco.com.br\\\/inicio\\\/wp-content\\\/uploads\\\/2018\\\/12\\\/lula.jpg\",\"@id\":\"https:\\\/\\\/newsinfoco.com.br\\\/inicio\\\/folha-de-s-paulo-pre-campanha-de-lula-fica-marcada-por-aperto-financeiro-e-freio-em-viagens\\\/#mainImage\",\"width\":590,\"height\":320,\"caption\":\"O ex-presidente Lula\"},\"primaryImageOfPage\":{\"@id\":\"https:\\\/\\\/newsinfoco.com.br\\\/inicio\\\/folha-de-s-paulo-pre-campanha-de-lula-fica-marcada-por-aperto-financeiro-e-freio-em-viagens\\\/#mainImage\"},\"datePublished\":\"2022-08-14T09:55:04-03:00\",\"dateModified\":\"2022-08-14T09:55:04-03:00\"},{\"@type\":\"WebSite\",\"@id\":\"https:\\\/\\\/newsinfoco.com.br\\\/inicio\\\/#website\",\"url\":\"https:\\\/\\\/newsinfoco.com.br\\\/inicio\\\/\",\"name\":\"News In Foco - Editado por Caio Pimenta\",\"description\":\"O principal site de noticias de Alagoinhas e regi\\u00e3o\",\"inLanguage\":\"pt-BR\",\"publisher\":{\"@id\":\"https:\\\/\\\/newsinfoco.com.br\\\/inicio\\\/#organization\"}}]}\n\t\t<\/script>\n\t\t<!-- All in One SEO -->\n\n","aioseo_head_json":{"title":"Folha de S. Paulo: Pr\u00e9-campanha de Lula fica marcada por aperto financeiro e freio em viagens - News In Foco - Editado por Caio Pimenta","description":"A libera\u00e7\u00e3o do fundo eleitoral do PT, de quase R$ 500 milh\u00f5es, deve deixar para tr\u00e1s um duro per\u00edodo da pr\u00e9-campanha do ex-presidente Luiz In\u00e1cio Lula da Silva, em que o partido se viu for\u00e7ado a economizar devido a um aperto nas suas contas. Despesas com contratos e d\u00edvidas judiciais \u2014cobradas at\u00e9 mesmo por antigos","canonical_url":"https:\/\/newsinfoco.com.br\/inicio\/folha-de-s-paulo-pre-campanha-de-lula-fica-marcada-por-aperto-financeiro-e-freio-em-viagens\/","robots":"max-image-preview:large","keywords":"","webmasterTools":{"miscellaneous":""},"schema":{"@context":"https:\/\/schema.org","@graph":[{"@type":"BlogPosting","@id":"https:\/\/newsinfoco.com.br\/inicio\/folha-de-s-paulo-pre-campanha-de-lula-fica-marcada-por-aperto-financeiro-e-freio-em-viagens\/#blogposting","name":"Folha de S. Paulo: Pr\u00e9-campanha de Lula fica marcada por aperto financeiro e freio em viagens - News In Foco - Editado por Caio Pimenta","headline":"Folha de S. Paulo: Pr\u00e9-campanha de Lula fica marcada por aperto financeiro e freio em viagens","author":{"@id":"https:\/\/newsinfoco.com.br\/inicio\/author\/administrador\/#author"},"publisher":{"@id":"https:\/\/newsinfoco.com.br\/inicio\/#organization"},"image":{"@type":"ImageObject","url":"https:\/\/newsinfoco.com.br\/inicio\/wp-content\/uploads\/2018\/12\/lula.jpg","width":590,"height":320,"caption":"O ex-presidente Lula"},"datePublished":"2022-08-14T09:55:04-03:00","dateModified":"2022-08-14T09:55:04-03:00","inLanguage":"pt-BR","mainEntityOfPage":{"@id":"https:\/\/newsinfoco.com.br\/inicio\/folha-de-s-paulo-pre-campanha-de-lula-fica-marcada-por-aperto-financeiro-e-freio-em-viagens\/#webpage"},"isPartOf":{"@id":"https:\/\/newsinfoco.com.br\/inicio\/folha-de-s-paulo-pre-campanha-de-lula-fica-marcada-por-aperto-financeiro-e-freio-em-viagens\/#webpage"},"articleSection":"Brasil"},{"@type":"BreadcrumbList","@id":"https:\/\/newsinfoco.com.br\/inicio\/folha-de-s-paulo-pre-campanha-de-lula-fica-marcada-por-aperto-financeiro-e-freio-em-viagens\/#breadcrumblist","itemListElement":[{"@type":"ListItem","@id":"https:\/\/newsinfoco.com.br\/inicio#listItem","position":1,"name":"In\u00edcio","item":"https:\/\/newsinfoco.com.br\/inicio","nextItem":{"@type":"ListItem","@id":"https:\/\/newsinfoco.com.br\/inicio\/category\/brasil\/#listItem","name":"Brasil"}},{"@type":"ListItem","@id":"https:\/\/newsinfoco.com.br\/inicio\/category\/brasil\/#listItem","position":2,"name":"Brasil","item":"https:\/\/newsinfoco.com.br\/inicio\/category\/brasil\/","nextItem":{"@type":"ListItem","@id":"https:\/\/newsinfoco.com.br\/inicio\/folha-de-s-paulo-pre-campanha-de-lula-fica-marcada-por-aperto-financeiro-e-freio-em-viagens\/#listItem","name":"Folha de S. Paulo: Pr\u00e9-campanha de Lula fica marcada por aperto financeiro e freio em viagens"},"previousItem":{"@type":"ListItem","@id":"https:\/\/newsinfoco.com.br\/inicio#listItem","name":"In\u00edcio"}},{"@type":"ListItem","@id":"https:\/\/newsinfoco.com.br\/inicio\/folha-de-s-paulo-pre-campanha-de-lula-fica-marcada-por-aperto-financeiro-e-freio-em-viagens\/#listItem","position":3,"name":"Folha de S. Paulo: Pr\u00e9-campanha de Lula fica marcada por aperto financeiro e freio em viagens","previousItem":{"@type":"ListItem","@id":"https:\/\/newsinfoco.com.br\/inicio\/category\/brasil\/#listItem","name":"Brasil"}}]},{"@type":"Organization","@id":"https:\/\/newsinfoco.com.br\/inicio\/#organization","name":"News In Foco - Editado por Caio Pimenta","description":"O principal site de noticias de Alagoinhas e regi\u00e3o","url":"https:\/\/newsinfoco.com.br\/inicio\/"},{"@type":"Person","@id":"https:\/\/newsinfoco.com.br\/inicio\/author\/administrador\/#author","url":"https:\/\/newsinfoco.com.br\/inicio\/author\/administrador\/","name":"administrador","image":{"@type":"ImageObject","@id":"https:\/\/newsinfoco.com.br\/inicio\/folha-de-s-paulo-pre-campanha-de-lula-fica-marcada-por-aperto-financeiro-e-freio-em-viagens\/#authorImage","url":"https:\/\/secure.gravatar.com\/avatar\/c17a617433de8c1dc9584bb79aab7563b46f5bb7e1728c9b17d9cc3ce6a08e49?s=96&d=mm&r=g","width":96,"height":96,"caption":"administrador"}},{"@type":"WebPage","@id":"https:\/\/newsinfoco.com.br\/inicio\/folha-de-s-paulo-pre-campanha-de-lula-fica-marcada-por-aperto-financeiro-e-freio-em-viagens\/#webpage","url":"https:\/\/newsinfoco.com.br\/inicio\/folha-de-s-paulo-pre-campanha-de-lula-fica-marcada-por-aperto-financeiro-e-freio-em-viagens\/","name":"Folha de S. Paulo: Pr\u00e9-campanha de Lula fica marcada por aperto financeiro e freio em viagens - News In Foco - Editado por Caio Pimenta","description":"A libera\u00e7\u00e3o do fundo eleitoral do PT, de quase R$ 500 milh\u00f5es, deve deixar para tr\u00e1s um duro per\u00edodo da pr\u00e9-campanha do ex-presidente Luiz In\u00e1cio Lula da Silva, em que o partido se viu for\u00e7ado a economizar devido a um aperto nas suas contas. Despesas com contratos e d\u00edvidas judiciais \u2014cobradas at\u00e9 mesmo por antigos","inLanguage":"pt-BR","isPartOf":{"@id":"https:\/\/newsinfoco.com.br\/inicio\/#website"},"breadcrumb":{"@id":"https:\/\/newsinfoco.com.br\/inicio\/folha-de-s-paulo-pre-campanha-de-lula-fica-marcada-por-aperto-financeiro-e-freio-em-viagens\/#breadcrumblist"},"author":{"@id":"https:\/\/newsinfoco.com.br\/inicio\/author\/administrador\/#author"},"creator":{"@id":"https:\/\/newsinfoco.com.br\/inicio\/author\/administrador\/#author"},"image":{"@type":"ImageObject","url":"https:\/\/newsinfoco.com.br\/inicio\/wp-content\/uploads\/2018\/12\/lula.jpg","@id":"https:\/\/newsinfoco.com.br\/inicio\/folha-de-s-paulo-pre-campanha-de-lula-fica-marcada-por-aperto-financeiro-e-freio-em-viagens\/#mainImage","width":590,"height":320,"caption":"O ex-presidente Lula"},"primaryImageOfPage":{"@id":"https:\/\/newsinfoco.com.br\/inicio\/folha-de-s-paulo-pre-campanha-de-lula-fica-marcada-por-aperto-financeiro-e-freio-em-viagens\/#mainImage"},"datePublished":"2022-08-14T09:55:04-03:00","dateModified":"2022-08-14T09:55:04-03:00"},{"@type":"WebSite","@id":"https:\/\/newsinfoco.com.br\/inicio\/#website","url":"https:\/\/newsinfoco.com.br\/inicio\/","name":"News In Foco - Editado por Caio Pimenta","description":"O principal site de noticias de Alagoinhas e regi\u00e3o","inLanguage":"pt-BR","publisher":{"@id":"https:\/\/newsinfoco.com.br\/inicio\/#organization"}}]},"og:locale":"pt_BR","og:site_name":"News In Foco - Editado por Caio Pimenta - O principal site de noticias de Alagoinhas e regi\u00e3o","og:type":"article","og:title":"Folha de S. Paulo: Pr\u00e9-campanha de Lula fica marcada por aperto financeiro e freio em viagens - News In Foco - Editado por Caio Pimenta","og:description":"A libera\u00e7\u00e3o do fundo eleitoral do PT, de quase R$ 500 milh\u00f5es, deve deixar para tr\u00e1s um duro per\u00edodo da pr\u00e9-campanha do ex-presidente Luiz In\u00e1cio Lula da Silva, em que o partido se viu for\u00e7ado a economizar devido a um aperto nas suas contas. Despesas com contratos e d\u00edvidas judiciais \u2014cobradas at\u00e9 mesmo por antigos","og:url":"https:\/\/newsinfoco.com.br\/inicio\/folha-de-s-paulo-pre-campanha-de-lula-fica-marcada-por-aperto-financeiro-e-freio-em-viagens\/","article:published_time":"2022-08-14T12:55:04+00:00","article:modified_time":"2022-08-14T12:55:04+00:00","twitter:card":"summary_large_image","twitter:title":"Folha de S. Paulo: Pr\u00e9-campanha de Lula fica marcada por aperto financeiro e freio em viagens - News In Foco - Editado por Caio Pimenta","twitter:description":"A libera\u00e7\u00e3o do fundo eleitoral do PT, de quase R$ 500 milh\u00f5es, deve deixar para tr\u00e1s um duro per\u00edodo da pr\u00e9-campanha do ex-presidente Luiz In\u00e1cio Lula da Silva, em que o partido se viu for\u00e7ado a economizar devido a um aperto nas suas contas. Despesas com contratos e d\u00edvidas judiciais \u2014cobradas at\u00e9 mesmo por antigos"},"aioseo_meta_data":{"post_id":"31197","title":null,"description":null,"keywords":null,"keyphrases":null,"primary_term":null,"canonical_url":null,"og_title":null,"og_description":null,"og_object_type":"default","og_image_type":"default","og_image_url":null,"og_image_width":null,"og_image_height":null,"og_image_custom_url":null,"og_image_custom_fields":null,"og_video":null,"og_custom_url":null,"og_article_section":null,"og_article_tags":null,"twitter_use_og":false,"twitter_card":"default","twitter_image_type":"default","twitter_image_url":null,"twitter_image_custom_url":null,"twitter_image_custom_fields":null,"twitter_title":null,"twitter_description":null,"schema":{"blockGraphs":[],"customGraphs":[],"default":{"data":{"Article":[],"Course":[],"Dataset":[],"FAQPage":[],"Movie":[],"Person":[],"Product":[],"ProductReview":[],"Car":[],"Recipe":[],"Service":[],"SoftwareApplication":[],"WebPage":[]},"graphName":"","isEnabled":true},"graphs":[]},"schema_type":"default","schema_type_options":null,"pillar_content":false,"robots_default":true,"robots_noindex":false,"robots_noarchive":false,"robots_nosnippet":false,"robots_nofollow":false,"robots_noimageindex":false,"robots_noodp":false,"robots_notranslate":false,"robots_max_snippet":null,"robots_max_videopreview":null,"robots_max_imagepreview":"large","priority":null,"frequency":null,"local_seo":null,"breadcrumb_settings":null,"limit_modified_date":false,"ai":null,"created":"2023-06-12 21:59:44","updated":"2025-07-11 08:14:01","seo_analyzer_scan_date":null},"aioseo_breadcrumb":"<div class=\"aioseo-breadcrumbs\"><span class=\"aioseo-breadcrumb\">\n\t\t\t<a href=\"https:\/\/newsinfoco.com.br\/inicio\" title=\"In\u00edcio\">In\u00edcio<\/a>\n\t\t<\/span><span class=\"aioseo-breadcrumb-separator\">&raquo;<\/span><span class=\"aioseo-breadcrumb\">\n\t\t\t<a href=\"https:\/\/newsinfoco.com.br\/inicio\/category\/brasil\/\" title=\"Brasil\">Brasil<\/a>\n\t\t<\/span><span class=\"aioseo-breadcrumb-separator\">&raquo;<\/span><span class=\"aioseo-breadcrumb\">\n\t\t\tFolha de S. Paulo: Pr\u00e9-campanha de Lula fica marcada por aperto financeiro e freio em viagens\n\t\t<\/span><\/div>","aioseo_breadcrumb_json":[{"label":"In\u00edcio","link":"https:\/\/newsinfoco.com.br\/inicio"},{"label":"Brasil","link":"https:\/\/newsinfoco.com.br\/inicio\/category\/brasil\/"},{"label":"Folha de S. Paulo: Pr\u00e9-campanha de Lula fica marcada por aperto financeiro e freio em viagens","link":"https:\/\/newsinfoco.com.br\/inicio\/folha-de-s-paulo-pre-campanha-de-lula-fica-marcada-por-aperto-financeiro-e-freio-em-viagens\/"}],"_links":{"self":[{"href":"https:\/\/newsinfoco.com.br\/inicio\/wp-json\/wp\/v2\/posts\/31197","targetHints":{"allow":["GET"]}}],"collection":[{"href":"https:\/\/newsinfoco.com.br\/inicio\/wp-json\/wp\/v2\/posts"}],"about":[{"href":"https:\/\/newsinfoco.com.br\/inicio\/wp-json\/wp\/v2\/types\/post"}],"author":[{"embeddable":true,"href":"https:\/\/newsinfoco.com.br\/inicio\/wp-json\/wp\/v2\/users\/1"}],"replies":[{"embeddable":true,"href":"https:\/\/newsinfoco.com.br\/inicio\/wp-json\/wp\/v2\/comments?post=31197"}],"version-history":[{"count":1,"href":"https:\/\/newsinfoco.com.br\/inicio\/wp-json\/wp\/v2\/posts\/31197\/revisions"}],"predecessor-version":[{"id":31198,"href":"https:\/\/newsinfoco.com.br\/inicio\/wp-json\/wp\/v2\/posts\/31197\/revisions\/31198"}],"wp:featuredmedia":[{"embeddable":true,"href":"https:\/\/newsinfoco.com.br\/inicio\/wp-json\/wp\/v2\/media\/12045"}],"wp:attachment":[{"href":"https:\/\/newsinfoco.com.br\/inicio\/wp-json\/wp\/v2\/media?parent=31197"}],"wp:term":[{"taxonomy":"category","embeddable":true,"href":"https:\/\/newsinfoco.com.br\/inicio\/wp-json\/wp\/v2\/categories?post=31197"},{"taxonomy":"post_tag","embeddable":true,"href":"https:\/\/newsinfoco.com.br\/inicio\/wp-json\/wp\/v2\/tags?post=31197"}],"curies":[{"name":"wp","href":"https:\/\/api.w.org\/{rel}","templated":true}]}}