{"id":31203,"date":"2022-08-14T11:26:15","date_gmt":"2022-08-14T14:26:15","guid":{"rendered":"https:\/\/newsinfoco.com.br\/inicio\/?p=31203"},"modified":"2022-08-14T11:26:15","modified_gmt":"2022-08-14T14:26:15","slug":"mutirao-de-atendimentos-do-cadastro-unico-em-alagoinhas-comeca-nesta-segunda-feira-15-no-carneirao","status":"publish","type":"post","link":"https:\/\/newsinfoco.com.br\/inicio\/mutirao-de-atendimentos-do-cadastro-unico-em-alagoinhas-comeca-nesta-segunda-feira-15-no-carneirao\/","title":{"rendered":"Mutir\u00e3o de Atendimentos do Cadastro \u00danico em Alagoinhas come\u00e7a nesta segunda-feira (15) no Carneir\u00e3o"},"content":{"rendered":"<p>Come\u00e7a nesta segunda-feira (15), o Mutir\u00e3o de Atendimentos do Cadastro \u00danico, promovido pela Prefeitura Municipal de Alagoinhas, por meio da Secretaria de Assist\u00eancia Social (SEMAS).<\/p>\n<p>At\u00e9 o dia 19 de agosto, quem precisar fazer atualiza\u00e7\u00f5es, exclus\u00f5es e novos cadastros para acesso aos benef\u00edcios do Governo Federal, como Aux\u00edlio Brasil e Aux\u00edlio G\u00e1s, poder\u00e1 ir at\u00e9 o Est\u00e1dio Carneir\u00e3o, com os documentos originais, das 8h \u00e0s 17h.<\/p>\n<p>\u00c9 necess\u00e1rio apresentar RG, CPF, t\u00edtulo de eleitor, carteira de trabalho e conta recente de luz ou de \u00e1gua. Durante a semana do Mutir\u00e3o (15 a 19 de agosto), todos os atendimentos do Cadastro \u00danico ser\u00e3o feitos exclusivamente no Carneir\u00e3o.<\/p>\n<p>O Cadastro \u00danico permite identificar as fam\u00edlias de baixa renda para que o Governo Federal tenha acesso a informa\u00e7\u00f5es como escolaridade, situa\u00e7\u00e3o de trabalho e renda, resid\u00eancia e identidade. Esses dados s\u00e3o fundamentais para sele\u00e7\u00e3o e inclus\u00e3o de pessoas nos programas sociais como o Aux\u00edlio Brasil, Aux\u00edlio G\u00e1s e Casa Verde e Amarela, feita tamb\u00e9m pelo Governo Federal.<\/p>\n<p><a class=\"group1 cboxElement\" href=\"https:\/\/www.alagoinhas.ba.gov.br\/wp-content\/uploads\/2022\/08\/IMG-20220810-WA0037.jpg\"><img loading=\"lazy\" decoding=\"async\" class=\"aligncenter size-large wp-image-59077\" src=\"https:\/\/www.alagoinhas.ba.gov.br\/wp-content\/uploads\/2022\/08\/IMG-20220810-WA0037-576x1024.jpg\" sizes=\"auto, (max-width: 576px) 100vw, 576px\" srcset=\"https:\/\/www.alagoinhas.ba.gov.br\/wp-content\/uploads\/2022\/08\/IMG-20220810-WA0037-576x1024.jpg 576w, https:\/\/www.alagoinhas.ba.gov.br\/wp-content\/uploads\/2022\/08\/IMG-20220810-WA0037-169x300.jpg 169w, https:\/\/www.alagoinhas.ba.gov.br\/wp-content\/uploads\/2022\/08\/IMG-20220810-WA0037-47x84.jpg 47w, https:\/\/www.alagoinhas.ba.gov.br\/wp-content\/uploads\/2022\/08\/IMG-20220810-WA0037.jpg 720w\" alt=\"\" width=\"576\" height=\"1024\" \/><\/a><\/p>\n<div align=\"right\">\n<p>&nbsp;<\/p>\n<p>&nbsp;<\/p>\n<\/div>\n<div class='share-to-whatsapp-wrapper'><div class='share-on-whsp'>Share on: <\/div><a data-text='Mutir\u00e3o de Atendimentos do Cadastro \u00danico em Alagoinhas come\u00e7a nesta segunda-feira (15) no Carneir\u00e3o' data-link='https:\/\/newsinfoco.com.br\/inicio\/mutirao-de-atendimentos-do-cadastro-unico-em-alagoinhas-comeca-nesta-segunda-feira-15-no-carneirao\/' class='whatsapp-button whatsapp-share'>WhatsApp<\/a><div class='clear '><\/div><\/div>","protected":false},"excerpt":{"rendered":"<p>Come\u00e7a nesta segunda-feira (15), o Mutir\u00e3o de Atendimentos do Cadastro \u00danico, promovido pela Prefeitura Municipal de Alagoinhas, por meio da Secretaria de Assist\u00eancia Social (SEMAS). At\u00e9 o dia 19 de agosto, quem precisar fazer atualiza\u00e7\u00f5es, exclus\u00f5es e novos cadastros para acesso aos benef\u00edcios do Governo Federal, como Aux\u00edlio Brasil e Aux\u00edlio G\u00e1s, poder\u00e1 ir at\u00e9 [&hellip;]<\/p>\n","protected":false},"author":1,"featured_media":31204,"comment_status":"closed","ping_status":"closed","sticky":false,"template":"","format":"standard","meta":{"om_disable_all_campaigns":false,"rop_custom_images_group":[],"rop_custom_messages_group":[],"rop_publish_now":"initial","rop_publish_now_accounts":[],"rop_publish_now_history":[],"rop_publish_now_status":"pending","_exactmetrics_skip_tracking":false,"footnotes":""},"categories":[38,167],"tags":[],"class_list":["post-31203","post","type-post","status-publish","format-standard","has-post-thumbnail","hentry","category-alagoinhas-e-regiao","category-exclusivas"],"aioseo_notices":[],"aioseo_head":"\n\t\t<!-- All in One SEO 4.9.10 - aioseo.com -->\n\t<meta name=\"description\" content=\"Come\u00e7a nesta segunda-feira (15), o Mutir\u00e3o de Atendimentos do Cadastro \u00danico, promovido pela Prefeitura Municipal de Alagoinhas, por meio da Secretaria de Assist\u00eancia Social (SEMAS). At\u00e9 o dia 19 de agosto, quem precisar fazer atualiza\u00e7\u00f5es, exclus\u00f5es e novos cadastros para acesso aos benef\u00edcios do Governo Federal, como Aux\u00edlio Brasil e Aux\u00edlio G\u00e1s, poder\u00e1 ir at\u00e9\" \/>\n\t<meta name=\"robots\" content=\"max-image-preview:large\" \/>\n\t<meta name=\"author\" content=\"administrador\"\/>\n\t<link rel=\"canonical\" href=\"https:\/\/newsinfoco.com.br\/inicio\/mutirao-de-atendimentos-do-cadastro-unico-em-alagoinhas-comeca-nesta-segunda-feira-15-no-carneirao\/\" \/>\n\t<meta name=\"generator\" content=\"All in One SEO (AIOSEO) 4.9.10\" \/>\n\t\t<meta property=\"og:locale\" content=\"pt_BR\" \/>\n\t\t<meta property=\"og:site_name\" content=\"News In Foco - Editado por Caio Pimenta - O principal site de noticias de Alagoinhas e regi\u00e3o\" \/>\n\t\t<meta property=\"og:type\" content=\"article\" \/>\n\t\t<meta property=\"og:title\" content=\"Mutir\u00e3o de Atendimentos do Cadastro \u00danico em Alagoinhas come\u00e7a nesta segunda-feira (15) no Carneir\u00e3o - News In Foco - Editado por Caio Pimenta\" \/>\n\t\t<meta property=\"og:description\" content=\"Come\u00e7a nesta segunda-feira (15), o Mutir\u00e3o de Atendimentos do Cadastro \u00danico, promovido pela Prefeitura Municipal de Alagoinhas, por meio da Secretaria de Assist\u00eancia Social (SEMAS). At\u00e9 o dia 19 de agosto, quem precisar fazer atualiza\u00e7\u00f5es, exclus\u00f5es e novos cadastros para acesso aos benef\u00edcios do Governo Federal, como Aux\u00edlio Brasil e Aux\u00edlio G\u00e1s, poder\u00e1 ir at\u00e9\" \/>\n\t\t<meta property=\"og:url\" content=\"https:\/\/newsinfoco.com.br\/inicio\/mutirao-de-atendimentos-do-cadastro-unico-em-alagoinhas-comeca-nesta-segunda-feira-15-no-carneirao\/\" \/>\n\t\t<meta property=\"article:published_time\" content=\"2022-08-14T14:26:15+00:00\" \/>\n\t\t<meta property=\"article:modified_time\" content=\"2022-08-14T14:26:15+00:00\" \/>\n\t\t<meta name=\"twitter:card\" content=\"summary_large_image\" \/>\n\t\t<meta name=\"twitter:title\" content=\"Mutir\u00e3o de Atendimentos do Cadastro \u00danico em Alagoinhas come\u00e7a nesta segunda-feira (15) no Carneir\u00e3o - News In Foco - Editado por Caio Pimenta\" \/>\n\t\t<meta name=\"twitter:description\" content=\"Come\u00e7a nesta segunda-feira (15), o Mutir\u00e3o de Atendimentos do Cadastro \u00danico, promovido pela Prefeitura Municipal de Alagoinhas, por meio da Secretaria de Assist\u00eancia Social (SEMAS). At\u00e9 o dia 19 de agosto, quem precisar fazer atualiza\u00e7\u00f5es, exclus\u00f5es e novos cadastros para acesso aos benef\u00edcios do Governo Federal, como Aux\u00edlio Brasil e Aux\u00edlio G\u00e1s, poder\u00e1 ir at\u00e9\" \/>\n\t\t<script type=\"application\/ld+json\" class=\"aioseo-schema\">\n\t\t\t{\"@context\":\"https:\\\/\\\/schema.org\",\"@graph\":[{\"@type\":\"BlogPosting\",\"@id\":\"https:\\\/\\\/newsinfoco.com.br\\\/inicio\\\/mutirao-de-atendimentos-do-cadastro-unico-em-alagoinhas-comeca-nesta-segunda-feira-15-no-carneirao\\\/#blogposting\",\"name\":\"Mutir\\u00e3o de Atendimentos do Cadastro \\u00danico em Alagoinhas come\\u00e7a nesta segunda-feira (15) no Carneir\\u00e3o - News In Foco - Editado por Caio Pimenta\",\"headline\":\"Mutir\\u00e3o de Atendimentos do Cadastro \\u00danico em Alagoinhas come\\u00e7a nesta segunda-feira (15) no Carneir\\u00e3o\",\"author\":{\"@id\":\"https:\\\/\\\/newsinfoco.com.br\\\/inicio\\\/author\\\/administrador\\\/#author\"},\"publisher\":{\"@id\":\"https:\\\/\\\/newsinfoco.com.br\\\/inicio\\\/#organization\"},\"image\":{\"@type\":\"ImageObject\",\"url\":\"https:\\\/\\\/newsinfoco.com.br\\\/inicio\\\/wp-content\\\/uploads\\\/2022\\\/08\\\/IMG-20220810-WA0037-550x368-1.jpg\",\"width\":550,\"height\":368},\"datePublished\":\"2022-08-14T11:26:15-03:00\",\"dateModified\":\"2022-08-14T11:26:15-03:00\",\"inLanguage\":\"pt-BR\",\"mainEntityOfPage\":{\"@id\":\"https:\\\/\\\/newsinfoco.com.br\\\/inicio\\\/mutirao-de-atendimentos-do-cadastro-unico-em-alagoinhas-comeca-nesta-segunda-feira-15-no-carneirao\\\/#webpage\"},\"isPartOf\":{\"@id\":\"https:\\\/\\\/newsinfoco.com.br\\\/inicio\\\/mutirao-de-atendimentos-do-cadastro-unico-em-alagoinhas-comeca-nesta-segunda-feira-15-no-carneirao\\\/#webpage\"},\"articleSection\":\"Alagoinhas e Regi\\u00e3o, Manchete\"},{\"@type\":\"BreadcrumbList\",\"@id\":\"https:\\\/\\\/newsinfoco.com.br\\\/inicio\\\/mutirao-de-atendimentos-do-cadastro-unico-em-alagoinhas-comeca-nesta-segunda-feira-15-no-carneirao\\\/#breadcrumblist\",\"itemListElement\":[{\"@type\":\"ListItem\",\"@id\":\"https:\\\/\\\/newsinfoco.com.br\\\/inicio#listItem\",\"position\":1,\"name\":\"In\\u00edcio\",\"item\":\"https:\\\/\\\/newsinfoco.com.br\\\/inicio\",\"nextItem\":{\"@type\":\"ListItem\",\"@id\":\"https:\\\/\\\/newsinfoco.com.br\\\/inicio\\\/category\\\/alagoinhas-e-regiao\\\/#listItem\",\"name\":\"Alagoinhas e Regi\\u00e3o\"}},{\"@type\":\"ListItem\",\"@id\":\"https:\\\/\\\/newsinfoco.com.br\\\/inicio\\\/category\\\/alagoinhas-e-regiao\\\/#listItem\",\"position\":2,\"name\":\"Alagoinhas e Regi\\u00e3o\",\"item\":\"https:\\\/\\\/newsinfoco.com.br\\\/inicio\\\/category\\\/alagoinhas-e-regiao\\\/\",\"nextItem\":{\"@type\":\"ListItem\",\"@id\":\"https:\\\/\\\/newsinfoco.com.br\\\/inicio\\\/mutirao-de-atendimentos-do-cadastro-unico-em-alagoinhas-comeca-nesta-segunda-feira-15-no-carneirao\\\/#listItem\",\"name\":\"Mutir\\u00e3o de Atendimentos do Cadastro \\u00danico em Alagoinhas come\\u00e7a nesta segunda-feira (15) no Carneir\\u00e3o\"},\"previousItem\":{\"@type\":\"ListItem\",\"@id\":\"https:\\\/\\\/newsinfoco.com.br\\\/inicio#listItem\",\"name\":\"In\\u00edcio\"}},{\"@type\":\"ListItem\",\"@id\":\"https:\\\/\\\/newsinfoco.com.br\\\/inicio\\\/mutirao-de-atendimentos-do-cadastro-unico-em-alagoinhas-comeca-nesta-segunda-feira-15-no-carneirao\\\/#listItem\",\"position\":3,\"name\":\"Mutir\\u00e3o de Atendimentos do Cadastro \\u00danico em Alagoinhas come\\u00e7a nesta segunda-feira (15) no Carneir\\u00e3o\",\"previousItem\":{\"@type\":\"ListItem\",\"@id\":\"https:\\\/\\\/newsinfoco.com.br\\\/inicio\\\/category\\\/alagoinhas-e-regiao\\\/#listItem\",\"name\":\"Alagoinhas e Regi\\u00e3o\"}}]},{\"@type\":\"Organization\",\"@id\":\"https:\\\/\\\/newsinfoco.com.br\\\/inicio\\\/#organization\",\"name\":\"News In Foco - Editado por Caio Pimenta\",\"description\":\"O principal site de noticias de Alagoinhas e regi\\u00e3o\",\"url\":\"https:\\\/\\\/newsinfoco.com.br\\\/inicio\\\/\"},{\"@type\":\"Person\",\"@id\":\"https:\\\/\\\/newsinfoco.com.br\\\/inicio\\\/author\\\/administrador\\\/#author\",\"url\":\"https:\\\/\\\/newsinfoco.com.br\\\/inicio\\\/author\\\/administrador\\\/\",\"name\":\"administrador\",\"image\":{\"@type\":\"ImageObject\",\"@id\":\"https:\\\/\\\/newsinfoco.com.br\\\/inicio\\\/mutirao-de-atendimentos-do-cadastro-unico-em-alagoinhas-comeca-nesta-segunda-feira-15-no-carneirao\\\/#authorImage\",\"url\":\"https:\\\/\\\/secure.gravatar.com\\\/avatar\\\/c17a617433de8c1dc9584bb79aab7563b46f5bb7e1728c9b17d9cc3ce6a08e49?s=96&d=mm&r=g\",\"width\":96,\"height\":96,\"caption\":\"administrador\"}},{\"@type\":\"WebPage\",\"@id\":\"https:\\\/\\\/newsinfoco.com.br\\\/inicio\\\/mutirao-de-atendimentos-do-cadastro-unico-em-alagoinhas-comeca-nesta-segunda-feira-15-no-carneirao\\\/#webpage\",\"url\":\"https:\\\/\\\/newsinfoco.com.br\\\/inicio\\\/mutirao-de-atendimentos-do-cadastro-unico-em-alagoinhas-comeca-nesta-segunda-feira-15-no-carneirao\\\/\",\"name\":\"Mutir\\u00e3o de Atendimentos do Cadastro \\u00danico em Alagoinhas come\\u00e7a nesta segunda-feira (15) no Carneir\\u00e3o - News In Foco - Editado por Caio Pimenta\",\"description\":\"Come\\u00e7a nesta segunda-feira (15), o Mutir\\u00e3o de Atendimentos do Cadastro \\u00danico, promovido pela Prefeitura Municipal de Alagoinhas, por meio da Secretaria de Assist\\u00eancia Social (SEMAS). At\\u00e9 o dia 19 de agosto, quem precisar fazer atualiza\\u00e7\\u00f5es, exclus\\u00f5es e novos cadastros para acesso aos benef\\u00edcios do Governo Federal, como Aux\\u00edlio Brasil e Aux\\u00edlio G\\u00e1s, poder\\u00e1 ir at\\u00e9\",\"inLanguage\":\"pt-BR\",\"isPartOf\":{\"@id\":\"https:\\\/\\\/newsinfoco.com.br\\\/inicio\\\/#website\"},\"breadcrumb\":{\"@id\":\"https:\\\/\\\/newsinfoco.com.br\\\/inicio\\\/mutirao-de-atendimentos-do-cadastro-unico-em-alagoinhas-comeca-nesta-segunda-feira-15-no-carneirao\\\/#breadcrumblist\"},\"author\":{\"@id\":\"https:\\\/\\\/newsinfoco.com.br\\\/inicio\\\/author\\\/administrador\\\/#author\"},\"creator\":{\"@id\":\"https:\\\/\\\/newsinfoco.com.br\\\/inicio\\\/author\\\/administrador\\\/#author\"},\"image\":{\"@type\":\"ImageObject\",\"url\":\"https:\\\/\\\/newsinfoco.com.br\\\/inicio\\\/wp-content\\\/uploads\\\/2022\\\/08\\\/IMG-20220810-WA0037-550x368-1.jpg\",\"@id\":\"https:\\\/\\\/newsinfoco.com.br\\\/inicio\\\/mutirao-de-atendimentos-do-cadastro-unico-em-alagoinhas-comeca-nesta-segunda-feira-15-no-carneirao\\\/#mainImage\",\"width\":550,\"height\":368},\"primaryImageOfPage\":{\"@id\":\"https:\\\/\\\/newsinfoco.com.br\\\/inicio\\\/mutirao-de-atendimentos-do-cadastro-unico-em-alagoinhas-comeca-nesta-segunda-feira-15-no-carneirao\\\/#mainImage\"},\"datePublished\":\"2022-08-14T11:26:15-03:00\",\"dateModified\":\"2022-08-14T11:26:15-03:00\"},{\"@type\":\"WebSite\",\"@id\":\"https:\\\/\\\/newsinfoco.com.br\\\/inicio\\\/#website\",\"url\":\"https:\\\/\\\/newsinfoco.com.br\\\/inicio\\\/\",\"name\":\"News In Foco - Editado por Caio Pimenta\",\"description\":\"O principal site de noticias de Alagoinhas e regi\\u00e3o\",\"inLanguage\":\"pt-BR\",\"publisher\":{\"@id\":\"https:\\\/\\\/newsinfoco.com.br\\\/inicio\\\/#organization\"}}]}\n\t\t<\/script>\n\t\t<!-- All in One SEO -->\n\n","aioseo_head_json":{"title":"Mutir\u00e3o de Atendimentos do Cadastro \u00danico em Alagoinhas come\u00e7a nesta segunda-feira (15) no Carneir\u00e3o - News In Foco - Editado por Caio Pimenta","description":"Come\u00e7a nesta segunda-feira (15), o Mutir\u00e3o de Atendimentos do Cadastro \u00danico, promovido pela Prefeitura Municipal de Alagoinhas, por meio da Secretaria de Assist\u00eancia Social (SEMAS). At\u00e9 o dia 19 de agosto, quem precisar fazer atualiza\u00e7\u00f5es, exclus\u00f5es e novos cadastros para acesso aos benef\u00edcios do Governo Federal, como Aux\u00edlio Brasil e Aux\u00edlio G\u00e1s, poder\u00e1 ir at\u00e9","canonical_url":"https:\/\/newsinfoco.com.br\/inicio\/mutirao-de-atendimentos-do-cadastro-unico-em-alagoinhas-comeca-nesta-segunda-feira-15-no-carneirao\/","robots":"max-image-preview:large","keywords":"","webmasterTools":{"miscellaneous":""},"schema":{"@context":"https:\/\/schema.org","@graph":[{"@type":"BlogPosting","@id":"https:\/\/newsinfoco.com.br\/inicio\/mutirao-de-atendimentos-do-cadastro-unico-em-alagoinhas-comeca-nesta-segunda-feira-15-no-carneirao\/#blogposting","name":"Mutir\u00e3o de Atendimentos do Cadastro \u00danico em Alagoinhas come\u00e7a nesta segunda-feira (15) no Carneir\u00e3o - News In Foco - Editado por Caio Pimenta","headline":"Mutir\u00e3o de Atendimentos do Cadastro \u00danico em Alagoinhas come\u00e7a nesta segunda-feira (15) no Carneir\u00e3o","author":{"@id":"https:\/\/newsinfoco.com.br\/inicio\/author\/administrador\/#author"},"publisher":{"@id":"https:\/\/newsinfoco.com.br\/inicio\/#organization"},"image":{"@type":"ImageObject","url":"https:\/\/newsinfoco.com.br\/inicio\/wp-content\/uploads\/2022\/08\/IMG-20220810-WA0037-550x368-1.jpg","width":550,"height":368},"datePublished":"2022-08-14T11:26:15-03:00","dateModified":"2022-08-14T11:26:15-03:00","inLanguage":"pt-BR","mainEntityOfPage":{"@id":"https:\/\/newsinfoco.com.br\/inicio\/mutirao-de-atendimentos-do-cadastro-unico-em-alagoinhas-comeca-nesta-segunda-feira-15-no-carneirao\/#webpage"},"isPartOf":{"@id":"https:\/\/newsinfoco.com.br\/inicio\/mutirao-de-atendimentos-do-cadastro-unico-em-alagoinhas-comeca-nesta-segunda-feira-15-no-carneirao\/#webpage"},"articleSection":"Alagoinhas e Regi\u00e3o, Manchete"},{"@type":"BreadcrumbList","@id":"https:\/\/newsinfoco.com.br\/inicio\/mutirao-de-atendimentos-do-cadastro-unico-em-alagoinhas-comeca-nesta-segunda-feira-15-no-carneirao\/#breadcrumblist","itemListElement":[{"@type":"ListItem","@id":"https:\/\/newsinfoco.com.br\/inicio#listItem","position":1,"name":"In\u00edcio","item":"https:\/\/newsinfoco.com.br\/inicio","nextItem":{"@type":"ListItem","@id":"https:\/\/newsinfoco.com.br\/inicio\/category\/alagoinhas-e-regiao\/#listItem","name":"Alagoinhas e Regi\u00e3o"}},{"@type":"ListItem","@id":"https:\/\/newsinfoco.com.br\/inicio\/category\/alagoinhas-e-regiao\/#listItem","position":2,"name":"Alagoinhas e Regi\u00e3o","item":"https:\/\/newsinfoco.com.br\/inicio\/category\/alagoinhas-e-regiao\/","nextItem":{"@type":"ListItem","@id":"https:\/\/newsinfoco.com.br\/inicio\/mutirao-de-atendimentos-do-cadastro-unico-em-alagoinhas-comeca-nesta-segunda-feira-15-no-carneirao\/#listItem","name":"Mutir\u00e3o de Atendimentos do Cadastro \u00danico em Alagoinhas come\u00e7a nesta segunda-feira (15) no Carneir\u00e3o"},"previousItem":{"@type":"ListItem","@id":"https:\/\/newsinfoco.com.br\/inicio#listItem","name":"In\u00edcio"}},{"@type":"ListItem","@id":"https:\/\/newsinfoco.com.br\/inicio\/mutirao-de-atendimentos-do-cadastro-unico-em-alagoinhas-comeca-nesta-segunda-feira-15-no-carneirao\/#listItem","position":3,"name":"Mutir\u00e3o de Atendimentos do Cadastro \u00danico em Alagoinhas come\u00e7a nesta segunda-feira (15) no Carneir\u00e3o","previousItem":{"@type":"ListItem","@id":"https:\/\/newsinfoco.com.br\/inicio\/category\/alagoinhas-e-regiao\/#listItem","name":"Alagoinhas e Regi\u00e3o"}}]},{"@type":"Organization","@id":"https:\/\/newsinfoco.com.br\/inicio\/#organization","name":"News In Foco - Editado por Caio Pimenta","description":"O principal site de noticias de Alagoinhas e regi\u00e3o","url":"https:\/\/newsinfoco.com.br\/inicio\/"},{"@type":"Person","@id":"https:\/\/newsinfoco.com.br\/inicio\/author\/administrador\/#author","url":"https:\/\/newsinfoco.com.br\/inicio\/author\/administrador\/","name":"administrador","image":{"@type":"ImageObject","@id":"https:\/\/newsinfoco.com.br\/inicio\/mutirao-de-atendimentos-do-cadastro-unico-em-alagoinhas-comeca-nesta-segunda-feira-15-no-carneirao\/#authorImage","url":"https:\/\/secure.gravatar.com\/avatar\/c17a617433de8c1dc9584bb79aab7563b46f5bb7e1728c9b17d9cc3ce6a08e49?s=96&d=mm&r=g","width":96,"height":96,"caption":"administrador"}},{"@type":"WebPage","@id":"https:\/\/newsinfoco.com.br\/inicio\/mutirao-de-atendimentos-do-cadastro-unico-em-alagoinhas-comeca-nesta-segunda-feira-15-no-carneirao\/#webpage","url":"https:\/\/newsinfoco.com.br\/inicio\/mutirao-de-atendimentos-do-cadastro-unico-em-alagoinhas-comeca-nesta-segunda-feira-15-no-carneirao\/","name":"Mutir\u00e3o de Atendimentos do Cadastro \u00danico em Alagoinhas come\u00e7a nesta segunda-feira (15) no Carneir\u00e3o - News In Foco - Editado por Caio Pimenta","description":"Come\u00e7a nesta segunda-feira (15), o Mutir\u00e3o de Atendimentos do Cadastro \u00danico, promovido pela Prefeitura Municipal de Alagoinhas, por meio da Secretaria de Assist\u00eancia Social (SEMAS). At\u00e9 o dia 19 de agosto, quem precisar fazer atualiza\u00e7\u00f5es, exclus\u00f5es e novos cadastros para acesso aos benef\u00edcios do Governo Federal, como Aux\u00edlio Brasil e Aux\u00edlio G\u00e1s, poder\u00e1 ir at\u00e9","inLanguage":"pt-BR","isPartOf":{"@id":"https:\/\/newsinfoco.com.br\/inicio\/#website"},"breadcrumb":{"@id":"https:\/\/newsinfoco.com.br\/inicio\/mutirao-de-atendimentos-do-cadastro-unico-em-alagoinhas-comeca-nesta-segunda-feira-15-no-carneirao\/#breadcrumblist"},"author":{"@id":"https:\/\/newsinfoco.com.br\/inicio\/author\/administrador\/#author"},"creator":{"@id":"https:\/\/newsinfoco.com.br\/inicio\/author\/administrador\/#author"},"image":{"@type":"ImageObject","url":"https:\/\/newsinfoco.com.br\/inicio\/wp-content\/uploads\/2022\/08\/IMG-20220810-WA0037-550x368-1.jpg","@id":"https:\/\/newsinfoco.com.br\/inicio\/mutirao-de-atendimentos-do-cadastro-unico-em-alagoinhas-comeca-nesta-segunda-feira-15-no-carneirao\/#mainImage","width":550,"height":368},"primaryImageOfPage":{"@id":"https:\/\/newsinfoco.com.br\/inicio\/mutirao-de-atendimentos-do-cadastro-unico-em-alagoinhas-comeca-nesta-segunda-feira-15-no-carneirao\/#mainImage"},"datePublished":"2022-08-14T11:26:15-03:00","dateModified":"2022-08-14T11:26:15-03:00"},{"@type":"WebSite","@id":"https:\/\/newsinfoco.com.br\/inicio\/#website","url":"https:\/\/newsinfoco.com.br\/inicio\/","name":"News In Foco - Editado por Caio Pimenta","description":"O principal site de noticias de Alagoinhas e regi\u00e3o","inLanguage":"pt-BR","publisher":{"@id":"https:\/\/newsinfoco.com.br\/inicio\/#organization"}}]},"og:locale":"pt_BR","og:site_name":"News In Foco - Editado por Caio Pimenta - O principal site de noticias de Alagoinhas e regi\u00e3o","og:type":"article","og:title":"Mutir\u00e3o de Atendimentos do Cadastro \u00danico em Alagoinhas come\u00e7a nesta segunda-feira (15) no Carneir\u00e3o - News In Foco - Editado por Caio Pimenta","og:description":"Come\u00e7a nesta segunda-feira (15), o Mutir\u00e3o de Atendimentos do Cadastro \u00danico, promovido pela Prefeitura Municipal de Alagoinhas, por meio da Secretaria de Assist\u00eancia Social (SEMAS). At\u00e9 o dia 19 de agosto, quem precisar fazer atualiza\u00e7\u00f5es, exclus\u00f5es e novos cadastros para acesso aos benef\u00edcios do Governo Federal, como Aux\u00edlio Brasil e Aux\u00edlio G\u00e1s, poder\u00e1 ir at\u00e9","og:url":"https:\/\/newsinfoco.com.br\/inicio\/mutirao-de-atendimentos-do-cadastro-unico-em-alagoinhas-comeca-nesta-segunda-feira-15-no-carneirao\/","article:published_time":"2022-08-14T14:26:15+00:00","article:modified_time":"2022-08-14T14:26:15+00:00","twitter:card":"summary_large_image","twitter:title":"Mutir\u00e3o de Atendimentos do Cadastro \u00danico em Alagoinhas come\u00e7a nesta segunda-feira (15) no Carneir\u00e3o - News In Foco - Editado por Caio Pimenta","twitter:description":"Come\u00e7a nesta segunda-feira (15), o Mutir\u00e3o de Atendimentos do Cadastro \u00danico, promovido pela Prefeitura Municipal de Alagoinhas, por meio da Secretaria de Assist\u00eancia Social (SEMAS). At\u00e9 o dia 19 de agosto, quem precisar fazer atualiza\u00e7\u00f5es, exclus\u00f5es e novos cadastros para acesso aos benef\u00edcios do Governo Federal, como Aux\u00edlio Brasil e Aux\u00edlio G\u00e1s, poder\u00e1 ir at\u00e9"},"aioseo_meta_data":{"post_id":"31203","title":null,"description":null,"keywords":null,"keyphrases":null,"primary_term":null,"canonical_url":null,"og_title":null,"og_description":null,"og_object_type":"default","og_image_type":"default","og_image_url":null,"og_image_width":null,"og_image_height":null,"og_image_custom_url":null,"og_image_custom_fields":null,"og_video":null,"og_custom_url":null,"og_article_section":null,"og_article_tags":null,"twitter_use_og":false,"twitter_card":"default","twitter_image_type":"default","twitter_image_url":null,"twitter_image_custom_url":null,"twitter_image_custom_fields":null,"twitter_title":null,"twitter_description":null,"schema":{"blockGraphs":[],"customGraphs":[],"default":{"data":{"Article":[],"Course":[],"Dataset":[],"FAQPage":[],"Movie":[],"Person":[],"Product":[],"ProductReview":[],"Car":[],"Recipe":[],"Service":[],"SoftwareApplication":[],"WebPage":[]},"graphName":"","isEnabled":true},"graphs":[]},"schema_type":"default","schema_type_options":null,"pillar_content":false,"robots_default":true,"robots_noindex":false,"robots_noarchive":false,"robots_nosnippet":false,"robots_nofollow":false,"robots_noimageindex":false,"robots_noodp":false,"robots_notranslate":false,"robots_max_snippet":null,"robots_max_videopreview":null,"robots_max_imagepreview":"large","priority":null,"frequency":null,"local_seo":null,"breadcrumb_settings":null,"limit_modified_date":false,"ai":null,"created":"2023-06-12 21:59:44","updated":"2025-07-11 08:14:01","seo_analyzer_scan_date":null},"aioseo_breadcrumb":"<div class=\"aioseo-breadcrumbs\"><span class=\"aioseo-breadcrumb\">\n\t\t\t<a href=\"https:\/\/newsinfoco.com.br\/inicio\" title=\"In\u00edcio\">In\u00edcio<\/a>\n\t\t<\/span><span class=\"aioseo-breadcrumb-separator\">&raquo;<\/span><span class=\"aioseo-breadcrumb\">\n\t\t\t<a href=\"https:\/\/newsinfoco.com.br\/inicio\/category\/alagoinhas-e-regiao\/\" title=\"Alagoinhas e Regi\u00e3o\">Alagoinhas e Regi\u00e3o<\/a>\n\t\t<\/span><span class=\"aioseo-breadcrumb-separator\">&raquo;<\/span><span class=\"aioseo-breadcrumb\">\n\t\t\tMutir\u00e3o de Atendimentos do Cadastro \u00danico em Alagoinhas come\u00e7a nesta segunda-feira (15) no Carneir\u00e3o\n\t\t<\/span><\/div>","aioseo_breadcrumb_json":[{"label":"In\u00edcio","link":"https:\/\/newsinfoco.com.br\/inicio"},{"label":"Alagoinhas e Regi\u00e3o","link":"https:\/\/newsinfoco.com.br\/inicio\/category\/alagoinhas-e-regiao\/"},{"label":"Mutir\u00e3o de Atendimentos do Cadastro \u00danico em Alagoinhas come\u00e7a nesta segunda-feira (15) no Carneir\u00e3o","link":"https:\/\/newsinfoco.com.br\/inicio\/mutirao-de-atendimentos-do-cadastro-unico-em-alagoinhas-comeca-nesta-segunda-feira-15-no-carneirao\/"}],"_links":{"self":[{"href":"https:\/\/newsinfoco.com.br\/inicio\/wp-json\/wp\/v2\/posts\/31203","targetHints":{"allow":["GET"]}}],"collection":[{"href":"https:\/\/newsinfoco.com.br\/inicio\/wp-json\/wp\/v2\/posts"}],"about":[{"href":"https:\/\/newsinfoco.com.br\/inicio\/wp-json\/wp\/v2\/types\/post"}],"author":[{"embeddable":true,"href":"https:\/\/newsinfoco.com.br\/inicio\/wp-json\/wp\/v2\/users\/1"}],"replies":[{"embeddable":true,"href":"https:\/\/newsinfoco.com.br\/inicio\/wp-json\/wp\/v2\/comments?post=31203"}],"version-history":[{"count":1,"href":"https:\/\/newsinfoco.com.br\/inicio\/wp-json\/wp\/v2\/posts\/31203\/revisions"}],"predecessor-version":[{"id":31205,"href":"https:\/\/newsinfoco.com.br\/inicio\/wp-json\/wp\/v2\/posts\/31203\/revisions\/31205"}],"wp:featuredmedia":[{"embeddable":true,"href":"https:\/\/newsinfoco.com.br\/inicio\/wp-json\/wp\/v2\/media\/31204"}],"wp:attachment":[{"href":"https:\/\/newsinfoco.com.br\/inicio\/wp-json\/wp\/v2\/media?parent=31203"}],"wp:term":[{"taxonomy":"category","embeddable":true,"href":"https:\/\/newsinfoco.com.br\/inicio\/wp-json\/wp\/v2\/categories?post=31203"},{"taxonomy":"post_tag","embeddable":true,"href":"https:\/\/newsinfoco.com.br\/inicio\/wp-json\/wp\/v2\/tags?post=31203"}],"curies":[{"name":"wp","href":"https:\/\/api.w.org\/{rel}","templated":true}]}}