{"id":31218,"date":"2022-08-15T10:02:37","date_gmt":"2022-08-15T13:02:37","guid":{"rendered":"https:\/\/newsinfoco.com.br\/inicio\/?p=31218"},"modified":"2022-08-15T10:02:37","modified_gmt":"2022-08-15T13:02:37","slug":"joao-roma-volta-a-disparar-contra-acm-neto-nao-sabe-emitir-opiniao","status":"publish","type":"post","link":"https:\/\/newsinfoco.com.br\/inicio\/joao-roma-volta-a-disparar-contra-acm-neto-nao-sabe-emitir-opiniao\/","title":{"rendered":"Jo\u00e3o Roma volta a disparar contra ACM Neto: \u201cN\u00e3o sabe emitir opini\u00e3o\u201d"},"content":{"rendered":"<p>O candidato bolsonarista ao governo da Bahia, Jo\u00e3o Roma (PL), voltou a atacar o ex-aliado e advers\u00e1rio na disputa pelo Pal\u00e1cio de Ondina, ACM Neto (UB).<\/p>\n<p>Em entrevista a r\u00e1dio Piat\u00e3 FM, concedida nesta, segunda-feira (15), o ex-ministro da Cidadania criticou o ex-prefeito de Salvador por ainda n\u00e3o anunciado se vai apoiar Lula (PT)\u00a0ou\u00a0Jair Bolsonaro (PL) elei\u00e7\u00e3o presidencial.<\/p>\n<p>\u201cEle n\u00e3o consegue sequer emitir uma opini\u00e3o. N\u00e3o sabe\u201d, disparou Roma que afirmou ainda que Neto estaria usando a mesma estrat\u00e9gia do ex-governador de S\u00e3o Paulo, Jo\u00e3o D\u00f3ria.<\/p>\n<p>\u201cEle \u00e9 v\u00edtima de uma postura do politicamente correto. Quer agradar a todos e n\u00e3o sabe dizer o que \u00e9 melhor para o Brasil, como se a Bahia estivesse em outro planeta. As pessoas querem um candidato de verdade e n\u00e3o de pl\u00e1stico. Ele est\u00e1 seguindo o mesmo caminho de Jo\u00e3o Doria, que foi o fracasso que n\u00f3s vimos\u201d, disse.<\/p>\n<p>\u201cEle (ACM Neto) vive se escamoteando, se escondendo nas sombras. Ent\u00e3o ele n\u00e3o sabe se \u00e9 carne ou se \u00e9 peixe. Ele quer pongar em quem d\u00ea sombra pra ele\u201d, afirmou.<\/p>\n<p>Politicaaovivo<\/p>\n<div class='share-to-whatsapp-wrapper'><div class='share-on-whsp'>Share on: <\/div><a data-text='Jo\u00e3o Roma volta a disparar contra ACM Neto: \u201cN\u00e3o sabe emitir opini\u00e3o\u201d' data-link='https:\/\/newsinfoco.com.br\/inicio\/joao-roma-volta-a-disparar-contra-acm-neto-nao-sabe-emitir-opiniao\/' class='whatsapp-button whatsapp-share'>WhatsApp<\/a><div class='clear '><\/div><\/div>","protected":false},"excerpt":{"rendered":"<p>O candidato bolsonarista ao governo da Bahia, Jo\u00e3o Roma (PL), voltou a atacar o ex-aliado e advers\u00e1rio na disputa pelo Pal\u00e1cio de Ondina, ACM Neto (UB). Em entrevista a r\u00e1dio Piat\u00e3 FM, concedida nesta, segunda-feira (15), o ex-ministro da Cidadania criticou o ex-prefeito de Salvador por ainda n\u00e3o anunciado se vai apoiar Lula (PT)\u00a0ou\u00a0Jair Bolsonaro [&hellip;]<\/p>\n","protected":false},"author":1,"featured_media":30960,"comment_status":"closed","ping_status":"closed","sticky":false,"template":"","format":"standard","meta":{"om_disable_all_campaigns":false,"rop_custom_images_group":[],"rop_custom_messages_group":[],"rop_publish_now":"initial","rop_publish_now_accounts":[],"rop_publish_now_history":[],"rop_publish_now_status":"pending","_exactmetrics_skip_tracking":false,"footnotes":""},"categories":[19],"tags":[],"class_list":["post-31218","post","type-post","status-publish","format-standard","has-post-thumbnail","hentry","category-bahia"],"aioseo_notices":[],"aioseo_head":"\n\t\t<!-- All in One SEO 4.9.10 - aioseo.com -->\n\t<meta name=\"description\" content=\"O candidato bolsonarista ao governo da Bahia, Jo\u00e3o Roma (PL), voltou a atacar o ex-aliado e advers\u00e1rio na disputa pelo Pal\u00e1cio de Ondina, ACM Neto (UB). Em entrevista a r\u00e1dio Piat\u00e3 FM, concedida nesta, segunda-feira (15), o ex-ministro da Cidadania criticou o ex-prefeito de Salvador por ainda n\u00e3o anunciado se vai apoiar Lula (PT) ou Jair Bolsonaro\" \/>\n\t<meta name=\"robots\" content=\"max-image-preview:large\" \/>\n\t<meta name=\"author\" content=\"administrador\"\/>\n\t<link rel=\"canonical\" href=\"https:\/\/newsinfoco.com.br\/inicio\/joao-roma-volta-a-disparar-contra-acm-neto-nao-sabe-emitir-opiniao\/\" \/>\n\t<meta name=\"generator\" content=\"All in One SEO (AIOSEO) 4.9.10\" \/>\n\t\t<meta property=\"og:locale\" content=\"pt_BR\" \/>\n\t\t<meta property=\"og:site_name\" content=\"News In Foco - Editado por Caio Pimenta - O principal site de noticias de Alagoinhas e regi\u00e3o\" \/>\n\t\t<meta property=\"og:type\" content=\"article\" \/>\n\t\t<meta property=\"og:title\" content=\"Jo\u00e3o Roma volta a disparar contra ACM Neto: \u201cN\u00e3o sabe emitir opini\u00e3o\u201d - News In Foco - Editado por Caio Pimenta\" \/>\n\t\t<meta property=\"og:description\" content=\"O candidato bolsonarista ao governo da Bahia, Jo\u00e3o Roma (PL), voltou a atacar o ex-aliado e advers\u00e1rio na disputa pelo Pal\u00e1cio de Ondina, ACM Neto (UB). Em entrevista a r\u00e1dio Piat\u00e3 FM, concedida nesta, segunda-feira (15), o ex-ministro da Cidadania criticou o ex-prefeito de Salvador por ainda n\u00e3o anunciado se vai apoiar Lula (PT) ou Jair Bolsonaro\" \/>\n\t\t<meta property=\"og:url\" content=\"https:\/\/newsinfoco.com.br\/inicio\/joao-roma-volta-a-disparar-contra-acm-neto-nao-sabe-emitir-opiniao\/\" \/>\n\t\t<meta property=\"article:published_time\" content=\"2022-08-15T13:02:37+00:00\" \/>\n\t\t<meta property=\"article:modified_time\" content=\"2022-08-15T13:02:37+00:00\" \/>\n\t\t<meta name=\"twitter:card\" content=\"summary_large_image\" \/>\n\t\t<meta name=\"twitter:title\" content=\"Jo\u00e3o Roma volta a disparar contra ACM Neto: \u201cN\u00e3o sabe emitir opini\u00e3o\u201d - News In Foco - Editado por Caio Pimenta\" \/>\n\t\t<meta name=\"twitter:description\" content=\"O candidato bolsonarista ao governo da Bahia, Jo\u00e3o Roma (PL), voltou a atacar o ex-aliado e advers\u00e1rio na disputa pelo Pal\u00e1cio de Ondina, ACM Neto (UB). Em entrevista a r\u00e1dio Piat\u00e3 FM, concedida nesta, segunda-feira (15), o ex-ministro da Cidadania criticou o ex-prefeito de Salvador por ainda n\u00e3o anunciado se vai apoiar Lula (PT) ou Jair Bolsonaro\" \/>\n\t\t<script type=\"application\/ld+json\" class=\"aioseo-schema\">\n\t\t\t{\"@context\":\"https:\\\/\\\/schema.org\",\"@graph\":[{\"@type\":\"BlogPosting\",\"@id\":\"https:\\\/\\\/newsinfoco.com.br\\\/inicio\\\/joao-roma-volta-a-disparar-contra-acm-neto-nao-sabe-emitir-opiniao\\\/#blogposting\",\"name\":\"Jo\\u00e3o Roma volta a disparar contra ACM Neto: \\u201cN\\u00e3o sabe emitir opini\\u00e3o\\u201d - News In Foco - Editado por Caio Pimenta\",\"headline\":\"Jo\\u00e3o Roma volta a disparar contra ACM Neto: \\u201cN\\u00e3o sabe emitir opini\\u00e3o\\u201d\",\"author\":{\"@id\":\"https:\\\/\\\/newsinfoco.com.br\\\/inicio\\\/author\\\/administrador\\\/#author\"},\"publisher\":{\"@id\":\"https:\\\/\\\/newsinfoco.com.br\\\/inicio\\\/#organization\"},\"image\":{\"@type\":\"ImageObject\",\"url\":\"https:\\\/\\\/newsinfoco.com.br\\\/inicio\\\/wp-content\\\/uploads\\\/2022\\\/08\\\/joaoromaacmneto2.jpg\",\"width\":716,\"height\":468},\"datePublished\":\"2022-08-15T10:02:37-03:00\",\"dateModified\":\"2022-08-15T10:02:37-03:00\",\"inLanguage\":\"pt-BR\",\"mainEntityOfPage\":{\"@id\":\"https:\\\/\\\/newsinfoco.com.br\\\/inicio\\\/joao-roma-volta-a-disparar-contra-acm-neto-nao-sabe-emitir-opiniao\\\/#webpage\"},\"isPartOf\":{\"@id\":\"https:\\\/\\\/newsinfoco.com.br\\\/inicio\\\/joao-roma-volta-a-disparar-contra-acm-neto-nao-sabe-emitir-opiniao\\\/#webpage\"},\"articleSection\":\"Bahia\"},{\"@type\":\"BreadcrumbList\",\"@id\":\"https:\\\/\\\/newsinfoco.com.br\\\/inicio\\\/joao-roma-volta-a-disparar-contra-acm-neto-nao-sabe-emitir-opiniao\\\/#breadcrumblist\",\"itemListElement\":[{\"@type\":\"ListItem\",\"@id\":\"https:\\\/\\\/newsinfoco.com.br\\\/inicio#listItem\",\"position\":1,\"name\":\"In\\u00edcio\",\"item\":\"https:\\\/\\\/newsinfoco.com.br\\\/inicio\",\"nextItem\":{\"@type\":\"ListItem\",\"@id\":\"https:\\\/\\\/newsinfoco.com.br\\\/inicio\\\/category\\\/bahia\\\/#listItem\",\"name\":\"Bahia\"}},{\"@type\":\"ListItem\",\"@id\":\"https:\\\/\\\/newsinfoco.com.br\\\/inicio\\\/category\\\/bahia\\\/#listItem\",\"position\":2,\"name\":\"Bahia\",\"item\":\"https:\\\/\\\/newsinfoco.com.br\\\/inicio\\\/category\\\/bahia\\\/\",\"nextItem\":{\"@type\":\"ListItem\",\"@id\":\"https:\\\/\\\/newsinfoco.com.br\\\/inicio\\\/joao-roma-volta-a-disparar-contra-acm-neto-nao-sabe-emitir-opiniao\\\/#listItem\",\"name\":\"Jo\\u00e3o Roma volta a disparar contra ACM Neto: \\u201cN\\u00e3o sabe emitir opini\\u00e3o\\u201d\"},\"previousItem\":{\"@type\":\"ListItem\",\"@id\":\"https:\\\/\\\/newsinfoco.com.br\\\/inicio#listItem\",\"name\":\"In\\u00edcio\"}},{\"@type\":\"ListItem\",\"@id\":\"https:\\\/\\\/newsinfoco.com.br\\\/inicio\\\/joao-roma-volta-a-disparar-contra-acm-neto-nao-sabe-emitir-opiniao\\\/#listItem\",\"position\":3,\"name\":\"Jo\\u00e3o Roma volta a disparar contra ACM Neto: \\u201cN\\u00e3o sabe emitir opini\\u00e3o\\u201d\",\"previousItem\":{\"@type\":\"ListItem\",\"@id\":\"https:\\\/\\\/newsinfoco.com.br\\\/inicio\\\/category\\\/bahia\\\/#listItem\",\"name\":\"Bahia\"}}]},{\"@type\":\"Organization\",\"@id\":\"https:\\\/\\\/newsinfoco.com.br\\\/inicio\\\/#organization\",\"name\":\"News In Foco - Editado por Caio Pimenta\",\"description\":\"O principal site de noticias de Alagoinhas e regi\\u00e3o\",\"url\":\"https:\\\/\\\/newsinfoco.com.br\\\/inicio\\\/\"},{\"@type\":\"Person\",\"@id\":\"https:\\\/\\\/newsinfoco.com.br\\\/inicio\\\/author\\\/administrador\\\/#author\",\"url\":\"https:\\\/\\\/newsinfoco.com.br\\\/inicio\\\/author\\\/administrador\\\/\",\"name\":\"administrador\",\"image\":{\"@type\":\"ImageObject\",\"@id\":\"https:\\\/\\\/newsinfoco.com.br\\\/inicio\\\/joao-roma-volta-a-disparar-contra-acm-neto-nao-sabe-emitir-opiniao\\\/#authorImage\",\"url\":\"https:\\\/\\\/secure.gravatar.com\\\/avatar\\\/c17a617433de8c1dc9584bb79aab7563b46f5bb7e1728c9b17d9cc3ce6a08e49?s=96&d=mm&r=g\",\"width\":96,\"height\":96,\"caption\":\"administrador\"}},{\"@type\":\"WebPage\",\"@id\":\"https:\\\/\\\/newsinfoco.com.br\\\/inicio\\\/joao-roma-volta-a-disparar-contra-acm-neto-nao-sabe-emitir-opiniao\\\/#webpage\",\"url\":\"https:\\\/\\\/newsinfoco.com.br\\\/inicio\\\/joao-roma-volta-a-disparar-contra-acm-neto-nao-sabe-emitir-opiniao\\\/\",\"name\":\"Jo\\u00e3o Roma volta a disparar contra ACM Neto: \\u201cN\\u00e3o sabe emitir opini\\u00e3o\\u201d - News In Foco - Editado por Caio Pimenta\",\"description\":\"O candidato bolsonarista ao governo da Bahia, Jo\\u00e3o Roma (PL), voltou a atacar o ex-aliado e advers\\u00e1rio na disputa pelo Pal\\u00e1cio de Ondina, ACM Neto (UB). Em entrevista a r\\u00e1dio Piat\\u00e3 FM, concedida nesta, segunda-feira (15), o ex-ministro da Cidadania criticou o ex-prefeito de Salvador por ainda n\\u00e3o anunciado se vai apoiar Lula (PT) ou Jair Bolsonaro\",\"inLanguage\":\"pt-BR\",\"isPartOf\":{\"@id\":\"https:\\\/\\\/newsinfoco.com.br\\\/inicio\\\/#website\"},\"breadcrumb\":{\"@id\":\"https:\\\/\\\/newsinfoco.com.br\\\/inicio\\\/joao-roma-volta-a-disparar-contra-acm-neto-nao-sabe-emitir-opiniao\\\/#breadcrumblist\"},\"author\":{\"@id\":\"https:\\\/\\\/newsinfoco.com.br\\\/inicio\\\/author\\\/administrador\\\/#author\"},\"creator\":{\"@id\":\"https:\\\/\\\/newsinfoco.com.br\\\/inicio\\\/author\\\/administrador\\\/#author\"},\"image\":{\"@type\":\"ImageObject\",\"url\":\"https:\\\/\\\/newsinfoco.com.br\\\/inicio\\\/wp-content\\\/uploads\\\/2022\\\/08\\\/joaoromaacmneto2.jpg\",\"@id\":\"https:\\\/\\\/newsinfoco.com.br\\\/inicio\\\/joao-roma-volta-a-disparar-contra-acm-neto-nao-sabe-emitir-opiniao\\\/#mainImage\",\"width\":716,\"height\":468},\"primaryImageOfPage\":{\"@id\":\"https:\\\/\\\/newsinfoco.com.br\\\/inicio\\\/joao-roma-volta-a-disparar-contra-acm-neto-nao-sabe-emitir-opiniao\\\/#mainImage\"},\"datePublished\":\"2022-08-15T10:02:37-03:00\",\"dateModified\":\"2022-08-15T10:02:37-03:00\"},{\"@type\":\"WebSite\",\"@id\":\"https:\\\/\\\/newsinfoco.com.br\\\/inicio\\\/#website\",\"url\":\"https:\\\/\\\/newsinfoco.com.br\\\/inicio\\\/\",\"name\":\"News In Foco - Editado por Caio Pimenta\",\"description\":\"O principal site de noticias de Alagoinhas e regi\\u00e3o\",\"inLanguage\":\"pt-BR\",\"publisher\":{\"@id\":\"https:\\\/\\\/newsinfoco.com.br\\\/inicio\\\/#organization\"}}]}\n\t\t<\/script>\n\t\t<!-- All in One SEO -->\n\n","aioseo_head_json":{"title":"Jo\u00e3o Roma volta a disparar contra ACM Neto: \u201cN\u00e3o sabe emitir opini\u00e3o\u201d - News In Foco - Editado por Caio Pimenta","description":"O candidato bolsonarista ao governo da Bahia, Jo\u00e3o Roma (PL), voltou a atacar o ex-aliado e advers\u00e1rio na disputa pelo Pal\u00e1cio de Ondina, ACM Neto (UB). Em entrevista a r\u00e1dio Piat\u00e3 FM, concedida nesta, segunda-feira (15), o ex-ministro da Cidadania criticou o ex-prefeito de Salvador por ainda n\u00e3o anunciado se vai apoiar Lula (PT) ou Jair Bolsonaro","canonical_url":"https:\/\/newsinfoco.com.br\/inicio\/joao-roma-volta-a-disparar-contra-acm-neto-nao-sabe-emitir-opiniao\/","robots":"max-image-preview:large","keywords":"","webmasterTools":{"miscellaneous":""},"schema":{"@context":"https:\/\/schema.org","@graph":[{"@type":"BlogPosting","@id":"https:\/\/newsinfoco.com.br\/inicio\/joao-roma-volta-a-disparar-contra-acm-neto-nao-sabe-emitir-opiniao\/#blogposting","name":"Jo\u00e3o Roma volta a disparar contra ACM Neto: \u201cN\u00e3o sabe emitir opini\u00e3o\u201d - News In Foco - Editado por Caio Pimenta","headline":"Jo\u00e3o Roma volta a disparar contra ACM Neto: \u201cN\u00e3o sabe emitir opini\u00e3o\u201d","author":{"@id":"https:\/\/newsinfoco.com.br\/inicio\/author\/administrador\/#author"},"publisher":{"@id":"https:\/\/newsinfoco.com.br\/inicio\/#organization"},"image":{"@type":"ImageObject","url":"https:\/\/newsinfoco.com.br\/inicio\/wp-content\/uploads\/2022\/08\/joaoromaacmneto2.jpg","width":716,"height":468},"datePublished":"2022-08-15T10:02:37-03:00","dateModified":"2022-08-15T10:02:37-03:00","inLanguage":"pt-BR","mainEntityOfPage":{"@id":"https:\/\/newsinfoco.com.br\/inicio\/joao-roma-volta-a-disparar-contra-acm-neto-nao-sabe-emitir-opiniao\/#webpage"},"isPartOf":{"@id":"https:\/\/newsinfoco.com.br\/inicio\/joao-roma-volta-a-disparar-contra-acm-neto-nao-sabe-emitir-opiniao\/#webpage"},"articleSection":"Bahia"},{"@type":"BreadcrumbList","@id":"https:\/\/newsinfoco.com.br\/inicio\/joao-roma-volta-a-disparar-contra-acm-neto-nao-sabe-emitir-opiniao\/#breadcrumblist","itemListElement":[{"@type":"ListItem","@id":"https:\/\/newsinfoco.com.br\/inicio#listItem","position":1,"name":"In\u00edcio","item":"https:\/\/newsinfoco.com.br\/inicio","nextItem":{"@type":"ListItem","@id":"https:\/\/newsinfoco.com.br\/inicio\/category\/bahia\/#listItem","name":"Bahia"}},{"@type":"ListItem","@id":"https:\/\/newsinfoco.com.br\/inicio\/category\/bahia\/#listItem","position":2,"name":"Bahia","item":"https:\/\/newsinfoco.com.br\/inicio\/category\/bahia\/","nextItem":{"@type":"ListItem","@id":"https:\/\/newsinfoco.com.br\/inicio\/joao-roma-volta-a-disparar-contra-acm-neto-nao-sabe-emitir-opiniao\/#listItem","name":"Jo\u00e3o Roma volta a disparar contra ACM Neto: \u201cN\u00e3o sabe emitir opini\u00e3o\u201d"},"previousItem":{"@type":"ListItem","@id":"https:\/\/newsinfoco.com.br\/inicio#listItem","name":"In\u00edcio"}},{"@type":"ListItem","@id":"https:\/\/newsinfoco.com.br\/inicio\/joao-roma-volta-a-disparar-contra-acm-neto-nao-sabe-emitir-opiniao\/#listItem","position":3,"name":"Jo\u00e3o Roma volta a disparar contra ACM Neto: \u201cN\u00e3o sabe emitir opini\u00e3o\u201d","previousItem":{"@type":"ListItem","@id":"https:\/\/newsinfoco.com.br\/inicio\/category\/bahia\/#listItem","name":"Bahia"}}]},{"@type":"Organization","@id":"https:\/\/newsinfoco.com.br\/inicio\/#organization","name":"News In Foco - Editado por Caio Pimenta","description":"O principal site de noticias de Alagoinhas e regi\u00e3o","url":"https:\/\/newsinfoco.com.br\/inicio\/"},{"@type":"Person","@id":"https:\/\/newsinfoco.com.br\/inicio\/author\/administrador\/#author","url":"https:\/\/newsinfoco.com.br\/inicio\/author\/administrador\/","name":"administrador","image":{"@type":"ImageObject","@id":"https:\/\/newsinfoco.com.br\/inicio\/joao-roma-volta-a-disparar-contra-acm-neto-nao-sabe-emitir-opiniao\/#authorImage","url":"https:\/\/secure.gravatar.com\/avatar\/c17a617433de8c1dc9584bb79aab7563b46f5bb7e1728c9b17d9cc3ce6a08e49?s=96&d=mm&r=g","width":96,"height":96,"caption":"administrador"}},{"@type":"WebPage","@id":"https:\/\/newsinfoco.com.br\/inicio\/joao-roma-volta-a-disparar-contra-acm-neto-nao-sabe-emitir-opiniao\/#webpage","url":"https:\/\/newsinfoco.com.br\/inicio\/joao-roma-volta-a-disparar-contra-acm-neto-nao-sabe-emitir-opiniao\/","name":"Jo\u00e3o Roma volta a disparar contra ACM Neto: \u201cN\u00e3o sabe emitir opini\u00e3o\u201d - News In Foco - Editado por Caio Pimenta","description":"O candidato bolsonarista ao governo da Bahia, Jo\u00e3o Roma (PL), voltou a atacar o ex-aliado e advers\u00e1rio na disputa pelo Pal\u00e1cio de Ondina, ACM Neto (UB). Em entrevista a r\u00e1dio Piat\u00e3 FM, concedida nesta, segunda-feira (15), o ex-ministro da Cidadania criticou o ex-prefeito de Salvador por ainda n\u00e3o anunciado se vai apoiar Lula (PT) ou Jair Bolsonaro","inLanguage":"pt-BR","isPartOf":{"@id":"https:\/\/newsinfoco.com.br\/inicio\/#website"},"breadcrumb":{"@id":"https:\/\/newsinfoco.com.br\/inicio\/joao-roma-volta-a-disparar-contra-acm-neto-nao-sabe-emitir-opiniao\/#breadcrumblist"},"author":{"@id":"https:\/\/newsinfoco.com.br\/inicio\/author\/administrador\/#author"},"creator":{"@id":"https:\/\/newsinfoco.com.br\/inicio\/author\/administrador\/#author"},"image":{"@type":"ImageObject","url":"https:\/\/newsinfoco.com.br\/inicio\/wp-content\/uploads\/2022\/08\/joaoromaacmneto2.jpg","@id":"https:\/\/newsinfoco.com.br\/inicio\/joao-roma-volta-a-disparar-contra-acm-neto-nao-sabe-emitir-opiniao\/#mainImage","width":716,"height":468},"primaryImageOfPage":{"@id":"https:\/\/newsinfoco.com.br\/inicio\/joao-roma-volta-a-disparar-contra-acm-neto-nao-sabe-emitir-opiniao\/#mainImage"},"datePublished":"2022-08-15T10:02:37-03:00","dateModified":"2022-08-15T10:02:37-03:00"},{"@type":"WebSite","@id":"https:\/\/newsinfoco.com.br\/inicio\/#website","url":"https:\/\/newsinfoco.com.br\/inicio\/","name":"News In Foco - Editado por Caio Pimenta","description":"O principal site de noticias de Alagoinhas e regi\u00e3o","inLanguage":"pt-BR","publisher":{"@id":"https:\/\/newsinfoco.com.br\/inicio\/#organization"}}]},"og:locale":"pt_BR","og:site_name":"News In Foco - Editado por Caio Pimenta - O principal site de noticias de Alagoinhas e regi\u00e3o","og:type":"article","og:title":"Jo\u00e3o Roma volta a disparar contra ACM Neto: \u201cN\u00e3o sabe emitir opini\u00e3o\u201d - News In Foco - Editado por Caio Pimenta","og:description":"O candidato bolsonarista ao governo da Bahia, Jo\u00e3o Roma (PL), voltou a atacar o ex-aliado e advers\u00e1rio na disputa pelo Pal\u00e1cio de Ondina, ACM Neto (UB). Em entrevista a r\u00e1dio Piat\u00e3 FM, concedida nesta, segunda-feira (15), o ex-ministro da Cidadania criticou o ex-prefeito de Salvador por ainda n\u00e3o anunciado se vai apoiar Lula (PT) ou Jair Bolsonaro","og:url":"https:\/\/newsinfoco.com.br\/inicio\/joao-roma-volta-a-disparar-contra-acm-neto-nao-sabe-emitir-opiniao\/","article:published_time":"2022-08-15T13:02:37+00:00","article:modified_time":"2022-08-15T13:02:37+00:00","twitter:card":"summary_large_image","twitter:title":"Jo\u00e3o Roma volta a disparar contra ACM Neto: \u201cN\u00e3o sabe emitir opini\u00e3o\u201d - News In Foco - Editado por Caio Pimenta","twitter:description":"O candidato bolsonarista ao governo da Bahia, Jo\u00e3o Roma (PL), voltou a atacar o ex-aliado e advers\u00e1rio na disputa pelo Pal\u00e1cio de Ondina, ACM Neto (UB). Em entrevista a r\u00e1dio Piat\u00e3 FM, concedida nesta, segunda-feira (15), o ex-ministro da Cidadania criticou o ex-prefeito de Salvador por ainda n\u00e3o anunciado se vai apoiar Lula (PT) ou Jair Bolsonaro"},"aioseo_meta_data":{"post_id":"31218","title":null,"description":null,"keywords":null,"keyphrases":null,"primary_term":null,"canonical_url":null,"og_title":null,"og_description":null,"og_object_type":"default","og_image_type":"default","og_image_url":null,"og_image_width":null,"og_image_height":null,"og_image_custom_url":null,"og_image_custom_fields":null,"og_video":null,"og_custom_url":null,"og_article_section":null,"og_article_tags":null,"twitter_use_og":false,"twitter_card":"default","twitter_image_type":"default","twitter_image_url":null,"twitter_image_custom_url":null,"twitter_image_custom_fields":null,"twitter_title":null,"twitter_description":null,"schema":{"blockGraphs":[],"customGraphs":[],"default":{"data":{"Article":[],"Course":[],"Dataset":[],"FAQPage":[],"Movie":[],"Person":[],"Product":[],"ProductReview":[],"Car":[],"Recipe":[],"Service":[],"SoftwareApplication":[],"WebPage":[]},"graphName":"","isEnabled":true},"graphs":[]},"schema_type":"default","schema_type_options":null,"pillar_content":false,"robots_default":true,"robots_noindex":false,"robots_noarchive":false,"robots_nosnippet":false,"robots_nofollow":false,"robots_noimageindex":false,"robots_noodp":false,"robots_notranslate":false,"robots_max_snippet":null,"robots_max_videopreview":null,"robots_max_imagepreview":"large","priority":null,"frequency":null,"local_seo":null,"breadcrumb_settings":null,"limit_modified_date":false,"ai":null,"created":"2023-06-12 22:00:45","updated":"2025-07-11 08:15:03","seo_analyzer_scan_date":null},"aioseo_breadcrumb":"<div class=\"aioseo-breadcrumbs\"><span class=\"aioseo-breadcrumb\">\n\t\t\t<a href=\"https:\/\/newsinfoco.com.br\/inicio\" title=\"In\u00edcio\">In\u00edcio<\/a>\n\t\t<\/span><span class=\"aioseo-breadcrumb-separator\">&raquo;<\/span><span class=\"aioseo-breadcrumb\">\n\t\t\t<a href=\"https:\/\/newsinfoco.com.br\/inicio\/category\/bahia\/\" title=\"Bahia\">Bahia<\/a>\n\t\t<\/span><span class=\"aioseo-breadcrumb-separator\">&raquo;<\/span><span class=\"aioseo-breadcrumb\">\n\t\t\tJo\u00e3o Roma volta a disparar contra ACM Neto: \u201cN\u00e3o sabe emitir opini\u00e3o\u201d\n\t\t<\/span><\/div>","aioseo_breadcrumb_json":[{"label":"In\u00edcio","link":"https:\/\/newsinfoco.com.br\/inicio"},{"label":"Bahia","link":"https:\/\/newsinfoco.com.br\/inicio\/category\/bahia\/"},{"label":"Jo\u00e3o Roma volta a disparar contra ACM Neto: \u201cN\u00e3o sabe emitir opini\u00e3o\u201d","link":"https:\/\/newsinfoco.com.br\/inicio\/joao-roma-volta-a-disparar-contra-acm-neto-nao-sabe-emitir-opiniao\/"}],"_links":{"self":[{"href":"https:\/\/newsinfoco.com.br\/inicio\/wp-json\/wp\/v2\/posts\/31218","targetHints":{"allow":["GET"]}}],"collection":[{"href":"https:\/\/newsinfoco.com.br\/inicio\/wp-json\/wp\/v2\/posts"}],"about":[{"href":"https:\/\/newsinfoco.com.br\/inicio\/wp-json\/wp\/v2\/types\/post"}],"author":[{"embeddable":true,"href":"https:\/\/newsinfoco.com.br\/inicio\/wp-json\/wp\/v2\/users\/1"}],"replies":[{"embeddable":true,"href":"https:\/\/newsinfoco.com.br\/inicio\/wp-json\/wp\/v2\/comments?post=31218"}],"version-history":[{"count":1,"href":"https:\/\/newsinfoco.com.br\/inicio\/wp-json\/wp\/v2\/posts\/31218\/revisions"}],"predecessor-version":[{"id":31219,"href":"https:\/\/newsinfoco.com.br\/inicio\/wp-json\/wp\/v2\/posts\/31218\/revisions\/31219"}],"wp:featuredmedia":[{"embeddable":true,"href":"https:\/\/newsinfoco.com.br\/inicio\/wp-json\/wp\/v2\/media\/30960"}],"wp:attachment":[{"href":"https:\/\/newsinfoco.com.br\/inicio\/wp-json\/wp\/v2\/media?parent=31218"}],"wp:term":[{"taxonomy":"category","embeddable":true,"href":"https:\/\/newsinfoco.com.br\/inicio\/wp-json\/wp\/v2\/categories?post=31218"},{"taxonomy":"post_tag","embeddable":true,"href":"https:\/\/newsinfoco.com.br\/inicio\/wp-json\/wp\/v2\/tags?post=31218"}],"curies":[{"name":"wp","href":"https:\/\/api.w.org\/{rel}","templated":true}]}}